{"id":10057,"date":"2020-01-28T11:26:56","date_gmt":"2020-01-28T14:26:56","guid":{"rendered":"https:\/\/blog.12min.com\/br\/?p=10057"},"modified":"2020-01-28T11:28:30","modified_gmt":"2020-01-28T14:28:30","slug":"resumo-do-livro-produtividade-maxima-em-pdf","status":"publish","type":"post","link":"https:\/\/blog.12min.com\/br\/resumo-do-livro-produtividade-maxima-em-pdf\/","title":{"rendered":"Resumo do Livro Produtividade M\u00e1xima,"},"content":{"rendered":"<p class=\"wpwc-reading-time\">10 min de leitura \u231a&nbsp;<\/p><div class=\"pdfprnt-buttons pdfprnt-buttons-post pdfprnt-top-right\"><a href=\"https:\/\/blog.12min.com\/br\/wp-json\/wp\/v2\/posts\/10057?print=pdf\" class=\"pdfprnt-button pdfprnt-button-pdf\" target=\"_blank\"><\/a><a href=\"https:\/\/blog.12min.com\/br\/wp-json\/wp\/v2\/posts\/10057?print=print\" class=\"pdfprnt-button pdfprnt-button-print\" target=\"_blank\"><\/a><\/div>\n<p>Nos dias de hoje, cada segundo vale ouro. Assim, quem consegue controlar corretamente o seu tempo, tem uma grande vantagem competitiva em rela\u00e7\u00e3o aos demais. Mas, se voc\u00ea ainda est\u00e1 fora desse seleto grupo, o livro <a href=\"https:\/\/12min.com\/br\/produtividade-maxima\" target=\"_blank\" rel=\"noreferrer noopener\" aria-label=\" (opens in a new tab)\">Produtividade M\u00e1xima<\/a> \u00e9 uma leitura obrigat\u00f3ria, para ajud\u00e1-lo a organizar a sua vida pessoal e profissional e <a href=\"https:\/\/blog.12min.com\/br\/eficiencia-e-eficacia\/\" target=\"_blank\" rel=\"noreferrer noopener\" aria-label=\" (opens in a new tab)\">ser mais eficiente<\/a>.<\/p>\n\n\n\n<figure class=\"wp-block-image size-medium\"><img loading=\"lazy\" decoding=\"async\" width=\"209\" height=\"300\" src=\"https:\/\/blog.12min.com\/br\/wp-content\/uploads\/sites\/3\/2020\/01\/Produtividade-Ma\u0301xima-209x300.jpg\" alt=\"Livro Produtividade M\u00e1xima\" class=\"wp-image-10064\" srcset=\"https:\/\/blog.12min.com\/br\/wp-content\/uploads\/sites\/3\/2020\/01\/Produtividade-Ma\u0301xima-209x300.jpg 209w, https:\/\/blog.12min.com\/br\/wp-content\/uploads\/sites\/3\/2020\/01\/Produtividade-Ma\u0301xima.jpg 450w\" sizes=\"auto, (max-width: 209px) 100vw, 209px\" \/><\/figure>\n\n\n\n<p>Na verdade, existem muitos livros que tratam do tema \u201c<a href=\"https:\/\/blog.12min.com\/br\/produtividade-pessoal\/\" target=\"_blank\" rel=\"noreferrer noopener\" aria-label=\" (opens in a new tab)\">produtividade<\/a>\u201d. No entanto, a autora Tamara Schwambach Kano Myles apresenta uma abordagem diferente. Ou seja, ela ensina m\u00e9todos simples e de f\u00e1cil aplica\u00e7\u00e3o, para voc\u00ea impulsionar os seus resultados, seja no trabalho ou em casa tamb\u00e9m.&nbsp;<\/p>\n\n\n\n<p>Voc\u00ea ficou interessado em aprender a <a rel=\"noreferrer noopener\" aria-label=\" (opens in a new tab)\" href=\"https:\/\/blog.12min.com\/br\/produtividade-30-segundos\/\" target=\"_blank\">ser mais produtivo<\/a>? Ent\u00e3o, fique com a gente! Vamos l\u00e1!<\/p>\n\n\n\n<h2 class=\"wp-block-heading\">Sobre a autora<\/h2>\n\n\n\n<p>A brasileira Tamara Schwambach Kano Myles mudou-se para os Estados Unidos, onde formou -se em Comunica\u00e7\u00e3o e Publicidade, pela Southern Illinois University, com altas honras. Al\u00e9m de escritora, ela \u00e9 organizadora profissional certificada, palestrante profissional e coach em produtividade. Myles conduz semin\u00e1rios online e treinamento individual ou para empresas, entre elas, <a rel=\"noreferrer noopener\" aria-label=\" (opens in a new tab)\" href=\"https:\/\/en.wikipedia.org\/wiki\/Best_Buy\" target=\"_blank\">Best Buy<\/a> e a <a rel=\"noreferrer noopener\" aria-label=\" (opens in a new tab)\" href=\"http:\/\/wiki\" target=\"_blank\">Anytime Fitness<\/a>.&nbsp;<\/p>\n\n\n\n<h2 class=\"wp-block-heading\">Uma busca constante<\/h2>\n\n\n\n<figure class=\"wp-block-image size-large\"><img loading=\"lazy\" decoding=\"async\" width=\"1000\" height=\"750\" src=\"https:\/\/blog.12min.com\/br\/wp-content\/uploads\/sites\/3\/2020\/01\/shutterstock_110932313.jpg\" alt=\"baixar livro produtividade maxima\" class=\"wp-image-10066\" srcset=\"https:\/\/blog.12min.com\/br\/wp-content\/uploads\/sites\/3\/2020\/01\/shutterstock_110932313.jpg 1000w, https:\/\/blog.12min.com\/br\/wp-content\/uploads\/sites\/3\/2020\/01\/shutterstock_110932313-300x225.jpg 300w, https:\/\/blog.12min.com\/br\/wp-content\/uploads\/sites\/3\/2020\/01\/shutterstock_110932313-768x576.jpg 768w\" sizes=\"auto, (max-width: 1000px) 100vw, 1000px\" \/><\/figure>\n\n\n\n<p>De acordo com a autora do livro Produtividade M\u00e1xima, cerca de 90% das pessoas que procuram por sua consultoria sentem-se sufocadas pela desordem. Ou seja, v\u00e3o \u00e0 loucura com ambientes sujos e bagun\u00e7adas, papelada em excesso e por todos os lados, enfim, uma verdadeira desorganiza\u00e7\u00e3o.<\/p>\n\n\n\n<p>Uns buscam por um \u201ccurativo r\u00e1pido\u201d para os sintomas. Outros, no entanto, preferem trabalhar na raiz do problema e, dessa forma, desenvolverem solu\u00e7\u00f5es definitivas para a sua baixa produtividade.<\/p>\n\n\n\n<p>Mas, para Myles, uma coisa \u00e9 certa: \u00e9 preciso primeiro <a href=\"https:\/\/blog.12min.com\/br\/livro-a-magica-da-arrumacao\/\" target=\"_blank\" rel=\"noreferrer noopener\" aria-label=\" (opens in a new tab)\">arranjar a bagun\u00e7a espacial<\/a> para, depois, partir para outras quest\u00f5es, como a desorganiza\u00e7\u00e3o eletr\u00f4nica e a m\u00e1 <a href=\"https:\/\/blog.12min.com\/br\/tecnica-pomodoro\/\" target=\"_blank\" rel=\"noreferrer noopener\" aria-label=\" (opens in a new tab)\">administra\u00e7\u00e3o do tempo<\/a>.&nbsp;<\/p>\n\n\n\n<h2 class=\"wp-block-heading\">A Pir\u00e2mide de Maslow<\/h2>\n\n\n\n<figure class=\"wp-block-image size-large\"><img loading=\"lazy\" decoding=\"async\" width=\"1000\" height=\"683\" src=\"https:\/\/blog.12min.com\/br\/wp-content\/uploads\/sites\/3\/2020\/01\/shutterstock_126071957.jpg\" alt=\"Livro Produtividade M\u00e1xima\" class=\"wp-image-10067\" srcset=\"https:\/\/blog.12min.com\/br\/wp-content\/uploads\/sites\/3\/2020\/01\/shutterstock_126071957.jpg 1000w, https:\/\/blog.12min.com\/br\/wp-content\/uploads\/sites\/3\/2020\/01\/shutterstock_126071957-300x205.jpg 300w, https:\/\/blog.12min.com\/br\/wp-content\/uploads\/sites\/3\/2020\/01\/shutterstock_126071957-768x525.jpg 768w\" sizes=\"auto, (max-width: 1000px) 100vw, 1000px\" \/><\/figure>\n\n\n\n<p>Grande parte das pessoas conhece apenas superficialmente a <a href=\"https:\/\/blog.12min.com\/br\/piramide-de-maslow\/\" target=\"_blank\" rel=\"noreferrer noopener\" aria-label=\" (opens in a new tab)\">Pir\u00e2mide de Maslow<\/a>, segundo a autora do livro Produtividade M\u00e1xima. Essa pir\u00e2mide foi desenhada com cinco n\u00edveis de necessidades, come\u00e7ando pelas mais essenciais. As pessoas precisam satisfazer cada uma delas, antes de se sentirem motivadas a pensar nas necessidades do pr\u00f3ximo n\u00edvel.<\/p>\n\n\n\n<p>Os n\u00edveis da Pir\u00e2mide de Maslow s\u00e3o:<\/p>\n\n\n\n<h4 class=\"wp-block-heading\">1. Necessidades biol\u00f3gicas e fisiol\u00f3gicas<\/h4>\n\n\n\n<p>Essas s\u00e3o as necessidades essenciais para a sobreviv\u00eancia, como ar, comida, \u00e1gua, abrigo, sexo, sono e excre\u00e7\u00e3o.<\/p>\n\n\n\n<h4 class=\"wp-block-heading\">2. Seguran\u00e7a<\/h4>\n\n\n\n<p>Aqui est\u00e3o inclu\u00eddas a seguran\u00e7a pessoal e financeira, <a rel=\"noreferrer noopener\" aria-label=\" (opens in a new tab)\" href=\"https:\/\/blog.12min.com\/br\/saude-e-bem-estar\/\" target=\"_blank\">sa\u00fade e bem-estar<\/a>. Por exemplo, prote\u00e7\u00e3o contra acidentes e les\u00f5es, assist\u00eancia \u00e0 sa\u00fade, lei, <a rel=\"noreferrer noopener\" aria-label=\" (opens in a new tab)\" href=\"http:\/\/blog.12min.com\/br\/independencia-financeira\/\" target=\"_blank\">estabilidade financeira<\/a> (emprego est\u00e1vel). Trata-se da necessidade de \u201ccolocar ordem na casa\u201d, evitando o caos.&nbsp;<\/p>\n\n\n\n<h4 class=\"wp-block-heading\">3. Afeto\/Conv\u00edvio social<\/h4>\n\n\n\n<p>Essa \u00e9 necessidade de pertencer. Ou seja, refere-se \u00e0s necessidades sociais. Fazer amigos, participar de grupos comunit\u00e1rios e\/ou religiosos, <a href=\"https:\/\/pt.wikihow.com\/se-Relacionar-Bem-com-Colegas-de-Trabalho\" target=\"_blank\" rel=\"noreferrer noopener\" aria-label=\" (opens in a new tab)\">relacionar-se com os colegas de trabalho <\/a>ou se envolver em relacionamentos amorosos.&nbsp;<\/p>\n\n\n\n<h4 class=\"wp-block-heading\">4. Autoestima<\/h4>\n\n\n\n<p>Trata-se de reconhecimento da nossa capacidade pessoal por n\u00f3s mesmos e pelos outros, dignidade, status, prest\u00edgio, respeito. Ao satisfazer essas necessidades, a pessoa <a href=\"https:\/\/pt.wikihow.com\/Desenvolver-sua-Autoconfian%C3%A7a\" target=\"_blank\" rel=\"noreferrer noopener\" aria-label=\" (opens in a new tab)\">aumenta a autoconfian\u00e7a<\/a> e a confian\u00e7a dos outros em rela\u00e7\u00e3o a ela.<\/p>\n\n\n\n<h4 class=\"wp-block-heading\">5. Realiza\u00e7\u00e3o pessoal<\/h4>\n\n\n\n<p>\u00c9 a busca pelo crescimento pessoal, com liberdade para criar e agir. Em outras palavras, \u00e9 a necessidade da realiza\u00e7\u00e3o plena de seu potencial individual. Mas n\u00e3o deve ser encarada como o \u201cfim da linha\u201d, porque sempre haver\u00e1 espa\u00e7o para crescer ainda mais.<\/p>\n\n\n\n<h2 class=\"wp-block-heading\">A Pir\u00e2mide da Produtividade M\u00e1xima<\/h2>\n\n\n\n<p>Agora, o livro Produtividade M\u00e1xima apresenta o sistema da Pir\u00e2mide da Produtividade M\u00e1xima. Trata-se de uma abordagem hol\u00edstica e ampla, que come\u00e7a com a otimiza\u00e7\u00e3o dos sistemas organizacionais b\u00e1sicos e avan\u00e7a para o desenvolvimento de metas para diferentes possibilidades na sua vida. Veja:<\/p>\n\n\n\n<h4 class=\"wp-block-heading\">1. Organiza\u00e7\u00e3o espacial<\/h4>\n\n\n\n<figure class=\"wp-block-image size-large\"><img loading=\"lazy\" decoding=\"async\" width=\"1000\" height=\"675\" src=\"https:\/\/blog.12min.com\/br\/wp-content\/uploads\/sites\/3\/2020\/01\/shutterstock_266569406.jpg\" alt=\"blog produtividade maxima\" class=\"wp-image-10071\" srcset=\"https:\/\/blog.12min.com\/br\/wp-content\/uploads\/sites\/3\/2020\/01\/shutterstock_266569406.jpg 1000w, https:\/\/blog.12min.com\/br\/wp-content\/uploads\/sites\/3\/2020\/01\/shutterstock_266569406-300x203.jpg 300w, https:\/\/blog.12min.com\/br\/wp-content\/uploads\/sites\/3\/2020\/01\/shutterstock_266569406-768x518.jpg 768w\" sizes=\"auto, (max-width: 1000px) 100vw, 1000px\" \/><\/figure>\n\n\n\n<p>O processo come\u00e7a organizando a papelada, que inclui documentos, revistas, correspond\u00eancias, enfim, pap\u00e9is em geral e livros. Nas empresas, essa \u00e9 a necessidade b\u00e1sica para <a href=\"https:\/\/blog.12min.com\/br\/aumentar-a-produtividade\/\">impulsionar a pro<\/a><a rel=\"noreferrer noopener\" aria-label=\"d (opens in a new tab)\" href=\"https:\/\/blog.12min.com\/br\/aumentar-a-produtividade\/\" target=\"_blank\">d<\/a><a href=\"https:\/\/blog.12min.com\/br\/aumentar-a-produtividade\/\">utividade<\/a>.<\/p>\n\n\n\n<h4 class=\"wp-block-heading\">2. Organiza\u00e7\u00e3o eletr\u00f4nica<\/h4>\n\n\n\n<figure class=\"wp-block-image size-large\"><img loading=\"lazy\" decoding=\"async\" width=\"982\" height=\"623\" src=\"https:\/\/blog.12min.com\/br\/wp-content\/uploads\/sites\/3\/2020\/01\/shutterstock_1110022028-1.jpg\" alt=\"Livro Produtividade M\u00e1xima\" class=\"wp-image-10092\" srcset=\"https:\/\/blog.12min.com\/br\/wp-content\/uploads\/sites\/3\/2020\/01\/shutterstock_1110022028-1.jpg 982w, https:\/\/blog.12min.com\/br\/wp-content\/uploads\/sites\/3\/2020\/01\/shutterstock_1110022028-1-300x190.jpg 300w, https:\/\/blog.12min.com\/br\/wp-content\/uploads\/sites\/3\/2020\/01\/shutterstock_1110022028-1-768x487.jpg 768w\" sizes=\"auto, (max-width: 982px) 100vw, 982px\" \/><\/figure>\n\n\n\n<p>\u00c9 indispens\u00e1vel que voc\u00ea disponha de sistemas para <a href=\"https:\/\/blog.trello.com\/br\/como-gerenciar-email\" target=\"_blank\" rel=\"noreferrer noopener\" aria-label=\" (opens in a new tab)\">ordenar seus emails<\/a> e demais informa\u00e7\u00f5es online, ou seja, todos os recursos de comunica\u00e7\u00e3o, armazenamento e recupera\u00e7\u00e3o de informa\u00e7\u00f5es em meio eletr\u00f4nico.<\/p>\n\n\n\n<h4 class=\"wp-block-heading\">3. Gerenciamento do tempo<\/h4>\n\n\n\n<figure class=\"wp-block-image size-large\"><img loading=\"lazy\" decoding=\"async\" width=\"1000\" height=\"667\" src=\"https:\/\/blog.12min.com\/br\/wp-content\/uploads\/sites\/3\/2020\/01\/shutterstock_1054164257-1.jpg\" alt=\"Livro Produtividade M\u00e1xima\" class=\"wp-image-10080\" srcset=\"https:\/\/blog.12min.com\/br\/wp-content\/uploads\/sites\/3\/2020\/01\/shutterstock_1054164257-1.jpg 1000w, https:\/\/blog.12min.com\/br\/wp-content\/uploads\/sites\/3\/2020\/01\/shutterstock_1054164257-1-300x200.jpg 300w, https:\/\/blog.12min.com\/br\/wp-content\/uploads\/sites\/3\/2020\/01\/shutterstock_1054164257-1-768x512.jpg 768w\" sizes=\"auto, (max-width: 1000px) 100vw, 1000px\" \/><\/figure>\n\n\n\n<p>Esta \u00e9 a necessidade mais comum associada \u00e0 produtividade, segundo o livro Produtividade M\u00e1xima. Ou seja, envolve a <a rel=\"noreferrer noopener\" aria-label=\" (opens in a new tab)\" href=\"https:\/\/blog.12min.com\/br\/usando-o-trello\/\" target=\"_blank\">administra\u00e7\u00e3o de tarefas e compromissos<\/a>, listas de afazeres, <a rel=\"noreferrer noopener\" aria-label=\" (opens in a new tab)\" href=\"https:\/\/blog.12min.com\/br\/como-organizar-a-agenda\/\" target=\"_blank\">agendas<\/a> e tudo o que se faz no cotidiano.<\/p>\n\n\n\n<h4 class=\"wp-block-heading\">4. Alinhamento entre atividades e objetivos<\/h4>\n\n\n\n<figure class=\"wp-block-image size-large\"><img loading=\"lazy\" decoding=\"async\" width=\"1024\" height=\"535\" src=\"https:\/\/blog.12min.com\/br\/wp-content\/uploads\/sites\/3\/2020\/01\/shutterstock_1120664918-1-1024x535.jpg\" alt=\"Livro Produtividade M\u00e1xima\" class=\"wp-image-10082\" srcset=\"https:\/\/blog.12min.com\/br\/wp-content\/uploads\/sites\/3\/2020\/01\/shutterstock_1120664918-1-1024x535.jpg 1024w, https:\/\/blog.12min.com\/br\/wp-content\/uploads\/sites\/3\/2020\/01\/shutterstock_1120664918-1-300x157.jpg 300w, https:\/\/blog.12min.com\/br\/wp-content\/uploads\/sites\/3\/2020\/01\/shutterstock_1120664918-1-768x401.jpg 768w, https:\/\/blog.12min.com\/br\/wp-content\/uploads\/sites\/3\/2020\/01\/shutterstock_1120664918-1.jpg 1200w\" sizes=\"auto, (max-width: 1024px) 100vw, 1024px\" \/><\/figure>\n\n\n\n<p>Isso significa <a href=\"https:\/\/blog.12min.com\/br\/como-estabelecer-metas\/\" target=\"_blank\" rel=\"noreferrer noopener\" aria-label=\" (opens in a new tab)\">definir metas profissionais e pessoais<\/a> e adequar as atividades do seu dia a dia \u00e0 realiza\u00e7\u00e3o desses objetivos.<\/p>\n\n\n\n<h4 class=\"wp-block-heading\">5. Possibilidade<\/h4>\n\n\n\n<figure class=\"wp-block-image size-large\"><img loading=\"lazy\" decoding=\"async\" width=\"1000\" height=\"668\" src=\"https:\/\/blog.12min.com\/br\/wp-content\/uploads\/sites\/3\/2020\/01\/shutterstock_774749260.jpg\" alt=\"Livro Produtividade M\u00e1xima\" class=\"wp-image-10078\" srcset=\"https:\/\/blog.12min.com\/br\/wp-content\/uploads\/sites\/3\/2020\/01\/shutterstock_774749260.jpg 1000w, https:\/\/blog.12min.com\/br\/wp-content\/uploads\/sites\/3\/2020\/01\/shutterstock_774749260-300x200.jpg 300w, https:\/\/blog.12min.com\/br\/wp-content\/uploads\/sites\/3\/2020\/01\/shutterstock_774749260-768x513.jpg 768w\" sizes=\"auto, (max-width: 1000px) 100vw, 1000px\" \/><\/figure>\n\n\n\n<p>Esse n\u00edvel&nbsp; n\u00e3o \u00e9 algo a ser alcan\u00e7ado ou um lugar onde permanecer. Mas \u00e9 o processo cont\u00ednuo de questionamento e defini\u00e7\u00e3o de metas em busca da realiza\u00e7\u00e3o plena de seu potencial individual.<\/p>\n\n\n\n<h2 class=\"wp-block-heading\">O livro Produtividade M\u00e1xima e o desafio da mudan\u00e7a<\/h2>\n\n\n\n<p>A pergunta aqui \u00e9: por onde come\u00e7ar a reorganiza\u00e7\u00e3o? Myles sugere refletir sobre as perguntas abaixo:<\/p>\n\n\n\n<ul class=\"wp-block-list\"><li>Voc\u00ea se sente sufocado pela desorganiza\u00e7\u00e3o espacial?<\/li><li>Est\u00e1 sobrecarregado com uma caixa de entrada de e-mails lotada?<\/li><li>Ao fim do dia, voc\u00ea tem a sensa\u00e7\u00e3o de que poderia ter feito mais coisas?<\/li><li>Seus objetivos profissionais e pessoais lhe parecem inalcan\u00e7\u00e1veis?<\/li><li>Existe alguma meta que voc\u00ea sabe que seria capaz de atingir, se tivesse um controle melhor da sua vida?<\/li><li>Voc\u00ea est\u00e1 em busca de inova\u00e7\u00f5es que seriam o diferencial para ajud\u00e1-lo a melhorar ainda mais suas habilidades?<\/li><\/ul>\n\n\n\n<p>As suas respostas lhe indicar\u00e3o os <a href=\"https:\/\/noticias.universia.com.br\/atualidade\/noticia\/2012\/07\/25\/953632\/9-dicas-identificar-seus-pontos-fortes-e-fracos.html\" target=\"_blank\" rel=\"noreferrer noopener\" aria-label=\" (opens in a new tab)\">seus pontos fortes e aqueles que precisam ser melhorados<\/a>.<\/p>\n\n\n\n<h2 class=\"wp-block-heading\">Investindo na arruma\u00e7\u00e3o espacial<\/h2>\n\n\n\n<p>Livrar-se da desorganiza\u00e7\u00e3o \u00e9 fundamental para elevar os seus resultados. De acordo com o livro Produtividade M\u00e1xima, se a pessoa n\u00e3o for capaz de organizar seu espa\u00e7o, todos os demais esfor\u00e7os para se tornar mais eficiente e produtiva ser\u00e3o em v\u00e3o.<\/p>\n\n\n\n<p>A autora lembra um dos princ\u00edpios de Maslow, ou seja, \u00e9 dif\u00edcil pensar em amor quando se est\u00e1 faminto e com frio. Pessoas que trabalham num escrit\u00f3rio desorganizado <a href=\"https:\/\/blog.12min.com\/br\/controlar-o-estresse\/\" target=\"_blank\" rel=\"noreferrer noopener\" aria-label=\" (opens in a new tab)\">tendem a ficar mais estressadas<\/a>, quando entram no ambiente de trabalho.<\/p>\n\n\n\n<h4 class=\"wp-block-heading\">Organizando a papelada<\/h4>\n\n\n\n<figure class=\"wp-block-image size-large\"><img loading=\"lazy\" decoding=\"async\" width=\"1000\" height=\"563\" src=\"https:\/\/blog.12min.com\/br\/wp-content\/uploads\/sites\/3\/2020\/01\/shutterstock_1532854760.jpg\" alt=\"Livro Produtividade M\u00e1xima\" class=\"wp-image-10087\" srcset=\"https:\/\/blog.12min.com\/br\/wp-content\/uploads\/sites\/3\/2020\/01\/shutterstock_1532854760.jpg 1000w, https:\/\/blog.12min.com\/br\/wp-content\/uploads\/sites\/3\/2020\/01\/shutterstock_1532854760-300x169.jpg 300w, https:\/\/blog.12min.com\/br\/wp-content\/uploads\/sites\/3\/2020\/01\/shutterstock_1532854760-768x432.jpg 768w\" sizes=\"auto, (max-width: 1000px) 100vw, 1000px\" \/><\/figure>\n\n\n\n<p>Os primeiros tr\u00eas objetivos na busca pela organiza\u00e7\u00e3o espacial s\u00e3o simples:<\/p>\n\n\n\n<ol class=\"wp-block-list\"><li>Livrar-se da maior quantidade poss\u00edvel de papel, minimizando assim as necessidades de espa\u00e7o.<\/li><li>Armazenar os pap\u00e9is importantes com efici\u00eancia, para ser capaz de encontr\u00e1-los facilmente, quando for necess\u00e1rio.<\/li><li>Desenvolver um m\u00e9todo para lidar com os pap\u00e9is, \u00e0 medida que eles chegam.<\/li><\/ol>\n\n\n\n<p>Tendemos a enxergar a tarefa de organiza\u00e7\u00e3o espacial como perda de tempo. No entanto, o livro Produtividade M\u00e1xima garante que, na verdade, trata-se de um investimento, com economia de tempo.<\/p>\n\n\n\n<p>Mas, para ter resultado, \u00e9 importante iniciar o processo com um sistema de organiza\u00e7\u00e3o de pap\u00e9is \u00fatil e pr\u00e1tico. A ideia \u00e9 manter a papelada organizada, antes que a desordem e o caos se instale.<\/p>\n\n\n\n<h2 class=\"wp-block-heading\">Os 3R\u2019s: reciclar, resolver e reter<\/h2>\n\n\n\n<p>A autora do livro Produtividade M\u00e1xima sugere que sua reorganiza\u00e7\u00e3o deve ser baseada nos chamados 3R\u2019s. Ou seja:<\/p>\n\n\n\n<ol class=\"wp-block-list\"><li>Recicle aquilo que \u00e9 mais antigo e ainda tem utilidade;<\/li><li>Resolva todos os problemas;<\/li><li>Retenha as informa\u00e7\u00f5es necess\u00e1rias para reorganizar o ambiente.<\/li><\/ol>\n\n\n\n<h2 class=\"wp-block-heading\">7 sinais de alerta da desorganiza\u00e7\u00e3o eletr\u00f4nica<\/h2>\n\n\n\n<figure class=\"wp-block-image size-large\"><img loading=\"lazy\" decoding=\"async\" width=\"1000\" height=\"686\" src=\"https:\/\/blog.12min.com\/br\/wp-content\/uploads\/sites\/3\/2020\/01\/shutterstock_293864519.jpg\" alt=\"Livro Produtividade M\u00e1xima\" class=\"wp-image-10072\" srcset=\"https:\/\/blog.12min.com\/br\/wp-content\/uploads\/sites\/3\/2020\/01\/shutterstock_293864519.jpg 1000w, https:\/\/blog.12min.com\/br\/wp-content\/uploads\/sites\/3\/2020\/01\/shutterstock_293864519-300x206.jpg 300w, https:\/\/blog.12min.com\/br\/wp-content\/uploads\/sites\/3\/2020\/01\/shutterstock_293864519-768x527.jpg 768w\" sizes=\"auto, (max-width: 1000px) 100vw, 1000px\" \/><\/figure>\n\n\n\n<ol class=\"wp-block-list\"><li>Exceder o espa\u00e7o de armazenamento de e-mails determinado pela empresa ou pelo seu sistema online.<\/li><li>Ter medo de deletar arquivos e e-mails.<\/li><li>N\u00e3o ter certeza se salvou alguma coisa.<\/li><li>Perder muito tempo procurando arquivos, por n\u00e3o saber onde os salvou ou como os nomeou.<\/li><li>Ter muitos \u00edcones na \u00e1rea de trabalho.<\/li><li><a rel=\"noreferrer noopener\" aria-label=\" (opens in a new tab)\" href=\"https:\/\/canaltech.com.br\/seguranca\/Cinco-dicas-para-um-bom-armazenamento-de-fotos-videos-e-arquivos-de-dados\/\" target=\"_blank\">Armazenar milhares de fotos digitais<\/a>, at\u00e9 as antigas, irrelevantes ou de m\u00e1 qualidade, sem qualquer sistema de organiza\u00e7\u00e3o, al\u00e9m da data.<\/li><li>Manter e-mails n\u00e3o lidos ou antigos na sua caixa de entrada.<\/li><\/ol>\n\n\n\n<h2 class=\"wp-block-heading\">Organizando os arquivos eletr\u00f4nicos<\/h2>\n\n\n\n<p>De acordo com o livro Produtividade M\u00e1xima, voc\u00ea deve criar uma estrutura b\u00e1sica para arquivar os itens, \u00e0 medida que eles chegam. Isso vale para e-mails, anexos, imagens, documentos ou arquivos de \u00e1udio e v\u00eddeo. Nessa tarefa, voc\u00ea ter\u00e1 que decidir duas coisas:<\/p>\n\n\n\n<ol class=\"wp-block-list\"><li>Como estruturar as pastas.<\/li><li>Como nomear os arquivos.<\/li><\/ol>\n\n\n\n<p>A principal coisa a se pensar, ao criar e manter sua estrutura de arquivos, \u00e9 como voc\u00ea vai encontrar as informa\u00e7\u00f5es quando precisar delas. Voc\u00ea pode usar os seguintes m\u00e9todos:<\/p>\n\n\n\n<ul class=\"wp-block-list\"><li>Pastas identificadas com os nomes dos clientes, que seu computador organiza, automaticamente, por ordem alfab\u00e9tica.<\/li><li>Arquivos de projetos organizados por ordem num\u00e9rica ou pelo nome de cada projeto.<\/li><li>Pastas cronol\u00f3gicas nomeadas com datas, j\u00e1 que muitas empresas monitoram suas tarefas pela data.<\/li><li>Categorias de acordo com as opera\u00e7\u00f5es da sua empresa (por exemplo, Pessoal, Impostos etc.).<\/li><\/ul>\n\n\n\n<h2 class=\"wp-block-heading\">Os seis A\u2019s do processamento de e-mails<\/h2>\n\n\n\n<ol class=\"wp-block-list\"><li>Acessar os e-mails pendentes;<\/li><li>Agrupar por categorias;<\/li><li>Analisar os que s\u00e3o importantes;<\/li><li>Apagar os descart\u00e1veis;<\/li><li>Agir para responder os que est\u00e3o pendentes;<\/li><li>Arquivar os que n\u00e3o podem ser exclu\u00eddos.<\/li><\/ol>\n\n\n\n<h2 class=\"wp-block-heading\">O livro Produtividade M\u00e1xima e o gerenciamento das suas escolhas<\/h2>\n\n\n\n<figure class=\"wp-block-image size-large\"><img loading=\"lazy\" decoding=\"async\" width=\"1000\" height=\"664\" src=\"https:\/\/blog.12min.com\/br\/wp-content\/uploads\/sites\/3\/2020\/01\/shutterstock_533640004.jpg\" alt=\"livro Produtividade M\u00e1xima pdf\" class=\"wp-image-10075\" srcset=\"https:\/\/blog.12min.com\/br\/wp-content\/uploads\/sites\/3\/2020\/01\/shutterstock_533640004.jpg 1000w, https:\/\/blog.12min.com\/br\/wp-content\/uploads\/sites\/3\/2020\/01\/shutterstock_533640004-300x199.jpg 300w, https:\/\/blog.12min.com\/br\/wp-content\/uploads\/sites\/3\/2020\/01\/shutterstock_533640004-768x510.jpg 768w\" sizes=\"auto, (max-width: 1000px) 100vw, 1000px\" \/><\/figure>\n\n\n\n<p>Na verdade, Myles afirma que n\u00e3o temos o controle sobre o tempo propriamente dito. Ele simplesmente passa. E todos temos a mesma quantidade de tempo \u00e0 nossa disposi\u00e7\u00e3o. O que de fato podemos fazer \u00e9 gerenciar nossas escolhas, ou seja, decidir o que fazer com o tempo.&nbsp;<\/p>\n\n\n\n<p>Todos temos mais itens em nossa lista de tarefas do que tempo para realiz\u00e1-los. Assim, ter clareza sobre o que n\u00e3o dever\u00edamos fazer e quando dizer \u201cn\u00e3o\u201d \u00e9 t\u00e3o importante quanto saber o que fazer.&nbsp;<\/p>\n\n\n\n<h2 class=\"wp-block-heading\">Os tr\u00eas P\u2019s do gerenciamento do tempo s\u00e3o:<\/h2>\n\n\n\n<h4 class=\"wp-block-heading\">1. Planejar<\/h4>\n\n\n\n<p>Voc\u00ea precisa identificar quais tarefas precisa executar em um dia, um m\u00eas, um ano ou num prazo mais longo. Ou seja, voc\u00ea n\u00e3o come\u00e7aria um grande projeto de trabalho sem um m\u00ednimo de planejamento, nem abriria uma empresa sem um plano de neg\u00f3cios, defende o livro Produtividade M\u00e1xima.&nbsp;<\/p>\n\n\n\n<h4 class=\"wp-block-heading\">2. Priorizar<\/h4>\n\n\n\n<p>No livro <a href=\"https:\/\/blog.12min.com\/br\/resumo-do-livro-os-7-habitos-das-pessoas-altamente-eficazes-pdf\/\" target=\"_blank\" rel=\"noreferrer noopener\" aria-label=\" (opens in a new tab)\">Os 7 H\u00e1bitos das Pessoas Altamente Eficazes<\/a>, Stephen Covey diz que \u201co segredo n\u00e3o \u00e9 priorizar seu planejamento, mas planejar suas prioridades\u201d. Ao estabelecer prioridades para suas tarefas, voc\u00ea perceber\u00e1 com mais nitidez que atividades da vida o est\u00e3o empurrando para a frente, em dire\u00e7\u00e3o \u00e0s coisas importantes e \u00e0 realiza\u00e7\u00e3o de seus objetivos, de forma que as coisas importantes n\u00e3o se tornem de repente urgentes.<\/p>\n\n\n\n<p>A matriz de urg\u00eancia e import\u00e2ncia &#8211; <a rel=\"noreferrer noopener\" aria-label=\" (opens in a new tab)\" href=\"https:\/\/blog.12min.com\/br\/matriz-de-eisenhower\/\" target=\"_blank\">Matriz de Eisenhower<\/a> &#8211; nos ajuda a priorizar, de forma ordenada, as tarefas pendentes.&nbsp;<\/p>\n\n\n\n<h4 class=\"wp-block-heading\">3. Produzir<\/h4>\n\n\n\n<p>H\u00e1 muitos fatores que nos impedem de atingir o n\u00edvel ideal de produ\u00e7\u00e3o. Eles s\u00e3o chamados de fatores dispersores. O perfeccionismo, o costume de executar mais de uma tarefa ao mesmo tempo, a <a rel=\"noreferrer noopener\" aria-label=\" (opens in a new tab)\" href=\"https:\/\/blog.12min.com\/br\/como-vencer-a-procrastinacao\/\" target=\"_blank\">procrastina\u00e7\u00e3o<\/a>, as interrup\u00e7\u00f5es, a dificuldade de encontrar as coisas, alguns tipos de reuni\u00f5es e a demora nas tomadas de decis\u00e3o s\u00e3o bons exemplos.&nbsp;<\/p>\n\n\n\n<p>Esses s\u00e3o os maus <a href=\"https:\/\/blog.12min.com\/br\/resumo-do-livro-o-poder-do-habito-pdf\/\" target=\"_blank\" rel=\"noreferrer noopener\" aria-label=\" (opens in a new tab)\">h\u00e1bitos<\/a> que nos desviam do trabalho, ressalta a autora do livro Produtividade M\u00e1xima. A \u00fanica maneira de evitar esses fatores dispersores \u00e9 reconhec\u00ea-los e desenvolver estrat\u00e9gias para lidar com eles.<\/p>\n\n\n\n<p>Veja um pouquinho mais sobre dois desses fatores que emperram a nossa produtividade.<\/p>\n\n\n\n<h4 class=\"wp-block-heading\"><strong>Perfeccionismo<\/strong><\/h4>\n\n\n\n<p>Fazer a coisa certa n\u00e3o significa ser perfeito. Afinal, a perfei\u00e7\u00e3o \u00e9 assunto para divindades, n\u00e3o para n\u00f3s, humanos, afirma a autora do livro Produtividade M\u00e1xima.<\/p>\n\n\n\n<h4 class=\"wp-block-heading\"><strong>Procrastina\u00e7\u00e3o<\/strong><\/h4>\n\n\n\n<p>Procrastina\u00e7\u00e3o significa \u201cdeixar para amanh\u00e3\u201d. Ou seja, demorar para come\u00e7ar ou terminar uma tarefa que deveria ser priorit\u00e1ria. Ent\u00e3o, esforce-se para vencer esse h\u00e1bito nada bom.<\/p>\n\n\n\n<h2 class=\"wp-block-heading\">Por que os objetivos s\u00e3o importantes?<\/h2>\n\n\n\n<figure class=\"wp-block-image size-large\"><img loading=\"lazy\" decoding=\"async\" width=\"1024\" height=\"535\" src=\"https:\/\/blog.12min.com\/br\/wp-content\/uploads\/sites\/3\/2020\/01\/rendered-2-1024x535.jpg\" alt=\"livro produtividade maxima pdf download\" class=\"wp-image-10065\" srcset=\"https:\/\/blog.12min.com\/br\/wp-content\/uploads\/sites\/3\/2020\/01\/rendered-2-1024x535.jpg 1024w, https:\/\/blog.12min.com\/br\/wp-content\/uploads\/sites\/3\/2020\/01\/rendered-2-300x157.jpg 300w, https:\/\/blog.12min.com\/br\/wp-content\/uploads\/sites\/3\/2020\/01\/rendered-2-768x401.jpg 768w, https:\/\/blog.12min.com\/br\/wp-content\/uploads\/sites\/3\/2020\/01\/rendered-2.jpg 1200w\" sizes=\"auto, (max-width: 1024px) 100vw, 1024px\" \/><\/figure>\n\n\n\n<p>Ao trabalhar para gerenciar melhor o seu tempo, voc\u00ea come\u00e7a a produzir com mais efici\u00eancia. Por\u00e9m, quando define objetivos e alinha suas atividades di\u00e1rias com eles \u00e9 que voc\u00ea come\u00e7a a promover grandes mudan\u00e7as e passa a viver com determina\u00e7\u00e3o, fazendo todos os dias as escolhas que transformam a sua vida.<\/p>\n\n\n\n<p><a href=\"https:\/\/blog.12min.com\/br\/proposito-de-vida\/\" target=\"_blank\" rel=\"noreferrer noopener\" aria-label=\" (opens in a new tab)\">Uma vida com prop\u00f3sito<\/a> significa viver cada dia com sua mente voltada para o resultado que procura atingir. Para isso, o livro Produtividade M\u00e1xima ressalta que \u00e9 preciso se afastar um pouco do caos cotidiano e olhar a perspectiva mais ampla.<\/p>\n\n\n\n<h2 class=\"wp-block-heading\">O desafio da autodisciplina<\/h2>\n\n\n\n<p>Esse desafio, segundo o livro Produtividade M\u00e1xima, significa ter respeito suficiente por n\u00f3s mesmos e pelos nossos objetivos, a ponto de trabalharmos neles mesmo quando n\u00e3o estamos com disposi\u00e7\u00e3o.&nbsp;<\/p>\n\n\n\n<h2 class=\"wp-block-heading\">Atitude de gratid\u00e3o para se tornar mais feliz<\/h2>\n\n\n\n<p>Um dos m\u00e9todos sugeridos pelo livro Produtividade M\u00e1xima \u00e9 anotar em um di\u00e1rio as situa\u00e7\u00f5es do dia a dia que lhe suscitam o sentimento de gratid\u00e3o. Isso porque essa \u00e9 uma maneira simples de parar de se concentrar naquilo que o deixa infeliz e come\u00e7ar a valorizar o que o faz feliz, substituindo a sensa\u00e7\u00e3o de que falta alguma coisa por um senso de realiza\u00e7\u00e3o.<\/p>\n\n\n\n<h2 class=\"wp-block-heading\">Sa\u00fade e bem-estar<\/h2>\n\n\n\n<p>Voc\u00ea n\u00e3o deve negligenciar a sua sa\u00fade, na correria do cotidiano. Valorize um estilo de vida mais saud\u00e1vel, afinal se voc\u00ea n\u00e3o estiver se sentindo bem, como ir\u00e1 alcan\u00e7ar altos \u00edndices de produtividade?<\/p>\n\n\n\n<h2 class=\"wp-block-heading\">O livro Produtividade M\u00e1xima e dicas valiosas para alcan\u00e7ar o m\u00e1ximo desempenho<\/h2>\n\n\n\n<figure class=\"wp-block-image size-large\"><img loading=\"lazy\" decoding=\"async\" width=\"1000\" height=\"667\" src=\"https:\/\/blog.12min.com\/br\/wp-content\/uploads\/sites\/3\/2020\/01\/shutterstock_1170951868.jpg\" alt=\"livro produtividade maxima pdf\" class=\"wp-image-10083\" srcset=\"https:\/\/blog.12min.com\/br\/wp-content\/uploads\/sites\/3\/2020\/01\/shutterstock_1170951868.jpg 1000w, https:\/\/blog.12min.com\/br\/wp-content\/uploads\/sites\/3\/2020\/01\/shutterstock_1170951868-300x200.jpg 300w, https:\/\/blog.12min.com\/br\/wp-content\/uploads\/sites\/3\/2020\/01\/shutterstock_1170951868-768x512.jpg 768w\" sizes=\"auto, (max-width: 1000px) 100vw, 1000px\" \/><\/figure>\n\n\n\n<ul class=\"wp-block-list\"><li>V\u00e1 al\u00e9m das mudan\u00e7as no seu ambiente e em seus processos. Afinal, os fatores abstratos tamb\u00e9m s\u00e3o essenciais.<\/li><li>Tenha a disciplina para implementar as mudan\u00e7as, adotar os m\u00e9todos e melhorar seu desempenho.<\/li><li>Assuma uma <a rel=\"noreferrer noopener\" aria-label=\" (opens in a new tab)\" href=\"https:\/\/blog.12min.com\/br\/resumo-do-livro-o-poder-da-positividade-pdf\/\" target=\"_blank\">atitude positiva<\/a> que aumente sua confian\u00e7a.<\/li><li>Adote um estilo de vida saud\u00e1vel, diminua seu n\u00edvel de estresse e se certifique de dormir o suficiente.<\/li><\/ul>\n\n\n\n<h2 class=\"wp-block-heading\">Os 5 E\u2019s para desenvolver possibilidades<\/h2>\n\n\n\n<ol class=\"wp-block-list\"><li><strong>Empolgue-se <\/strong>\u2013 Volte a fazer algo de que gostava, mas que ficou para tr\u00e1s.<\/li><li><strong>Envolva-se<\/strong> \u2013 Passe mais tempo cercado de pessoas, ou seja, amigos, fam\u00edlia, comunidade espiritual ou praticando algum trabalho volunt\u00e1rio.<\/li><li><strong>Empodere-se<\/strong> \u2013 Crie poder, habilite-se, cuide mais da sa\u00fade, da casa e do seu bem-estar.<\/li><li><strong>Evolua<\/strong> \u2013 Dedique mais tempo e esfor\u00e7o a fazer aquilo que gosta e leve suas habilidades a um novo patamar.<\/li><li><strong>Explore<\/strong> \u2013 Busque novos desafios, algo que voc\u00ea nunca ousou tentar, que exija uma grande mudan\u00e7a de perspectiva.<\/li><\/ol>\n\n\n\n<h2 class=\"wp-block-heading\">Continue aprendendo<\/h2>\n\n\n\n<figure class=\"wp-block-image size-large\"><img loading=\"lazy\" decoding=\"async\" width=\"1000\" height=\"667\" src=\"https:\/\/blog.12min.com\/br\/wp-content\/uploads\/sites\/3\/2020\/01\/shutterstock_318321197.jpg\" alt=\"Livro Produtividade M\u00e1xima\" class=\"wp-image-10089\" srcset=\"https:\/\/blog.12min.com\/br\/wp-content\/uploads\/sites\/3\/2020\/01\/shutterstock_318321197.jpg 1000w, https:\/\/blog.12min.com\/br\/wp-content\/uploads\/sites\/3\/2020\/01\/shutterstock_318321197-300x200.jpg 300w, https:\/\/blog.12min.com\/br\/wp-content\/uploads\/sites\/3\/2020\/01\/shutterstock_318321197-768x512.jpg 768w\" sizes=\"auto, (max-width: 1000px) 100vw, 1000px\" \/><\/figure>\n\n\n\n<p>Voc\u00ea gostou dos ensinamentos do livro Produtividade M\u00e1xima? Deixe os seus coment\u00e1rios!<\/p>\n\n\n\n<p>Aqui, no Blog 12min, n\u00f3s temos outros posts bem legais sobre produtividade, que voc\u00ea certamente ir\u00e1 gostar. Por exemplo:<\/p>\n\n\n\n<ul class=\"wp-block-list\"><li><a href=\"https:\/\/blog.12min.com\/br\/melhores-ted-talks-2\/\" target=\"_blank\" rel=\"noreferrer noopener\" aria-label=\" (opens in a new tab)\">Os&nbsp; melhores TED talks sobre produtividade<\/a><\/li><li><a href=\"https:\/\/blog.12min.com\/br\/tim-ferriss\/\" target=\"_blank\" rel=\"noreferrer noopener\" aria-label=\" (opens in a new tab)\">Tim Ferriss: o que tanto aprendemos com ele sobre produtividade<\/a><\/li><li><a href=\"https:\/\/blog.12min.com\/br\/aplicativos-de-produtividade\/\" target=\"_blank\" rel=\"noreferrer noopener\" aria-label=\" (opens in a new tab)\">Funcionalidades de aplicativos de produtividade<\/a><\/li><li><a href=\"https:\/\/blog.12min.com\/br\/tecnicas-de-produtividade\/\" target=\"_blank\" rel=\"noreferrer noopener\" aria-label=\" (opens in a new tab)\">T\u00e9cnicas de produtividade para seu dia render mais<\/a><\/li><\/ul>\n\n\n\n<p>E se voc\u00ea quer seguir o caminho do crescimento e do desenvolvimento pessoal e profissional, aposte tamb\u00e9m nos livros. Eles ser\u00e3o sempre seus fortes aliados.&nbsp;<\/p>\n\n\n\n<p>Mas voc\u00ea pode estar pensando que n\u00e3o tem tempo de ler tudo o que gostaria. Nesse caso, n\u00e3o se preocupe! Isso porque a <a href=\"https:\/\/12min.com\/br\/\" target=\"_blank\" rel=\"noreferrer noopener\" aria-label=\" (opens in a new tab)\">plataforma 12min<\/a> disponibiliza para voc\u00ea os microbooks das mais fascinantes obras e renomados autores.<\/p>\n\n\n\n<p>Existe, inclusive, uma categoria inteirinha sobre Produtividade e Gerenciamento de Tempo. Vale a pena pesquisar todas as op\u00e7\u00f5es dispon\u00edveis!<\/p>\n\n\n\n<h2 class=\"wp-block-heading\">Toneladas de conhecimento<\/h2>\n\n\n\n<p>Todos os microbooks do 12mim podem ser lidos no prazo de 12 minutos. Isso lhe permitir\u00e1 absorver toneladas de conhecimento sobre carreira, neg\u00f3cios e desenvolvimento pessoal, entre outras categorias, na velocidade que o mundo atual exige.<\/p>\n\n\n\n<p>Se voc\u00ea preferir, pode optar pela vers\u00e3o audiobook, para ouvir os resumos dos livros no carro, na academia, enquanto faz a sua caminhada, isso \u00e9, onde e quando quiser.<\/p>\n\n\n\n<p>Os microbooks do 12min est\u00e3o dispon\u00edveis para leitura nos nossos aplicativos m\u00f3veis para iPhone\/Android e envio em PDF\/EPUB\/MOBI para o <a href=\"http:\/\/blog.12min.com.br\/kindle\" target=\"_blank\" rel=\"noreferrer noopener\" aria-label=\" (opens in a new tab)\">Amazon Kindle<\/a>.<\/p>\n\n\n\n<p>Agora, que tal anotar a\u00ed uma outra sugest\u00e3o de leitura que selecionamos especialmente para voc\u00ea!<\/p>\n\n\n\n<h3 class=\"wp-block-heading\"><a href=\"https:\/\/12min.com\/br\/trabalhe-4-horas-por-semana\" target=\"_blank\" rel=\"noreferrer noopener\" aria-label=\" (opens in a new tab)\">Trabalhe 4 Horas Por Semana<\/a> &#8211; Tim Ferriss<\/h3>\n\n\n\n<figure class=\"wp-block-image size-medium\"><img loading=\"lazy\" decoding=\"async\" width=\"208\" height=\"300\" src=\"https:\/\/blog.12min.com\/br\/wp-content\/uploads\/sites\/3\/2020\/01\/Livro-Trabalhe-4h-por-Semana-208x300.jpg\" alt=\"Livro Trabalhe 4h por Semana\" class=\"wp-image-10062\" srcset=\"https:\/\/blog.12min.com\/br\/wp-content\/uploads\/sites\/3\/2020\/01\/Livro-Trabalhe-4h-por-Semana-208x300.jpg 208w, https:\/\/blog.12min.com\/br\/wp-content\/uploads\/sites\/3\/2020\/01\/Livro-Trabalhe-4h-por-Semana.jpg 312w\" sizes=\"auto, (max-width: 208px) 100vw, 208px\" \/><\/figure>\n\n\n\n<p>Com este livro, Tim Ferriss pretende mudar a forma como o leitor olha para o trabalho. Assim, com base em experimentos pr\u00f3prios, ele afirma que existem formas de fazer exclusivamente o que se gosta e ainda ter uma vida confort\u00e1vel \u2013 o que contraria o modelo de \u201ctrabalhar a vida toda at\u00e9 aposentar para come\u00e7ar a viver\u201d.<\/p>\n\n\n\n<p>Ferriss explica que sim, \u00e9 poss\u00edvel trabalhar apenas 4 horas por semana. Mas o prop\u00f3sito do livro n\u00e3o \u00e9 ensinar a fazer exclusivamente isso. A inten\u00e7\u00e3o \u00e9 sempre fazer o que traz sentido para a sua vida.<\/p>\n\n\n\n<p>Para conquistar esse feito, ser produtivo \u00e9 essencial. Gastamos muito tempo de nossas vidas procrastinando e poder\u00edamos utiliz\u00e1-lo para ser mais livres. Ferriss criou o modelo DEAL:<\/p>\n\n\n\n<ul class=\"wp-block-list\"><li><strong>Defini\u00e7\u00e3o<\/strong>: substitua as premissas que o bloqueiam.<\/li><li><strong>Elimina\u00e7\u00e3o<\/strong>: ignore o que n\u00e3o importa, em vez de tentar encaixar tudo com gest\u00e3o do tempo.<\/li><li><strong>Automa\u00e7\u00e3o<\/strong>: aprenda a ganhar dinheiro no piloto autom\u00e1tico.<\/li><li><strong>Liberta\u00e7\u00e3o<\/strong>: torne-se independente de localiza\u00e7\u00e3o, trabalhando de qualquer lugar.<\/li><\/ul>\n\n\n\n<h4 class=\"wp-block-heading\">Boa leitura e \u00f3timos aprendizados!<\/h4>\n\n\n\n<p>Se voc\u00ea curtiu o resumo do livro Produtividade M\u00e1xima, pdf, e as nossas dicas de leitura, compartilhe esse post em sua rede social!<\/p>\n","protected":false},"excerpt":{"rendered":"<p>10 min de leitura \u231a&nbsp; Nos dias de hoje, cada segundo vale ouro. Assim, quem consegue controlar corretamente o seu tempo, tem uma grande vantagem competitiva em rela\u00e7\u00e3o aos demais. Mas, se voc\u00ea ainda est\u00e1 fora desse seleto grupo, o livro Produtividade M\u00e1xima \u00e9 uma leitura obrigat\u00f3ria, para ajud\u00e1-lo a organizar a sua vida pessoal [&hellip;]<\/p>\n","protected":false},"author":48,"featured_media":10076,"comment_status":"closed","ping_status":"closed","sticky":false,"template":"","format":"standard","meta":{"_exactmetrics_skip_tracking":false,"_exactmetrics_sitenote_active":false,"_exactmetrics_sitenote_note":"","_exactmetrics_sitenote_category":0,"footnotes":""},"categories":[2],"tags":[],"class_list":["post-10057","post","type-post","status-publish","format-standard","has-post-thumbnail","hentry","category-conhecimento","wpbf-post"],"yoast_head":"<!-- This site is optimized with the Yoast SEO plugin v26.4 - https:\/\/yoast.com\/wordpress\/plugins\/seo\/ -->\n<title>Resumo do Livro Produtividade M\u00e1xima, - Blog do 12min<\/title>\n<meta name=\"description\" content=\"Cada segundo vale ouro. Ent\u00e3o, aprenda a controlar o seu tempo com o livro Produtividade M\u00e1xima, organizando a sua vida e sendo mais eficiente.\" \/>\n<meta name=\"robots\" content=\"index, follow, max-snippet:-1, max-image-preview:large, max-video-preview:-1\" \/>\n<link rel=\"canonical\" href=\"https:\/\/blog.12min.com\/br\/resumo-do-livro-produtividade-maxima-em-pdf\/\" \/>\n<meta property=\"og:locale\" content=\"en_US\" \/>\n<meta property=\"og:type\" content=\"article\" \/>\n<meta property=\"og:title\" content=\"Resumo do Livro Produtividade M\u00e1xima, - Blog do 12min\" \/>\n<meta property=\"og:description\" content=\"Cada segundo vale ouro. Ent\u00e3o, aprenda a controlar o seu tempo com o livro Produtividade M\u00e1xima, organizando a sua vida e sendo mais eficiente.\" \/>\n<meta property=\"og:url\" content=\"https:\/\/blog.12min.com\/br\/resumo-do-livro-produtividade-maxima-em-pdf\/\" \/>\n<meta property=\"og:site_name\" content=\"Blog do 12min\" \/>\n<meta property=\"article:published_time\" content=\"2020-01-28T14:26:56+00:00\" \/>\n<meta property=\"article:modified_time\" content=\"2020-01-28T14:28:30+00:00\" \/>\n<meta property=\"og:image\" content=\"https:\/\/blog.12min.com\/br\/wp-content\/uploads\/sites\/3\/2020\/01\/shutterstock_599083094.jpg\" \/>\n\t<meta property=\"og:image:width\" content=\"1000\" \/>\n\t<meta property=\"og:image:height\" content=\"714\" \/>\n\t<meta property=\"og:image:type\" content=\"image\/jpeg\" \/>\n<meta name=\"author\" content=\"Emir Zecovic\" \/>\n<meta name=\"twitter:card\" content=\"summary_large_image\" \/>\n<meta name=\"twitter:label1\" content=\"Written by\" \/>\n\t<meta name=\"twitter:data1\" content=\"Emir Zecovic\" \/>\n\t<meta name=\"twitter:label2\" content=\"Est. reading time\" \/>\n\t<meta name=\"twitter:data2\" content=\"14 minutes\" \/>\n<!-- \/ Yoast SEO plugin. -->","yoast_head_json":{"title":"Resumo do Livro Produtividade M\u00e1xima, - Blog do 12min","description":"Cada segundo vale ouro. Ent\u00e3o, aprenda a controlar o seu tempo com o livro Produtividade M\u00e1xima, organizando a sua vida e sendo mais eficiente.","robots":{"index":"index","follow":"follow","max-snippet":"max-snippet:-1","max-image-preview":"max-image-preview:large","max-video-preview":"max-video-preview:-1"},"canonical":"https:\/\/blog.12min.com\/br\/resumo-do-livro-produtividade-maxima-em-pdf\/","og_locale":"en_US","og_type":"article","og_title":"Resumo do Livro Produtividade M\u00e1xima, - Blog do 12min","og_description":"Cada segundo vale ouro. Ent\u00e3o, aprenda a controlar o seu tempo com o livro Produtividade M\u00e1xima, organizando a sua vida e sendo mais eficiente.","og_url":"https:\/\/blog.12min.com\/br\/resumo-do-livro-produtividade-maxima-em-pdf\/","og_site_name":"Blog do 12min","article_published_time":"2020-01-28T14:26:56+00:00","article_modified_time":"2020-01-28T14:28:30+00:00","og_image":[{"width":1000,"height":714,"url":"https:\/\/blog.12min.com\/br\/wp-content\/uploads\/sites\/3\/2020\/01\/shutterstock_599083094.jpg","type":"image\/jpeg"}],"author":"Emir Zecovic","twitter_card":"summary_large_image","twitter_misc":{"Written by":"Emir Zecovic","Est. reading time":"14 minutes"},"schema":{"@context":"https:\/\/schema.org","@graph":[{"@type":"WebPage","@id":"https:\/\/blog.12min.com\/br\/resumo-do-livro-produtividade-maxima-em-pdf\/","url":"https:\/\/blog.12min.com\/br\/resumo-do-livro-produtividade-maxima-em-pdf\/","name":"Resumo do Livro Produtividade M\u00e1xima, - Blog do 12min","isPartOf":{"@id":"https:\/\/blog.12min.com\/br\/#website"},"primaryImageOfPage":{"@id":"https:\/\/blog.12min.com\/br\/resumo-do-livro-produtividade-maxima-em-pdf\/#primaryimage"},"image":{"@id":"https:\/\/blog.12min.com\/br\/resumo-do-livro-produtividade-maxima-em-pdf\/#primaryimage"},"thumbnailUrl":"https:\/\/blog.12min.com\/br\/wp-content\/uploads\/sites\/3\/2020\/01\/shutterstock_599083094.jpg","datePublished":"2020-01-28T14:26:56+00:00","dateModified":"2020-01-28T14:28:30+00:00","author":{"@id":"https:\/\/blog.12min.com\/br\/#\/schema\/person\/ccaf1a7ac6cac4265aa3afb02ae667f4"},"description":"Cada segundo vale ouro. Ent\u00e3o, aprenda a controlar o seu tempo com o livro Produtividade M\u00e1xima, organizando a sua vida e sendo mais eficiente.","breadcrumb":{"@id":"https:\/\/blog.12min.com\/br\/resumo-do-livro-produtividade-maxima-em-pdf\/#breadcrumb"},"inLanguage":"en-US","potentialAction":[{"@type":"ReadAction","target":["https:\/\/blog.12min.com\/br\/resumo-do-livro-produtividade-maxima-em-pdf\/"]}]},{"@type":"ImageObject","inLanguage":"en-US","@id":"https:\/\/blog.12min.com\/br\/resumo-do-livro-produtividade-maxima-em-pdf\/#primaryimage","url":"https:\/\/blog.12min.com\/br\/wp-content\/uploads\/sites\/3\/2020\/01\/shutterstock_599083094.jpg","contentUrl":"https:\/\/blog.12min.com\/br\/wp-content\/uploads\/sites\/3\/2020\/01\/shutterstock_599083094.jpg","width":1000,"height":714,"caption":"Livro Produtividade M\u00e1xima"},{"@type":"BreadcrumbList","@id":"https:\/\/blog.12min.com\/br\/resumo-do-livro-produtividade-maxima-em-pdf\/#breadcrumb","itemListElement":[{"@type":"ListItem","position":1,"name":"In\u00edcio","item":"https:\/\/blog.12min.com\/br\/"},{"@type":"ListItem","position":2,"name":"Resumo do Livro Produtividade M\u00e1xima, em PDF"}]},{"@type":"WebSite","@id":"https:\/\/blog.12min.com\/br\/#website","url":"https:\/\/blog.12min.com\/br\/","name":"Blog do 12min","description":"Livros, Audiobooks e Resumos","potentialAction":[{"@type":"SearchAction","target":{"@type":"EntryPoint","urlTemplate":"https:\/\/blog.12min.com\/br\/?s={search_term_string}"},"query-input":{"@type":"PropertyValueSpecification","valueRequired":true,"valueName":"search_term_string"}}],"inLanguage":"en-US"},{"@type":"Person","@id":"https:\/\/blog.12min.com\/br\/#\/schema\/person\/ccaf1a7ac6cac4265aa3afb02ae667f4","name":"Emir Zecovic","description":"Emir is the Head of Marketing\u00a0at 12min. In his spare time, he loves to meditate and play soccer.","url":"https:\/\/blog.12min.com\/br\/author\/emir\/"}]}},"amp_enabled":true,"_links":{"self":[{"href":"https:\/\/blog.12min.com\/br\/wp-json\/wp\/v2\/posts\/10057","targetHints":{"allow":["GET"]}}],"collection":[{"href":"https:\/\/blog.12min.com\/br\/wp-json\/wp\/v2\/posts"}],"about":[{"href":"https:\/\/blog.12min.com\/br\/wp-json\/wp\/v2\/types\/post"}],"author":[{"embeddable":true,"href":"https:\/\/blog.12min.com\/br\/wp-json\/wp\/v2\/users\/48"}],"replies":[{"embeddable":true,"href":"https:\/\/blog.12min.com\/br\/wp-json\/wp\/v2\/comments?post=10057"}],"version-history":[{"count":19,"href":"https:\/\/blog.12min.com\/br\/wp-json\/wp\/v2\/posts\/10057\/revisions"}],"predecessor-version":[{"id":10105,"href":"https:\/\/blog.12min.com\/br\/wp-json\/wp\/v2\/posts\/10057\/revisions\/10105"}],"wp:featuredmedia":[{"embeddable":true,"href":"https:\/\/blog.12min.com\/br\/wp-json\/wp\/v2\/media\/10076"}],"wp:attachment":[{"href":"https:\/\/blog.12min.com\/br\/wp-json\/wp\/v2\/media?parent=10057"}],"wp:term":[{"taxonomy":"category","embeddable":true,"href":"https:\/\/blog.12min.com\/br\/wp-json\/wp\/v2\/categories?post=10057"},{"taxonomy":"post_tag","embeddable":true,"href":"https:\/\/blog.12min.com\/br\/wp-json\/wp\/v2\/tags?post=10057"}],"curies":[{"name":"wp","href":"https:\/\/api.w.org\/{rel}","templated":true}]}}