{"id":10109,"date":"2020-01-31T13:58:01","date_gmt":"2020-01-31T16:58:01","guid":{"rendered":"https:\/\/blog.12min.com\/br\/?p=10109"},"modified":"2020-01-31T14:38:38","modified_gmt":"2020-01-31T17:38:38","slug":"resumo-do-livro-inteligencia-multifocal-pdf","status":"publish","type":"post","link":"https:\/\/blog.12min.com\/br\/resumo-do-livro-inteligencia-multifocal-pdf\/","title":{"rendered":"Resumo do Livro Intelig\u00eancia Multifocal, de Augusto Cury,"},"content":{"rendered":"<p class=\"wpwc-reading-time\">12 min de leitura \u231a&nbsp;<\/p><div class=\"pdfprnt-buttons pdfprnt-buttons-post pdfprnt-top-right\"><a href=\"https:\/\/blog.12min.com\/br\/wp-json\/wp\/v2\/posts\/10109?print=pdf\" class=\"pdfprnt-button pdfprnt-button-pdf\" target=\"_blank\"><\/a><a href=\"https:\/\/blog.12min.com\/br\/wp-json\/wp\/v2\/posts\/10109?print=print\" class=\"pdfprnt-button pdfprnt-button-print\" target=\"_blank\"><\/a><\/div>\n<p>Algu\u00e9m \u00e9 capaz de explicar a mente humana? Em <a href=\"https:\/\/12min.com\/br\/inteligencia-multifocal\" target=\"_blank\" rel=\"noreferrer noopener\" aria-label=\" (opens in a new tab)\">Intelig\u00eancia Multifocal<\/a>, Augusto Cury prova que nosso intelecto n\u00e3o \u00e9 um sistema bin\u00e1rio ou simples. Pelo contr\u00e1rio, \u00e9 algo muito mais amplo.<\/p>\n\n\n\n<figure class=\"wp-block-image size-medium\"><img loading=\"lazy\" decoding=\"async\" width=\"209\" height=\"300\" src=\"https:\/\/blog.12min.com\/br\/wp-content\/uploads\/sites\/3\/2020\/01\/livro-intelige\u0302ncia-multifocal-209x300.jpg\" alt=\"livro Intelig\u00eancia Multifocal\" class=\"wp-image-10116\" srcset=\"https:\/\/blog.12min.com\/br\/wp-content\/uploads\/sites\/3\/2020\/01\/livro-intelige\u0302ncia-multifocal-209x300.jpg 209w, https:\/\/blog.12min.com\/br\/wp-content\/uploads\/sites\/3\/2020\/01\/livro-intelige\u0302ncia-multifocal.jpg 348w\" sizes=\"auto, (max-width: 209px) 100vw, 209px\" \/><\/figure>\n\n\n\n<p>Segundo o autor, a partir do momento em que nos dispomos a expandir o mundo das ideias sobre a mente humana, a constru\u00e7\u00e3o de pensamentos e sobre a forma\u00e7\u00e3o de pensadores, n\u00f3s nos transformamos. Isso porque repensamos nossas posturas intelectuais, verdades e paradigmas, de acordo com a bagagem adquirida.\u00a0<\/p>\n\n\n\n<p>Come\u00e7amos a compreender e a apreciar a teoria da igualdade, a partir da constru\u00e7\u00e3o da intelig\u00eancia. Por exemplo, mesmo quem vive na mis\u00e9ria possui a mesma complexidade nos processos de constru\u00e7\u00e3o da intelig\u00eancia que os intelectuais mais brilhantes das universidades.<\/p>\n\n\n\n<p>Enfim, existe um mundo rico, sofisticado e interessante a ser descoberto nos bastidores da mente humana. Algo que vai al\u00e9m da massifica\u00e7\u00e3o da cultura, do consumismo, da cota\u00e7\u00e3o do d\u00f3lar, da tecnologia, da moda, do estere\u00f3tipo da est\u00e9tica.&nbsp;<\/p>\n\n\n\n<p>Voc\u00ea ficou interessado em saber mais sobre o que \u00e9 a Intelig\u00eancia Multifocal &#8211; essa teoria sobre a constru\u00e7\u00e3o dos pensamentos, para explicar como eles se formam? Ent\u00e3o, fique com a gente! Mas, antes, vamos falar um pouquinho sobre o autor.<\/p>\n\n\n\n<h2 class=\"wp-block-heading\">Quem \u00e9 Augusto Cury?<\/h2>\n\n\n\n<p><a rel=\"noreferrer noopener\" aria-label=\" (opens in a new tab)\" href=\"https:\/\/blog.12min.com\/br\/quem-e-augusto-cury\/\" target=\"_blank\">Augusto Cury<\/a> escreveu v\u00e1rios livros, entre eles, o best-seller sobre a teoria da Intelig\u00eancia Multifocal. Suas obras foram publicadas em mais de 70 pa\u00edses, com 25 milh\u00f5es de unidades vendidas, somente no Brasil.\u00a0<\/p>\n\n\n\n<p>Cury foi considerado o autor brasileiro mais lido da \u00faltima d\u00e9cada, pela revista ISTO\u00c9 e pelo jornal Folha de S. Paulo. Al\u00e9m disso, ele recebeu o pr\u00eamio de melhor fic\u00e7\u00e3o de 2009, pela Academia Chinesa de Literatura, com o livro O Vendedor de Sonhos, que foi adaptado para o cinema em 2016.<\/p>\n\n\n\n<h2 class=\"wp-block-heading\">O homem e a explora\u00e7\u00e3o de si mesmo<\/h2>\n\n\n\n<figure class=\"wp-block-image size-large\"><img loading=\"lazy\" decoding=\"async\" width=\"1000\" height=\"667\" src=\"https:\/\/blog.12min.com\/br\/wp-content\/uploads\/sites\/3\/2020\/01\/shutterstock_1317653819.jpg\" alt=\"inteligencia multifocal augusto cury\" class=\"wp-image-10125\" srcset=\"https:\/\/blog.12min.com\/br\/wp-content\/uploads\/sites\/3\/2020\/01\/shutterstock_1317653819.jpg 1000w, https:\/\/blog.12min.com\/br\/wp-content\/uploads\/sites\/3\/2020\/01\/shutterstock_1317653819-300x200.jpg 300w, https:\/\/blog.12min.com\/br\/wp-content\/uploads\/sites\/3\/2020\/01\/shutterstock_1317653819-768x512.jpg 768w\" sizes=\"auto, (max-width: 1000px) 100vw, 1000px\" \/><\/figure>\n\n\n\n<p>A maior e uma das mais importantes explora\u00e7\u00f5es do homem \u00e9 a explora\u00e7\u00e3o do seu pr\u00f3prio mundo intraps\u00edquico. E o livro Intelig\u00eancia Multifocal enumera os direitos fundamentais do homem que, segundo o autor, inclui aprender a:<\/p>\n\n\n\n<ul class=\"wp-block-list\"><li>interiorizar-se;\u00a0<\/li><li>criar ra\u00edzes mais profundas dentro de si mesmo;\u00a0<\/li><li>explorar a hist\u00f3ria intraps\u00edquica arquivada na mem\u00f3ria;<\/li><li>questionar os paradigmas socioculturais;<\/li><li>trabalhar com maturidade as dores, perdas e frustra\u00e7\u00f5es psicossociais;<\/li><li>desenvolver consci\u00eancia cr\u00edtica, conhecer os processos b\u00e1sicos que constroem os pensamentos e que constituem a consci\u00eancia existencial.\u00a0<\/li><\/ul>\n\n\n\n<p>Por\u00e9m, frequentemente, esses direitos s\u00e3o exercidos com superficialidade, principalmente, porque o homem moderno tem vivido uma crise de interioriza\u00e7\u00e3o.&nbsp;<\/p>\n\n\n\n<p>A tend\u00eancia intelectual natural do <a href=\"https:\/\/blog.12min.com\/br\/resumo-do-livro-sapiens-pdf\/\" target=\"_blank\" rel=\"noreferrer noopener\" aria-label=\"Homo sapiens (opens in a new tab)\">Homo sapiens<\/a> \u00e9 seguir uma trajet\u00f3ria de constru\u00e7\u00e3o intelectual superficial. Em outras palavras, ele pouco se interioriza, pouco procura por si mesmo e pouco conhece a si mesmo.&nbsp;<\/p>\n\n\n\n<h2 class=\"wp-block-heading\">A mente humana e a intelig\u00eancia<\/h2>\n\n\n\n<h4 class=\"wp-block-heading\">A mente<\/h4>\n\n\n\n<p>No livro Intelig\u00eancia Multifocal, a mente \u00e9 usada como o ambiente onde se processa as faculdades intelectuais, onde se desenvolve a intelig\u00eancia.&nbsp;<\/p>\n\n\n\n<h4 class=\"wp-block-heading\">A intelig\u00eancia&nbsp;<\/h4>\n\n\n\n<p>\u00c9 um conjunto de estruturas psicodin\u00e2micas derivadas do amplo funcionamento da mente. \u00c9 a capacidade de pensar, se emocionar, ter consci\u00eancia. Ela \u00e9 constitu\u00edda de quatro grandes processos:<\/p>\n\n\n\n<ol class=\"wp-block-list\"><li>Constru\u00e7\u00e3o de pensamentos<\/li><li>Transforma\u00e7\u00e3o da energia emocional<\/li><li>Forma\u00e7\u00e3o da consci\u00eancia existencial<\/li><li>Forma\u00e7\u00e3o da hist\u00f3ria existencial arquivada na mem\u00f3ria\u00a0<\/li><\/ol>\n\n\n\n<p>Esses processos est\u00e3o em atividade o tempo todo. Eles n\u00e3o param de evoluir, mas sua evolu\u00e7\u00e3o tende a diminuir na vida adulta.<\/p>\n\n\n\n<h2 class=\"wp-block-heading\">A arte da observa\u00e7\u00e3o e da an\u00e1lise multifocal<\/h2>\n\n\n\n<figure class=\"wp-block-image size-large\"><img loading=\"lazy\" decoding=\"async\" width=\"1000\" height=\"668\" src=\"https:\/\/blog.12min.com\/br\/wp-content\/uploads\/sites\/3\/2020\/01\/shutterstock_1608470950.jpg\" alt=\"teoria da inteligencia multifocal\" class=\"wp-image-10130\" srcset=\"https:\/\/blog.12min.com\/br\/wp-content\/uploads\/sites\/3\/2020\/01\/shutterstock_1608470950.jpg 1000w, https:\/\/blog.12min.com\/br\/wp-content\/uploads\/sites\/3\/2020\/01\/shutterstock_1608470950-300x200.jpg 300w, https:\/\/blog.12min.com\/br\/wp-content\/uploads\/sites\/3\/2020\/01\/shutterstock_1608470950-768x513.jpg 768w\" sizes=\"auto, (max-width: 1000px) 100vw, 1000px\" \/><\/figure>\n\n\n\n<p>At\u00e9 um mendigo \u00e9 uma pessoa complexa, rica intelectualmente e interessante de ser observada e analisada. Muitos deles, quando se aproximam uns dos outros, logo estabelecem uma rela\u00e7\u00e3o interpessoal e trocam di\u00e1logos, pois, n\u00e3o t\u00eam preconceitos socioculturais, n\u00e3o precisam ostentar status ou provar qualquer coisa para estabelecer confiabilidade.<\/p>\n\n\n\n<p>A mercadoria de troca interpessoal entre os mendigos, de acordo com o livro Intelig\u00eancia Multifocal, \u00e9 o que eles s\u00e3o e n\u00e3o o que eles t\u00eam, diferentemente de grande parte das rela\u00e7\u00f5es nas sociedades modernas.&nbsp;<\/p>\n\n\n\n<p>Ou seja, at\u00e9 entre as pessoas que vivem em condi\u00e7\u00f5es miser\u00e1veis \u00e9 poss\u00edvel apreciar o espet\u00e1culo da constru\u00e7\u00e3o de pensamentos e contemplar li\u00e7\u00f5es existenciais.&nbsp;<\/p>\n\n\n\n<p>Por outro lado, os computadores jamais passar\u00e3o de escravos de est\u00edmulos programados, ainda que incorporem um processo de autoaprendizagem e levem em considera\u00e7\u00e3o a \u201c<a href=\"http:\/\/www.scielo.br\/scielo.php?script=sci_arttext&amp;pid=S0103-40142000000200012\" target=\"_blank\" rel=\"noreferrer noopener\" aria-label=\" (opens in a new tab)\">l\u00f3gica paraconsistente<\/a>\u201d.&nbsp;<\/p>\n\n\n\n<p>Para o autor, \u00e9 cientificamente ing\u00eanuo dizer que os computadores produzem uma realidade virtual, pois, eles n\u00e3o t\u00eam consci\u00eancia existencial de si mesmos, eles n\u00e3o existem para si mesmos e, portanto, n\u00e3o t\u00eam consci\u00eancia da organiza\u00e7\u00e3o das informa\u00e7\u00f5es que expressam nas telas de v\u00eddeo.<\/p>\n\n\n\n<h2 class=\"wp-block-heading\">Os 7 procedimentos multifocais&nbsp;<\/h2>\n\n\n\n<p>Os procedimentos utilizados na pesquisa acad\u00eamica normalmente s\u00e3o bem conhecidos no mundo todo, tais como: seletividade de dados, an\u00e1lise de dados, levantamento bibliogr\u00e1fico, uso de uma teoria como suporte da interpreta\u00e7\u00e3o. Por\u00e9m, os os 3 primeiros procedimentos multifocais s\u00e3o a arte de:&nbsp;<\/p>\n\n\n\n<ol class=\"wp-block-list\"><li>Formular perguntas;&nbsp;<\/li><li>Duvidar;&nbsp;<\/li><li>Criticar.<\/li><\/ol>\n\n\n\n<p>Os outros 4 procedimentos multificais s\u00e3o:<\/p>\n\n\n\n<ol class=\"wp-block-list\"><li>A busca do caos intelectual, para se processar a descontamina\u00e7\u00e3o da interpreta\u00e7\u00e3o;<\/li><li>A busca do caos intelectual, para expandir as possibilidades de constru\u00e7\u00e3o do conhecimento;\u00a0<\/li><li>A an\u00e1lise das causalidades hist\u00f3ricas e das circunstancialidades biopsicossociais;\u00a0<\/li><li>A an\u00e1lise dos processos de constru\u00e7\u00e3o das vari\u00e1veis de interpreta\u00e7\u00e3o na mente.\u00a0<\/li><\/ol>\n\n\n\n<h4 class=\"wp-block-heading\">A Intelig\u00eancia Multifocal e as 5 cinco mesclagens de contrapontos intelectuais<\/h4>\n\n\n\n<p>Trata-se das mesclagens entre:<\/p>\n\n\n\n<ol class=\"wp-block-list\"><li>a liberdade contemplativa de observar os fen\u00f4menos com a disciplina emp\u00edrica no processo de observa\u00e7\u00e3o e sele\u00e7\u00e3o dos mesmos.<\/li><li>a liberdade de interpretar os fen\u00f4menos com a reorganiza\u00e7\u00e3o e reorienta\u00e7\u00e3o cont\u00ednua do processo de interpreta\u00e7\u00e3o.<\/li><li> a utiliza\u00e7\u00e3o do caos intelectual para esvaziar, tanto quanto poss\u00edvel, as distor\u00e7\u00f5es preconceituosas e os referenciais hist\u00f3ricos contidos no processo de forma\u00e7\u00e3o da personalidade com a utiliza\u00e7\u00e3o desse caos para expandir as possibilidades de compreens\u00e3o dos fen\u00f4menos e de constru\u00e7\u00e3o do conhecimento.<\/li><li> a liberdade da produ\u00e7\u00e3o do conhecimento com a reciclagem cr\u00edtica e cont\u00ednua da mesma.<\/li><li>a an\u00e1lise das vari\u00e1veis da interpreta\u00e7\u00e3o (fen\u00f4menos) com a an\u00e1lise dos sistemas de co-interfer\u00eancias que elas organizam para gerar o funcionamento da mente e a constru\u00e7\u00e3o das cadeias de pensamentos.<\/li><\/ol>\n\n\n\n<h2 class=\"wp-block-heading\">A arte de perguntar \u00e9 mais importante do que a arte de responder<\/h2>\n\n\n\n<figure class=\"wp-block-image size-large\"><img loading=\"lazy\" decoding=\"async\" width=\"1000\" height=\"543\" src=\"https:\/\/blog.12min.com\/br\/wp-content\/uploads\/sites\/3\/2020\/01\/shutterstock_680112613.jpg\" alt=\"o que e inteligencia multifocal\" class=\"wp-image-10124\" srcset=\"https:\/\/blog.12min.com\/br\/wp-content\/uploads\/sites\/3\/2020\/01\/shutterstock_680112613.jpg 1000w, https:\/\/blog.12min.com\/br\/wp-content\/uploads\/sites\/3\/2020\/01\/shutterstock_680112613-300x163.jpg 300w, https:\/\/blog.12min.com\/br\/wp-content\/uploads\/sites\/3\/2020\/01\/shutterstock_680112613-768x417.jpg 768w\" sizes=\"auto, (max-width: 1000px) 100vw, 1000px\" \/><\/figure>\n\n\n\n<p>De acordo com a teoria da Intelig\u00eancia Multifocal, a maneira como se pergunta pode produzir um autoritarismo das ideias, pois, estabelece as diretrizes das respostas. Assim, antes da busca das respostas e da produ\u00e7\u00e3o de conhecimento, devemos formular perguntas multifocais sobre os fen\u00f4menos e suas micro e macrorrela\u00e7\u00f5es, al\u00e9m de perguntas sobre as pr\u00f3prias perguntas, suas dimens\u00f5es, seus limites e alcance.<\/p>\n\n\n\n<h2 class=\"wp-block-heading\">Vacina intelectual<\/h2>\n\n\n\n<p>\u00c9 mais f\u00e1cil desenvolver o autoritarismo do que a democracia das ideias, do que redirecionar o processo de observa\u00e7\u00e3o, interpreta\u00e7\u00e3o e produ\u00e7\u00e3o de conhecimentos por meio do exerc\u00edcio da \u201cconsci\u00eancia cr\u00edtica do eu\u201d, afirma o autor de Intelig\u00eancia Multifocal.<\/p>\n\n\n\n<p>Os \u201cant\u00eddotos\u201d intelectuais contra o autoritarismo nas rela\u00e7\u00f5es humanas s\u00e3o multifocais:&nbsp;<\/p>\n\n\n\n<ol class=\"wp-block-list\"><li>compreender que a democracia das ideias \u00e9 uma inevitabi\u00adlidade;<\/li><li>respeitar o ser humano na sua integralidade;<\/li><li>consider\u00e1-lo capaz de pensar e escolher seus pr\u00f3prios caminhos;<\/li><li>estimular a revolu\u00e7\u00e3o das ideias que ocorre na sua mente e procurar contribuir para que ela seja redirecionada para desenvolver a revolu\u00e7\u00e3o do humanismo, da cidadania e da capacidade cr\u00edtica de pensar.<\/li><\/ol>\n\n\n\n<h2 class=\"wp-block-heading\">O homo interpres e o intelligens<\/h2>\n\n\n\n<h4 class=\"wp-block-heading\">Homo interpres<\/h4>\n\n\n\n<p>\u00c9 o homem inconsciente, representado pelos territ\u00f3rios da mem\u00f3ria e pelo conjunto de fen\u00f4menos inconscientes que produzem o funcionamento da mente humana, da psicoadapta\u00e7\u00e3o, da autochecagem, da \u00e2ncora da mem\u00f3ria, do autofluxo.&nbsp;<\/p>\n\n\n\n<p>Eles s\u00e3o respons\u00e1veis pelo registro das informa\u00e7\u00f5es na mem\u00f3ria, pela leitura da mesma e pela constru\u00e7\u00e3o das cadeias de pensamentos e das rea\u00e7\u00f5es emocionais.&nbsp;<\/p>\n\n\n\n<h4 class=\"wp-block-heading\">Homo intelligens&nbsp;<\/h4>\n\n\n\n<p>\u00c9 o homem consciente, representado pelo \u201ceu\u201d, o grande fen\u00f4meno consciente da intelig\u00eancia. Por meio do \u201ceu\u201d, temos a consci\u00eancia existencial, ou seja, a consci\u00eancia de que existimos e de que h\u00e1 um mundo que existe e pulsa ao nosso redor.&nbsp;<\/p>\n\n\n\n<p>Al\u00e9m disso, ressalta o livro Intelig\u00eancia Multifocal, temos a consci\u00eancia de que pensamos e nos emocionamos e podemos administrar os pensamentos e as emo\u00e7\u00f5es.&nbsp;<\/p>\n\n\n\n<p>O Homo intelligens \u00e9 resultado do Homo interpres, pois, todos os fen\u00f4menos que produzem a nossa consci\u00eancia s\u00e3o inconscientes.&nbsp;<\/p>\n\n\n\n<h2 class=\"wp-block-heading\">Mem\u00f3ria e intelig\u00eancia<\/h2>\n\n\n\n<p>\u00c9 comum a confus\u00e3o entre mem\u00f3ria e intelig\u00eancia, quando se diz que a pessoa que tem melhor mem\u00f3ria ou melhor capacidade de lembran\u00e7a \u00e9 mais inteligente. No entanto, para Augusto Cury, esse conceito \u00e9 desprovido de fundamento.<\/p>\n\n\n\n<p>No livro Intelig\u00eancia Multifocal, ele explica que n\u00e3o existe lembran\u00e7a. N\u00e3o h\u00e1 lembran\u00e7a das informa\u00e7\u00f5es contidas na mem\u00f3ria, mas reconstru\u00e7\u00e3o das mesmas.&nbsp;<\/p>\n\n\n\n<h2 class=\"wp-block-heading\">Os 2 tipos de mem\u00f3rias<\/h2>\n\n\n\n<figure class=\"wp-block-image size-large\"><img loading=\"lazy\" decoding=\"async\" width=\"1024\" height=\"535\" src=\"https:\/\/blog.12min.com\/br\/wp-content\/uploads\/sites\/3\/2020\/01\/shutterstock_1432579553-1024x535.jpg\" alt=\"inteligencia multifocal augusto cury pdf\" class=\"wp-image-10126\" srcset=\"https:\/\/blog.12min.com\/br\/wp-content\/uploads\/sites\/3\/2020\/01\/shutterstock_1432579553-1024x535.jpg 1024w, https:\/\/blog.12min.com\/br\/wp-content\/uploads\/sites\/3\/2020\/01\/shutterstock_1432579553-300x157.jpg 300w, https:\/\/blog.12min.com\/br\/wp-content\/uploads\/sites\/3\/2020\/01\/shutterstock_1432579553-768x401.jpg 768w, https:\/\/blog.12min.com\/br\/wp-content\/uploads\/sites\/3\/2020\/01\/shutterstock_1432579553.jpg 1200w\" sizes=\"auto, (max-width: 1024px) 100vw, 1024px\" \/><\/figure>\n\n\n\n<p>A Mem\u00f3ria Existencial (ME) e a Mem\u00f3ria de Uso Cont\u00ednuo (MUC) formam a totalidade da hist\u00f3ria intraps\u00edquica de um ser humano, contendo, portanto, todos os segredos de sua vida, explica Cury, em Intelig\u00eancia Multifocal.<\/p>\n\n\n\n<p>A Mem\u00f3ria Existencial representa as experi\u00eancias que v\u00e3o sendo registradas ao longo da vida e a Mem\u00f3ria de Uso Cont\u00ednuo representa as informa\u00e7\u00f5es que v\u00e3o sendo usadas e rearquivadas continuamente. Por exemplo, os endere\u00e7os e e-mails, os n\u00fameros telef\u00f4nicos, as f\u00f3rmulas matem\u00e1ticas, as palavras que comp\u00f5em uma l\u00edngua.&nbsp;<\/p>\n\n\n\n<h2 class=\"wp-block-heading\">O passado n\u00e3o \u00e9 lembrado, mas reconstru\u00eddo<\/h2>\n\n\n\n<p>Os processos de constru\u00e7\u00e3o da intelig\u00eancia desencadeados pela leitura da hist\u00f3ria intraps\u00edquica, principalmente, pela mem\u00f3ria existencial, s\u00e3o t\u00e3o complexos que, ao estud\u00e1-los, compreendemos que n\u00e3o existe a \u201crecorda\u00e7\u00e3o\u201d ou \u201clembran\u00e7a\u201d original das experi\u00eancias do passado, mas uma interpreta\u00e7\u00e3o em que reconstru\u00edmos essas experi\u00eancias no palco de nossas mentes.<\/p>\n\n\n\n<h2 class=\"wp-block-heading\">Os pensamentos dial\u00e9ticos<\/h2>\n\n\n\n<p>Os pensamentos dial\u00e9ticos s\u00e3o conscientes, l\u00f3gicos, bem organizados em cadeias psicodin\u00e2micas, bem definidos psicolinguisticamente, gerenciados com facilidade pelo \u201ceu\u201d. Por isso, s\u00e3o utilizados com frequ\u00eancia na an\u00e1lise, na s\u00edntese das ideias, nos discursos te\u00f3ricos, na produ\u00e7\u00e3o cient\u00edfica, na produ\u00e7\u00e3o tecnol\u00f3gica, nas rela\u00e7\u00f5es sociais.&nbsp;<\/p>\n\n\n\n<p>O livro Intelig\u00eancia Multifocal explica que esses pensamentos s\u00e3o expressos com facilidade na comunica\u00e7\u00e3o social e interpessoal. Afinal, eles s\u00e3o facilmente codificados pelo sistema nervoso central e pelo aparelho fonador.&nbsp;<\/p>\n\n\n\n<p>No entanto, os pensamentos dial\u00e9ticos t\u00eam dimens\u00f5es muito maiores do que a expressa pela comunica\u00e7\u00e3o social e interpessoal por meio da verbaliza\u00e7\u00e3o. Por isso, frequentemente, temos a sensa\u00e7\u00e3o de que as palavras n\u00e3o conseguem expressar o conte\u00fado dos nossos pensamento. Ou seja, a dimens\u00e3o das ideias \u00e9 maior do que a dimens\u00e3o das palavras.<\/p>\n\n\n\n<h2 class=\"wp-block-heading\">Gerenciamento do \u201ceu\u201d sobre a constru\u00e7\u00e3o de pensamentos<\/h2>\n\n\n\n<p>Embora ocorra nos palcos conscientes da intelig\u00eancia, o \u201ceu\u201d vive um paradoxo intelectual indescrit\u00edvel, pois, organiza \u201cinconscientemente\u201d a constru\u00e7\u00e3o de pensamentos, a racionalidade humana. Ou seja, ele l\u00ea a mem\u00f3ria, organiza as RPSs e produz as cadeias de pensamentos conscientes, destaca o livro Intelig\u00eancia Multifocal.<\/p>\n\n\n\n<p>A construtividade do mundo das ideias, que promove toda racionalidade dial\u00e9tica, toda ci\u00eancia, toda produ\u00e7\u00e3o de arte, toda comunica\u00e7\u00e3o social, enfim, toda \u201cconsci\u00eancia existencial do eu\u201d sobre o mundo que somos e em que estamos \u00e9 produzida por processos inconscientes que s\u00e3o operacionalizados nos bastidores da psique.<\/p>\n\n\n\n<h2 class=\"wp-block-heading\">Os mordomos da mente educando silenciosamente o \u201ceu\u201d<\/h2>\n\n\n\n<p>N\u00e3o dever\u00edamos considerar a rica constru\u00e7\u00e3o de pensamentos produzidos pelos mordomos da psique humana como um problema. Pelo contr\u00e1rio, o autor de Intelig\u00eancia Multifocal garante que, sem essa rica e inevit\u00e1vel constru\u00e7\u00e3o de pensamentos, a vida humana se tornaria um t\u00e9dio insuport\u00e1vel, uma solid\u00e3o indescrit\u00edvel, pois, ela \u00e9 a mais importante fonte de entretenimento humano. Al\u00e9m disso, a hist\u00f3ria intraps\u00edquica e o \u201ceu\u201d n\u00e3o se desenvolveriam.<\/p>\n\n\n\n<h2 class=\"wp-block-heading\">A autochecagem da mem\u00f3ria<\/h2>\n\n\n\n<p>A autochecagem \u00e9 o fen\u00f4meno que l\u00ea automaticamente a mem\u00f3ria. Ele \u00e9 o primeiro fen\u00f4meno que atua na intelig\u00eancia. Ou seja, diante de um est\u00edmulo qualquer, seja um pensamento ou um est\u00edmulo f\u00edsico, ele \u00e9 acionado e em mil\u00e9simos de segundos l\u00ea a mem\u00f3ria, assimila seu conte\u00fado e, consequentemente, produz as primeiras rea\u00e7\u00f5es no cerne da intelig\u00eancia.<\/p>\n\n\n\n<h2 class=\"wp-block-heading\">Ningu\u00e9m pode se livrar da ansiedade vital<\/h2>\n\n\n\n<p>A ansiedade vital \u00e9 diferente da <a href=\"https:\/\/blog.12min.com\/br\/como-diminuir-a-ansiedade\/\" target=\"_blank\" rel=\"noreferrer noopener\" aria-label=\"ansiedade patol\u00f3gica, (opens in a new tab)\">ansiedade patol\u00f3gica,<\/a> da tens\u00e3o emocional doentia, que normalmente \u00e9 angustiante e, frequentemente, \u00e9 acompanhada de sintomas psicossom\u00e1ticos.&nbsp;<\/p>\n\n\n\n<p>A ansiedade vital \u00e9 fundamental no processo de leitura da hist\u00f3ria intraps\u00edquica e de constru\u00e7\u00e3o da intelig\u00eancia. De acordo com o livro Intelig\u00eancia Multifocal, ela anima e provoca psicodinamicamente os processos de constru\u00e7\u00e3o dos pensamentos, da consci\u00eancia existencial e as transforma\u00e7\u00f5es da energia emocional e motivacional.<\/p>\n\n\n\n<h2 class=\"wp-block-heading\">A teoria da Intelig\u00eancia Multifocal e a \u00e2ncora da mem\u00f3ria&nbsp;<\/h2>\n\n\n\n<p>A \u00e2ncora da mem\u00f3ria \u00e9 um fen\u00f4meno intraps\u00edquico inconsciente que desloca e \u00e9 deslocado psicodinamicamente pelos tr\u00eas outros fen\u00f4menos que fazem a leitura da hist\u00f3ria intraps\u00edquica:\u00a0<\/p>\n\n\n\n<ul class=\"wp-block-list\"><li>a autochecagem da mem\u00f3ria;<\/li><li>o autofluxo;<\/li><li>o \u201ceu\u201d.&nbsp;<\/li><\/ul>\n\n\n\n<p>Nem toda mem\u00f3ria est\u00e1 dispon\u00edvel para ser lida. A \u00e2ncora da mem\u00f3ria \u00e9 dif\u00edcil de ser definida, mas, em s\u00edntese, ela se refere a um foco ou \u201cterrit\u00f3rio\u201d de leitura da mem\u00f3ria, num determinado momento da exist\u00eancia.&nbsp;<\/p>\n\n\n\n<p>A \u00e2ncora da mem\u00f3ria fornece um grupo de informa\u00e7\u00f5es psicossociais que ficam dispon\u00edveis para serem utilizadas pelos fen\u00f4menos que l\u00eaem a mem\u00f3ria e constroem pensamentos.<\/p>\n\n\n\n<h2 class=\"wp-block-heading\">A liberdade de pensamento&nbsp;<\/h2>\n\n\n\n<figure class=\"wp-block-image size-large\"><img loading=\"lazy\" decoding=\"async\" width=\"1000\" height=\"615\" src=\"https:\/\/blog.12min.com\/br\/wp-content\/uploads\/sites\/3\/2019\/09\/shutterstock_1022465209-1.jpg\" alt=\"livro inteligencia multifocal\" class=\"wp-image-9141\" srcset=\"https:\/\/blog.12min.com\/br\/wp-content\/uploads\/sites\/3\/2019\/09\/shutterstock_1022465209-1.jpg 1000w, https:\/\/blog.12min.com\/br\/wp-content\/uploads\/sites\/3\/2019\/09\/shutterstock_1022465209-1-300x185.jpg 300w, https:\/\/blog.12min.com\/br\/wp-content\/uploads\/sites\/3\/2019\/09\/shutterstock_1022465209-1-768x472.jpg 768w\" sizes=\"auto, (max-width: 1000px) 100vw, 1000px\" \/><\/figure>\n\n\n\n<p>Liberdade plena de pensamento nem sempre \u00e9 conquistada pelo \u201ceu\u201d.  Pelo contr\u00e1rio, segundo a Intelig\u00eancia Multifocal, ela \u00e9 dirigida inconscientemente pelos deslocamentos da \u00e2ncora da mem\u00f3ria, que restringe o territ\u00f3rio de leitura da mem\u00f3ria.&nbsp;<\/p>\n\n\n\n<p>Quando produzimos pensamentos, n\u00f3s nem sempre temos uma livre escolha das informa\u00e7\u00f5es e das ideias, devido \u00e0 restri\u00e7\u00e3o da \u201cdisponibilidade hist\u00f3rica\u201d imposta pela \u00e2ncora da mem\u00f3ria.<\/p>\n\n\n\n<p>Assim, afirma Cury, grande parte dos pensamentos gerenciada e produzida pelo \u201ceu\u201d n\u00e3o foi, na realidade, gerenciada e produzida com plena liberdade de escolha. Pelo contr\u00e1rio,&nbsp; ocorreu dentro dos limites da \u00e2ncora da mem\u00f3ria.&nbsp;<\/p>\n\n\n\n<h2 class=\"wp-block-heading\">Intelig\u00eancia multifocal dif\u00edcil de ser gerenciada<\/h2>\n\n\n\n<p>O \u201ceu\u201d \u00e9 o fen\u00f4meno que expressa a vontade consciente do homem. Ou seja, sem esta, o homem \u00e9 um ser que vaga irracionalmente como os demais seres da natureza. Se f\u00f4ssemos capazes de destruir o \u201ceu\u201d, estar\u00edamos encerrados na mais terr\u00edvel solid\u00e3o e existir\u00edamos sem ter consci\u00eancia de que existimos.&nbsp;<\/p>\n\n\n\n<p>As psicoses esquizofr\u00eanicas comprometem a estrutura e a l\u00f3gica do \u201ceu\u201d, por isso, elas s\u00e3o graves. Todavia, quando ajudamos os pacientes em surto psic\u00f3tico a desacelerar seus pensamentos, eles organizam o processo de leitura da mem\u00f3ria, constroem pensamentos dentro dos par\u00e2metros da realidade e rompem com seus del\u00edrios e alucina\u00e7\u00f5es.&nbsp;<\/p>\n\n\n\n<p>Assim, desacelerar o fluxo dos pensamentos e alargar os territ\u00f3rios de leitura da mem\u00f3ria s\u00e3o fundamentais para que o \u201ceu\u201d possa administrar a produ\u00e7\u00e3o dos pensamentos com l\u00f3gica.<\/p>\n\n\n\n<h2 class=\"wp-block-heading\">A terapia multifocal&nbsp;<\/h2>\n\n\n\n<p>Por que tratar de um paciente deprimido, com <a href=\"https:\/\/drauziovarella.uol.com.br\/doencas-e-sintomas\/sindrome-do-panico\/\" target=\"_blank\" rel=\"noreferrer noopener\" aria-label=\" (opens in a new tab)\">S\u00edndrome do P\u00e2nico<\/a> ou <a href=\"https:\/\/www.minhavida.com.br\/saude\/temas\/transtorno-obsessivo-compulsivo\" target=\"_blank\" rel=\"noreferrer noopener\" aria-label=\" (opens in a new tab)\">Transtorno Obsessivo<\/a> \u00e9 um processo lento e complicado? Se o mundo das ideias e das emo\u00e7\u00f5es \u00e9 t\u00e3o criativo, por que temos dificuldade em subjug\u00e1-lo?&nbsp;<\/p>\n\n\n\n<p>Em horas, os cirurgi\u00f5es extraem um tumor, mas os terapeutas demoram semanas, meses ou at\u00e9 anos para levar um paciente \u00e0 resolu\u00e7\u00e3o de uma doen\u00e7a ps\u00edquica.&nbsp;<\/p>\n\n\n\n<p>H\u00e1 muitas causas que explicam os entraves do gerenciamento do funcionamento da mente, e uma delas \u00e9 que a produ\u00e7\u00e3o de pensamentos \u00e9 multifocal. Ou seja, produzida por m\u00faltiplos fen\u00f4menos. Todavia, afirma o livro Intelig\u00eancia Multifocal, a principal causa \u00e9 o pensamento dial\u00e9tico.<\/p>\n\n\n\n<h2 class=\"wp-block-heading\">TMC: Teoria Multifocal do Conhecimento<\/h2>\n\n\n\n<p>Em Intelig\u00eancia Multifocal, Cury explica que TMC \u00e9 um conjunto de teorias que se inter-relacionam. Por exemplo, as teorias da constru\u00e7\u00e3o dos pensamentos; da interpreta\u00e7\u00e3o; cr\u00edtica do conhecimento (l\u00f3gica); transforma\u00e7\u00e3o da energia ps\u00edquica; forma\u00e7\u00e3o e utiliza\u00e7\u00e3o da hist\u00f3ria intraps\u00edquica arquivada na mem\u00f3ria; forma\u00e7\u00e3o da personalidade; constru\u00e7\u00e3o das rela\u00e7\u00f5es interpessoais etc.\u00a0<\/p>\n\n\n\n<p>Assim, a abordagem da intelig\u00eancia, expressa por Cury, \u00e9 apenas parte da teoria multifocal do conhecimento. Como ela investiga a intelig\u00eancia a partir dos fen\u00f4menos e vari\u00e1veis universais que est\u00e3o na base da produ\u00e7\u00e3o dos pensamentos, pode contribuir para explic\u00e1-las, revis\u00e1-las e abrir novas avenidas de pesquisa para elas.<\/p>\n\n\n\n<h2 class=\"wp-block-heading\">A Cidadania da Ci\u00eancia<\/h2>\n\n\n\n<p>O livro Intelig\u00eancia Multifocal destaca a preocupa\u00e7\u00e3o que todo pensador ou cientista deveria ter em rela\u00e7\u00e3o \u00e0 sua produ\u00e7\u00e3o de conhecimentos, que \u00e9 socializ\u00e1-la. Assim, \u201cCidadania da Ci\u00eancia\u201d \u00e9, portanto, a humaniza\u00e7\u00e3o da teoria que se expressa por meio de procurar torn\u00e1-la assimil\u00e1vel, aplic\u00e1vel e, portanto, psicossocialmente \u00fatil.<\/p>\n\n\n\n<h2 class=\"wp-block-heading\">Os bastidores da mente<\/h2>\n\n\n\n<figure class=\"wp-block-image size-large\"><img loading=\"lazy\" decoding=\"async\" width=\"1000\" height=\"667\" src=\"https:\/\/blog.12min.com\/br\/wp-content\/uploads\/sites\/3\/2020\/01\/shutterstock_619217051-1.jpg\" alt=\"inteligencia multifocal pdf\" class=\"wp-image-10131\" srcset=\"https:\/\/blog.12min.com\/br\/wp-content\/uploads\/sites\/3\/2020\/01\/shutterstock_619217051-1.jpg 1000w, https:\/\/blog.12min.com\/br\/wp-content\/uploads\/sites\/3\/2020\/01\/shutterstock_619217051-1-300x200.jpg 300w, https:\/\/blog.12min.com\/br\/wp-content\/uploads\/sites\/3\/2020\/01\/shutterstock_619217051-1-768x512.jpg 768w\" sizes=\"auto, (max-width: 1000px) 100vw, 1000px\" \/><\/figure>\n\n\n\n<p>Todas as teorias, ideologias sociopol\u00edticas, produ\u00e7\u00f5es art\u00edsticas, poesias, discursos liter\u00e1rios, di\u00e1logos interpessoais etc., s\u00e3o \u201cpe\u00e7as intelectuais\u201d. Elas s\u00e3o constru\u00eddas nos bastidores inconscientes da intelig\u00eancia e expressas na \u201ccrosta\u201d ou \u201cpalcos conscientes da mesma\u201d.<\/p>\n\n\n\n<p>Temos consci\u00eancia da produ\u00e7\u00e3o intelectual que geramos, mas n\u00e3o temos consci\u00eancia dos processos que geram essa produ\u00e7\u00e3o intelectual nos bastidores inconscientes.<\/p>\n\n\n\n<p>Portanto, o livro Intelig\u00eancia Multifocal salienta que h\u00e1 um mundo a ser descoberto no \u00e2mago intraps\u00edquico de cada ser humano. Ou seja, um mundo que possui fen\u00f4menos t\u00e3o complexos e sofisticados que s\u00e3o capazes de organizar as ideias, produzir as an\u00e1lises, confeccionar os paradigmas socioculturais, formatar os discursos te\u00f3ricos das ci\u00eancias, produzir os pensamentos antecipat\u00f3rios, resgatar as experi\u00eancias passadas, construir a consci\u00eancia existencial do mundo que somos e em que estamos, transformar a energia emocional e motivacional etc.<\/p>\n\n\n\n<h2 class=\"wp-block-heading\">Continue aprendendo<\/h2>\n\n\n\n<figure class=\"wp-block-image size-large\"><img loading=\"lazy\" decoding=\"async\" width=\"1000\" height=\"664\" src=\"https:\/\/blog.12min.com\/br\/wp-content\/uploads\/sites\/3\/2020\/01\/shutterstock_269670854.jpg\" alt=\"Intelig\u00eancia Multifocal\" class=\"wp-image-10132\" srcset=\"https:\/\/blog.12min.com\/br\/wp-content\/uploads\/sites\/3\/2020\/01\/shutterstock_269670854.jpg 1000w, https:\/\/blog.12min.com\/br\/wp-content\/uploads\/sites\/3\/2020\/01\/shutterstock_269670854-300x199.jpg 300w, https:\/\/blog.12min.com\/br\/wp-content\/uploads\/sites\/3\/2020\/01\/shutterstock_269670854-768x510.jpg 768w\" sizes=\"auto, (max-width: 1000px) 100vw, 1000px\" \/><\/figure>\n\n\n\n<p>Ent\u00e3o, voc\u00ea gostou dos ensinamentos de Augusto Cury? Deixe aqui os seus coment\u00e1rios!<\/p>\n\n\n\n<p>E se voc\u00ea quer seguir no caminho do crescimento e do desenvolvimento pessoal e profissional, aposte nos livros. Eles ser\u00e3o sempre seus fortes aliados.&nbsp;<\/p>\n\n\n\n<p>Ah, mas voc\u00ea n\u00e3o tem tempo de ler tudo o que gostaria? N\u00e3o se preocupe! Se esse \u00e9 o seu caso, a <a href=\"https:\/\/12min.com\/br\/\" target=\"_blank\" rel=\"noreferrer noopener\" aria-label=\" (opens in a new tab)\">plataforma 12min<\/a> disponibiliza para voc\u00ea os microbooks das mais fascinantes obras e renomados autores.<\/p>\n\n\n\n<p>Inclusive, al\u00e9m de Intelig\u00eancia Multifocal, temos outros microbooks de Augusto Cury. Veja:<\/p>\n\n\n\n<ul class=\"wp-block-list\"><li><a href=\"https:\/\/12min.com\/br\/seja-lider-de-si-mesmo\" target=\"_blank\" rel=\"noreferrer noopener\" aria-label=\" (opens in a new tab)\">Seja L\u00edder de Si mesmo<\/a><\/li><li><a href=\"https:\/\/12min.com\/br\/ansiedade\" target=\"_blank\" rel=\"noreferrer noopener\" aria-label=\" (opens in a new tab)\">Ansiedade<\/a><\/li><li><a href=\"https:\/\/12min.com\/br\/o-codigo-da-inteligencia\" target=\"_blank\" rel=\"noreferrer noopener\" aria-label=\" (opens in a new tab)\">O C\u00f3digo da Intelig\u00eancia<\/a><\/li><li><a href=\"https:\/\/12min.com\/br\/mentes-brilhantes-mentes-treinadas\" target=\"_blank\" rel=\"noreferrer noopener\" aria-label=\" (opens in a new tab)\">Mentes Brilhantes. Mentes Treinadas<\/a><\/li><li><a href=\"https:\/\/12min.com\/br\/nunca-desista-de-seus-sonhos'\" target=\"_blank\" rel=\"noreferrer noopener\" aria-label=\" (opens in a new tab)\">Nunca Desista de Seus Sonhos<\/a><\/li><li><a href=\"https:\/\/12min.com\/br\/gestao-da-emocao\" target=\"_blank\" rel=\"noreferrer noopener\" aria-label=\" (opens in a new tab)\">Gest\u00e3o da Emo\u00e7\u00e3o<\/a><\/li><\/ul>\n\n\n\n<h2 class=\"wp-block-heading\">Toneladas de conhecimento<\/h2>\n\n\n\n<p>Todos os microbooks podem ser lidos em at\u00e9 12 minutos. Isso lhe permitir\u00e1 absorver toneladas de conhecimento, na velocidade que o mundo atual exige.<\/p>\n\n\n\n<p>Se voc\u00ea preferir, pode optar pela vers\u00e3o audiobook, para ouvir os resumos dos livros no carro, na academia, enquanto faz a sua caminhada, isso \u00e9, onde e quando quiser.<\/p>\n\n\n\n<p>Os microbooks do 12min est\u00e3o dispon\u00edveis para leitura nos nossos aplicativos m\u00f3veis para iPhone\/Android e envio em PDF\/EPUB\/MOBI para o <a href=\"http:\/\/blog.12min.com.br\/kindle\" target=\"_blank\" rel=\"noreferrer noopener\" aria-label=\" (opens in a new tab)\">Amazon Kindle<\/a>.<\/p>\n\n\n\n<p>E, \u00e9 claro que n\u00f3s, do 12min, selecionamos hoje uma preciosidade para voc\u00ea. Anote a\u00ed!<\/p>\n\n\n\n<h3 class=\"wp-block-heading\"><a href=\"https:\/\/12min.com\/br\/o-segredo\" target=\"_blank\" rel=\"noreferrer noopener\" aria-label=\" (opens in a new tab)\">O Segredo <\/a>&#8211; Rhonda Byrne<\/h3>\n\n\n\n<p>Voc\u00ea j\u00e1 parou pra pensar no quanto suas palavras e pensamentos influenciam diretamente nos acontecimentos da sua vida? Segundo Rhonda Byrne, n\u00f3s somos como im\u00e3s e atra\u00edmos exatamente tudo o que pensamos e acreditamos, sem exce\u00e7\u00f5es.<\/p>\n\n\n\n<p>Ou seja, isso \u00e9 a lei da atra\u00e7\u00e3o e o livro O Segredo mostra como s\u00e3o significativas as mudan\u00e7as, quando passamos a acreditar que somos os donos do nosso pr\u00f3prio destino e que podemos conseguir dinheiro, sa\u00fade, amor etc. Tudo isso, apenas com a ajuda da nossa mente.<\/p>\n\n\n\n<p>Ap\u00f3s lan\u00e7ar o livro O Segredo, Rhonda Byrne foi considerada pela Time Magazine, em 2007, uma das 100 pessoas mais influentes do mundo. O seu best-seller foi traduzido em 47 idiomas, com mais de 21 milh\u00f5es de exemplares impressos. Imperd\u00edvel!<\/p>\n\n\n\n<h4 class=\"wp-block-heading\">Boa leitura e \u00f3timos aprendizados!<\/h4>\n\n\n\n<p>Se voc\u00ea curtiu o resumo do livro Intelig\u00eancia Multifocal, pdf, e a nossa dica de leitura, compartilhe esse post em sua rede social!<\/p>\n","protected":false},"excerpt":{"rendered":"<p>12 min de leitura \u231a&nbsp; Algu\u00e9m \u00e9 capaz de explicar a mente humana? Em Intelig\u00eancia Multifocal, Augusto Cury prova que nosso intelecto n\u00e3o \u00e9 um sistema bin\u00e1rio ou simples. Pelo contr\u00e1rio, \u00e9 algo muito mais amplo. Segundo o autor, a partir do momento em que nos dispomos a expandir o mundo das ideias sobre a [&hellip;]<\/p>\n","protected":false},"author":48,"featured_media":10121,"comment_status":"closed","ping_status":"closed","sticky":false,"template":"","format":"standard","meta":{"_exactmetrics_skip_tracking":false,"_exactmetrics_sitenote_active":false,"_exactmetrics_sitenote_note":"","_exactmetrics_sitenote_category":0,"footnotes":""},"categories":[2],"tags":[],"class_list":["post-10109","post","type-post","status-publish","format-standard","has-post-thumbnail","hentry","category-conhecimento","wpbf-post"],"yoast_head":"<!-- This site is optimized with the Yoast SEO plugin v26.4 - https:\/\/yoast.com\/wordpress\/plugins\/seo\/ -->\n<title>Resumo do Livro Intelig\u00eancia Multifocal, de Augusto Cury, -<\/title>\n<meta name=\"description\" content=\"Algu\u00e9m \u00e9 capaz de explicar a mente humana? Em Intelig\u00eancia Multifocal, Augusto Cury prova que nosso intelecto n\u00e3o \u00e9 um sistema bin\u00e1rio ou simples.\" \/>\n<meta name=\"robots\" content=\"index, follow, max-snippet:-1, max-image-preview:large, max-video-preview:-1\" \/>\n<link rel=\"canonical\" href=\"https:\/\/blog.12min.com\/br\/resumo-do-livro-inteligencia-multifocal-pdf\/\" \/>\n<meta property=\"og:locale\" content=\"en_US\" \/>\n<meta property=\"og:type\" content=\"article\" \/>\n<meta property=\"og:title\" content=\"Resumo do Livro Intelig\u00eancia Multifocal, de Augusto Cury, -\" \/>\n<meta property=\"og:description\" content=\"Algu\u00e9m \u00e9 capaz de explicar a mente humana? Em Intelig\u00eancia Multifocal, Augusto Cury prova que nosso intelecto n\u00e3o \u00e9 um sistema bin\u00e1rio ou simples.\" \/>\n<meta property=\"og:url\" content=\"https:\/\/blog.12min.com\/br\/resumo-do-livro-inteligencia-multifocal-pdf\/\" \/>\n<meta property=\"og:site_name\" content=\"Blog do 12min\" \/>\n<meta property=\"article:published_time\" content=\"2020-01-31T16:58:01+00:00\" \/>\n<meta property=\"article:modified_time\" content=\"2020-01-31T17:38:38+00:00\" \/>\n<meta property=\"og:image\" content=\"https:\/\/blog.12min.com\/br\/wp-content\/uploads\/sites\/3\/2020\/01\/shutterstock_400541233.jpg\" \/>\n\t<meta property=\"og:image:width\" content=\"1000\" \/>\n\t<meta property=\"og:image:height\" content=\"667\" \/>\n\t<meta property=\"og:image:type\" content=\"image\/jpeg\" \/>\n<meta name=\"author\" content=\"Emir Zecovic\" \/>\n<meta name=\"twitter:card\" content=\"summary_large_image\" \/>\n<meta name=\"twitter:label1\" content=\"Written by\" \/>\n\t<meta name=\"twitter:data1\" content=\"Emir Zecovic\" \/>\n\t<meta name=\"twitter:label2\" content=\"Est. reading time\" \/>\n\t<meta name=\"twitter:data2\" content=\"17 minutes\" \/>\n<!-- \/ Yoast SEO plugin. -->","yoast_head_json":{"title":"Resumo do Livro Intelig\u00eancia Multifocal, de Augusto Cury, -","description":"Algu\u00e9m \u00e9 capaz de explicar a mente humana? Em Intelig\u00eancia Multifocal, Augusto Cury prova que nosso intelecto n\u00e3o \u00e9 um sistema bin\u00e1rio ou simples.","robots":{"index":"index","follow":"follow","max-snippet":"max-snippet:-1","max-image-preview":"max-image-preview:large","max-video-preview":"max-video-preview:-1"},"canonical":"https:\/\/blog.12min.com\/br\/resumo-do-livro-inteligencia-multifocal-pdf\/","og_locale":"en_US","og_type":"article","og_title":"Resumo do Livro Intelig\u00eancia Multifocal, de Augusto Cury, -","og_description":"Algu\u00e9m \u00e9 capaz de explicar a mente humana? Em Intelig\u00eancia Multifocal, Augusto Cury prova que nosso intelecto n\u00e3o \u00e9 um sistema bin\u00e1rio ou simples.","og_url":"https:\/\/blog.12min.com\/br\/resumo-do-livro-inteligencia-multifocal-pdf\/","og_site_name":"Blog do 12min","article_published_time":"2020-01-31T16:58:01+00:00","article_modified_time":"2020-01-31T17:38:38+00:00","og_image":[{"width":1000,"height":667,"url":"https:\/\/blog.12min.com\/br\/wp-content\/uploads\/sites\/3\/2020\/01\/shutterstock_400541233.jpg","type":"image\/jpeg"}],"author":"Emir Zecovic","twitter_card":"summary_large_image","twitter_misc":{"Written by":"Emir Zecovic","Est. reading time":"17 minutes"},"schema":{"@context":"https:\/\/schema.org","@graph":[{"@type":"WebPage","@id":"https:\/\/blog.12min.com\/br\/resumo-do-livro-inteligencia-multifocal-pdf\/","url":"https:\/\/blog.12min.com\/br\/resumo-do-livro-inteligencia-multifocal-pdf\/","name":"Resumo do Livro Intelig\u00eancia Multifocal, de Augusto Cury, -","isPartOf":{"@id":"https:\/\/blog.12min.com\/br\/#website"},"primaryImageOfPage":{"@id":"https:\/\/blog.12min.com\/br\/resumo-do-livro-inteligencia-multifocal-pdf\/#primaryimage"},"image":{"@id":"https:\/\/blog.12min.com\/br\/resumo-do-livro-inteligencia-multifocal-pdf\/#primaryimage"},"thumbnailUrl":"https:\/\/blog.12min.com\/br\/wp-content\/uploads\/sites\/3\/2020\/01\/shutterstock_400541233.jpg","datePublished":"2020-01-31T16:58:01+00:00","dateModified":"2020-01-31T17:38:38+00:00","author":{"@id":"https:\/\/blog.12min.com\/br\/#\/schema\/person\/ccaf1a7ac6cac4265aa3afb02ae667f4"},"description":"Algu\u00e9m \u00e9 capaz de explicar a mente humana? Em Intelig\u00eancia Multifocal, Augusto Cury prova que nosso intelecto n\u00e3o \u00e9 um sistema bin\u00e1rio ou simples.","breadcrumb":{"@id":"https:\/\/blog.12min.com\/br\/resumo-do-livro-inteligencia-multifocal-pdf\/#breadcrumb"},"inLanguage":"en-US","potentialAction":[{"@type":"ReadAction","target":["https:\/\/blog.12min.com\/br\/resumo-do-livro-inteligencia-multifocal-pdf\/"]}]},{"@type":"ImageObject","inLanguage":"en-US","@id":"https:\/\/blog.12min.com\/br\/resumo-do-livro-inteligencia-multifocal-pdf\/#primaryimage","url":"https:\/\/blog.12min.com\/br\/wp-content\/uploads\/sites\/3\/2020\/01\/shutterstock_400541233.jpg","contentUrl":"https:\/\/blog.12min.com\/br\/wp-content\/uploads\/sites\/3\/2020\/01\/shutterstock_400541233.jpg","width":1000,"height":667,"caption":"Intelig\u00eancia Multifocal"},{"@type":"BreadcrumbList","@id":"https:\/\/blog.12min.com\/br\/resumo-do-livro-inteligencia-multifocal-pdf\/#breadcrumb","itemListElement":[{"@type":"ListItem","position":1,"name":"In\u00edcio","item":"https:\/\/blog.12min.com\/br\/"},{"@type":"ListItem","position":2,"name":"Resumo do Livro Intelig\u00eancia Multifocal, de Augusto Cury, em PDF"}]},{"@type":"WebSite","@id":"https:\/\/blog.12min.com\/br\/#website","url":"https:\/\/blog.12min.com\/br\/","name":"Blog do 12min","description":"Livros, Audiobooks e Resumos","potentialAction":[{"@type":"SearchAction","target":{"@type":"EntryPoint","urlTemplate":"https:\/\/blog.12min.com\/br\/?s={search_term_string}"},"query-input":{"@type":"PropertyValueSpecification","valueRequired":true,"valueName":"search_term_string"}}],"inLanguage":"en-US"},{"@type":"Person","@id":"https:\/\/blog.12min.com\/br\/#\/schema\/person\/ccaf1a7ac6cac4265aa3afb02ae667f4","name":"Emir Zecovic","description":"Emir is the Head of Marketing\u00a0at 12min. In his spare time, he loves to meditate and play soccer.","url":"https:\/\/blog.12min.com\/br\/author\/emir\/"}]}},"amp_enabled":true,"_links":{"self":[{"href":"https:\/\/blog.12min.com\/br\/wp-json\/wp\/v2\/posts\/10109","targetHints":{"allow":["GET"]}}],"collection":[{"href":"https:\/\/blog.12min.com\/br\/wp-json\/wp\/v2\/posts"}],"about":[{"href":"https:\/\/blog.12min.com\/br\/wp-json\/wp\/v2\/types\/post"}],"author":[{"embeddable":true,"href":"https:\/\/blog.12min.com\/br\/wp-json\/wp\/v2\/users\/48"}],"replies":[{"embeddable":true,"href":"https:\/\/blog.12min.com\/br\/wp-json\/wp\/v2\/comments?post=10109"}],"version-history":[{"count":15,"href":"https:\/\/blog.12min.com\/br\/wp-json\/wp\/v2\/posts\/10109\/revisions"}],"predecessor-version":[{"id":10143,"href":"https:\/\/blog.12min.com\/br\/wp-json\/wp\/v2\/posts\/10109\/revisions\/10143"}],"wp:featuredmedia":[{"embeddable":true,"href":"https:\/\/blog.12min.com\/br\/wp-json\/wp\/v2\/media\/10121"}],"wp:attachment":[{"href":"https:\/\/blog.12min.com\/br\/wp-json\/wp\/v2\/media?parent=10109"}],"wp:term":[{"taxonomy":"category","embeddable":true,"href":"https:\/\/blog.12min.com\/br\/wp-json\/wp\/v2\/categories?post=10109"},{"taxonomy":"post_tag","embeddable":true,"href":"https:\/\/blog.12min.com\/br\/wp-json\/wp\/v2\/tags?post=10109"}],"curies":[{"name":"wp","href":"https:\/\/api.w.org\/{rel}","templated":true}]}}