{"id":1491,"date":"2018-10-04T18:55:50","date_gmt":"2018-10-04T18:55:50","guid":{"rendered":"http:\/\/blog.12min.com.br\/?p=1491"},"modified":"2019-04-10T11:14:13","modified_gmt":"2019-04-10T14:14:13","slug":"como-lidar-com-a-rejeicao","status":"publish","type":"post","link":"https:\/\/blog.12min.com\/br\/como-lidar-com-a-rejeicao\/","title":{"rendered":"Como lidar com a rejei\u00e7\u00e3o no ambiente de trabalho"},"content":{"rendered":"<p class=\"wpwc-reading-time\">5 min de leitura \u231a&nbsp;<\/p><div class=\"pdfprnt-buttons pdfprnt-buttons-post pdfprnt-top-right\"><a href=\"https:\/\/blog.12min.com\/br\/wp-json\/wp\/v2\/posts\/1491?print=pdf\" class=\"pdfprnt-button pdfprnt-button-pdf\" target=\"_blank\"><\/a><a href=\"https:\/\/blog.12min.com\/br\/wp-json\/wp\/v2\/posts\/1491?print=print\" class=\"pdfprnt-button pdfprnt-button-print\" target=\"_blank\"><\/a><\/div>\n<p><span style=\"font-weight: 400\">Voc\u00ea j\u00e1 foi rejeitado alguma vez na vida? Se sim, fique tranquilo: todos n\u00f3s j\u00e1 passamos por isso alguma vez. Em grau menor ou maior, essa \u00e9 uma das partes da vida imposs\u00edveis de ignorar. Mas como lidar com a rejei\u00e7\u00e3o?<\/span><\/p>\n\n\n\n<p><span style=\"font-weight: 400\">Algumas pessoas sabem digerir bem o sentimento e utiliz\u00e1-lo para se fortalecer e aprender. Outras, n\u00e3o conseguem se virar t\u00e3o bem e acabam fazendo o pior: remoendo. Isso faz mal para a sua sa\u00fade, tanto mental quanto f\u00edsica.<\/span><\/p>\n\n\n\n<p><span style=\"font-weight: 400\">No trabalho, \u00e9 ainda mais complicado, j\u00e1 que atrapalha a <a href=\"https:\/\/blog.12min.com\/br\/aumentar-a-produtividade\/\" target=\"_blank\" rel=\"noreferrer noopener\" aria-label=\"produtividade (opens in a new tab)\">produtividade<\/a> e impede a sua <a rel=\"noreferrer noopener\" aria-label=\"carreira (opens in a new tab)\" href=\"https:\/\/blog.12min.com\/br\/melhores-podcasts\/\" target=\"_blank\">carreira<\/a> de seguir adiante. Pensando nisso, selecionamos algumas dicas de ouro sobre como lidar com a rejei\u00e7\u00e3o no trabalho. Veja:<\/span><\/p>\n\n\n\n<h2 class=\"wp-block-heading\"><span style=\"font-weight: 400\">Aceite suas emo\u00e7\u00f5es<\/span><\/h2>\n\n\n\n<p><span style=\"font-weight: 400\">A primeira coisa a fazer \u00e9 aceitar o que voc\u00ea est\u00e1 sentindo. Ao inv\u00e9s de tentar reprimir a raiva, tristeza ou confus\u00e3o, compreenda essas emo\u00e7\u00f5es e aceite o que est\u00e1 sentindo. S\u00f3 assim voc\u00ea ser\u00e1 capaz de process\u00e1-las e lidar com elas.<\/span><\/p>\n\n\n\n<p><span style=\"font-weight: 400\">N\u00e3o adianta fingir que ser recusado para uma promo\u00e7\u00e3o, por exemplo, \u00e9 algo que n\u00e3o o afeta. Voc\u00ea pode apenas estar prolongando algo que \u00e9 normal de estar sentindo.<\/span><\/p>\n\n\n\n<h2 class=\"wp-block-heading\"><span style=\"font-weight: 400\">Converse sobre o que est\u00e1 sentindo<\/span><\/h2>\n\n\n\n<p><span style=\"font-weight: 400\">Quando voc\u00ea processar suas emo\u00e7\u00f5es, procure compreender o que merece ser vocalizado. Converse com o seu superior, por exemplo, sobre problemas que tem encontrado no ambiente de trabalho.<\/span><\/p>\n\n\n\n<p><span style=\"font-weight: 400\">Imagine um colega mais velho que n\u00e3o \u00e9 convidado para lanchar com a parte \u201cmais jovem\u201d da equipe. N\u00e3o \u00e9 um caso de discrimina\u00e7\u00e3o, mas as pessoas daquele grupo se sentem mais confort\u00e1veis entre si. <\/span><\/p>\n\n\n\n<p><span style=\"font-weight: 400\">Se a sua companhia tiver regras, como um manual, n\u00e3o deixe de l\u00ea-las. Em alguns casos, a rejei\u00e7\u00e3o pode ser t\u00e3o s\u00e9ria a ponto de precisar ser reportada. Em outros casos, a quest\u00e3o \u00e9 mais sutil e pode ser trabalhada entre a equipe.<\/span><\/p>\n\n\n\n<h2 class=\"wp-block-heading\"><span style=\"font-weight: 400\">Evite ser injusto<\/span><\/h2>\n\n\n\n<p><span style=\"font-weight: 400\">Se voc\u00ea perguntar para qualquer pessoa como lidar com a rejei\u00e7\u00e3o, ela com certeza jamais dir\u00e1 para voc\u00ea agir assim que as coisas acontecem. A\u00e7\u00f5es impulsivas podem resultar em injusti\u00e7as e afast\u00e1-lo ainda mais das pessoas.<\/span><\/p>\n\n\n\n<p><span style=\"font-weight: 400\">Na verdade, lembre-se sempre de que energias negativas precisam ficar longe de qualquer conversa. Procure sempre ter pensamentos positivos, mesmo quando voc\u00ea foi rejeitado para uma transfer\u00eancia que era muito importante para voc\u00ea.<\/span><\/p>\n\n\n\n<h2 class=\"wp-block-heading\"><span style=\"font-weight: 400\">Olhe para isso de uma forma diferente<\/span><\/h2>\n\n\n\n<p><span style=\"font-weight: 400\">Pessoas que sabem como lidar com a rejei\u00e7\u00e3o normalmente olham para as situa\u00e7\u00f5es de outros \u00e2ngulos, diferentes da maioria das pessoas.<\/span><\/p>\n\n\n\n<p><span style=\"font-weight: 400\">Aquelas que gostam de avan\u00e7ar os limites, por exemplo, veem a rejei\u00e7\u00e3o como uma prova de que est\u00e3o fazendo a coisa certa. Essas pessoas esperam que a rejei\u00e7\u00e3o aconte\u00e7a, pois, est\u00e3o arriscando coisas para conseguir outras maiores.<\/span><\/p>\n\n\n\n<p><span style=\"font-weight: 400\">Reflita se as ocasi\u00f5es em que se sentiu rejeitado n\u00e3o tiveram um qu\u00ea de riscos que precisam ser tomados.<\/span><\/p>\n\n\n\n<h2 class=\"wp-block-heading\"><span style=\"font-weight: 400\">Trate a si mesmo com compaix\u00e3o<\/span><\/h2>\n\n\n\n<p><span style=\"font-weight: 400\">N\u00e3o deixe que a rejei\u00e7\u00e3o acabe com a sua autoestima. Procure afastar aquele tipo de pensamento que nos derruba, acreditando que somos piores por estarmos passando por isso. <\/span><\/p>\n\n\n\n<p><span style=\"font-weight: 400\">Envie ao seu pr\u00f3prio c\u00e9rebro mensagens mais positivas, limpando seus pensamentos. Maltratar a si mesmo s\u00f3 piora as coisas e impede a busca por algo melhor.<\/span><\/p>\n\n\n\n<p><span style=\"font-weight: 400\">Al\u00e9m disso, o que est\u00e1 acontecendo agora n\u00e3o define quem voc\u00ea \u00e9. Pessoas que sabem como lidar com a rejei\u00e7\u00e3o sabem que aquilo n\u00e3o as define e que n\u00e3o receber aquela promo\u00e7\u00e3o n\u00e3o quer dizer exatamente que s\u00e3o incompetentes.<\/span><\/p>\n\n\n\n<h2 class=\"wp-block-heading\"><span style=\"font-weight: 400\">Aprenda com a rejei\u00e7\u00e3o<\/span><\/h2>\n\n\n\n<p><span style=\"font-weight: 400\">Assim como qualquer situa\u00e7\u00e3o na vida, existe sempre alguma coisa a ser aprendida. Ao inv\u00e9s de apenas tolerar a dor, encare como uma oportunidade para crescer, tanto como pessoa quanto como profissional.<\/span><\/p>\n\n\n\n<p><span style=\"font-weight: 400\">Pode ser aprender que voc\u00ea precisa melhorar suas habilidades de socializa\u00e7\u00e3o ou que ser recusado para algo n\u00e3o \u00e9 o fim do mundo. N\u00e3o se esque\u00e7a nunca de analisar os ensinamentos que vir\u00e3o do que est\u00e1 passando.<\/span><\/p>\n\n\n\n<h2 class=\"wp-block-heading\"><span style=\"font-weight: 400\">Se puder, pe\u00e7a feedback<\/span><\/h2>\n\n\n\n<p><span style=\"font-weight: 400\">Algumas vezes, temos dificuldade de compreender os ensinamentos que podem vir da rejei\u00e7\u00e3o. Se for o caso, procure pedir um feedback. Se for uma recusa para uma vaga de emprego ou promo\u00e7\u00e3o, por exemplo, \u00e9 perfeitamente aceit\u00e1vel perguntar por que n\u00e3o aconteceu.<\/span><\/p>\n\n\n\n<p><span style=\"font-weight: 400\">Novamente, saber como lidar com a rejei\u00e7\u00e3o inclui saber aprender com ela.<\/span><\/p>\n\n\n\n<h2 class=\"wp-block-heading\"><span style=\"font-weight: 400\">Como receber um feedback<\/span><\/h2>\n\n\n\n<p><span style=\"font-weight: 400\">Feedback sincero \u00e9 extremamente positivo para o seu crescimento pessoal e profissional. Voc\u00ea pode at\u00e9 mesmo encar\u00e1-lo como um presente. Por isso, fa\u00e7a a sua parte para que ele chegue at\u00e9 voc\u00ea. Veja algumas dicas:<\/span><\/p>\n\n\n\n<ul class=\"wp-block-list\"><li><span style=\"font-weight: 400\">Esteja aberto para <a href=\"https:\/\/www.linkedin.com\/pulse\/10-dicas-para-dar-receber-feedback-eficientemente-sengulane\" target=\"_blank\" rel=\"noreferrer noopener\" aria-label=\"receber feedbacks (opens in a new tab)\">receber feedbacks<\/a>. Deixe que as pessoas sintam-se confort\u00e1veis ao faz\u00ea-lo. <\/span><\/li><li><span style=\"font-weight: 400\">N\u00e3o assuma uma postura defensiva. N\u00e3o manifeste raiva e nem fique se justificando. Isso pode fazer com que a outra pessoa recue, por medo de ofend\u00ea-lo. <\/span><\/li><li><span style=\"font-weight: 400\">Preste aten\u00e7\u00e3o no que a pessoa est\u00e1 lhe falando e tente entender corretamente. Ou\u00e7a as palavras ditas e as n\u00e3o ditas tamb\u00e9m, ou seja, fique de olho na <a rel=\"noreferrer noopener\" aria-label=\" (opens in a new tab)\" href=\"https:\/\/blog.12min.com\/br\/linguagem-do-corpo\/\" target=\"_blank\">comunica\u00e7\u00e3o n\u00e3o verbal<\/a>. <\/span><\/li><li><span style=\"font-weight: 400\">Evite julgamentos e busque aprender mais sobre voc\u00ea com as opini\u00f5es dos outros.<\/span><\/li><li><span style=\"font-weight: 400\">Concentre-se no que est\u00e1 sendo dito, sem deixar que seus pensamentos fiquem \u201cviajando\u201d, tentando encontrar as melhores respostas para o que est\u00e1 sendo dito. \u00a0<\/span><\/li><li><span style=\"font-weight: 400\">Se tiver alguma d\u00favida, n\u00e3o se intimide. Pergunte! \u00c9 imprescind\u00edvel que voc\u00ea esteja certo sobre tudo o que foi dito. Voc\u00ea pode, inclusive, pedir exemplos.<\/span><\/li><li><span style=\"font-weight: 400\">Se voc\u00ea discorda do que est\u00e1 sendo dito a seu respeito e, realmente, quer se manifestar sobre isso, controle as suas emo\u00e7\u00f5es. Voc\u00ea pode, inclusive, falar sobre isso com ela depois, preparando-se com anteced\u00eancia.<\/span><\/li><li><span style=\"font-weight: 400\">Seja grato \u00e0 pessoa que lhe deu um feedback positivo.\u00a0<\/span><\/li><\/ul>\n\n\n\n<p><span style=\"font-weight: 400\">Lembre-se que voc\u00ea n\u00e3o precisa seguir a risca tudo o que lhe for dito. Voc\u00ea deve refletir sobre o que fazer com as informa\u00e7\u00f5es que recebeu. Tenha em mente, tamb\u00e9m, que o que uma pessoa pensa sobre voc\u00ea n\u00e3o \u00e9 necessariamente a opini\u00e3o geral a equipe.<\/span><\/p>\n\n\n\n<h2 class=\"wp-block-heading\"><span style=\"font-weight: 400\">Lendo sobre como lidar com a rejei\u00e7\u00e3o<\/span><\/h2>\n\n\n\n<p><span style=\"font-weight: 400\">Selecionamos alguns livros da plataforma do 12\u2019 que podem ajud\u00e1-lo a se tornar uma pessoa que sabe como lidar com a rejei\u00e7\u00e3o. S\u00e3o obras que passam experi\u00eancias de outras pessoas para frente e ajudam os leitores a ganhar autoconfian\u00e7a.<\/span><br><span style=\"font-weight: 400\">Confira:<\/span><br><\/p>\n\n\n\n<h3 class=\"wp-block-heading\"><span style=\"font-weight: 400\"><a rel=\"noreferrer noopener\" aria-label=\" (opens in a new tab)\" href=\"https:\/\/app.adjust.com\/7mvfth8?deeplink=twelvemin:\/\/book\/davi-e-golias\/&amp;fallback=https:\/\/12min.com\/br\/davi-e-golias?utm_source=blog12min&amp;utm_medium=blog&amp;utm_content=post&amp;utm_campaign=routine&amp;redirect_windows=https:\/\/12min.com\/br\/davi-e-golias?utm_source=blog12min&amp;utm_medium=blog&amp;utm_content=post&amp;utm_campaign=routine&amp;redirect_macos=https:\/\/12min.com\/br\/davi-e-golias?utm_source=blog12min&amp;utm_medium=blog&amp;utm_content=post&amp;utm_campaign=routine\" target=\"_blank\">Davi e Golias<\/a> &#8211; Malcolm Gladwell<\/span><\/h3>\n\n\n\n<figure class=\"wp-block-image\"><img decoding=\"async\" src=\"https:\/\/blog.12min.com\/br\/wp-content\/uploads\/sites\/3\/2018\/01\/Davi_e_Golias_12-minutos-200x300.jpg\" alt=\"como lidar com rejei\u00c3\u00a7\u00c3\u00a3o\" \/><\/figure>\n\n\n\n<p><span style=\"font-weight: 400\">Malcolm tem muito a ensinar sobre crescimento pessoal e profissional. <\/span><a href=\"http:\/\/blog.12min.com\/br\/potencial-maximo-malcolm-gladwell\/\" target=\"_blank\" rel=\"noopener noreferrer\"><span style=\"font-weight: 400\">N\u00f3s j\u00e1 falamos por aqui sobre como alcan\u00e7ar o m\u00e1ximo potencial com as obras dele, n\u00e3o deixe de ler<\/span><\/a><span style=\"font-weight: 400\">!<\/span><\/p>\n\n\n\n<p><span style=\"font-weight: 400\">Nesse livro, ele utiliza a hist\u00f3ria b\u00edblica de Davi e Golias para falar sobre as batalhas entre os mais fortes e os mais fracos. Para ele, Davi ter vencido era improv\u00e1vel mas situa\u00e7\u00f5es assim acontecem mais do que voc\u00ea imagina.<\/span><\/p>\n\n\n\n<p><span style=\"font-weight: 400\">Se voc\u00ea est\u00e1 se sentindo fraco em rela\u00e7\u00e3o \u00e0 sua rejei\u00e7\u00e3o, n\u00e3o deixe de ler. Voc\u00ea ver\u00e1 como pessoas normais enfrentam gigantes e vencem com muita frequ\u00eancia.<\/span><\/p>\n\n\n\n<h3 class=\"wp-block-heading\"><a href=\"https:\/\/app.adjust.com\/7mvfth8?deeplink=twelvemin:\/\/book\/nunca-almoce-sozinho\/&amp;fallback=https:\/\/12min.com\/br\/nunca-almoce-sozinho?utm_source=blog12min&amp;utm_medium=blog&amp;utm_content=post&amp;utm_campaign=routine&amp;redirect_windows=https:\/\/12min.com\/br\/nunca-almoce-sozinho?utm_source=blog12min&amp;utm_medium=blog&amp;utm_content=post&amp;utm_campaign=routine&amp;redirect_macos=https:\/\/12min.com\/br\/nunca-almoce-sozinho?utm_source=blog12min&amp;utm_medium=blog&amp;utm_content=post&amp;utm_campaign=routine\" target=\"_blank\" rel=\"noopener noreferrer\"><span style=\"font-weight: 400\">Nunca Almoce Sozinho<\/span><\/a><span style=\"font-weight: 400\"> &#8211; Keith Ferrazzi<\/span><\/h3>\n\n\n\n<p><a class=\"12min-widget\" href=\"https:\/\/12min.com\/br\/nunca-almoce-sozinho\">Nunca Almoce Sozinho<\/a><br><span style=\"font-weight: 400\">Em alguns casos, a rejei\u00e7\u00e3o pode estar acontecendo por uma falta de estrat\u00e9gia de networking. Aqui, Keith explica o que as pessoas que s\u00e3o bem sucedidas fazem para manter muitas (e importantes) pessoas ao redor.<\/span><\/p>\n\n\n\n<p><span style=\"font-weight: 400\">S\u00e3o t\u00e9cnicas mentais que nos ajudam a conectar melhor com colegas, amigos e familiares. Isso n\u00e3o apenas para crescer na carreira, como tamb\u00e9m para sermos mais felizes. Afinal, muito do que sentimos tem rela\u00e7\u00e3o com as pessoas que nos cercam.<\/span><\/p>\n\n\n\n<h3 class=\"wp-block-heading\"><a rel=\"noopener noreferrer\" href=\"https:\/\/app.adjust.com\/7mvfth8?deeplink=twelvemin:\/\/book\/poder-sem-limites\/&amp;fallback=https:\/\/12min.com\/br\/poder-sem-limites?utm_source=blog12min&amp;utm_medium=blog&amp;utm_content=post&amp;utm_campaign=routine&amp;redirect_windows=https:\/\/12min.com\/br\/poder-sem-limites?utm_source=blog12min&amp;utm_medium=blog&amp;utm_content=post&amp;utm_campaign=routine&amp;redirect_macos=https:\/\/12min.com\/br\/poder-sem-limites?utm_source=blog12min&amp;utm_medium=blog&amp;utm_content=post&amp;utm_campaign=routine\" target=\"_blank\"><span style=\"font-weight: 400\">Poder Sem Limites<\/span><\/a><span style=\"font-weight: 400\"> &#8211; Anthony Robbins<\/span><\/h3>\n\n\n\n<figure class=\"wp-block-image\"><img decoding=\"async\" src=\"https:\/\/blog.12min.com\/br\/wp-content\/uploads\/sites\/3\/2018\/01\/poder-sem-limites-12-minutos-199x300.jpg\" alt=\"sentimento de rejei\u00c3\u00a7\u00c3\u00a3o\" \/><\/figure>\n\n\n\n<p><span style=\"font-weight: 400\">Este livro \u00e9 para motivar. Anthony acredita que temos muito poder em nossas mentes e ele pode nos ajudar a alcan\u00e7ar tudo o que quisermos.<\/span><br><span style=\"font-weight: 400\">Aprenda um passo a passo para alcan\u00e7ar a sua performance m\u00e1xima &#8211; seja para se relacionar da melhor forma, alcan\u00e7ar aquela promo\u00e7\u00e3o ou dar qualquer pr\u00f3ximo passo na sua carreira. <\/span><\/p>\n\n\n\n<p><span style=\"font-weight: 400\">Um dos cap\u00edtulos fala sobre o poder da linguagem e como n\u00f3s podemos perceber a forma como os outros utilizam e como n\u00f3s mesmos podemos utiliz\u00e1-lo. \u00c9 quase um guia para alcan\u00e7ar o sucesso por meio de t\u00e9cnicas e modelos de pensamento.<\/span><\/p>\n\n\n\n<h2 class=\"wp-block-heading\"><span style=\"font-weight: 400\">Leia mais no 12min<\/span><\/h2>\n\n\n\n<p><span style=\"font-weight: 400\">Voc\u00ea pode encontrar outros t\u00edtulos para aprender como lidar com a rejei\u00e7\u00e3o no <a href=\"https:\/\/app.adjust.com\/7mvfth8?deeplink=twelvemin:\/\/discovery\/&amp;fallback=https:\/\/12min.com\/br\/?utm_source=blog12min&amp;utm_medium=blog&amp;utm_content=post&amp;utm_campaign=routine&amp;redirect_windows=https:\/\/12min.com\/br\/?utm_source=blog12min&amp;utm_medium=blog&amp;utm_content=post&amp;utm_campaign=routine&amp;redirect_macos=https:\/\/12min.com\/br\/?utm_source=blog12min&amp;utm_medium=blog&amp;utm_content=post&amp;utm_campaign=routine\" target=\"_blank\" rel=\"noreferrer noopener\" aria-label=\" (opens in a new tab)\">app 12min<\/a>. Recomendamos uma visita \u00e0s categorias de Psicologia e Motiva\u00e7\u00e3o.<\/span><\/p>\n\n\n\n<p><span style=\"font-weight: 400\">Voc\u00ea ainda pode acessar pelo celular, utilizando os aplicativos para Android ou iOS.<\/span><\/p>\n\n\n\n<p><span style=\"font-weight: 400\">Boa sorte na sua caminhada para o sucesso!<\/span><\/p>\n\n\n\n<p><\/p>\n","protected":false},"excerpt":{"rendered":"<p>5 min de leitura \u231a&nbsp; Voc\u00ea j\u00e1 foi rejeitado alguma vez na vida? Se sim, fique tranquilo: todos n\u00f3s j\u00e1 passamos por isso alguma vez. Em grau menor ou maior, essa \u00e9 uma das partes da vida imposs\u00edveis de ignorar. Mas como lidar com a rejei\u00e7\u00e3o? Algumas pessoas sabem digerir bem o sentimento e utiliz\u00e1-lo [&hellip;]<\/p>\n","protected":false},"author":48,"featured_media":1495,"comment_status":"closed","ping_status":"closed","sticky":false,"template":"","format":"standard","meta":{"_exactmetrics_skip_tracking":false,"_exactmetrics_sitenote_active":false,"_exactmetrics_sitenote_note":"","_exactmetrics_sitenote_category":0,"footnotes":""},"categories":[5],"tags":[194,137,132],"class_list":["post-1491","post","type-post","status-publish","format-standard","has-post-thumbnail","hentry","category-motivacao","tag-ambiente-de-trabalho","tag-carreira","tag-mercado-de-trabalho","wpbf-post"],"yoast_head":"<!-- This site is optimized with the Yoast SEO plugin v26.4 - https:\/\/yoast.com\/wordpress\/plugins\/seo\/ -->\n<title>Como lidar com a rejei\u00e7\u00e3o no ambiente de trabalho - Blog do 12min<\/title>\n<meta name=\"description\" content=\"Voc\u00ea tem passado por situa\u00e7\u00f5es dif\u00edceis e precisa saber como lidar com a rejei\u00e7\u00e3o no trabalho? Este \u00e9 o texto certo para voc\u00ea!\" \/>\n<meta name=\"robots\" content=\"index, follow, max-snippet:-1, max-image-preview:large, max-video-preview:-1\" \/>\n<link rel=\"canonical\" href=\"https:\/\/blog.12min.com\/br\/como-lidar-com-a-rejeicao\/\" \/>\n<meta property=\"og:locale\" content=\"en_US\" \/>\n<meta property=\"og:type\" content=\"article\" \/>\n<meta property=\"og:title\" content=\"Como lidar com a rejei\u00e7\u00e3o no ambiente de trabalho - Blog do 12min\" \/>\n<meta property=\"og:description\" content=\"Voc\u00ea tem passado por situa\u00e7\u00f5es dif\u00edceis e precisa saber como lidar com a rejei\u00e7\u00e3o no trabalho? Este \u00e9 o texto certo para voc\u00ea!\" \/>\n<meta property=\"og:url\" content=\"https:\/\/blog.12min.com\/br\/como-lidar-com-a-rejeicao\/\" \/>\n<meta property=\"og:site_name\" content=\"Blog do 12min\" \/>\n<meta property=\"article:published_time\" content=\"2018-10-04T18:55:50+00:00\" \/>\n<meta property=\"article:modified_time\" content=\"2019-04-10T14:14:13+00:00\" \/>\n<meta property=\"og:image\" content=\"https:\/\/blog.12min.com\/br\/wp-content\/uploads\/sites\/3\/2018\/01\/como-lidar-com-a-rejei\u00e7\u00e3o-12-minutos.jpg\" \/>\n\t<meta property=\"og:image:width\" content=\"1000\" \/>\n\t<meta property=\"og:image:height\" content=\"664\" \/>\n\t<meta property=\"og:image:type\" content=\"image\/jpeg\" \/>\n<meta name=\"author\" content=\"Emir Zecovic\" \/>\n<meta name=\"twitter:card\" content=\"summary_large_image\" \/>\n<meta name=\"twitter:label1\" content=\"Written by\" \/>\n\t<meta name=\"twitter:data1\" content=\"Emir Zecovic\" \/>\n\t<meta name=\"twitter:label2\" content=\"Est. reading time\" \/>\n\t<meta name=\"twitter:data2\" content=\"7 minutes\" \/>\n<!-- \/ Yoast SEO plugin. -->","yoast_head_json":{"title":"Como lidar com a rejei\u00e7\u00e3o no ambiente de trabalho - Blog do 12min","description":"Voc\u00ea tem passado por situa\u00e7\u00f5es dif\u00edceis e precisa saber como lidar com a rejei\u00e7\u00e3o no trabalho? Este \u00e9 o texto certo para voc\u00ea!","robots":{"index":"index","follow":"follow","max-snippet":"max-snippet:-1","max-image-preview":"max-image-preview:large","max-video-preview":"max-video-preview:-1"},"canonical":"https:\/\/blog.12min.com\/br\/como-lidar-com-a-rejeicao\/","og_locale":"en_US","og_type":"article","og_title":"Como lidar com a rejei\u00e7\u00e3o no ambiente de trabalho - Blog do 12min","og_description":"Voc\u00ea tem passado por situa\u00e7\u00f5es dif\u00edceis e precisa saber como lidar com a rejei\u00e7\u00e3o no trabalho? Este \u00e9 o texto certo para voc\u00ea!","og_url":"https:\/\/blog.12min.com\/br\/como-lidar-com-a-rejeicao\/","og_site_name":"Blog do 12min","article_published_time":"2018-10-04T18:55:50+00:00","article_modified_time":"2019-04-10T14:14:13+00:00","og_image":[{"width":1000,"height":664,"url":"https:\/\/blog.12min.com\/br\/wp-content\/uploads\/sites\/3\/2018\/01\/como-lidar-com-a-rejei\u00e7\u00e3o-12-minutos.jpg","type":"image\/jpeg"}],"author":"Emir Zecovic","twitter_card":"summary_large_image","twitter_misc":{"Written by":"Emir Zecovic","Est. reading time":"7 minutes"},"schema":{"@context":"https:\/\/schema.org","@graph":[{"@type":"WebPage","@id":"https:\/\/blog.12min.com\/br\/como-lidar-com-a-rejeicao\/","url":"https:\/\/blog.12min.com\/br\/como-lidar-com-a-rejeicao\/","name":"Como lidar com a rejei\u00e7\u00e3o no ambiente de trabalho - Blog do 12min","isPartOf":{"@id":"https:\/\/blog.12min.com\/br\/#website"},"primaryImageOfPage":{"@id":"https:\/\/blog.12min.com\/br\/como-lidar-com-a-rejeicao\/#primaryimage"},"image":{"@id":"https:\/\/blog.12min.com\/br\/como-lidar-com-a-rejeicao\/#primaryimage"},"thumbnailUrl":"https:\/\/blog.12min.com\/br\/wp-content\/uploads\/sites\/3\/2018\/01\/como-lidar-com-a-rejei\u00e7\u00e3o-12-minutos.jpg","datePublished":"2018-10-04T18:55:50+00:00","dateModified":"2019-04-10T14:14:13+00:00","author":{"@id":"https:\/\/blog.12min.com\/br\/#\/schema\/person\/ccaf1a7ac6cac4265aa3afb02ae667f4"},"description":"Voc\u00ea tem passado por situa\u00e7\u00f5es dif\u00edceis e precisa saber como lidar com a rejei\u00e7\u00e3o no trabalho? Este \u00e9 o texto certo para voc\u00ea!","breadcrumb":{"@id":"https:\/\/blog.12min.com\/br\/como-lidar-com-a-rejeicao\/#breadcrumb"},"inLanguage":"en-US","potentialAction":[{"@type":"ReadAction","target":["https:\/\/blog.12min.com\/br\/como-lidar-com-a-rejeicao\/"]}]},{"@type":"ImageObject","inLanguage":"en-US","@id":"https:\/\/blog.12min.com\/br\/como-lidar-com-a-rejeicao\/#primaryimage","url":"https:\/\/blog.12min.com\/br\/wp-content\/uploads\/sites\/3\/2018\/01\/como-lidar-com-a-rejei\u00e7\u00e3o-12-minutos.jpg","contentUrl":"https:\/\/blog.12min.com\/br\/wp-content\/uploads\/sites\/3\/2018\/01\/como-lidar-com-a-rejei\u00e7\u00e3o-12-minutos.jpg","width":1000,"height":664,"caption":"como lidar com a rejei\u00e7\u00e3o"},{"@type":"BreadcrumbList","@id":"https:\/\/blog.12min.com\/br\/como-lidar-com-a-rejeicao\/#breadcrumb","itemListElement":[{"@type":"ListItem","position":1,"name":"In\u00edcio","item":"https:\/\/blog.12min.com\/br\/"},{"@type":"ListItem","position":2,"name":"Como lidar com a rejei\u00e7\u00e3o no ambiente de trabalho"}]},{"@type":"WebSite","@id":"https:\/\/blog.12min.com\/br\/#website","url":"https:\/\/blog.12min.com\/br\/","name":"Blog do 12min","description":"Livros, Audiobooks e Resumos","potentialAction":[{"@type":"SearchAction","target":{"@type":"EntryPoint","urlTemplate":"https:\/\/blog.12min.com\/br\/?s={search_term_string}"},"query-input":{"@type":"PropertyValueSpecification","valueRequired":true,"valueName":"search_term_string"}}],"inLanguage":"en-US"},{"@type":"Person","@id":"https:\/\/blog.12min.com\/br\/#\/schema\/person\/ccaf1a7ac6cac4265aa3afb02ae667f4","name":"Emir Zecovic","description":"Emir is the Head of Marketing\u00a0at 12min. In his spare time, he loves to meditate and play soccer.","url":"https:\/\/blog.12min.com\/br\/author\/emir\/"}]}},"amp_enabled":true,"_links":{"self":[{"href":"https:\/\/blog.12min.com\/br\/wp-json\/wp\/v2\/posts\/1491","targetHints":{"allow":["GET"]}}],"collection":[{"href":"https:\/\/blog.12min.com\/br\/wp-json\/wp\/v2\/posts"}],"about":[{"href":"https:\/\/blog.12min.com\/br\/wp-json\/wp\/v2\/types\/post"}],"author":[{"embeddable":true,"href":"https:\/\/blog.12min.com\/br\/wp-json\/wp\/v2\/users\/48"}],"replies":[{"embeddable":true,"href":"https:\/\/blog.12min.com\/br\/wp-json\/wp\/v2\/comments?post=1491"}],"version-history":[{"count":7,"href":"https:\/\/blog.12min.com\/br\/wp-json\/wp\/v2\/posts\/1491\/revisions"}],"predecessor-version":[{"id":7119,"href":"https:\/\/blog.12min.com\/br\/wp-json\/wp\/v2\/posts\/1491\/revisions\/7119"}],"wp:featuredmedia":[{"embeddable":true,"href":"https:\/\/blog.12min.com\/br\/wp-json\/wp\/v2\/media\/1495"}],"wp:attachment":[{"href":"https:\/\/blog.12min.com\/br\/wp-json\/wp\/v2\/media?parent=1491"}],"wp:term":[{"taxonomy":"category","embeddable":true,"href":"https:\/\/blog.12min.com\/br\/wp-json\/wp\/v2\/categories?post=1491"},{"taxonomy":"post_tag","embeddable":true,"href":"https:\/\/blog.12min.com\/br\/wp-json\/wp\/v2\/tags?post=1491"}],"curies":[{"name":"wp","href":"https:\/\/api.w.org\/{rel}","templated":true}]}}