{"id":1500,"date":"2017-05-01T10:29:48","date_gmt":"2017-05-01T10:29:48","guid":{"rendered":"http:\/\/blog.12min.com.br\/?p=1500"},"modified":"2019-04-22T21:57:27","modified_gmt":"2019-04-23T00:57:27","slug":"resumo-do-livro-o-monge-eo-executivo","status":"publish","type":"post","link":"https:\/\/blog.12min.com\/br\/resumo-do-livro-o-monge-eo-executivo\/","title":{"rendered":"O Monge e o Executivo: Li\u00e7\u00f5es chaves do livro!"},"content":{"rendered":"<p class=\"wpwc-reading-time\">12 min de leitura \u231a&nbsp;<\/p><div class=\"pdfprnt-buttons pdfprnt-buttons-post pdfprnt-top-right\"><a href=\"https:\/\/blog.12min.com\/br\/wp-json\/wp\/v2\/posts\/1500?print=pdf\" class=\"pdfprnt-button pdfprnt-button-pdf\" target=\"_blank\"><\/a><a href=\"https:\/\/blog.12min.com\/br\/wp-json\/wp\/v2\/posts\/1500?print=print\" class=\"pdfprnt-button pdfprnt-button-print\" target=\"_blank\"><\/a><\/div>\n<p><em>Em busca de um resumo do livro o Monge e o Executivo? Chegou ao lugar certo! Confira abaixo o resumo completo do livro, <a href=\"https:\/\/app.adjust.com\/7mvfth8?deeplink=twelvemin:\/\/discovery&amp;redirect_windows=https:\/\/12min.com\/br&amp;redirect_macos=https:\/\/12min.com\/br\">direto do nosso app, o 12min<\/a>! Se voc\u00ea curtir o resumo ou mesmo preferir ouvir em formato <strong>audiobook<\/strong> ao inv\u00e9s de ler o post todo, <a href=\"https:\/\/app.adjust.com\/7mvfth8?deeplink=twelvemin:\/\/discovery&amp;redirect_windows=https:\/\/12min.com\/br&amp;redirect_macos=https:\/\/12min.com\/br\">baixe aqui o APP<\/a> e ou\u00e7a gratuitamente. Ao se cadastrar voc\u00ea ganha 3 dias gr\u00e1tis de acesso ilimitado!&nbsp;<\/em><\/p>\n\n\n\n<figure class=\"wp-block-image\"><img loading=\"lazy\" decoding=\"async\" width=\"202\" height=\"300\" src=\"https:\/\/blog.12min.com\/br\/wp-content\/uploads\/sites\/3\/2017\/05\/O-Monge-e-o-Executivo-202x300.jpeg\" alt=\"O Monge e o Executivo\" class=\"wp-image-7391\" srcset=\"https:\/\/blog.12min.com\/br\/wp-content\/uploads\/sites\/3\/2017\/05\/O-Monge-e-o-Executivo-202x300.jpeg 202w, https:\/\/blog.12min.com\/br\/wp-content\/uploads\/sites\/3\/2017\/05\/O-Monge-e-o-Executivo.jpeg 430w\" sizes=\"auto, (max-width: 202px) 100vw, 202px\" \/><\/figure>\n\n\n\n<p>Qual \u00e9 o seu conceito de l\u00edder? O que \u00e9 ser um bom l\u00edder? A\u00e7\u00f5es e resultados a longo prazo est\u00e3o intrinsecamente ligados. O que voc\u00ea faz diante das dificuldades reflete que tipo de lideran\u00e7a voc\u00ea segue.<\/p>\n\n\n\n<p>James C. Hunter o convida para adentrar em um mundo repleto de escolhas. Por meio de questionamentos, autoan\u00e1lise e da possibilidade de enxergar com outros olhos, conceitos de bondade, generosidade, <a href=\"https:\/\/pt.wikihow.com\/Ser-Humilde\" target=\"_blank\" rel=\"noreferrer noopener\" aria-label=\" (opens in a new tab)\">humildade<\/a> v\u00e3o sendo tecidos em meio aos trof\u00e9us da lideran\u00e7a.<\/p>\n\n\n\n<p>Que tipo de mensagem voc\u00ea passa aos seus subordinados? As respostas s\u00e3o encontradas aos poucos, exigindo paci\u00eancia, aten\u00e7\u00e3o e vontade. Elas s\u00e3o encontradas em um monge, ao lado de um executivo, diante de um militar, perto de uma enfermeira e de bra\u00e7os dados a uma treinadora.<br><\/p>\n\n\n\n<p>Prontos para entender sobre uma lideran\u00e7a um pouco diferente? Ent\u00e3o leia com um olhar bondoso o que James Hunter nos presenteou.<\/p>\n\n\n\n<h2 class=\"wp-block-heading\">Sobre o Autor: James Hunter<\/h2>\n\n\n\n<p>Hunter \u00e9 consultor-chefe da J. D. Associados, uma empresa de consultoria de rela\u00e7\u00f5es de trabalho e treinamento. Com mais de 20 anos de experi\u00eancia, Hunter \u00e9 muito solicitado como instrutor e palestrante, principalmente nas \u00e1reas de lideran\u00e7a funcional e organiza\u00e7\u00e3o de grupos comunit\u00e1rios.<\/p>\n\n\n\n<p>Atualmente, ele mora em Michigan com a esposa e a filha. Chefe da J.D. Hunter Associados, uma empresa de consultoria de rela\u00e7\u00f5es de trabalho e treinamento. Com os seus ensinamentos, tem criado uma nova cultura do que \u00e9 verdadeiramente lideran\u00e7a. Com mais de 20 anos de experi\u00eancia,<\/p>\n\n\n\n<p>Hunter \u00e9 muito solicitado como palestrante, na \u00e1rea de lideran\u00e7a. Seus clientes incluem algumas das mais admiradas empresas do mundo, como Nestl\u00e9, American Express, Procter&amp;Gamble, entre outros.<\/p>\n\n\n\n<h2 class=\"wp-block-heading\">Como tudo come\u00e7ou<\/h2>\n\n\n\n<p>_ Eu estava em um cemit\u00e9rio, correndo de algu\u00e9m ou algo \u2013 n\u00e3o sei bem \u2013 que pretendia me fazer algum mal. Correndo sem olhar para tr\u00e1s, deparei-me com um homem, vestido de branco, que me segurou pelos ombros e falou, olhando nos meus olhos: ache Sime\u00e3o e ou\u00e7a-o.<\/p>\n\n\n\n<p>Foi esse sonho que acompanhou John durante muitos anos. E essa foi apenas uma das coincid\u00eancias envolvendo o personagem b\u00edblico. Sem dar muita import\u00e2ncia para as in\u00fameras vezes em que o nome, ou seus versos foram proclamados a ele, John continuou sua vida, trabalhando como um bem-sucedido gerente de uma grande f\u00e1brica.<\/p>\n\n\n\n<p>N\u00e3o lhe faltava nada. Era casado, com dois filhos e com um emprego mais do que satisfat\u00f3rio que proporcionava para ele e sua fam\u00edlia uma bela casa e duas f\u00e9rias por ano. Tudo parecia perfeito, at\u00e9 os pilares fam\u00edlia \u2013 trabalho \u2013 individualidade come\u00e7arem a ruir.<\/p>\n\n\n\n<p>Seus filhos passaram a ficar distantes e ter comportamentos que desagradaram tanto John quanto sua esposa Rachel. Al\u00e9m disso, sua forma de liderar come\u00e7ou a ser questionada e o c\u00edrculo ficou completo quando Rachel lhe disse que n\u00e3o estava mais satisfeita com o casamento e sugeriu ao marido uma conversa com o pastor da igreja que frequentavam.<\/p>\n\n\n\n<p>Sem muitas op\u00e7\u00f5es e com medo de afastar-se ainda mais da mulher e dos filhos, John seguiu \u2013 a contragosto \u2013 os conselhos da esposa. Foi quando soube de um retiro espiritual. Durante uma semana ficaria em um mosteiro, seguindo a programa\u00e7\u00e3o na tentativa de se reconectar. Aceitou ao ouvir o nome de Len Hoffman, um ex-executivo bastante conhecido que largou tudo para se juntar ao pequeno grupo que liderava o local.<\/p>\n\n\n\n<h2 class=\"wp-block-heading\">Primeiro dia no retiro<\/h2>\n\n\n\n<p>Ainda c\u00e9tico, John chegou ao local indicado, onde ficaria durante 7 dias. Foi recebido pelo padre Peter, que o informou sobre a programa\u00e7\u00e3o, seus hor\u00e1rios e o conduziu at\u00e9 o quarto que compartilharia com mais uma pessoa.<\/p>\n\n\n\n<p>Antes de se estabelecer, perguntou ao padre sobre Len Hoffman e soube que ele ministraria os cursos e que ele poderia conversar com John. Por\u00e9m, naquele ambiente, Len passou a ser chamado Irm\u00e3o Sime\u00e3o.<br><\/p>\n\n\n\n<p>Mais uma vez o nome Sime\u00e3o se apresentava para John. A coincid\u00eancia o perturbou e as palavras \u201cache Sime\u00e3o e ou\u00e7a-o\u201d vieram em sua mente inquieta carregada por um corpo cansado.<\/p>\n\n\n\n<h2 class=\"wp-block-heading\">Len Hoffman &#8211; ou Irm\u00e3o Sime\u00e3o<\/h2>\n\n\n\n<p>Entre a missa da manh\u00e3, iniciada \u00e0s 5h30, e o caf\u00e9 \u2013 servido \u00e0s 7h30 &#8211; John foi at\u00e9 seu quarto em busca de um agasalho. Ao ouvir um barulho vindo do banheiro, cumprimentou seu colega de quarto, por\u00e9m quem estava l\u00e1 era um senhor, alto, de olhos extremamente bondosos.<\/p>\n\n\n\n<p>Len Hoffman estava consertando a privada de seu quarto quando se deparou com John que, ao ver seu rosto bondoso foi despejando seus problemas e sua imensa vontade em conversar com o Irm\u00e3o Sime\u00e3o sempre que poss\u00edvel.<\/p>\n\n\n\n<p>Diante dessa s\u00faplica, ficou acertado que eles se encontrariam \u00e0s 5 horas, antes da primeira missa do dia.<\/p>\n\n\n\n<h2 class=\"wp-block-heading\">Uma aula sobre lideran\u00e7a<\/h2>\n\n\n\n<figure class=\"wp-block-image\"><img loading=\"lazy\" decoding=\"async\" width=\"1000\" height=\"667\" src=\"https:\/\/blog.12min.com\/br\/wp-content\/uploads\/sites\/3\/2017\/05\/2.jpg\" alt=\"O Monge e o Executivo\" class=\"wp-image-7395\" srcset=\"https:\/\/blog.12min.com\/br\/wp-content\/uploads\/sites\/3\/2017\/05\/2.jpg 1000w, https:\/\/blog.12min.com\/br\/wp-content\/uploads\/sites\/3\/2017\/05\/2-300x200.jpg 300w, https:\/\/blog.12min.com\/br\/wp-content\/uploads\/sites\/3\/2017\/05\/2-768x512.jpg 768w\" sizes=\"auto, (max-width: 1000px) 100vw, 1000px\" \/><\/figure>\n\n\n\n<p>_ Eu estava pensando sobre o que iria falar quando chegou a minha vez de me apresentar aos colegas. Antes que pudesse colocar em pr\u00e1tica o que minha mente j\u00e1 havia organizando, Len pediu-me para resumir o que a colega havia acabado de falar.<\/p>\n\n\n\n<p>Meu choque n\u00e3o foi nada comparado \u00e0 \u00a0vergonha que senti ao dizer que n\u00e3o havia prestado aten\u00e7\u00e3o. Naquele momento, Len disse: ser um bom l\u00edder significa <a href=\"https:\/\/www.catho.com.br\/carreira-sucesso\/colunistas\/reinaldo-passadori\/o-lider-precisa-ouvir-ou-escutar\/\" target=\"_blank\" rel=\"noreferrer noopener\" aria-label=\"saber escutar (opens in a new tab)\">saber escutar<\/a>. E agora era eu que questionava minhas certezas.<\/p>\n\n\n\n<p>As aulas eram ministradas pelo pr\u00f3prio Irm\u00e3o Sime\u00e3o e, com um grupo de 6 pessoas \u2013 John, kim (enfermeira), Greg (sargento do ex\u00e9rcito), Lee (pregador), Teresa (diretora de escola p\u00fablica) e Chris (treinadora) &#8211; &nbsp;iniciou-se uma conversa cheia de sabedorias sobre lideran\u00e7a. Liderar e n\u00e3o gerenciar. Isso porque, segundo o docente ali presente, \u00e9 poss\u00edvel gerenciar tal\u00e3o de cheque, invent\u00e1rio, recursos, mas n\u00e3o pessoas. Pessoas s\u00e3o lideradas.<\/p>\n\n\n\n<h2 class=\"wp-block-heading\">Poder x Autoridade &#8211; Ensinamentos de uma aula<\/h2>\n\n\n\n<p>Engana-se quem entende poder e autoridade como sin\u00f4nimos. Enquanto o primeiro \u00e9 definido como uma faculdade, a segunda \u00e9 uma habilidade. O poder faz com que pessoas ajam apenas por estar sendo mandadas. J\u00e1 a lideran\u00e7a faz com que pessoas ajam porque querem agir \u2013 porque tal pessoa pediu, por exemplo.<\/p>\n\n\n\n<p>H\u00e1 uma diferen\u00e7a abrupta entre os dois conceitos que marcam l\u00edderes admirados e respeitados. N\u00e3o s\u00f3 l\u00edderes, pode-se dizer, j\u00e1 que \u00e9 comum vermos crian\u00e7as pequenas mandando em seus pais e eles obedecem pela influ\u00eancia que os filhos exercem e n\u00e3o por temer alguma puni\u00e7\u00e3o.<\/p>\n\n\n\n<p>A autoridade, ao contr\u00e1rio do poder, n\u00e3o pode ser vendida ou tomada. N\u00e3o \u00e9 preciso ocupar uma posi\u00e7\u00e3o de poder para ter autoridade. Nos casos de l\u00edderes, que ocupam tal posi\u00e7\u00e3o, influenciar as pessoas por seu car\u00e1ter torna-se mais ben\u00e9fico para o grupo liderado do que exercer poder que corr\u00f3i os relacionamentos \u2013 sejam eles familiares ou profissionais.<\/p>\n\n\n\n<p>As palavras de Sime\u00e3o acertaram em cheio John, que lembrou do distanciamento dos filhos e dos problemas sindicalistas na f\u00e1brica em que trabalhava.<\/p>\n\n\n\n<p>Em resumo, lideran\u00e7a \u00e9 executar tarefas enquanto se constroem relacionamentos.<\/p>\n\n\n\n<h2 class=\"wp-block-heading\">A chave para um bom relacionamento<\/h2>\n\n\n\n<figure class=\"wp-block-image\"><img loading=\"lazy\" decoding=\"async\" width=\"1000\" height=\"574\" src=\"https:\/\/blog.12min.com\/br\/wp-content\/uploads\/sites\/3\/2017\/05\/6.jpg\" alt=\"O Monge e o Executivo\" class=\"wp-image-7399\" srcset=\"https:\/\/blog.12min.com\/br\/wp-content\/uploads\/sites\/3\/2017\/05\/6.jpg 1000w, https:\/\/blog.12min.com\/br\/wp-content\/uploads\/sites\/3\/2017\/05\/6-300x172.jpg 300w, https:\/\/blog.12min.com\/br\/wp-content\/uploads\/sites\/3\/2017\/05\/6-768x441.jpg 768w\" sizes=\"auto, (max-width: 1000px) 100vw, 1000px\" \/><\/figure>\n\n\n\n<p>Construir um relacionamento satisfat\u00f3rio para todos os envolvidos requer tempo e paci\u00eancia para criar confian\u00e7a. Ela \u00e9 o principal ingrediente na constru\u00e7\u00e3o de <a href=\"https:\/\/blog.12min.com\/br\/como-ser-mais-comunicativo-no-trabalho\/\" target=\"_blank\" rel=\"noreferrer noopener\" aria-label=\"relacionamentos saud\u00e1veis. (opens in a new tab)\">relacionamentos saud\u00e1veis.<\/a><\/p>\n\n\n\n<p>Seja em um casamento, na rela\u00e7\u00e3o entre pais e filhos, amigos e patr\u00e3o e empregado, a confian\u00e7a \u00e9 a chave essencial para n\u00e3o s\u00f3 construir relacionamentos, mas exercer autoridade.<\/p>\n\n\n\n<h2 class=\"wp-block-heading\">Repensando paradigmas dentro das organiza\u00e7\u00f5es: para liderar \u00e9 preciso servir<\/h2>\n\n\n\n<p>Como dirigir organiza\u00e7\u00f5es atualmente? Essa pergunta n\u00e3o pode ser respondida considerando paradigmas enraizados h\u00e1 50 anos. O cen\u00e1rio est\u00e1 se modificando rapidamente e a adapta\u00e7\u00e3o a ele \u00e9 fundamental para manter-se competitivo.<\/p>\n\n\n\n<p>A concorr\u00eancia \u00e9 inevit\u00e1vel e, em grande medida, saud\u00e1vel. \u00c9 dessa forma que o pensar sobre inova\u00e7\u00e3o, lideran\u00e7a, autoridade e relacionamentos requer um esfor\u00e7o constante para quebrar velhos paradigmas e aceitar novos; refletir sobre as verdades absolutas, question\u00e1-las e, se preciso, descart\u00e1-las.<\/p>\n\n\n\n<p>O modelo piramidal, com o poder verticalizado e os clientes longe do \u201cpatr\u00e3o\u201d, \u00e9 ainda o mais comum. Muito usado militarmente, pode ter sido \u00fatil para expandir terras e defender territ\u00f3rios; mas hoje, no cen\u00e1rio atual, ele \u00e9 ideal?<\/p>\n\n\n\n<p>Diante da pergunta sobre quem os empregados est\u00e3o tentando agradar, John n\u00e3o teve d\u00favidas ao responder: o patr\u00e3o. Quando na verdade, s\u00e3o as necessidades do cliente que devem ser satisfeitas. \u00c9 isso que acontece no modelo piramidal; os empregados est\u00e3o olhando para cima, enquanto que o cliente permanece embaixo.<\/p>\n\n\n\n<p>Repensando o modelo em quest\u00e3o e trazendo para a atualidade, o cliente deveria ser o foco, estar no topo da pir\u00e2mide, seguido pelos empregados e assim por diante. Servir \u00e0s pessoas. \u00c9 isso que um l\u00edder deve fazer ao remover obst\u00e1culos para que seus liderados possam focar no que realmente importa: o cliente.<\/p>\n\n\n\n<h2 class=\"wp-block-heading\">Pir\u00e2mide de Maslow<\/h2>\n\n\n\n<figure class=\"wp-block-image\"><img loading=\"lazy\" decoding=\"async\" width=\"1024\" height=\"584\" src=\"https:\/\/blog.12min.com\/br\/wp-content\/uploads\/sites\/3\/2017\/05\/1-1-1024x584.jpg\" alt=\"O Monge e o Executivo\" class=\"wp-image-7403\" srcset=\"https:\/\/blog.12min.com\/br\/wp-content\/uploads\/sites\/3\/2017\/05\/1-1-1024x584.jpg 1024w, https:\/\/blog.12min.com\/br\/wp-content\/uploads\/sites\/3\/2017\/05\/1-1-300x171.jpg 300w, https:\/\/blog.12min.com\/br\/wp-content\/uploads\/sites\/3\/2017\/05\/1-1-768x438.jpg 768w, https:\/\/blog.12min.com\/br\/wp-content\/uploads\/sites\/3\/2017\/05\/1-1.jpg 1476w\" sizes=\"auto, (max-width: 1024px) 100vw, 1024px\" \/><\/figure>\n\n\n\n<p>Pensando nos <a href=\"https:\/\/blog.12min.com\/br\/piramide-de-maslow\/\" target=\"_blank\" rel=\"noreferrer noopener\" aria-label=\"ensinamentos de Maslow (opens in a new tab)\">ensinamentos de Maslow<\/a>, \u00e9 poss\u00edvel compreender melhor as necessidades humanas. Na base da pir\u00e2mide desenvolvida pelo psic\u00f3logo, encontram-se as chamadas necessidades b\u00e1sicas, ou seja, comida, \u00e1gua e moradia.<\/p>\n\n\n\n<p>Essas deveriam ser as primeiras necessidades a serem supridas. De baixo para cima, do b\u00e1sico ao mais complexo, Maslow mapeou parte da ess\u00eancia humana que carece de bens comuns para chegar \u00e0 satisfa\u00e7\u00e3o.<\/p>\n\n\n\n<p>Tanto dentro quanto fora das organiza\u00e7\u00f5es, deve-se ter em mente tais camadas para entender as necessidades de um grupo e de um indiv\u00edduo.<\/p>\n\n\n\n<h2 class=\"wp-block-heading\">O melhor l\u00edder de todos os tempos<\/h2>\n\n\n\n<figure class=\"wp-block-image\"><img loading=\"lazy\" decoding=\"async\" width=\"1000\" height=\"762\" src=\"https:\/\/blog.12min.com\/br\/wp-content\/uploads\/sites\/3\/2017\/05\/4.jpg\" alt=\"O Monge e o Executivo\" class=\"wp-image-7397\" srcset=\"https:\/\/blog.12min.com\/br\/wp-content\/uploads\/sites\/3\/2017\/05\/4.jpg 1000w, https:\/\/blog.12min.com\/br\/wp-content\/uploads\/sites\/3\/2017\/05\/4-300x229.jpg 300w, https:\/\/blog.12min.com\/br\/wp-content\/uploads\/sites\/3\/2017\/05\/4-768x585.jpg 768w\" sizes=\"auto, (max-width: 1000px) 100vw, 1000px\" \/><\/figure>\n\n\n\n<p>_ Quem voc\u00ea considera o melhor l\u00edder de todos os tempos, Sime\u00e3o? \u2013 Essa foi a pergunta de uma das alunas que frequentavam o curso com John.<br>_ Jesus Cristo.<\/p>\n\n\n\n<p>Independentemente da religi\u00e3o seguida, Jesus Cristo foi o \u00fanico que conseguiu influenciar tantas pessoas por tanto tempo. As maiores festividades possuem como refer\u00eancia a sua vida, os anos s\u00e3o contados antes e depois do nascimento de Cristo e o cristianismo ainda \u00e9 a maior religi\u00e3o do mundo. Esses fatos fazem dele o maior l\u00edder de todos os tempos. Mas como era a sua lideran\u00e7a?<\/p>\n\n\n\n<p>Jesus n\u00e3o detinha poder, mas sim autoridade. Com isso, influenciou uma multid\u00e3o. A autoridade \u00e9 criada com esfor\u00e7o, servindo e atendendo \u00e0s necessidades do grupo.<\/p>\n\n\n\n<p>Sintonizar inten\u00e7\u00f5es com a\u00e7\u00f5es \u00e9 fundamental e s\u00f3 \u00e9 poss\u00edvel a partir da vontade. \u00c9 preciso ter vontade de sentir as reais necessidades do grupo\/indiv\u00edduo liderado e, a partir dessas informa\u00e7\u00f5es, escolher como agir e servir para que estas possam ser supridas. \u00c9 importante n\u00e3o confundir desejo com necessidade.<\/p>\n\n\n\n<h2 class=\"wp-block-heading\">Lideran\u00e7a e amor?<\/h2>\n\n\n\n<p>John ainda procurava sua resposta para o sonho recorrente que o dizia para procurar Sime\u00e3o. Embora estivesse fascinado com o estilo de lideran\u00e7a que o mestre\/Irm\u00e3o\/professor expunha, ainda havia muitas d\u00favidas e perguntas sem respostas para os seus dilemas.<\/p>\n\n\n\n<p>Em sala, o t\u00f3pico do dia era amor e lideran\u00e7a, uma combina\u00e7\u00e3o um tanto estranha para alguns e isso porque \u00e9 bastante comum confundirmos sentimento com a\u00e7\u00e3o. Mesmo no dicion\u00e1rio, o significado da palavra \u00e9 limitado.<\/p>\n\n\n\n<p>O Novo Testamento foi escrito originalmente em grego, fazendo com que muitos significados fossem perdidos em meio \u00e0s tradu\u00e7\u00f5es. Jesus, ao escrever sobre amor, n\u00e3o estava se referindo ao sentimento de amor incondicional ou ao desejo sexual e a afei\u00e7\u00e3o fraterna, mas sim ao amor traduzido por um comportamento e escolha, dirigido aos outros sem esperar nada em troca.<\/p>\n\n\n\n<p>Nem sempre \u00e9 poss\u00edvel controlar o que se sente por outra pessoa, mas sim o comportamento que teremos com ela. Sentir e fazer s\u00e3o coisas diferentes. Um pai pode amar os filhos e n\u00e3o separar um tempo para se dedicar a eles.<\/p>\n\n\n\n<p>\u201cAmar ao pr\u00f3ximo\u201d n\u00e3o tem rela\u00e7\u00e3o com afeto, como muitos acreditam. Nesse sentido, o amor \u00e9: paci\u00eancia, bondade, humildade, respeito, generosidade, perd\u00e3o honestidade e confian\u00e7a. Todos comportamentos presentes na lideran\u00e7a.<\/p>\n\n\n\n<h2 class=\"wp-block-heading\">Escutar ou ouvir<\/h2>\n\n\n\n<p>Prestar aten\u00e7\u00e3o na fala do outro requer esfor\u00e7o. Pensamos quatro vezes mais r\u00e1pido que falamos. Desse modo, enquanto outra pessoa fala \u00e9 comum estarmos mais atentos \u00e0s nossas pr\u00f3prias inquieta\u00e7\u00f5es internas, pensando muitas vezes no que falar em seguida.<\/p>\n\n\n\n<p>Escutar o que o outro tem a dizer \u00e9 uma forma de empatia e requer disciplina para, naquele momento, tentar ver com os olhos do outro e, assim, entender suas palavras. Esse comportamento envia uma mensagem positiva ao expressar a valoriza\u00e7\u00e3o de quem est\u00e1 falando. Prestar aten\u00e7\u00e3o \u00e0s pessoas \u00e9 uma necessidade humana que n\u00e3o pode ser negligenciada por um l\u00edder.<\/p>\n\n\n\n<h2 class=\"wp-block-heading\">Valoriza\u00e7\u00e3o al\u00e9m da escuta<\/h2>\n\n\n\n<p>Valorizar individualmente o esfor\u00e7o e a produtividade de um indiv\u00edduo \u00e9 umas das necessidades que devem ser supridas para manter sua autoestima e seu sentimento de perten\u00e7a, no caso das organiza\u00e7\u00f5es.<\/p>\n\n\n\n<p>Para isso, a honestidade, seguida pela humildade, \u00e9 essencial. Um l\u00edder ego\u00edsta e inchado de orgulho n\u00e3o consegue enxergar al\u00e9m de suas pr\u00f3prias necessidades e ignora que um precisa do outro, independentemente se \u00e9 patr\u00e3o ou empregado.<\/p>\n\n\n\n<p>Demonstrar que cada membro do time \u00e9 importante e, para isso, ignorar hierarquias \u00e9 uma tarefa que demanda esfor\u00e7o por parte do l\u00edder. Para todas as caracter\u00edsticas de um l\u00edder, o comprometimento talvez seja a mais importante, j\u00e1 que \u00e9 a respons\u00e1vel por fazer o indiv\u00edduo persistir na autoridade em vez de voltar para a posi\u00e7\u00e3o de poder.<\/p>\n\n\n\n<p>O compromisso envolve o crescimento do indiv\u00edduo e do grupo como um todo, resultando em constante aperfei\u00e7oamento.<\/p>\n\n\n\n<h2 class=\"wp-block-heading\">Limites da influ\u00eancia<\/h2>\n\n\n\n<p>O l\u00edder \u00e9 respons\u00e1vel pelo ambiente que existe em sua \u00e1rea de atua\u00e7\u00e3o, estabelecendo, dessa forma, as normas de comportamentos presentes a serem seguidas. Entretanto, essa influ\u00eancia depara-se com limites, ao passo que ningu\u00e9m pode ser for\u00e7ado a mudar. <\/p>\n\n\n\n<p>A motiva\u00e7\u00e3o \u00e9 toda comunica\u00e7\u00e3o que influencie as escolhas, no entanto, s\u00e3o as pessoas as respons\u00e1veis pelas suas pr\u00f3prias escolhas. O l\u00edder cria condi\u00e7\u00f5es certas, a partir de questionamentos, encorajamentos e advert\u00eancias que provocam a autoan\u00e1lise.<\/p>\n\n\n\n<h2 class=\"wp-block-heading\">Comportamento, pensamento e sentimento<\/h2>\n\n\n\n<p>\u201cMudarei&#8230;..quando\u201d<\/p>\n\n\n\n<p>Com essa frase, Sime\u00e3o iniciou mais uma aula. O intuito era trazer a responsabilidade para cada indiv\u00edduo em vez de jog\u00e1-la para o outro.<\/p>\n\n\n\n<p>Se \u00e9 verdadeiro que o pensamento e o sentimento dirigem nosso comportamento, o oposto tamb\u00e9m \u00e9 ver\u00eddico. O comportamento por si s\u00f3 \u00e9 capaz de influenciar nossos pr\u00f3prios pensamentos e, em consequ\u00eancia, os sentimentos.<\/p>\n\n\n\n<p>Assim, quando nos comprometemos com algo, este come\u00e7a a ganhar nossa aten\u00e7\u00e3o e passamos a nos importar, influenciando o sentimento. Em outras palavras, ao se comprometer, doando-se e servindo a algo ou a algu\u00e9m, o tempo far\u00e1 com que um sentimento positivo surja direcionado ao objeto de sua aten\u00e7\u00e3o, mesmo que, no in\u00edcio esse sentimento n\u00e3o exista. Isso \u00e9 pr\u00e1xis.<\/p>\n\n\n\n<p>Da mesma forma que, em um casamento, os c\u00f4njuges devem retomar antigos comportamentos \u2013 de prefer\u00eancia os presentes no come\u00e7o do namoro \u2013 para trazer \u00e0 tona sentimentos que foram perdidos em meio \u00e0s desaven\u00e7as; em uma organiza\u00e7\u00e3o, o comportamento tem o poder de gerar sentimentos.<\/p>\n\n\n\n<p>Assim como m\u00fasculos f\u00edsicos, que precisam ser alongados para crescer, os m\u00fasculos emocionais necessitam de pr\u00e1tica, esfor\u00e7o e continuidade para se fortalecer.<\/p>\n\n\n\n<h2 class=\"wp-block-heading\">De quem \u00e9 a culpa?<\/h2>\n\n\n\n<p>Seguindo o mesmo conceito utilizado na frase \u201cmudarei&#8230;quando\u201d, o determinismo auxiliou para a culpabiliza\u00e7\u00e3o do outro. Ter hist\u00f3rico de alcoolismo na fam\u00edlia pode causar uma predisposi\u00e7\u00e3o para a doen\u00e7a, por\u00e9m, a escolha ainda existe.<\/p>\n\n\n\n<p>Culpar genes, parentes e chefes por seus pr\u00f3prios comportamentos tornou-se corriqueiro. &nbsp;Apesar de haver influ\u00eancia, elas n\u00e3o determinam, de fato, o comportamento a ser seguido. O livre arb\u00edtrio existe para lembrarmos de nossas pr\u00f3prias responsabilidades.<\/p>\n\n\n\n<p>Os est\u00edmulos s\u00e3o inevit\u00e1veis, entretanto, a resposta dada diante deles \u00e9 escolha do indiv\u00edduo. Optar por n\u00e3o escolher j\u00e1 \u00e9 uma escolha. De fato, n\u00e3o \u00e9 poss\u00edvel se esquivar de agir, por\u00e9m \u00e9 poss\u00edvel comportar-se de acordo com suas premissas, independentemente das condi\u00e7\u00f5es impostas.<\/p>\n\n\n\n<p>Tudo come\u00e7a pela vontade. Que pessoa\/l\u00edder voc\u00ea quer ser? Arrogante ou humilde? Respeitador ou rude? Generoso ou ego\u00edsta? Honesto ou desonesto? Comprometido ou apenas envolvido?<\/p>\n\n\n\n<h2 class=\"wp-block-heading\">Est\u00e1gios para adquirir novos h\u00e1bitos<\/h2>\n\n\n\n<p>Os mesmos est\u00e1gios se aplicam ao aprendizado de bons e maus h\u00e1bitos tanto na vida pessoal quanto profissional. Pensando em lideran\u00e7a, \u00e9 poss\u00edvel utiliz\u00e1-los como forma de analisar progressos.<\/p>\n\n\n\n<ul class=\"wp-block-list\"><li>Est\u00e1gio 1 \u2013 inconsciente e sem habilidade: momento em que o comportamento e o h\u00e1bito s\u00e3o ignorados.<\/li><li>Est\u00e1gio 2 \u2013 consciente e sem habilidade: momento em que se tem consci\u00eancia do novo comportamento, por\u00e9m sem desenvolver a pr\u00e1tica. O novo \u00e9 antinatural, desconfort\u00e1vel e assustador.<\/li><li>Est\u00e1gio 3 \u2013 consciente e habilidoso: est\u00e1gio em que a experi\u00eancia vai deixando o novo comportamento confort\u00e1vel. \u00c9 quando o indiv\u00edduo come\u00e7a a adquirir o controle.<\/li><li>Est\u00e1gio 4 \u2013 inconsciente e habilidoso: momento em que o comportamento se torna autom\u00e1tico, n\u00e3o exigindo um controle e pensamento meticuloso. O comportamento apenas acontece. A nova habilidade foi adquirida e incorporada ao dia a dia como natural. Nesse est\u00e1gio um l\u00edder n\u00e3o precisa tentar ser bom, pois ele j\u00e1 \u00e9.<\/li><\/ul>\n\n\n\n<p>N\u00e3o h\u00e1 apenas um estilo de boa lideran\u00e7a. Ela se aproxima mais do car\u00e1ter, envolvendo conceitos de respeito, paci\u00eancia, humildade, generosidade, honestidade, abnega\u00e7\u00e3o, bondade e compromisso. S\u00e3o essas as qualidades que devem ser desenvolvidas para que nas\u00e7a um bom l\u00edder.<\/p>\n\n\n\n<h2 class=\"wp-block-heading\">Recompensas<\/h2>\n\n\n\n<figure class=\"wp-block-image\"><img loading=\"lazy\" decoding=\"async\" width=\"1000\" height=\"667\" src=\"https:\/\/blog.12min.com\/br\/wp-content\/uploads\/sites\/3\/2017\/05\/8.jpg\" alt=\"O Monge e o Executivo\" class=\"wp-image-7401\" srcset=\"https:\/\/blog.12min.com\/br\/wp-content\/uploads\/sites\/3\/2017\/05\/8.jpg 1000w, https:\/\/blog.12min.com\/br\/wp-content\/uploads\/sites\/3\/2017\/05\/8-300x200.jpg 300w, https:\/\/blog.12min.com\/br\/wp-content\/uploads\/sites\/3\/2017\/05\/8-768x512.jpg 768w\" sizes=\"auto, (max-width: 1000px) 100vw, 1000px\" \/><\/figure>\n\n\n\n<p>\u00c9 ineg\u00e1vel que as habilidades para se tornar um bom l\u00edder s\u00e3o muitas. Doar-se e servir ao grupo n\u00e3o \u00e9 uma tarefa f\u00e1cil, por\u00e9m as recompensas s\u00e3o mais que suficientes para continuar a jornada. Durante o exerc\u00edcio de um bom l\u00edder \u00e9 poss\u00edvel enxergar algumas caracter\u00edsticas recompensadoras:<\/p>\n\n\n\n<ul class=\"wp-block-list\"><li>Desenvolvimento das habilidades;<\/li><li>Constru\u00e7\u00e3o de um prop\u00f3sito bem delimitado, evitando a\u00e7\u00f5es sem sentido;<\/li><li>Oportunidade de fazer a diferen\u00e7a na vida dos outros;<\/li><li>Harmonia espiritual;<\/li><li>Alegria, n\u00e3o no sentido de felicidade que est\u00e1 mais voltada aos acontecimentos, mas sim como uma satisfa\u00e7\u00e3o interior e a sensa\u00e7\u00e3o de sintonia com seus princ\u00edpios.<\/li><\/ul>\n\n\n\n<p>Ao nos doar e servirmos \u00e0s necessidades dos outros, estamos tirando o foco de n\u00f3s mesmos e nos libertando do egocentrismo.<\/p>\n\n\n\n<h2 class=\"wp-block-heading\">Uma grande jornada come\u00e7a com um simples passo<\/h2>\n\n\n\n<p>Com um grupo formado por um pregador, uma treinadora, um militar, uma enfermeira, um executivo e um monge ex-executivo, os ensinamentos ali proferidos modificaram, uns um pouco mais, outros um pouco menos, o olhar sobre a posi\u00e7\u00e3o de lideran\u00e7a.<\/p>\n\n\n\n<p>Para John, um olhar diferente se formava diante da vida. Os problemas profissionais, as dificuldades no casamento e a falta de comunica\u00e7\u00e3o com os filhos ganhou um novo significado. Deixou de se vitimizar e decidiu tomar as r\u00e9deas das situa\u00e7\u00f5es.<\/p>\n\n\n\n<p>Ali, a jornada come\u00e7ou com um pequeno passo rumo a um mundo de escolhas.<\/p>\n\n\n\n<h2 class=\"wp-block-heading\"><strong>10 cita\u00e7\u00f5es de James Hunter<\/strong><\/h2>\n\n\n\n<p><span style=\"font-weight: 400\">Al\u00e9m do best-seller \u201cO Monge e o Executivo\u201d, James Hunt \u00e9 autor de outras obras de sucesso: &nbsp;\u201cDe Volta ao Mosteiro &#8211; O Monge e o Executivo Falam de Lideran\u00e7a e Trabalho em Equipe\u201d e \u201cComo se Tornar um L\u00edder Servidor\u201d.<\/span><\/p>\n\n\n\n<p><span style=\"font-weight: 400\">Veja aqui algumas frases inspiradoras do autor. <\/span><\/p>\n\n\n<span class='bctt-click-to-tweet'><span class='bctt-ctt-text'><a href='https:\/\/twitter.com\/intent\/tweet?url=https%3A%2F%2Fblog.12min.com%2Fbr%2F%3Fp%3D1500&#038;text=Pensamentos%20viram%20a%C3%A7%C3%B5es.%20A%C3%A7%C3%B5es%20viram%20h%C3%A1bitos.%20H%C3%A1bitos%20viram%20o%20car%C3%A1ter.%20E%20o%20car%C3%A1ter%20vira%20o%20seu%20destino.&#038;via=12minApp&#038;related=12minApp' target='_blank'rel=\"noopener noreferrer\">Pensamentos viram a\u00e7\u00f5es. A\u00e7\u00f5es viram h\u00e1bitos. H\u00e1bitos viram o car\u00e1ter. E o car\u00e1ter vira o seu destino. <\/a><\/span><a href='https:\/\/twitter.com\/intent\/tweet?url=https%3A%2F%2Fblog.12min.com%2Fbr%2F%3Fp%3D1500&#038;text=Pensamentos%20viram%20a%C3%A7%C3%B5es.%20A%C3%A7%C3%B5es%20viram%20h%C3%A1bitos.%20H%C3%A1bitos%20viram%20o%20car%C3%A1ter.%20E%20o%20car%C3%A1ter%20vira%20o%20seu%20destino.&#038;via=12minApp&#038;related=12minApp' target='_blank' class='bctt-ctt-btn'rel=\"noopener noreferrer\">Share on X<\/a><\/span>\n\n<span class='bctt-click-to-tweet'><span class='bctt-ctt-text'><a href='https:\/\/twitter.com\/intent\/tweet?url=https%3A%2F%2Fblog.12min.com%2Fbr%2F%3Fp%3D1500&#038;text=Perd%C3%A3o%20-%20Desistir%20de%20ressentimento%20quando%20enganado.&#038;via=12minApp&#038;related=12minApp' target='_blank'rel=\"noopener noreferrer\">Perd\u00e3o &#8211; Desistir de ressentimento quando enganado. <\/a><\/span><a href='https:\/\/twitter.com\/intent\/tweet?url=https%3A%2F%2Fblog.12min.com%2Fbr%2F%3Fp%3D1500&#038;text=Perd%C3%A3o%20-%20Desistir%20de%20ressentimento%20quando%20enganado.&#038;via=12minApp&#038;related=12minApp' target='_blank' class='bctt-ctt-btn'rel=\"noopener noreferrer\">Share on X<\/a><\/span>\n\n<span class='bctt-click-to-tweet'><span class='bctt-ctt-text'><a href='https:\/\/twitter.com\/intent\/tweet?url=https%3A%2F%2Fblog.12min.com%2Fbr%2F%3Fp%3D1500&#038;text=O%20homem%20sensato%20se%20adapta%20ao%20mundo%3Ao%20insensato%20adapta%20o%20mundo%20a%20si%20mesmo%3B%20portanto%2C%20todo%20o%20progresso%20depende%20do%20homem%20insensato.&#038;via=12minApp&#038;related=12minApp' target='_blank'rel=\"noopener noreferrer\">O homem sensato se adapta ao mundo:o insensato adapta o mundo a si mesmo; portanto, todo o progresso depende do homem insensato. <\/a><\/span><a href='https:\/\/twitter.com\/intent\/tweet?url=https%3A%2F%2Fblog.12min.com%2Fbr%2F%3Fp%3D1500&#038;text=O%20homem%20sensato%20se%20adapta%20ao%20mundo%3Ao%20insensato%20adapta%20o%20mundo%20a%20si%20mesmo%3B%20portanto%2C%20todo%20o%20progresso%20depende%20do%20homem%20insensato.&#038;via=12minApp&#038;related=12minApp' target='_blank' class='bctt-ctt-btn'rel=\"noopener noreferrer\">Share on X<\/a><\/span>\n\n<span class='bctt-click-to-tweet'><span class='bctt-ctt-text'><a href='https:\/\/twitter.com\/intent\/tweet?url=https%3A%2F%2Fblog.12min.com%2Fbr%2F%3Fp%3D1500&#038;text=De%20nada%20vale%20aprender%20bem%2C%20se%20voc%C3%AA%20deixar%20de%20fazer%20bem.&#038;via=12minApp&#038;related=12minApp' target='_blank'rel=\"noopener noreferrer\">De nada vale aprender bem, se voc\u00ea deixar de fazer bem. <\/a><\/span><a href='https:\/\/twitter.com\/intent\/tweet?url=https%3A%2F%2Fblog.12min.com%2Fbr%2F%3Fp%3D1500&#038;text=De%20nada%20vale%20aprender%20bem%2C%20se%20voc%C3%AA%20deixar%20de%20fazer%20bem.&#038;via=12minApp&#038;related=12minApp' target='_blank' class='bctt-ctt-btn'rel=\"noopener noreferrer\">Share on X<\/a><\/span>\n\n<span class='bctt-click-to-tweet'><span class='bctt-ctt-text'><a href='https:\/\/twitter.com\/intent\/tweet?url=https%3A%2F%2Fblog.12min.com%2Fbr%2F%3Fp%3D1500&#038;text=Tratar%20todas%20as%20pessoas%20com%20a%20devida%20import%C3%A2ncia.%22%20Eis%20a%20melhor%20defini%C3%A7%C3%A3o%20para%20respeito.&#038;via=12minApp&#038;related=12minApp' target='_blank'rel=\"noopener noreferrer\">Tratar todas as pessoas com a devida import\u00e2ncia.&quot; Eis a melhor defini\u00e7\u00e3o para respeito. <\/a><\/span><a href='https:\/\/twitter.com\/intent\/tweet?url=https%3A%2F%2Fblog.12min.com%2Fbr%2F%3Fp%3D1500&#038;text=Tratar%20todas%20as%20pessoas%20com%20a%20devida%20import%C3%A2ncia.%22%20Eis%20a%20melhor%20defini%C3%A7%C3%A3o%20para%20respeito.&#038;via=12minApp&#038;related=12minApp' target='_blank' class='bctt-ctt-btn'rel=\"noopener noreferrer\">Share on X<\/a><\/span>\n\n<span class='bctt-click-to-tweet'><span class='bctt-ctt-text'><a href='https:\/\/twitter.com\/intent\/tweet?url=https%3A%2F%2Fblog.12min.com%2Fbr%2F%3Fp%3D1500&#038;text=Todas%20as%20boas%20inten%C3%A7%C3%B5es%20do%20mundo%20n%C3%A3o%20significam%20coisa%20alguma%20se%20n%C3%A3o%20forem%20acompanhadas%20por%20nossas%20a%C3%A7%C3%B5es.&#038;via=12minApp&#038;related=12minApp' target='_blank'rel=\"noopener noreferrer\">Todas as boas inten\u00e7\u00f5es do mundo n\u00e3o significam coisa alguma se n\u00e3o forem acompanhadas por nossas a\u00e7\u00f5es. <\/a><\/span><a href='https:\/\/twitter.com\/intent\/tweet?url=https%3A%2F%2Fblog.12min.com%2Fbr%2F%3Fp%3D1500&#038;text=Todas%20as%20boas%20inten%C3%A7%C3%B5es%20do%20mundo%20n%C3%A3o%20significam%20coisa%20alguma%20se%20n%C3%A3o%20forem%20acompanhadas%20por%20nossas%20a%C3%A7%C3%B5es.&#038;via=12minApp&#038;related=12minApp' target='_blank' class='bctt-ctt-btn'rel=\"noopener noreferrer\">Share on X<\/a><\/span>\n\n<span class='bctt-click-to-tweet'><span class='bctt-ctt-text'><a href='https:\/\/twitter.com\/intent\/tweet?url=https%3A%2F%2Fblog.12min.com%2Fbr%2F%3Fp%3D1500&#038;text=Todos%20temos%20que%20fazer%20escolhas%20a%20respeito%20de%20nosso%20comportamento%20e%20aceitar%20a%20responsabilidade%20por%20essas%20escolhas.&#038;via=12minApp&#038;related=12minApp' target='_blank'rel=\"noopener noreferrer\">Todos temos que fazer escolhas a respeito de nosso comportamento e aceitar a responsabilidade por essas escolhas. <\/a><\/span><a href='https:\/\/twitter.com\/intent\/tweet?url=https%3A%2F%2Fblog.12min.com%2Fbr%2F%3Fp%3D1500&#038;text=Todos%20temos%20que%20fazer%20escolhas%20a%20respeito%20de%20nosso%20comportamento%20e%20aceitar%20a%20responsabilidade%20por%20essas%20escolhas.&#038;via=12minApp&#038;related=12minApp' target='_blank' class='bctt-ctt-btn'rel=\"noopener noreferrer\">Share on X<\/a><\/span>\n\n<span class='bctt-click-to-tweet'><span class='bctt-ctt-text'><a href='https:\/\/twitter.com\/intent\/tweet?url=https%3A%2F%2Fblog.12min.com%2Fbr%2F%3Fp%3D1500&#038;text=Pequenos%20passos%20podem%20n%C3%A3o%20fazer%20muita%20diferen%C3%A7a%20numa%20jornada%20curta%2C%20mas%20na%20longa%20jornada%20da%20vida%20s%C3%A3o%20capazes%20de%20colocar%20voc%C3%AA%20num%20lugar%20completamente%20diferente.&#038;via=12minApp&#038;related=12minApp' target='_blank'rel=\"noopener noreferrer\">Pequenos passos podem n\u00e3o fazer muita diferen\u00e7a numa jornada curta, mas na longa jornada da vida s\u00e3o capazes de colocar voc\u00ea num lugar completamente diferente. <\/a><\/span><a href='https:\/\/twitter.com\/intent\/tweet?url=https%3A%2F%2Fblog.12min.com%2Fbr%2F%3Fp%3D1500&#038;text=Pequenos%20passos%20podem%20n%C3%A3o%20fazer%20muita%20diferen%C3%A7a%20numa%20jornada%20curta%2C%20mas%20na%20longa%20jornada%20da%20vida%20s%C3%A3o%20capazes%20de%20colocar%20voc%C3%AA%20num%20lugar%20completamente%20diferente.&#038;via=12minApp&#038;related=12minApp' target='_blank' class='bctt-ctt-btn'rel=\"noopener noreferrer\">Share on X<\/a><\/span>\n\n<span class='bctt-click-to-tweet'><span class='bctt-ctt-text'><a href='https:\/\/twitter.com\/intent\/tweet?url=https%3A%2F%2Fblog.12min.com%2Fbr%2F%3Fp%3D1500&#038;text=A%20mudan%C3%A7a%20obriga-nos%20a%20fazer%20as%20coisas%20de%20modo%20diferente%2C%20somos%20for%C3%A7ado%20a%20repensar%20nossa%20posi%C3%A7%C3%A3o.&#038;via=12minApp&#038;related=12minApp' target='_blank'rel=\"noopener noreferrer\">A mudan\u00e7a obriga-nos a fazer as coisas de modo diferente, somos for\u00e7ado a repensar nossa posi\u00e7\u00e3o. <\/a><\/span><a href='https:\/\/twitter.com\/intent\/tweet?url=https%3A%2F%2Fblog.12min.com%2Fbr%2F%3Fp%3D1500&#038;text=A%20mudan%C3%A7a%20obriga-nos%20a%20fazer%20as%20coisas%20de%20modo%20diferente%2C%20somos%20for%C3%A7ado%20a%20repensar%20nossa%20posi%C3%A7%C3%A3o.&#038;via=12minApp&#038;related=12minApp' target='_blank' class='bctt-ctt-btn'rel=\"noopener noreferrer\">Share on X<\/a><\/span>\n\n<span class='bctt-click-to-tweet'><span class='bctt-ctt-text'><a href='https:\/\/twitter.com\/intent\/tweet?url=https%3A%2F%2Fblog.12min.com%2Fbr%2F%3Fp%3D1500&#038;text=Defini%C3%A7%C3%A3o%20de%20amor%20serviu%20%C3%A0%20lideran%C3%A7a%3A%20%22O%20ato%20de%20ser%20p%C3%B4r%20%C3%A0%20disposi%C3%A7%C3%A3o%20dos%20outros%2C%20identificando%20e%20atendendo%20suas%20reais%20necessidades%2C%20sempre%20procurando%20o%20bem%20maior.%22&#038;via=12minApp&#038;related=12minApp' target='_blank'rel=\"noopener noreferrer\">Defini\u00e7\u00e3o de amor serviu \u00e0 lideran\u00e7a: &quot;O ato de ser p\u00f4r \u00e0 disposi\u00e7\u00e3o dos outros, identificando e atendendo suas reais necessidades, sempre procurando o bem maior.&quot; <\/a><\/span><a href='https:\/\/twitter.com\/intent\/tweet?url=https%3A%2F%2Fblog.12min.com%2Fbr%2F%3Fp%3D1500&#038;text=Defini%C3%A7%C3%A3o%20de%20amor%20serviu%20%C3%A0%20lideran%C3%A7a%3A%20%22O%20ato%20de%20ser%20p%C3%B4r%20%C3%A0%20disposi%C3%A7%C3%A3o%20dos%20outros%2C%20identificando%20e%20atendendo%20suas%20reais%20necessidades%2C%20sempre%20procurando%20o%20bem%20maior.%22&#038;via=12minApp&#038;related=12minApp' target='_blank' class='bctt-ctt-btn'rel=\"noopener noreferrer\">Share on X<\/a><\/span>\n\n\n<h2 class=\"wp-block-heading\"><strong>Dica do 12min<\/strong><\/h2>\n\n\n\n<p>Se voc\u00ea est\u00e1 \u00e0 procura de um arsenal ainda maior sobre lideran\u00e7a, recomendo a leitura do resumo do livro\u00a0<a rel=\"noreferrer noopener\" aria-label=\" (opens in a new tab)\" href=\"https:\/\/app.adjust.com\/7mvfth8?deeplink=twelvemin:\/\/book\/leaders-eat-last\/&amp;fallback=https:\/\/12min.com\/br\/leaders-eat-last?utm_source=blog12min&amp;utm_medium=blog&amp;utm_content=post&amp;utm_campaign=routine&amp;redirect_windows=https:\/\/12min.com\/br\/leaders-eat-last?utm_source=blog12min&amp;utm_medium=blog&amp;utm_content=post&amp;utm_campaign=routine&amp;redirect_macos=https:\/\/12min.com\/br\/leaders-eat-last?utm_source=blog12min&amp;utm_medium=blog&amp;utm_content=post&amp;utm_campaign=routine\" target=\"_blank\">L\u00edderes se servem por \u00faltimo<\/a>, de Simon Sinek.<\/p>\n\n\n\n<p><a href=\"https:\/\/12min.com\/br\/leaders-eat-last\" target=\"_blank\" rel=\"noreferrer noopener\" aria-label=\" (opens in a new tab)\">L\u00edderes Se Servem Por \u00daltimo<\/a><\/p>\n","protected":false},"excerpt":{"rendered":"<p>12 min de leitura \u231a&nbsp; Em busca de um resumo do livro o Monge e o Executivo? Chegou ao lugar certo! Confira abaixo o resumo completo do livro, direto do nosso app, o 12min! Se voc\u00ea curtir o resumo ou mesmo preferir ouvir em formato audiobook ao inv\u00e9s de ler o post todo, baixe aqui [&hellip;]<\/p>\n","protected":false},"author":48,"featured_media":1502,"comment_status":"closed","ping_status":"closed","sticky":false,"template":"","format":"standard","meta":{"_exactmetrics_skip_tracking":false,"_exactmetrics_sitenote_active":false,"_exactmetrics_sitenote_note":"","_exactmetrics_sitenote_category":0,"footnotes":""},"categories":[2],"tags":[9,123,45,10,44],"class_list":["post-1500","post","type-post","status-publish","format-standard","has-post-thumbnail","hentry","category-conhecimento","tag-audiobook","tag-james-hunter","tag-microbooks","tag-monge-e-o-executivo","tag-resumos-de-livros","wpbf-post"],"yoast_head":"<!-- This site is optimized with the Yoast SEO plugin v26.4 - https:\/\/yoast.com\/wordpress\/plugins\/seo\/ -->\n<title>O Monge e o Executivo: Li\u00e7\u00f5es chaves do livro! - Blog do 12min<\/title>\n<meta name=\"robots\" content=\"index, follow, max-snippet:-1, max-image-preview:large, max-video-preview:-1\" \/>\n<link rel=\"canonical\" href=\"https:\/\/blog.12min.com\/br\/resumo-do-livro-o-monge-eo-executivo\/\" \/>\n<meta property=\"og:locale\" content=\"en_US\" \/>\n<meta property=\"og:type\" content=\"article\" \/>\n<meta property=\"og:title\" content=\"O Monge e o Executivo: Li\u00e7\u00f5es chaves do livro! - Blog do 12min\" \/>\n<meta property=\"og:description\" content=\"12 min de leitura \u231a&nbsp; Em busca de um resumo do livro o Monge e o Executivo? Chegou ao lugar certo! Confira abaixo o resumo completo do livro, direto do nosso app, o 12min! Se voc\u00ea curtir o resumo ou mesmo preferir ouvir em formato audiobook ao inv\u00e9s de ler o post todo, baixe aqui [&hellip;]\" \/>\n<meta property=\"og:url\" content=\"https:\/\/blog.12min.com\/br\/resumo-do-livro-o-monge-eo-executivo\/\" \/>\n<meta property=\"og:site_name\" content=\"Blog do 12min\" \/>\n<meta property=\"article:published_time\" content=\"2017-05-01T10:29:48+00:00\" \/>\n<meta property=\"article:modified_time\" content=\"2019-04-23T00:57:27+00:00\" \/>\n<meta property=\"og:image\" content=\"https:\/\/blog.12min.com\/br\/wp-content\/uploads\/sites\/3\/2018\/01\/18789_o_monge_e_o.site_cover.jpg\" \/>\n\t<meta property=\"og:image:width\" content=\"630\" \/>\n\t<meta property=\"og:image:height\" content=\"900\" \/>\n\t<meta property=\"og:image:type\" content=\"image\/jpeg\" \/>\n<meta name=\"author\" content=\"Emir Zecovic\" \/>\n<meta name=\"twitter:card\" content=\"summary_large_image\" \/>\n<meta name=\"twitter:label1\" content=\"Written by\" \/>\n\t<meta name=\"twitter:data1\" content=\"Emir Zecovic\" \/>\n\t<meta name=\"twitter:label2\" content=\"Est. reading time\" \/>\n\t<meta name=\"twitter:data2\" content=\"17 minutes\" \/>\n<!-- \/ Yoast SEO plugin. -->","yoast_head_json":{"title":"O Monge e o Executivo: Li\u00e7\u00f5es chaves do livro! - Blog do 12min","robots":{"index":"index","follow":"follow","max-snippet":"max-snippet:-1","max-image-preview":"max-image-preview:large","max-video-preview":"max-video-preview:-1"},"canonical":"https:\/\/blog.12min.com\/br\/resumo-do-livro-o-monge-eo-executivo\/","og_locale":"en_US","og_type":"article","og_title":"O Monge e o Executivo: Li\u00e7\u00f5es chaves do livro! - Blog do 12min","og_description":"12 min de leitura \u231a&nbsp; Em busca de um resumo do livro o Monge e o Executivo? Chegou ao lugar certo! Confira abaixo o resumo completo do livro, direto do nosso app, o 12min! Se voc\u00ea curtir o resumo ou mesmo preferir ouvir em formato audiobook ao inv\u00e9s de ler o post todo, baixe aqui [&hellip;]","og_url":"https:\/\/blog.12min.com\/br\/resumo-do-livro-o-monge-eo-executivo\/","og_site_name":"Blog do 12min","article_published_time":"2017-05-01T10:29:48+00:00","article_modified_time":"2019-04-23T00:57:27+00:00","og_image":[{"width":630,"height":900,"url":"https:\/\/blog.12min.com\/br\/wp-content\/uploads\/sites\/3\/2018\/01\/18789_o_monge_e_o.site_cover.jpg","type":"image\/jpeg"}],"author":"Emir Zecovic","twitter_card":"summary_large_image","twitter_misc":{"Written by":"Emir Zecovic","Est. reading time":"17 minutes"},"schema":{"@context":"https:\/\/schema.org","@graph":[{"@type":"WebPage","@id":"https:\/\/blog.12min.com\/br\/resumo-do-livro-o-monge-eo-executivo\/","url":"https:\/\/blog.12min.com\/br\/resumo-do-livro-o-monge-eo-executivo\/","name":"O Monge e o Executivo: Li\u00e7\u00f5es chaves do livro! - Blog do 12min","isPartOf":{"@id":"https:\/\/blog.12min.com\/br\/#website"},"primaryImageOfPage":{"@id":"https:\/\/blog.12min.com\/br\/resumo-do-livro-o-monge-eo-executivo\/#primaryimage"},"image":{"@id":"https:\/\/blog.12min.com\/br\/resumo-do-livro-o-monge-eo-executivo\/#primaryimage"},"thumbnailUrl":"https:\/\/blog.12min.com\/br\/wp-content\/uploads\/sites\/3\/2018\/01\/18789_o_monge_e_o.site_cover.jpg","datePublished":"2017-05-01T10:29:48+00:00","dateModified":"2019-04-23T00:57:27+00:00","author":{"@id":"https:\/\/blog.12min.com\/br\/#\/schema\/person\/ccaf1a7ac6cac4265aa3afb02ae667f4"},"breadcrumb":{"@id":"https:\/\/blog.12min.com\/br\/resumo-do-livro-o-monge-eo-executivo\/#breadcrumb"},"inLanguage":"en-US","potentialAction":[{"@type":"ReadAction","target":["https:\/\/blog.12min.com\/br\/resumo-do-livro-o-monge-eo-executivo\/"]}]},{"@type":"ImageObject","inLanguage":"en-US","@id":"https:\/\/blog.12min.com\/br\/resumo-do-livro-o-monge-eo-executivo\/#primaryimage","url":"https:\/\/blog.12min.com\/br\/wp-content\/uploads\/sites\/3\/2018\/01\/18789_o_monge_e_o.site_cover.jpg","contentUrl":"https:\/\/blog.12min.com\/br\/wp-content\/uploads\/sites\/3\/2018\/01\/18789_o_monge_e_o.site_cover.jpg","width":630,"height":900},{"@type":"BreadcrumbList","@id":"https:\/\/blog.12min.com\/br\/resumo-do-livro-o-monge-eo-executivo\/#breadcrumb","itemListElement":[{"@type":"ListItem","position":1,"name":"In\u00edcio","item":"https:\/\/blog.12min.com\/br\/"},{"@type":"ListItem","position":2,"name":"O Monge e o Executivo: Li\u00e7\u00f5es chaves do livro!"}]},{"@type":"WebSite","@id":"https:\/\/blog.12min.com\/br\/#website","url":"https:\/\/blog.12min.com\/br\/","name":"Blog do 12min","description":"Livros, Audiobooks e Resumos","potentialAction":[{"@type":"SearchAction","target":{"@type":"EntryPoint","urlTemplate":"https:\/\/blog.12min.com\/br\/?s={search_term_string}"},"query-input":{"@type":"PropertyValueSpecification","valueRequired":true,"valueName":"search_term_string"}}],"inLanguage":"en-US"},{"@type":"Person","@id":"https:\/\/blog.12min.com\/br\/#\/schema\/person\/ccaf1a7ac6cac4265aa3afb02ae667f4","name":"Emir Zecovic","description":"Emir is the Head of Marketing\u00a0at 12min. In his spare time, he loves to meditate and play soccer.","url":"https:\/\/blog.12min.com\/br\/author\/emir\/"}]}},"amp_enabled":true,"_links":{"self":[{"href":"https:\/\/blog.12min.com\/br\/wp-json\/wp\/v2\/posts\/1500","targetHints":{"allow":["GET"]}}],"collection":[{"href":"https:\/\/blog.12min.com\/br\/wp-json\/wp\/v2\/posts"}],"about":[{"href":"https:\/\/blog.12min.com\/br\/wp-json\/wp\/v2\/types\/post"}],"author":[{"embeddable":true,"href":"https:\/\/blog.12min.com\/br\/wp-json\/wp\/v2\/users\/48"}],"replies":[{"embeddable":true,"href":"https:\/\/blog.12min.com\/br\/wp-json\/wp\/v2\/comments?post=1500"}],"version-history":[{"count":13,"href":"https:\/\/blog.12min.com\/br\/wp-json\/wp\/v2\/posts\/1500\/revisions"}],"predecessor-version":[{"id":7407,"href":"https:\/\/blog.12min.com\/br\/wp-json\/wp\/v2\/posts\/1500\/revisions\/7407"}],"wp:featuredmedia":[{"embeddable":true,"href":"https:\/\/blog.12min.com\/br\/wp-json\/wp\/v2\/media\/1502"}],"wp:attachment":[{"href":"https:\/\/blog.12min.com\/br\/wp-json\/wp\/v2\/media?parent=1500"}],"wp:term":[{"taxonomy":"category","embeddable":true,"href":"https:\/\/blog.12min.com\/br\/wp-json\/wp\/v2\/categories?post=1500"},{"taxonomy":"post_tag","embeddable":true,"href":"https:\/\/blog.12min.com\/br\/wp-json\/wp\/v2\/tags?post=1500"}],"curies":[{"name":"wp","href":"https:\/\/api.w.org\/{rel}","templated":true}]}}