{"id":1566,"date":"2018-01-16T14:46:49","date_gmt":"2018-01-16T14:46:49","guid":{"rendered":"http:\/\/blog.12min.com.br\/?p=1566"},"modified":"2018-10-24T11:53:07","modified_gmt":"2018-10-24T11:53:07","slug":"a-importancia-da-comunicacao-interna","status":"publish","type":"post","link":"https:\/\/blog.12min.com\/br\/a-importancia-da-comunicacao-interna\/","title":{"rendered":"Conhe\u00e7a a import\u00e2ncia da comunica\u00e7\u00e3o interna nas empresas"},"content":{"rendered":"<p class=\"wpwc-reading-time\">4 min de leitura \u231a&nbsp;<\/p><div class=\"pdfprnt-buttons pdfprnt-buttons-post pdfprnt-top-right\"><a href=\"https:\/\/blog.12min.com\/br\/wp-json\/wp\/v2\/posts\/1566?print=pdf\" class=\"pdfprnt-button pdfprnt-button-pdf\" target=\"_blank\"><\/a><a href=\"https:\/\/blog.12min.com\/br\/wp-json\/wp\/v2\/posts\/1566?print=print\" class=\"pdfprnt-button pdfprnt-button-print\" target=\"_blank\"><\/a><\/div><p><span style=\"font-weight: 400\">Voc\u00ea j\u00e1 observou como em alguns escrit\u00f3rios o clima organizacional \u00e9 bem melhor do que em outros? O segredo pode ser a import\u00e2ncia da comunica\u00e7\u00e3o interna para essas empresas e queremos muito conversar sobre isso.<\/span><br \/>\n<span style=\"font-weight: 400\">Al\u00e9m de ajudar a gerar mais resultados e lucratividade, a comunica\u00e7\u00e3o interna nas empresas tamb\u00e9m faz com que o ambiente de trabalho seja bem mais leve. A import\u00e2ncia dessa a\u00e7\u00e3o tem aumentado e trazido objetivos mais estrat\u00e9gicos, um clima de respeito e tarefas cumpridas com excel\u00eancia.<\/span><br \/>\n<span style=\"font-weight: 400\">Ainda assim, para que todos esses bons resultados cheguem, \u00e9 preciso conhecer e reconhecer que uma comunica\u00e7\u00e3o eficaz faz toda diferen\u00e7a. \u00c9 importante planejar e executar da forma mais precisa cada a\u00e7\u00e3o.<\/span><br \/>\n<span style=\"font-weight: 400\">O post abaixo mostrar\u00e1 como a comunica\u00e7\u00e3o empresarial proporciona uma melhoria nos resultados de uma marca. Voc\u00ea quer mudar o relacionamento da sua empresa? Ent\u00e3o veja como!<\/span><\/p>\n<h2>Todos falam a mesma l\u00edngua<\/h2>\n<p><span style=\"font-weight: 400\">N\u00e3o estamos falando daquela empresa multinacional, com funcion\u00e1rios bil\u00edngues ou estrangeiros. Nos referimos \u00e0s institui\u00e7\u00f5es onde a linguagem utilizada do mais alto at\u00e9 o mais baixo cargo \u00e9 a mesma. Onde todos os funcion\u00e1rios t\u00eam acesso ao mesmo material informativo seja ele falado ou impresso.<\/span><br \/>\n<span style=\"font-weight: 400\">Nada mais desconfort\u00e1vel do que utilizar linguagens t\u00e9cnicas para tentar passar uma mensagem, por exemplo, correndo o risco de ela n\u00e3o ser compreendida. A import\u00e2ncia da comunica\u00e7\u00e3o interna vem como uma forma de conscientizar todos os funcion\u00e1rios, de todos os setores da empresa, a passar mensagens em uma linguagem mais objetiva.<\/span><\/p>\n<h2>A import\u00e2ncia da comunica\u00e7\u00e3o para manter uma cultura organizacional na empresa<\/h2>\n<p><span style=\"font-weight: 400\">Explicando de uma forma bem simplista,\u00a0<\/span><a href=\"http:\/\/blog.12min.com.br\/cultura-organizacional\/\" target=\"_blank\" rel=\"noopener\"><span style=\"font-weight: 400\">cultura organizacional<\/span><\/a><span style=\"font-weight: 400\"> \u00e9 o conjunto de valores de uma empresa, que \u00e9 compartilhado por todos aqueles que fazem parte dela. Quanto mais se entende sobre esse sistema, mais se tem destaque no mercado.<\/span><br \/>\n<span style=\"font-weight: 400\">A comunica\u00e7\u00e3o interna nas empresas \u00e9 fun\u00e7\u00e3o fundamental para que os colaboradores entendam e vivenciem essa cultura organizacional. Por exemplo, quando um funcion\u00e1rio sabe de todos os valores de sua empresa, sabe tamb\u00e9m onde ela quer chegar e ajuda no alcance dessa meta. Esse funcion\u00e1rio tamb\u00e9m trabalha mais feliz, tem uma <a href=\"http:\/\/blog.12min.com.br\/produtividade-no-trabalho\/\" target=\"_blank\" rel=\"noopener\">maior produtividade<\/a> e sempre passa uma imagem positiva da organiza\u00e7\u00e3o.<\/span><\/p>\n<h2>Alinhamento de grupos de colaboradores<\/h2>\n<p><img loading=\"lazy\" decoding=\"async\" class=\"alignnone wp-image-1570\" src=\"https:\/\/blog.12min.com\/pt\/wp-content\/uploads\/sites\/3\/2018\/01\/a-import\u00e2ncia-da-comunica\u00e7\u00e3o-12-minutos-02.jpg\" alt=\"a import\u00e2ncia da comunica\u00e7\u00e3o 12 minutos 02\" width=\"600\" height=\"400\" srcset=\"https:\/\/blog.12min.com\/br\/wp-content\/uploads\/sites\/3\/2018\/01\/a-import\u00e2ncia-da-comunica\u00e7\u00e3o-12-minutos-02.jpg 1000w, https:\/\/blog.12min.com\/br\/wp-content\/uploads\/sites\/3\/2018\/01\/a-import\u00e2ncia-da-comunica\u00e7\u00e3o-12-minutos-02-300x200.jpg 300w, https:\/\/blog.12min.com\/br\/wp-content\/uploads\/sites\/3\/2018\/01\/a-import\u00e2ncia-da-comunica\u00e7\u00e3o-12-minutos-02-768x512.jpg 768w\" sizes=\"auto, (max-width: 600px) 100vw, 600px\" \/><br \/>\n<span style=\"font-weight: 400\">Outra grande vantagem de uma comunica\u00e7\u00e3o empresarial eficiente \u00e9 manter uma equipe de trabalho sempre alinhada. Saber<\/span><a href=\"http:\/\/blog.12min.com.br\/como-lidar-com-pessoas-dificeis-no-trabalho\/\" target=\"_blank\" rel=\"noopener\"> <span style=\"font-weight: 400\">lidar com pessoas dif\u00edceis no trabalho<\/span><\/a><span style=\"font-weight: 400\"> nem sempre \u00e9 quest\u00e3o de toler\u00e2ncia e educa\u00e7\u00e3o, mas tamb\u00e9m de organiza\u00e7\u00e3o e comunica\u00e7\u00e3o.<\/span><br \/>\n<span style=\"font-weight: 400\">Aqui tamb\u00e9m entra todo o conhecimento e pr\u00e1tica de uma cultura organizacional. A equipe de comunica\u00e7\u00e3o interna nas empresas tem papel fundamental de alinhar as metas, as vis\u00f5es e o papel de cada grupo de colaborador, levando em conta a sua fun\u00e7\u00e3o em particular e o seu bom relacionamento com outros funcion\u00e1rios.<\/span><\/p>\n<h2>Comunica\u00e7\u00e3o eficaz gera sucesso no mercado<\/h2>\n<p><span style=\"font-weight: 400\">Uma empresa que entende a import\u00e2ncia da comunica\u00e7\u00e3o interna e trabalha esse aspecto em seu dia a dia tem melhores resultados financeiros e grandes chances de se<\/span><a href=\"http:\/\/blog.12min.com.br\/como-ser-o-melhor\/\" target=\"_blank\" rel=\"noopener\"> <span style=\"font-weight: 400\">destacar sobre os seus concorrentes<\/span><\/a><span style=\"font-weight: 400\">. Isso se d\u00e1 porque essas organiza\u00e7\u00f5es est\u00e3o constantemente adotando novas ferramentas de trabalho, buscando respostas inovadoras para seus servi\u00e7os, entre outras a\u00e7\u00f5es que s\u00f3 elevam os seus valores.<\/span><br \/>\n<span style=\"font-weight: 400\">Os<\/span><a href=\"http:\/\/blog.12min.com.br\/empreendedores-de-sucesso\/\" target=\"_blank\" rel=\"noopener\"> <span style=\"font-weight: 400\">empreendedores de sucesso<\/span><\/a><span style=\"font-weight: 400\"> t\u00eam sempre em comum o fato de se preocuparem sempre com o cliente. Isso \u00e9 levado em conta quando h\u00e1 investimento em treinamentos de lideran\u00e7a e em a\u00e7\u00f5es de comunica\u00e7\u00e3o interna nas empresas para melhorar a produtividade e a qualidade dos servi\u00e7os prestados.<\/span><\/p>\n<h2>Quebrar as poss\u00edveis barreiras da comunica\u00e7\u00e3o<\/h2>\n<p><img decoding=\"async\" src=\"https:\/\/media.giphy.com\/media\/l41lVsYDBC0UVQJCE\/giphy.gif\" \/><br \/>\n<span style=\"font-weight: 400\">Voc\u00ea j\u00e1 percebeu como em algumas empresas \u00e9 t\u00e3o dif\u00edcil o contato e uma boa comunica\u00e7\u00e3o entre colaboradores e seus superiores? A import\u00e2ncia da comunica\u00e7\u00e3o interna em uma organiza\u00e7\u00e3o vem para quebrar esse tipo de barreira.<\/span><br \/>\n<span style=\"font-weight: 400\">A equipe de comunica\u00e7\u00e3o procura sempre mostrar<\/span><a href=\"http:\/\/blog.12min.com.br\/como-se-comportar-no-trabalho\/\" target=\"_blank\" rel=\"noopener\"> <span style=\"font-weight: 400\">como se comportar no trabalho<\/span><\/a><span style=\"font-weight: 400\"> e conseguir com que todas as pessoas desenvolvam uma rela\u00e7\u00e3o de confian\u00e7a entre si. Isso independe do n\u00edvel na cadeia hier\u00e1rquica corporativa, j\u00e1 que todos trabalhar\u00e3o em prol de um grupo maior e n\u00e3o de pequenas turmas dentro da organiza\u00e7\u00e3o.<\/span><\/p>\n<h2>Trabalhar a comunica\u00e7\u00e3o dentro da empresa<\/h2>\n<p><span style=\"font-weight: 400\">Falamos at\u00e9 aqui o quanto uma comunica\u00e7\u00e3o eficaz dentro de uma empresa ajuda a melhorar a sua organiza\u00e7\u00e3o e o relacionamento entre colaboradores. De fato, esse \u00e9 um dos grandes valores, mas eles v\u00e3o um pouco al\u00e9m.<\/span><br \/>\n<span style=\"font-weight: 400\">Fica por conta da comunica\u00e7\u00e3o interna nas empresas, repassar todas as informa\u00e7\u00f5es e atualiza\u00e7\u00f5es sobre funcionamento internos, externos e legais. Al\u00e9m do treinamento para cada novo servi\u00e7o ou produto, essa equipe produz material educativo para que os funcion\u00e1rios saibam orientar da melhor forma os clientes em atendimento.<\/span><br \/>\n<span style=\"font-weight: 400\">Um bom exemplo de ferramentas utilizadas pela equipe de comunica\u00e7\u00e3o interna \u00e9 a intranet. Nela est\u00e3o informa\u00e7\u00f5es que facilitam o trabalho do funcion\u00e1rio, al\u00e9m de ser funcional para que o colaborador saiba das \u00faltimas not\u00edcias de sua empresa.<\/span><\/p>\n<h2>Alinhar a comunica\u00e7\u00e3o entre colaboradores<\/h2>\n<p><span style=\"font-weight: 400\">N\u00e3o \u00e9 t\u00e3o incomum casos onde um funcion\u00e1rio sente necessidade de<\/span><a href=\"http:\/\/blog.12min.com.br\/hora-de-sair-do-emprego\/\" target=\"_blank\" rel=\"noopener\"> <span style=\"font-weight: 400\">sair do emprego e recome\u00e7ar<\/span><\/a><span style=\"font-weight: 400\">. Um dos motivos que faz isso acontecer \u00e9 a m\u00e1 rela\u00e7\u00e3o entre colaboradores. \u00c0s vezes formam-se grupos dentro de um setor, outras vezes h\u00e1 conflitos internos devido rumores e boatos, que s\u00e3o comuns em qualquer rela\u00e7\u00e3o humana. Tem ainda aqueles que chegaram h\u00e1 poucos dias na empresa e n\u00e3o conseguem se encaixar no setor.<\/span><br \/>\n<span style=\"font-weight: 400\">A import\u00e2ncia da comunica\u00e7\u00e3o vem para alinhar esse tipo de quest\u00e3o. Fica como fun\u00e7\u00e3o dessa equipe promover a\u00e7\u00f5es que melhoram o entrosamento entre colaboradores, permitindo um trabalho que flui mais naturalmente e de forma eficaz. Novos colaboradores tamb\u00e9m se sentir\u00e3o parte do time mais rapidamente.<\/span><\/p>\n<h2>Trabalhar o foco na autenticidade<\/h2>\n<p><span style=\"font-weight: 400\">Interna ou externamente, a autenticidade de uma empresa precisa ser levada a s\u00e9rio. N\u00e3o d\u00e1 para falar uma coisa e fazer outra. Os funcion\u00e1rios trabalhar\u00e3o com mais transpar\u00eancia e seguran\u00e7a, sabendo que n\u00e3o ser\u00e3o enganados por promessas que n\u00e3o podem ser cumpridas.<\/span><br \/>\n<span style=\"font-weight: 400\">Al\u00e9m de trazer mais valor para o trabalho, a import\u00e2ncia da comunica\u00e7\u00e3o interna nesse quesito evita tamb\u00e9m passivos trabalhistas e, consequentemente, problemas judiciais.<\/span><br \/>\n<span style=\"font-weight: 400\">Agora, nos conte como \u00e9 a import\u00e2ncia da comunica\u00e7\u00e3o interna dentro da sua institui\u00e7\u00e3o? Aprender sobre essa quest\u00e3o n\u00e3o \u00e9 uma tarefa f\u00e1cil, mas \u00e9 bastante v\u00e1lida.<\/span><br \/>\n<span style=\"font-weight: 400\">O que acha de conhecer ainda mais t\u00e9cnicas de comunica\u00e7\u00e3o para empresas? A plataforma do\u00a0<\/span><a href=\"https:\/\/app.adjust.com\/pvurmt8?deeplink=twelvemin:\/\/discovery&amp;deeplink=twelvemin:\/\/discovery&amp;redirect_windows=https:\/\/12min.com\/br&amp;redirect_macos=https:\/\/12min.com\/br\/\" target=\"_blank\" rel=\"noopener\"><span style=\"font-weight: 400\">12min<\/span><\/a><span style=\"font-weight: 400\"> tem microbooks sobre o assunto que com certeza trar\u00e3o mais valor para sua vida profissional.<\/span><\/p>\n<p><a class=\"12min-widget\" href=\"https:\/\/12min.com\/dialogo-de-culturas\">Di\u00e1logo de Culturas <\/a><\/p>\n","protected":false},"excerpt":{"rendered":"<p>4 min de leitura \u231a&nbsp;Voc\u00ea j\u00e1 observou como em alguns escrit\u00f3rios o clima organizacional \u00e9 bem melhor do que em outros? O segredo pode ser a import\u00e2ncia da comunica\u00e7\u00e3o interna para essas empresas e queremos muito conversar sobre isso. Al\u00e9m de ajudar a gerar mais resultados e lucratividade, a comunica\u00e7\u00e3o interna nas empresas tamb\u00e9m faz [&hellip;]<\/p>\n","protected":false},"author":48,"featured_media":1567,"comment_status":"closed","ping_status":"closed","sticky":false,"template":"","format":"standard","meta":{"_exactmetrics_skip_tracking":false,"_exactmetrics_sitenote_active":false,"_exactmetrics_sitenote_note":"","_exactmetrics_sitenote_category":0,"footnotes":""},"categories":[6],"tags":[],"class_list":["post-1566","post","type-post","status-publish","format-standard","has-post-thumbnail","hentry","category-negocios","wpbf-post"],"yoast_head":"<!-- This site is optimized with the Yoast SEO plugin v26.4 - https:\/\/yoast.com\/wordpress\/plugins\/seo\/ -->\n<title>A import\u00e2ncia da comunica\u00e7\u00e3o interna nas empresas - 12minutos - Blog<\/title>\n<meta name=\"description\" content=\"Voc\u00ea j\u00e1 observou como em alguns escrit\u00f3rios o clima organizacional \u00e9 bem melhor do que em outros? O segredo pode ser a import\u00e2ncia da comunica\u00e7\u00e3o interna nas empresas. Mas voc\u00ea sabe bem o que \u00e9 comunica\u00e7\u00e3o interna? Qual sua import\u00e2ncia? Quais barreiras ela enfrenta?\" \/>\n<meta name=\"robots\" content=\"index, follow, max-snippet:-1, max-image-preview:large, max-video-preview:-1\" \/>\n<link rel=\"canonical\" href=\"https:\/\/blog.12min.com\/br\/a-importancia-da-comunicacao-interna\/\" \/>\n<meta property=\"og:locale\" content=\"en_US\" \/>\n<meta property=\"og:type\" content=\"article\" \/>\n<meta property=\"og:title\" content=\"A import\u00e2ncia da comunica\u00e7\u00e3o interna nas empresas - 12minutos - Blog\" \/>\n<meta property=\"og:description\" content=\"Voc\u00ea j\u00e1 observou como em alguns escrit\u00f3rios o clima organizacional \u00e9 bem melhor do que em outros? O segredo pode ser a import\u00e2ncia da comunica\u00e7\u00e3o interna nas empresas. Mas voc\u00ea sabe bem o que \u00e9 comunica\u00e7\u00e3o interna? Qual sua import\u00e2ncia? Quais barreiras ela enfrenta?\" \/>\n<meta property=\"og:url\" content=\"https:\/\/blog.12min.com\/br\/a-importancia-da-comunicacao-interna\/\" \/>\n<meta property=\"og:site_name\" content=\"Blog do 12min\" \/>\n<meta property=\"article:published_time\" content=\"2018-01-16T14:46:49+00:00\" \/>\n<meta property=\"article:modified_time\" content=\"2018-10-24T11:53:07+00:00\" \/>\n<meta property=\"og:image\" content=\"https:\/\/blog.12min.com\/br\/wp-content\/uploads\/sites\/3\/2018\/01\/a-import\u00e2ncia-da-comunica\u00e7\u00e3o-12-minutos.jpg\" \/>\n\t<meta property=\"og:image:width\" content=\"1000\" \/>\n\t<meta property=\"og:image:height\" content=\"600\" \/>\n\t<meta property=\"og:image:type\" content=\"image\/jpeg\" \/>\n<meta name=\"author\" content=\"Emir Zecovic\" \/>\n<meta name=\"twitter:card\" content=\"summary_large_image\" \/>\n<meta name=\"twitter:label1\" content=\"Written by\" \/>\n\t<meta name=\"twitter:data1\" content=\"Emir Zecovic\" \/>\n\t<meta name=\"twitter:label2\" content=\"Est. reading time\" \/>\n\t<meta name=\"twitter:data2\" content=\"6 minutes\" \/>\n<!-- \/ Yoast SEO plugin. -->","yoast_head_json":{"title":"A import\u00e2ncia da comunica\u00e7\u00e3o interna nas empresas - 12minutos - Blog","description":"Voc\u00ea j\u00e1 observou como em alguns escrit\u00f3rios o clima organizacional \u00e9 bem melhor do que em outros? O segredo pode ser a import\u00e2ncia da comunica\u00e7\u00e3o interna nas empresas. Mas voc\u00ea sabe bem o que \u00e9 comunica\u00e7\u00e3o interna? Qual sua import\u00e2ncia? Quais barreiras ela enfrenta?","robots":{"index":"index","follow":"follow","max-snippet":"max-snippet:-1","max-image-preview":"max-image-preview:large","max-video-preview":"max-video-preview:-1"},"canonical":"https:\/\/blog.12min.com\/br\/a-importancia-da-comunicacao-interna\/","og_locale":"en_US","og_type":"article","og_title":"A import\u00e2ncia da comunica\u00e7\u00e3o interna nas empresas - 12minutos - Blog","og_description":"Voc\u00ea j\u00e1 observou como em alguns escrit\u00f3rios o clima organizacional \u00e9 bem melhor do que em outros? O segredo pode ser a import\u00e2ncia da comunica\u00e7\u00e3o interna nas empresas. Mas voc\u00ea sabe bem o que \u00e9 comunica\u00e7\u00e3o interna? Qual sua import\u00e2ncia? Quais barreiras ela enfrenta?","og_url":"https:\/\/blog.12min.com\/br\/a-importancia-da-comunicacao-interna\/","og_site_name":"Blog do 12min","article_published_time":"2018-01-16T14:46:49+00:00","article_modified_time":"2018-10-24T11:53:07+00:00","og_image":[{"width":1000,"height":600,"url":"https:\/\/blog.12min.com\/br\/wp-content\/uploads\/sites\/3\/2018\/01\/a-import\u00e2ncia-da-comunica\u00e7\u00e3o-12-minutos.jpg","type":"image\/jpeg"}],"author":"Emir Zecovic","twitter_card":"summary_large_image","twitter_misc":{"Written by":"Emir Zecovic","Est. reading time":"6 minutes"},"schema":{"@context":"https:\/\/schema.org","@graph":[{"@type":"WebPage","@id":"https:\/\/blog.12min.com\/br\/a-importancia-da-comunicacao-interna\/","url":"https:\/\/blog.12min.com\/br\/a-importancia-da-comunicacao-interna\/","name":"A import\u00e2ncia da comunica\u00e7\u00e3o interna nas empresas - 12minutos - Blog","isPartOf":{"@id":"https:\/\/blog.12min.com\/br\/#website"},"primaryImageOfPage":{"@id":"https:\/\/blog.12min.com\/br\/a-importancia-da-comunicacao-interna\/#primaryimage"},"image":{"@id":"https:\/\/blog.12min.com\/br\/a-importancia-da-comunicacao-interna\/#primaryimage"},"thumbnailUrl":"https:\/\/blog.12min.com\/br\/wp-content\/uploads\/sites\/3\/2018\/01\/a-import\u00e2ncia-da-comunica\u00e7\u00e3o-12-minutos.jpg","datePublished":"2018-01-16T14:46:49+00:00","dateModified":"2018-10-24T11:53:07+00:00","author":{"@id":"https:\/\/blog.12min.com\/br\/#\/schema\/person\/ccaf1a7ac6cac4265aa3afb02ae667f4"},"description":"Voc\u00ea j\u00e1 observou como em alguns escrit\u00f3rios o clima organizacional \u00e9 bem melhor do que em outros? O segredo pode ser a import\u00e2ncia da comunica\u00e7\u00e3o interna nas empresas. Mas voc\u00ea sabe bem o que \u00e9 comunica\u00e7\u00e3o interna? Qual sua import\u00e2ncia? Quais barreiras ela enfrenta?","breadcrumb":{"@id":"https:\/\/blog.12min.com\/br\/a-importancia-da-comunicacao-interna\/#breadcrumb"},"inLanguage":"en-US","potentialAction":[{"@type":"ReadAction","target":["https:\/\/blog.12min.com\/br\/a-importancia-da-comunicacao-interna\/"]}]},{"@type":"ImageObject","inLanguage":"en-US","@id":"https:\/\/blog.12min.com\/br\/a-importancia-da-comunicacao-interna\/#primaryimage","url":"https:\/\/blog.12min.com\/br\/wp-content\/uploads\/sites\/3\/2018\/01\/a-import\u00e2ncia-da-comunica\u00e7\u00e3o-12-minutos.jpg","contentUrl":"https:\/\/blog.12min.com\/br\/wp-content\/uploads\/sites\/3\/2018\/01\/a-import\u00e2ncia-da-comunica\u00e7\u00e3o-12-minutos.jpg","width":1000,"height":600,"caption":"a import\u00e2ncia da comunica\u00e7\u00e3o 12 minutos"},{"@type":"BreadcrumbList","@id":"https:\/\/blog.12min.com\/br\/a-importancia-da-comunicacao-interna\/#breadcrumb","itemListElement":[{"@type":"ListItem","position":1,"name":"In\u00edcio","item":"https:\/\/blog.12min.com\/br\/"},{"@type":"ListItem","position":2,"name":"Conhe\u00e7a a import\u00e2ncia da comunica\u00e7\u00e3o interna nas empresas"}]},{"@type":"WebSite","@id":"https:\/\/blog.12min.com\/br\/#website","url":"https:\/\/blog.12min.com\/br\/","name":"Blog do 12min","description":"Livros, Audiobooks e Resumos","potentialAction":[{"@type":"SearchAction","target":{"@type":"EntryPoint","urlTemplate":"https:\/\/blog.12min.com\/br\/?s={search_term_string}"},"query-input":{"@type":"PropertyValueSpecification","valueRequired":true,"valueName":"search_term_string"}}],"inLanguage":"en-US"},{"@type":"Person","@id":"https:\/\/blog.12min.com\/br\/#\/schema\/person\/ccaf1a7ac6cac4265aa3afb02ae667f4","name":"Emir Zecovic","description":"Emir is the Head of Marketing\u00a0at 12min. In his spare time, he loves to meditate and play soccer.","url":"https:\/\/blog.12min.com\/br\/author\/emir\/"}]}},"amp_enabled":true,"_links":{"self":[{"href":"https:\/\/blog.12min.com\/br\/wp-json\/wp\/v2\/posts\/1566","targetHints":{"allow":["GET"]}}],"collection":[{"href":"https:\/\/blog.12min.com\/br\/wp-json\/wp\/v2\/posts"}],"about":[{"href":"https:\/\/blog.12min.com\/br\/wp-json\/wp\/v2\/types\/post"}],"author":[{"embeddable":true,"href":"https:\/\/blog.12min.com\/br\/wp-json\/wp\/v2\/users\/48"}],"replies":[{"embeddable":true,"href":"https:\/\/blog.12min.com\/br\/wp-json\/wp\/v2\/comments?post=1566"}],"version-history":[{"count":3,"href":"https:\/\/blog.12min.com\/br\/wp-json\/wp\/v2\/posts\/1566\/revisions"}],"predecessor-version":[{"id":4528,"href":"https:\/\/blog.12min.com\/br\/wp-json\/wp\/v2\/posts\/1566\/revisions\/4528"}],"wp:featuredmedia":[{"embeddable":true,"href":"https:\/\/blog.12min.com\/br\/wp-json\/wp\/v2\/media\/1567"}],"wp:attachment":[{"href":"https:\/\/blog.12min.com\/br\/wp-json\/wp\/v2\/media?parent=1566"}],"wp:term":[{"taxonomy":"category","embeddable":true,"href":"https:\/\/blog.12min.com\/br\/wp-json\/wp\/v2\/categories?post=1566"},{"taxonomy":"post_tag","embeddable":true,"href":"https:\/\/blog.12min.com\/br\/wp-json\/wp\/v2\/tags?post=1566"}],"curies":[{"name":"wp","href":"https:\/\/api.w.org\/{rel}","templated":true}]}}