{"id":1580,"date":"2019-01-17T15:17:42","date_gmt":"2019-01-17T15:17:42","guid":{"rendered":"http:\/\/blog.12min.com.br\/?p=1580"},"modified":"2019-05-05T19:30:42","modified_gmt":"2019-05-05T22:30:42","slug":"resiliencia-no-trabalho","status":"publish","type":"post","link":"https:\/\/blog.12min.com\/br\/resiliencia-no-trabalho\/","title":{"rendered":"11 dicas para desenvolver a resili\u00eancia no trabalho"},"content":{"rendered":"<p class=\"wpwc-reading-time\">6 min de leitura \u231a&nbsp;<\/p><div class=\"pdfprnt-buttons pdfprnt-buttons-post pdfprnt-top-right\"><a href=\"https:\/\/blog.12min.com\/br\/wp-json\/wp\/v2\/posts\/1580?print=pdf\" class=\"pdfprnt-button pdfprnt-button-pdf\" target=\"_blank\"><\/a><a href=\"https:\/\/blog.12min.com\/br\/wp-json\/wp\/v2\/posts\/1580?print=print\" class=\"pdfprnt-button pdfprnt-button-print\" target=\"_blank\"><\/a><\/div>\n<p><span style=\"font-weight: 400\">Algumas vezes, o bicho pega pra todo mundo. No trabalho tamb\u00e9m. A rotina fren\u00e9tica por busca de resultados, num cen\u00e1rio altamente competitivo, pode sugar as nossas energias.<\/span><\/p>\n\n\n\n<p><span style=\"font-weight: 400\">Nessas horas, a nossa capacidade de resili\u00eancia no trabalho faz toda a diferen\u00e7a. \u00c9 ela que nos mant\u00e9m de p\u00e9 e com disposi\u00e7\u00e3o, coragem e for\u00e7a para enfrentar as batalhas di\u00e1rias.<\/span><\/p>\n\n\n\n<p><span style=\"font-weight: 400\">Resili\u00eancia no trabalho \u00e9 exatamente a capacidade de uma pessoa se recuperar e ainda crescer frente aos desafios e adversidades. \u00c9 a nossa capacidade de reagir quando as coisas n\u00e3o saem t\u00e3o bem como o planejado. Inclui, ainda, a nossa predisposi\u00e7\u00e3o para construir uma armadura que proteja o corpo e a mente contra os impactos dos fatores estressantes futuros.<\/span><\/p>\n\n\n\n<h2 class=\"wp-block-heading\"><span style=\"font-weight: 400\">Estresse: a epidemia do s\u00e9culo<\/span><\/h2>\n\n\n\n<p><span style=\"font-weight: 400\">Para muitas pessoas, o ritmo acelerado de trabalho, as extremas<\/span><a href=\"http:\/\/blog.12min.com\/br\/como-aumentar-a-produtividade\/\" target=\"_blank\" rel=\"noopener noreferrer\"> <span style=\"font-weight: 400\">cobran\u00e7as por produtividade<\/span><\/a><span style=\"font-weight: 400\"> e as constantes mudan\u00e7as aumentam o risco de estresse e at\u00e9 da&nbsp;<\/span><a href=\"http:\/\/blog.12min.com\/br\/sindrome-burnout\/\" target=\"_blank\" rel=\"noopener noreferrer\"><span style=\"font-weight: 400\">S\u00edndrome de <\/span><i><span style=\"font-weight: 400\">Burnout<\/span><\/i><\/a><span style=\"font-weight: 400\">. E esse desgaste tende a aumentar.<\/span><\/p>\n\n\n\n<p><span style=\"font-weight: 400\">Hoje, no Brasil, o estresse \u00e9 a terceira causa de afastamento e abstin\u00eancia nas empresas. A previs\u00e3o \u00e9 que, at\u00e9 2020, ocupe a lideran\u00e7a. <\/span><\/p>\n\n\n\n<p><span style=\"font-weight: 400\">Atualmente, 3 em cada 10 pessoas economicamente ativas no pa\u00eds sofrem de esgotamento mental intenso, causado por press\u00f5es no trabalho.<\/span><br><span style=\"font-weight: 400\">Esse tipo de estresse n\u00e3o \u00e9 bom. Gera tens\u00e3o e ang\u00fastia, afetando diretamente o sucesso pessoal e profissional das pessoas se elas n\u00e3o tiverem uma alta capacidade de resili\u00eancia no trabalho.<\/span><\/p>\n\n\n\n<h2 class=\"wp-block-heading\"><span style=\"font-weight: 400\">Por que resili\u00eancia \u00e9 importante no local de trabalho<\/span><\/h2>\n\n\n\n<p><span style=\"font-weight: 400\">Trabalho e estresse andam de m\u00e3os dadas. E todo mundo sabe que o estresse ocupacional intenso interfere negativamente na performance e na produtividade dos funcion\u00e1rios. E, \u00e9 claro, respinga nos resultados da empresa tamb\u00e9m.<\/span><\/p>\n\n\n\n<p><span style=\"font-weight: 400\">Junto com o estresse, s\u00e3o comuns a depress\u00e3o e ansiedade em elevados n\u00edveis, al\u00e9m da S\u00edndrome de Burnout. Mas onde entra a resili\u00eancia nesse cen\u00e1rio. A resposta \u00e9 simples. &nbsp;Funcion\u00e1rios resilientes s\u00e3o mais preparados para lidarem com todos esses problemas. <\/span><\/p>\n\n\n\n<p><span style=\"font-weight: 400\">Ou seja, a resili\u00eancia est\u00e1 diretamente relacionada com o otimismo, entusiasmo, energia e coragem para encarar desafios e novidades. E ningu\u00e9m tem d\u00favida de que esses s\u00e3o potenciais muito valorizados nas empresas.<\/span><\/p>\n\n\n\n<p><span style=\"font-weight: 400\">Enfim, emo\u00e7\u00f5es positivas funcionam como um obst\u00e1culo contra o estresse no local de trabalho e permitem que os funcion\u00e1rios avaliem positivamente o que muitos outros encaram como um problema. <\/span><\/p>\n\n\n\n<p><span style=\"font-weight: 400\">Mas a resili\u00eancia n\u00e3o \u00e9 boa apenas para o emocional dos funcion\u00e1rios. Pelo contr\u00e1rio, ela impacta no bem-estar f\u00edsico das pessoas. Assim, o corpo tamb\u00e9m sai ganhando.<\/span><\/p>\n\n\n\n<h2 class=\"wp-block-heading\"><span style=\"font-weight: 400\">Caracter\u00edsticas do profissional resiliente<\/span><\/h2>\n\n\n\n<figure class=\"wp-block-image\"><img loading=\"lazy\" decoding=\"async\" width=\"1000\" height=\"750\" src=\"https:\/\/blog.12min.com\/pt\/wp-content\/uploads\/sites\/3\/2018\/01\/resilie\u0302ncia-no-trabalho-12-minutos-02.jpg\" alt=\"resilie\u0302ncia no trabalho conceito\" class=\"wp-image-1588\" srcset=\"https:\/\/blog.12min.com\/br\/wp-content\/uploads\/sites\/3\/2018\/01\/resilie\u0302ncia-no-trabalho-12-minutos-02.jpg 1000w, https:\/\/blog.12min.com\/br\/wp-content\/uploads\/sites\/3\/2018\/01\/resilie\u0302ncia-no-trabalho-12-minutos-02-300x225.jpg 300w, https:\/\/blog.12min.com\/br\/wp-content\/uploads\/sites\/3\/2018\/01\/resilie\u0302ncia-no-trabalho-12-minutos-02-768x576.jpg 768w\" sizes=\"auto, (max-width: 1000px) 100vw, 1000px\" \/><\/figure>\n\n\n\n<p><span style=\"font-weight: 400\">A boa not\u00edcia \u00e9 que toda pessoa pode adquirir ou desenvolver a capacidade de resili\u00eancia no ambiente de trabalho, em qualquer etapa da vida.<\/span><\/p>\n\n\n\n<p><span style=\"font-weight: 400\">A resili\u00eancia no trabalho se d\u00e1 por meio de atitudes, comportamentos e relacionamentos interpessoais que nos permitem gerenciar alguns fatores que nos sobrecarregam e estressam.<\/span><\/p>\n\n\n\n<p><span style=\"font-weight: 400\">Quatro caracter\u00edsticas importantes de um profissional resiliente s\u00e3o:<\/span><\/p>\n\n\n\n<h3 class=\"wp-block-heading\"><strong>Metas<\/strong><\/h3>\n\n\n\n<p><span style=\"font-weight: 400\">O profissional resiliente tem<\/span><a href=\"http:\/\/blog.12min.com\/br\/como-estabelecer-metas\/\" target=\"_blank\" rel=\"noopener noreferrer\"> <span style=\"font-weight: 400\">metas claras<\/span><\/a><span style=\"font-weight: 400\"> e cultiva a perseveran\u00e7a para alcan\u00e7ar os seus objetivos, apesar dos obst\u00e1culos. Isso ocorre tanto no campo profissional como pessoal.<\/span><\/p>\n\n\n\n<h3 class=\"wp-block-heading\"><strong>Resist\u00eancia e foco<\/strong><\/h3>\n\n\n\n<p><span style=\"font-weight: 400\">Uma pessoa que desenvolve a resili\u00eancia no trabalho n\u00e3o deixa que os acontecimentos ruins tomem conta dos seus sentimentos. Mesmo sob forte emo\u00e7\u00e3o e press\u00e3o, ele lida com os contratempos de forma apropriada e n\u00e3o se dispersa diante de um obst\u00e1culo.<\/span><\/p>\n\n\n\n<h3 class=\"wp-block-heading\"><b>Solu\u00e7\u00e3o de problemas<\/b><\/h3>\n\n\n\n<p><span style=\"font-weight: 400\">O profissional resiliente \u00e9 <a href=\"http:\/\/blog.12min.com\/br\/como-ter-proatividade-no-trabalho\/\" target=\"_blank\" rel=\"noopener noreferrer\">proativo<\/a>, toma iniciativa \u2013 ao contr\u00e1rio do reativo, que tende a esperar para ver o que acontece. Ele est\u00e1 preparado para identificar problemas ou qualquer situa\u00e7\u00e3o fora do planejamento e, principalmente, tem atitude para buscar solu\u00e7\u00e3o. Tudo isso, mantendo o<\/span><a href=\"http:\/\/blog.12min.com\/br\/inteligencia-emocional-qe-e-qi\/\" target=\"_blank\" rel=\"noopener noreferrer\"> <span style=\"font-weight: 400\">controle emocional<\/span><\/a><span style=\"font-weight: 400\">.<\/span><\/p>\n\n\n\n<h3 class=\"wp-block-heading\"><b>Desafio como oportunidade<\/b><\/h3>\n\n\n\n<p><span style=\"font-weight: 400\">A pessoa com resili\u00eancia no trabalho n\u00e3o se faz de v\u00edtima quando alguma coisa sai errado. As falhas s\u00e3o encaradas como oportunidades de aprendizado e crescimento pessoal e profissional. Assim, a autoestima \u00e9 preservada. E, ainda, ele n\u00e3o desperdi\u00e7a seu precioso tempo se preocupando com que os outros pensam a seu respeito.<\/span><\/p>\n\n\n\n<h2 class=\"wp-block-heading\"><span style=\"font-weight: 400\">Dicas para a resili\u00eancia no trabalho<\/span><\/h2>\n\n\n\n<p><span style=\"font-weight: 400\">Se voc\u00ea acha que n\u00e3o tem as caracter\u00edsticas ou ainda n\u00e3o sabe como ser resiliente no trabalho, comece a correr atr\u00e1s do preju\u00edzo. Isso pode ser decisivo para sua carreira, sua sa\u00fade e sua felicidade.<\/span><\/p>\n\n\n\n<p><span style=\"font-weight: 400\">Veja por onde come\u00e7ar para ter resili\u00eancia no trabalho:<\/span><\/p>\n\n\n\n<h4 class=\"wp-block-heading\"><strong>1. Desenvolva aten\u00e7\u00e3o plena<\/strong><\/h4>\n\n\n\n<p>Segundo os especialistas, a <a rel=\"noreferrer noopener\" aria-label=\" (opens in a new tab)\" href=\"https:\/\/blog.12min.com\/br\/resumo-do-livro-atencao-plena-mindfulness-pdf\/\" target=\"_blank\">aten\u00e7\u00e3o plena<\/a> contribui para aumentar a <a rel=\"noreferrer noopener\" aria-label=\" (opens in a new tab)\" href=\"https:\/\/blog.12min.com\/br\/melhores-ted-talks-2\/\" target=\"_blank\">produtividade<\/a> no trabalho. Apesar de estar conectado a v\u00e1rios aparelhos e atividades simultaneamente, voc\u00ea precisa encontrar tempo para se conectar consigo mesmo. Os principais ganhos s\u00e3o: foco e aten\u00e7\u00e3o, melhoria do desempenho,<a href=\"http:\/\/blog.12min.com\/br\/como-diminuir-a-ansiedade\/\" target=\"_blank\" rel=\"noreferrer noopener\" aria-label=\" (opens in a new tab)\">redu\u00e7\u00e3o da ansiedade<\/a> e do estresse e aumento da energia para suas atividades di\u00e1rias.<\/p>\n\n\n\n<figure class=\"wp-block-image\"><img decoding=\"async\" src=\"https:\/\/media.giphy.com\/media\/VWfuBgdqM8jZK\/giphy.gif\" alt=\"resili\u00eancia no trabalho frases\" \/><\/figure>\n\n\n\n<h4 class=\"wp-block-heading\">2. Compartilhe sua carga <a href=\"https:\/\/www.linkedin.com\/pulse\/teoria-da-carga-cognitiva-jos%C3%A9-louren%C3%A7o-pereira\/\" target=\"_blank\" rel=\"noreferrer noopener\" aria-label=\" (opens in a new tab)\">carga cognitiva<\/a><\/h4>\n\n\n\n<p>Ningu\u00e9m consegue processar a enxurrada de informa\u00e7\u00f5es que recebe a todo momento. Nosso c\u00e9rebro n\u00e3o d\u00e1 conta desse trabalho e n\u00f3s sequer temos controle sobre a demanda que nos chega. O que fazer ent\u00e3o? Para melhorar a resili\u00eancia no trabalho, a ideia \u00e9 compartimentar nossas tarefas cognitivas, reunindo assuntos comuns em um \u00fanico local. Isso ajudar\u00e1 a processar as informa\u00e7\u00f5es e tomar decis\u00f5es assertivas, reduzindo a carga cognitiva e a tens\u00e3o.<\/p>\n\n\n\n<h4 class=\"wp-block-heading\">3. Fa\u00e7a pequenas pausas<\/h4>\n\n\n\n<p>Quando a energia come\u00e7ar a falhar, d\u00ea uma pausa por alguns minutos no trabalho. Isso recarregar\u00e1 as suas for\u00e7as e voc\u00ea conseguir\u00e1 manter o foco nas atividades que estiver realizando. Ter\u00e1 impacto positivo na sua clareza mental, na<a rel=\"noreferrer noopener\" aria-label=\" (opens in a new tab)\" href=\"http:\/\/blog.12min.com\/br\/como-ter-criatividade\/\" target=\"_blank\"> criatividade<\/a> e na capacidade de resili\u00eancia no trabalho. Voc\u00ea evitar\u00e1, inclusive, a <a href=\"https:\/\/blog.12min.com\/br\/sindrome-burnout\/\" target=\"_blank\" rel=\"noreferrer noopener\" aria-label=\" (opens in a new tab)\">S\u00edndrome de Burnout <\/a>(exaust\u00e3o) a m\u00e9dio e longo prazos.<\/p>\n\n\n\n<h4 class=\"wp-block-heading\">4. Gerencie os fatores de estresse<\/h4>\n\n\n\n<p>Temos que trabalhar nossa mente de maneira \u00e1gil para responder a uma experi\u00eancia de estresse e n\u00e3o reagir a ela. Nesse processo de gerenciamento do estresse, a ideia \u00e9 fazer uma pausa para observarmos a situa\u00e7\u00e3o do ponto de vista neutro e, somente depois, partirmos para a a\u00e7\u00e3o. Assim, estaremos ativando a \u00e1rea de pensamento do nosso c\u00e9rebro, e n\u00e3o a emocional. Isso \u00e9 muito importante para manter a resili\u00eancia no trabalho.<\/p>\n\n\n\n<h4 class=\"wp-block-heading\">5. Controle o seu temperamento<\/h4>\n\n\n\n<p>Nos momentos de dificuldade ou extrema press\u00e3o, \u00e9 fundamental manter a serenidade. Explodir em raiva e agir por impulso n\u00e3o \u00e9 a melhor sa\u00edda. O profissional resiliente tem capacidade de regular suas emo\u00e7\u00f5es na medida certa e de forma equilibrada para cada situa\u00e7\u00e3o. Isso n\u00e3o significa mandar os sentimentos para o escanteio. O segredo \u00e9 saber dos\u00e1-los.<\/p>\n\n\n\n<h4 class=\"wp-block-heading\">6. Cultive a compaix\u00e3o e a empatia<\/h4>\n\n\n\n<p>Estudos cient\u00edficos mostram que o sentimento de piedade com o sofrimento alheio aumenta as nossas emo\u00e7\u00f5es positivas e a coopera\u00e7\u00e3o no ambiente de trabalho. <a href=\"http:\/\/hbrbr.uol.com.br\/a-compaixao-nas-empresas\/\" target=\"_blank\" rel=\"noreferrer noopener\" aria-label=\" (opens in a new tab)\">Praticar a compaix\u00e3o traz felicidade, bem-estar e reduz o estresse<\/a>. J\u00e1 a empatia \u00e9 a nossa capacidade de se colocar no lugar do outro.<\/p>\n\n\n\n<h4 class=\"wp-block-heading\">7. Pense positivo e seja flex\u00edvel<\/h4>\n\n\n\n<p>N\u00e3o deixe que os pensamentos negativos dominem sua vida. Ao inv\u00e9s disso, pratique o pensamento positivo de maneira consciente. Trabalhe uma maior toler\u00e2ncia \u00e0s incertezas e fique ligado na forma como voc\u00ea se comporta consigo mesmo nos momentos de crise ou quando alguma coisa d\u00e1 errado. O profissional com resili\u00eancia no trabalho pensa em op\u00e7\u00f5es, tem atitude e persist\u00eancia.<\/p>\n\n\n\n<h4 class=\"wp-block-heading\">8. Aprenda com os erros e falhas<\/h4>\n\n\n\n<p>Todos n\u00f3s falhamos em algum momento de nossas vidas. Isso \u00e9 inevit\u00e1vel. O importante \u00e9 termos consci\u00eancia de que um erro tem algo importante para nos ensinar. Busque encontrar essa li\u00e7\u00e3o e use todo o aprendizado para o seu crescimento pessoal e profissional. Depois que a tempestade passar, voc\u00ea deve sair mais forte.<br><\/p>\n\n\n\n<figure class=\"wp-block-image\"><img decoding=\"async\" src=\"https:\/\/media.giphy.com\/media\/SKGo6OYe24EBG\/giphy.gif\" alt=\"resili\u00eancia no trabalho significado\" \/><\/figure>\n\n\n\n<h4 class=\"wp-block-heading\">9. Desenvolva a autoconfian\u00e7a e a tenacidade<\/h4>\n\n\n\n<p>Voc\u00ea precisa acreditar em voc\u00ea e no seu potencial para ter coragem de arriscar e enfrentar desafios, apesar dos obst\u00e1culos e estresses no meio do caminho. A autoconfian\u00e7a fortalece a pessoa e permite dar passos importantes em busca dos objetivos. A tenacidade refere-se \u00e0 persist\u00eancia.<\/p>\n\n\n\n<h4 class=\"wp-block-heading\">10. Invista em relacionamentos fortes<\/h4>\n\n\n\n<p>Uma rede de apoio \u00e9 fundamental nos momentos de tens\u00e3o e de grandes desafios. Por isso, crie um relacionamento sincero e forte com os colegas de trabalho, com base na confian\u00e7a e no respeito m\u00fatuo. Pessoas conectadas s\u00e3o mais felizes e produzem mais. A regra vale tamb\u00e9m para as rela\u00e7\u00f5es pessoais. Importante ressaltar que buscar apoio n\u00e3o torna uma pessoa inferior.<\/p>\n\n\n\n<h4 class=\"wp-block-heading\">11. Cuide do corpo e da mente<\/h4>\n\n\n\n<p><a rel=\"noreferrer noopener\" aria-label=\" (opens in a new tab)\" href=\"http:\/\/blog.12min.com\/br\/sono-para-produzir-mais\/\" target=\"_blank\">Nada como uma boa noite de sono<\/a>, atividades f\u00edsicas regulares e alimenta\u00e7\u00e3o saud\u00e1vel para voc\u00ea se manter energizado para o trabalho. <a href=\"http:\/\/blog.12min.com\/br\/meditacao-no-trabalho-aumentar-sua-produtividade\/\" target=\"_blank\" rel=\"noreferrer noopener\" aria-label=\" (opens in a new tab)\">Medita\u00e7\u00e3o<\/a> e pr\u00e1ticas de relaxamento tamb\u00e9m s\u00e3o sempre bem-vindas. Voc\u00ea estar\u00e1 ajudando a combater o estresse e fortalecendo o corpo e a mente para lidar com os desafios di\u00e1rios.<br><\/p>\n\n\n\n<h2 class=\"wp-block-heading\">Resili\u00eancia no trabalho e outras habilidades<\/h2>\n\n\n\n<p>Essas s\u00e3o algumas dicas para quem precisa desenvolver a resili\u00eancia no trabalho. <\/p>\n\n\n\n<p>Lembre-se sempre que a resili\u00eancia \u00e9 uma habilidade. &nbsp;Assim, como qualquer outra, ela pode ser aprendida com a pr\u00e1tica. Ou seja, mesmo que voc\u00ea n\u00e3o tenha nascido com a resili\u00eancia correndo nas veias, &nbsp;voc\u00ea pode aumentar a sua capacidade de prosperar diante das dificuldades.<\/p>\n\n\n\n<p>Mas se voc\u00ea quer investir na sua imagem profissional e alavancar a sua carreira, deve ficar atento a outras quest\u00f5es, como por exemplo, a sua<a href=\"http:\/\/blog.12min.com\/br\/linguagem-do-corpo\/\"> linguagem corporal<\/a> e o <a href=\"http:\/\/blog.12min.com\/br\/guia-definitivo-para-um-marketing-pessoal-de-sucesso\/\" target=\"_blank\" rel=\"noreferrer noopener\" aria-label=\" (opens in a new tab)\">marketing pessoal<\/a>.<\/p>\n\n\n\n<p>Veja algumas sugest\u00f5es de leitura legais que selecionamos para voc\u00ea:<br><\/p>\n\n\n\n<h3 class=\"wp-block-heading\"><strong><a href=\"http:\/\/blog.12min.com\/br\/resumo-do-livro-como-fazer-amigos-e-influenciar-pessoas\/\" target=\"_blank\" rel=\"noreferrer noopener\" aria-label=\" (opens in a new tab)\">Como Fazer Amigos e Influenciar Pessoas<\/a>\u00a0&#8211; Dale Carnegie<\/strong><\/h3>\n\n\n\n<figure class=\"wp-block-image\"><img loading=\"lazy\" decoding=\"async\" width=\"197\" height=\"300\" src=\"https:\/\/blog.12min.com\/br\/wp-content\/uploads\/sites\/3\/2019\/01\/como-fazer-amigos-197x300.png\" alt=\"resili\u00eancia no trabalho\" class=\"wp-image-7683\" srcset=\"https:\/\/blog.12min.com\/br\/wp-content\/uploads\/sites\/3\/2019\/01\/como-fazer-amigos-197x300.png 197w, https:\/\/blog.12min.com\/br\/wp-content\/uploads\/sites\/3\/2019\/01\/como-fazer-amigos.png 430w\" sizes=\"auto, (max-width: 197px) 100vw, 197px\" \/><\/figure>\n\n\n\n<p><span style=\"font-weight: 400\">Uma obra espetacular e obrigat\u00f3ria para se desenvolver as habilidades de relacionamentos, sejam<\/span> <span style=\"font-weight: 400\">eles pessoais ou profissionais.<\/span><\/p>\n\n\n\n<h3 class=\"wp-block-heading\"><strong><a href=\"https:\/\/app.adjust.com\/7mvfth8?deeplink=twelvemin:\/\/book\/o-poder-do-habito\/&amp;fallback=https:\/\/12min.com\/br\/o-poder-do-habito?utm_source=blog12min&amp;utm_medium=blog&amp;utm_content=post&amp;utm_campaign=routine&amp;redirect_windows=https:\/\/12min.com\/br\/o-poder-do-habito?utm_source=blog12min&amp;utm_medium=blog&amp;utm_content=post&amp;utm_campaign=routine&amp;redirect_macos=https:\/\/12min.com\/br\/o-poder-do-habito?utm_source=blog12min&amp;utm_medium=blog&amp;utm_content=post&amp;utm_campaign=routine\" target=\"_blank\" rel=\"noopener noreferrer\">O Poder do H\u00e1bito<\/a> \u2013 Charles Duhhigg<\/strong><\/h3>\n\n\n\n<figure class=\"wp-block-image\"><img loading=\"lazy\" decoding=\"async\" width=\"206\" height=\"300\" src=\"https:\/\/blog.12min.com\/br\/wp-content\/uploads\/sites\/3\/2018\/10\/O-Poder-do-Habito-Por-Que-Fazemos-o-Que-Fazemos-na-Vida-e-Nos-Negocios-Charles-Duhigg-206x300.jpg\" alt=\"Resili\u00eancia no trabalho\" class=\"wp-image-7309\" srcset=\"https:\/\/blog.12min.com\/br\/wp-content\/uploads\/sites\/3\/2018\/10\/O-Poder-do-Habito-Por-Que-Fazemos-o-Que-Fazemos-na-Vida-e-Nos-Negocios-Charles-Duhigg-206x300.jpg 206w, https:\/\/blog.12min.com\/br\/wp-content\/uploads\/sites\/3\/2018\/10\/O-Poder-do-Habito-Por-Que-Fazemos-o-Que-Fazemos-na-Vida-e-Nos-Negocios-Charles-Duhigg.jpg 275w\" sizes=\"auto, (max-width: 206px) 100vw, 206px\" \/><\/figure>\n\n\n\n<p><span style=\"font-weight: 400\">Entender os nossos h\u00e1bitos \u00e9 o primeiro passo para sermos capazes de transformar nossas vidas, ampliar a produtividade e os resultados nos neg\u00f3cios.<\/span><\/p>\n\n\n\n<h3 class=\"wp-block-heading\"><a href=\"https:\/\/app.adjust.com\/7mvfth8?deeplink=twelvemin:\/\/book\/mindset\/&amp;fallback=https:\/\/12min.com\/br\/mindset?utm_source=blog12min&amp;utm_medium=blog&amp;utm_content=post&amp;utm_campaign=routine&amp;redirect_windows=https:\/\/12min.com\/br\/mindset?utm_source=blog12min&amp;utm_medium=blog&amp;utm_content=post&amp;utm_campaign=routine&amp;redirect_macos=https:\/\/12min.com\/br\/mindset?utm_source=blog12min&amp;utm_medium=blog&amp;utm_content=post&amp;utm_campaign=routine\" target=\"_blank\" rel=\"noopener noreferrer\"><b>Mindset<\/b><\/a><b> \u2013 Carol Dweck<\/b><\/h3>\n\n\n\n<figure class=\"wp-block-image\"><img loading=\"lazy\" decoding=\"async\" width=\"209\" height=\"300\" src=\"https:\/\/blog.12min.com\/br\/wp-content\/uploads\/sites\/3\/2018\/02\/Mindset-209x300.jpeg\" alt=\"resili\u00eancia no trabalho\" class=\"wp-image-7667\" srcset=\"https:\/\/blog.12min.com\/br\/wp-content\/uploads\/sites\/3\/2018\/02\/Mindset-209x300.jpeg 209w, https:\/\/blog.12min.com\/br\/wp-content\/uploads\/sites\/3\/2018\/02\/Mindset.jpeg 430w\" sizes=\"auto, (max-width: 209px) 100vw, 209px\" \/><\/figure>\n\n\n\n<p><span style=\"font-weight: 400\">O sucesso n\u00e3o depende unicamente das nossas habilidades ou talentos, mas tamb\u00e9m da forma como enfrentamos a vida.<\/span><\/p>\n\n\n\n<figure class=\"wp-block-image\"><img loading=\"lazy\" decoding=\"async\" width=\"178\" height=\"283\" src=\"https:\/\/blog.12min.com\/pt\/wp-content\/uploads\/sites\/3\/2018\/01\/foco-12-minutos.jpg\" alt=\"o que \u00e9 ser resiliente no trabalho\" class=\"wp-image-1587\" \/><\/figure>\n\n\n\n<h3 class=\"wp-block-heading\"><b><a href=\"https:\/\/app.adjust.com\/7mvfth8?deeplink=twelvemin:\/\/book\/foco\/&amp;fallback=https:\/\/12min.com\/br\/foco?utm_source=blog12min&amp;utm_medium=blog&amp;utm_content=post&amp;utm_campaign=routine&amp;redirect_windows=https:\/\/12min.com\/br\/foco?utm_source=blog12min&amp;utm_medium=blog&amp;utm_content=post&amp;utm_campaign=routine&amp;redirect_macos=https:\/\/12min.com\/br\/foco?utm_source=blog12min&amp;utm_medium=blog&amp;utm_content=post&amp;utm_campaign=routine\" target=\"_blank\" rel=\"noreferrer noopener\" aria-label=\" (opens in a new tab)\">Foco<\/a> \u2013 Daniel Goleman<\/b><\/h3>\n\n\n\n<p><span style=\"font-weight: 400\">Foco \u00e9 uma habilidade chave para ser bem-sucedido, produtivo e ter relacionamentos pessoais e profissionais duradouros.<\/span><br><\/p>\n\n\n\n<p>Ent\u00e3o, voc\u00ea tem as caracter\u00edsticas de um profissional resiliente? Ou est\u00e1 pronto para desenvolver essa habilidade t\u00e3o importante? <\/p>\n\n\n\n<p><span style=\"font-weight: 400\">Boa sorte em sua carreira!<\/span><\/p>\n","protected":false},"excerpt":{"rendered":"<p>6 min de leitura \u231a&nbsp; Algumas vezes, o bicho pega pra todo mundo. No trabalho tamb\u00e9m. A rotina fren\u00e9tica por busca de resultados, num cen\u00e1rio altamente competitivo, pode sugar as nossas energias. Nessas horas, a nossa capacidade de resili\u00eancia no trabalho faz toda a diferen\u00e7a. \u00c9 ela que nos mant\u00e9m de p\u00e9 e com disposi\u00e7\u00e3o, [&hellip;]<\/p>\n","protected":false},"author":48,"featured_media":1582,"comment_status":"closed","ping_status":"closed","sticky":false,"template":"","format":"standard","meta":{"_exactmetrics_skip_tracking":false,"_exactmetrics_sitenote_active":false,"_exactmetrics_sitenote_note":"","_exactmetrics_sitenote_category":0,"footnotes":""},"categories":[2],"tags":[132],"class_list":["post-1580","post","type-post","status-publish","format-standard","has-post-thumbnail","hentry","category-conhecimento","tag-mercado-de-trabalho","wpbf-post"],"yoast_head":"<!-- This site is optimized with the Yoast SEO plugin v26.4 - https:\/\/yoast.com\/wordpress\/plugins\/seo\/ -->\n<title>Resili\u00eancia no trabalho: 11 dicas para desenvolv\u00ea-la - Blog do 12min<\/title>\n<meta name=\"robots\" content=\"index, follow, max-snippet:-1, max-image-preview:large, max-video-preview:-1\" \/>\n<link rel=\"canonical\" href=\"https:\/\/blog.12min.com\/br\/resiliencia-no-trabalho\/\" \/>\n<meta property=\"og:locale\" content=\"en_US\" \/>\n<meta property=\"og:type\" content=\"article\" \/>\n<meta property=\"og:title\" content=\"Resili\u00eancia no trabalho: 11 dicas para desenvolv\u00ea-la - Blog do 12min\" \/>\n<meta property=\"og:description\" content=\"6 min de leitura \u231a&nbsp; Algumas vezes, o bicho pega pra todo mundo. No trabalho tamb\u00e9m. A rotina fren\u00e9tica por busca de resultados, num cen\u00e1rio altamente competitivo, pode sugar as nossas energias. Nessas horas, a nossa capacidade de resili\u00eancia no trabalho faz toda a diferen\u00e7a. \u00c9 ela que nos mant\u00e9m de p\u00e9 e com disposi\u00e7\u00e3o, [&hellip;]\" \/>\n<meta property=\"og:url\" content=\"https:\/\/blog.12min.com\/br\/resiliencia-no-trabalho\/\" \/>\n<meta property=\"og:site_name\" content=\"Blog do 12min\" \/>\n<meta property=\"article:published_time\" content=\"2019-01-17T15:17:42+00:00\" \/>\n<meta property=\"article:modified_time\" content=\"2019-05-05T22:30:42+00:00\" \/>\n<meta property=\"og:image\" content=\"https:\/\/blog.12min.com\/br\/wp-content\/uploads\/sites\/3\/2018\/01\/resilie\u0302ncia-no-trabalho-12-minutos.jpg\" \/>\n\t<meta property=\"og:image:width\" content=\"1000\" \/>\n\t<meta property=\"og:image:height\" content=\"665\" \/>\n\t<meta property=\"og:image:type\" content=\"image\/jpeg\" \/>\n<meta name=\"author\" content=\"Emir Zecovic\" \/>\n<meta name=\"twitter:card\" content=\"summary_large_image\" \/>\n<meta name=\"twitter:label1\" content=\"Written by\" \/>\n\t<meta name=\"twitter:data1\" content=\"Emir Zecovic\" \/>\n\t<meta name=\"twitter:label2\" content=\"Est. reading time\" \/>\n\t<meta name=\"twitter:data2\" content=\"9 minutes\" \/>\n<!-- \/ Yoast SEO plugin. -->","yoast_head_json":{"title":"Resili\u00eancia no trabalho: 11 dicas para desenvolv\u00ea-la - Blog do 12min","robots":{"index":"index","follow":"follow","max-snippet":"max-snippet:-1","max-image-preview":"max-image-preview:large","max-video-preview":"max-video-preview:-1"},"canonical":"https:\/\/blog.12min.com\/br\/resiliencia-no-trabalho\/","og_locale":"en_US","og_type":"article","og_title":"Resili\u00eancia no trabalho: 11 dicas para desenvolv\u00ea-la - Blog do 12min","og_description":"6 min de leitura \u231a&nbsp; Algumas vezes, o bicho pega pra todo mundo. No trabalho tamb\u00e9m. A rotina fren\u00e9tica por busca de resultados, num cen\u00e1rio altamente competitivo, pode sugar as nossas energias. Nessas horas, a nossa capacidade de resili\u00eancia no trabalho faz toda a diferen\u00e7a. \u00c9 ela que nos mant\u00e9m de p\u00e9 e com disposi\u00e7\u00e3o, [&hellip;]","og_url":"https:\/\/blog.12min.com\/br\/resiliencia-no-trabalho\/","og_site_name":"Blog do 12min","article_published_time":"2019-01-17T15:17:42+00:00","article_modified_time":"2019-05-05T22:30:42+00:00","og_image":[{"width":1000,"height":665,"url":"https:\/\/blog.12min.com\/br\/wp-content\/uploads\/sites\/3\/2018\/01\/resilie\u0302ncia-no-trabalho-12-minutos.jpg","type":"image\/jpeg"}],"author":"Emir Zecovic","twitter_card":"summary_large_image","twitter_misc":{"Written by":"Emir Zecovic","Est. reading time":"9 minutes"},"schema":{"@context":"https:\/\/schema.org","@graph":[{"@type":"WebPage","@id":"https:\/\/blog.12min.com\/br\/resiliencia-no-trabalho\/","url":"https:\/\/blog.12min.com\/br\/resiliencia-no-trabalho\/","name":"Resili\u00eancia no trabalho: 11 dicas para desenvolv\u00ea-la - Blog do 12min","isPartOf":{"@id":"https:\/\/blog.12min.com\/br\/#website"},"primaryImageOfPage":{"@id":"https:\/\/blog.12min.com\/br\/resiliencia-no-trabalho\/#primaryimage"},"image":{"@id":"https:\/\/blog.12min.com\/br\/resiliencia-no-trabalho\/#primaryimage"},"thumbnailUrl":"https:\/\/blog.12min.com\/br\/wp-content\/uploads\/sites\/3\/2018\/01\/resilie\u0302ncia-no-trabalho-12-minutos.jpg","datePublished":"2019-01-17T15:17:42+00:00","dateModified":"2019-05-05T22:30:42+00:00","author":{"@id":"https:\/\/blog.12min.com\/br\/#\/schema\/person\/ccaf1a7ac6cac4265aa3afb02ae667f4"},"breadcrumb":{"@id":"https:\/\/blog.12min.com\/br\/resiliencia-no-trabalho\/#breadcrumb"},"inLanguage":"en-US","potentialAction":[{"@type":"ReadAction","target":["https:\/\/blog.12min.com\/br\/resiliencia-no-trabalho\/"]}]},{"@type":"ImageObject","inLanguage":"en-US","@id":"https:\/\/blog.12min.com\/br\/resiliencia-no-trabalho\/#primaryimage","url":"https:\/\/blog.12min.com\/br\/wp-content\/uploads\/sites\/3\/2018\/01\/resilie\u0302ncia-no-trabalho-12-minutos.jpg","contentUrl":"https:\/\/blog.12min.com\/br\/wp-content\/uploads\/sites\/3\/2018\/01\/resilie\u0302ncia-no-trabalho-12-minutos.jpg","width":1000,"height":665,"caption":"resilie\u0302ncia no trabalho"},{"@type":"BreadcrumbList","@id":"https:\/\/blog.12min.com\/br\/resiliencia-no-trabalho\/#breadcrumb","itemListElement":[{"@type":"ListItem","position":1,"name":"In\u00edcio","item":"https:\/\/blog.12min.com\/br\/"},{"@type":"ListItem","position":2,"name":"11 dicas para desenvolver a resili\u00eancia no trabalho"}]},{"@type":"WebSite","@id":"https:\/\/blog.12min.com\/br\/#website","url":"https:\/\/blog.12min.com\/br\/","name":"Blog do 12min","description":"Livros, Audiobooks e Resumos","potentialAction":[{"@type":"SearchAction","target":{"@type":"EntryPoint","urlTemplate":"https:\/\/blog.12min.com\/br\/?s={search_term_string}"},"query-input":{"@type":"PropertyValueSpecification","valueRequired":true,"valueName":"search_term_string"}}],"inLanguage":"en-US"},{"@type":"Person","@id":"https:\/\/blog.12min.com\/br\/#\/schema\/person\/ccaf1a7ac6cac4265aa3afb02ae667f4","name":"Emir Zecovic","description":"Emir is the Head of Marketing\u00a0at 12min. In his spare time, he loves to meditate and play soccer.","url":"https:\/\/blog.12min.com\/br\/author\/emir\/"}]}},"amp_enabled":true,"_links":{"self":[{"href":"https:\/\/blog.12min.com\/br\/wp-json\/wp\/v2\/posts\/1580","targetHints":{"allow":["GET"]}}],"collection":[{"href":"https:\/\/blog.12min.com\/br\/wp-json\/wp\/v2\/posts"}],"about":[{"href":"https:\/\/blog.12min.com\/br\/wp-json\/wp\/v2\/types\/post"}],"author":[{"embeddable":true,"href":"https:\/\/blog.12min.com\/br\/wp-json\/wp\/v2\/users\/48"}],"replies":[{"embeddable":true,"href":"https:\/\/blog.12min.com\/br\/wp-json\/wp\/v2\/comments?post=1580"}],"version-history":[{"count":11,"href":"https:\/\/blog.12min.com\/br\/wp-json\/wp\/v2\/posts\/1580\/revisions"}],"predecessor-version":[{"id":7686,"href":"https:\/\/blog.12min.com\/br\/wp-json\/wp\/v2\/posts\/1580\/revisions\/7686"}],"wp:featuredmedia":[{"embeddable":true,"href":"https:\/\/blog.12min.com\/br\/wp-json\/wp\/v2\/media\/1582"}],"wp:attachment":[{"href":"https:\/\/blog.12min.com\/br\/wp-json\/wp\/v2\/media?parent=1580"}],"wp:term":[{"taxonomy":"category","embeddable":true,"href":"https:\/\/blog.12min.com\/br\/wp-json\/wp\/v2\/categories?post=1580"},{"taxonomy":"post_tag","embeddable":true,"href":"https:\/\/blog.12min.com\/br\/wp-json\/wp\/v2\/tags?post=1580"}],"curies":[{"name":"wp","href":"https:\/\/api.w.org\/{rel}","templated":true}]}}