{"id":1758,"date":"2018-02-09T13:34:33","date_gmt":"2018-02-09T13:34:33","guid":{"rendered":"http:\/\/blog.12min.com.br\/?p=1758"},"modified":"2018-10-29T20:13:20","modified_gmt":"2018-10-29T20:13:20","slug":"declaracao-do-imposto-de-renda","status":"publish","type":"post","link":"https:\/\/blog.12min.com\/br\/declaracao-do-imposto-de-renda\/","title":{"rendered":"Quem deve fazer e como \u00e9 feita a declara\u00e7\u00e3o do imposto de renda?"},"content":{"rendered":"<p class=\"wpwc-reading-time\">7 min de leitura \u231a&nbsp;<\/p><div class=\"pdfprnt-buttons pdfprnt-buttons-post pdfprnt-top-right\"><a href=\"https:\/\/blog.12min.com\/br\/wp-json\/wp\/v2\/posts\/1758?print=pdf\" class=\"pdfprnt-button pdfprnt-button-pdf\" target=\"_blank\"><\/a><a href=\"https:\/\/blog.12min.com\/br\/wp-json\/wp\/v2\/posts\/1758?print=print\" class=\"pdfprnt-button pdfprnt-button-print\" target=\"_blank\"><\/a><\/div><p><span style=\"font-weight: 400;\">Chegou a hora de prestar contas com o Le\u00e3o. E n\u00e3o adianta reclamar e nem tentar driblar as normas. A Receita Federal est\u00e1 totalmente informatizada e cada dia mais preparada, cruzando as informa\u00e7\u00f5es dos contribuintes e das empresas e institui\u00e7\u00f5es.<\/span><br \/>\n<span style=\"font-weight: 400;\">Qualquer diverg\u00eancia na sua declara\u00e7\u00e3o do imposto de renda pode lev\u00e1-lo direto para a \u201cmalha fina&#8221;. A\u00ed voc\u00ea ter\u00e1 que corrigir os erros e incoer\u00eancias no prazo determinado para n\u00e3o gerar imposto a pagar.<\/span><br \/>\n<span style=\"font-weight: 400;\">Assim, para evitar dores de cabe\u00e7a e at\u00e9 mesmo preju\u00edzos para o seu bolso, a melhor sa\u00edda \u00e9 se informar. Aprenda a preencher corretamente o formul\u00e1rio e envie a sua declara\u00e7\u00e3o dentro do prazo estabelecido.<\/span><\/p>\n<h2>Pessoa F\u00edsica e Pessoa Jur\u00eddica<\/h2>\n<p><img loading=\"lazy\" decoding=\"async\" class=\"aligncenter wp-image-1765\" src=\"https:\/\/blog.12min.com\/pt\/wp-content\/uploads\/sites\/3\/2018\/02\/declara\u00e7\u00e3o-do-imposto-de-renda-12-minutos-02.jpg\" alt=\"declara\u00e7\u00e3o do imposto de renda 12 minutos 02\" width=\"600\" height=\"353\" \/><br \/>\n<span style=\"font-weight: 400;\">Tanto as Pessoas Jur\u00eddicas quanto as Pessoas F\u00edsicas devem fazer a declara\u00e7\u00e3o do imposto de renda anualmente. Por\u00e9m, o processo \u00e9 diferente para cada uma delas.<\/span><br \/>\n<span style=\"font-weight: 400;\">Pessoas Jur\u00eddicas s\u00e3o as empresas, institui\u00e7\u00f5es, igrejas e partidos pol\u00edticos. Devem ter o CNPJ. As pessoas f\u00edsicas s\u00e3o os cidad\u00e3os: trabalhadores, estudantes, aposentados etc, com CPF.<\/span><br \/>\n<span style=\"font-weight: 400;\">Nesse <\/span><i><span style=\"font-weight: 400;\">post<\/span><\/i><span style=\"font-weight: 400;\">, vamos falar da declara\u00e7\u00e3o do Imposto de Renda Pessoa F\u00edsica (IRPF).<\/span><\/p>\n<h3><b>De olho no calend\u00e1rio<\/b><\/h3>\n<p><span style=\"font-weight: 400;\">Se voc\u00ea ainda n\u00e3o sabe qual a data limite para enviar a sua declara\u00e7\u00e3o do Imposto de Renda , anote a\u00ed o cronograma:<\/span><\/p>\n<ul>\n<li style=\"font-weight: 400;\"><b>A partir de 28 de fevereiro<\/b><span style=\"font-weight: 400;\">: voc\u00ea poder\u00e1 fazer o <\/span><i><span style=\"font-weight: 400;\">download<\/span><\/i><span style=\"font-weight: 400;\"> do Programa Gerador da Declara\u00e7\u00e3o do IRPF, que \u00e9 o DIRF. Voc\u00ea ter\u00e1 que baixar, tamb\u00e9m, o Receitanet, que \u00e9 o programa de envio da declara\u00e7\u00e3o. Por quest\u00e3o de seguran\u00e7a, a sugest\u00e3o \u00e9 que se utilize o site oficial da Receita Federal para obter os dois programas.<\/span><\/li>\n<li style=\"font-weight: 400;\"><b>2 de mar\u00e7o a \u00a029 de abril<\/b><span style=\"font-weight: 400;\">: Voc\u00ea ter\u00e1 quase dois meses para preencher os formul\u00e1rios e enviar a sua declara\u00e7\u00e3o do imposto de renda para a Receita Federal. <\/span><\/li>\n<\/ul>\n<p><span style=\"font-weight: 400;\">Para ganhar tempo e evitar correria, voc\u00ea pode come\u00e7ar a recolher os documentos na empresa, bancos, institui\u00e7\u00f5es de aposentadoria privada etc, juntar os recibos, enfim, tudo o que ser\u00e1 necess\u00e1rio para elaborar a sua declara\u00e7\u00e3o do imposto de renda.<\/span><br \/>\n<span style=\"font-weight: 400;\">E n\u00e3o caia na tenta\u00e7\u00e3o de deixar para entregar na \u00faltima hora, assim como n\u00e3o \u00e9 bom estudar matem\u00e1tica apenas na v\u00e9spera da prova. A Receita estima que 40 milh\u00f5es de contribuintes enviar\u00e3o a declara\u00e7\u00e3o do imposto de renda em 2018. Por causa desse grande contingente, \u00e9 prov\u00e1vel que haja congestionamento no site oficial, nos minutos finais.<\/span><\/p>\n<h3><b>Declara\u00e7\u00e3o agora somente via internet<\/b><\/h3>\n<p><span style=\"font-weight: 400;\">J\u00e1 foi o tempo em que a gente pegava um formul\u00e1rio num posto da Receita Federal e preenchia as informa\u00e7\u00f5es manualmente. <\/span><br \/>\n<span style=\"font-weight: 400;\">Agora, a declara\u00e7\u00e3o do imposto de renda \u00e9 feita, exclusivamente, pela internet. A op\u00e7\u00e3o mais usada pelos contribuintes \u00e9 o <\/span><i><span style=\"font-weight: 400;\">software<\/span><\/i><span style=\"font-weight: 400;\"> exclusivo baixado no micro (que mencionamos anteriormente). <\/span><br \/>\n<span style=\"font-weight: 400;\">Mas voc\u00ea pode enviar o seu acerto via site da Receita Federal. Nesse caso, \u00e9 necess\u00e1rio ter certificado digital e matr\u00edcula no e-CAC <\/span><span style=\"font-weight: 400;\">(Centro Virtual de Atendimento ao Contribuinte). Trata-se de um portal de servi\u00e7os que viabiliza a comunica\u00e7\u00e3o entre o contribuinte e a Receita Federal.<\/span><br \/>\n<span style=\"font-weight: 400;\">Quando concluir o preenchimento dos dados, o programa fornecer\u00e1 um resumo da sua declara\u00e7\u00e3o e o valor a pagar ou a restituir. Imprima a guia de pagamento, se for o caso. <\/span><br \/>\n<span style=\"font-weight: 400;\">Arquive, por cinco anos, uma c\u00f3pia da sua declara\u00e7\u00e3o e os documentos utilizados que comprovam rendas e despesas, caso seja necess\u00e1rio apresent\u00e1-los para a Receita Federal, no futuro. <\/span><br \/>\n<span style=\"font-weight: 400;\">Se voc\u00ea n\u00e3o sabe como fazer a declara\u00e7\u00e3o do imposto de renda, dedique um tempo para navegar pelo programa. Ele \u00e9 auto-explicativo e responde v\u00e1rias das suas d\u00favidas. <\/span><br \/>\n<span style=\"font-weight: 400;\">Se a dificuldade persistir, uma sa\u00edda \u00e9 buscar apoio de amigos ou familiares ou at\u00e9 mesmo de profissionais especializados. O que voc\u00ea n\u00e3o deve \u00e9 n\u00e3o declarar ou declarar errado.<\/span><\/p>\n<h2>Quem tem que declarar imposto de renda<\/h2>\n<p><span style=\"font-weight: 400;\">A Receita divulga as regras que definem quem deve e quem n\u00e3o precisa fazer a declara\u00e7\u00e3o do imposto de renda. O par\u00e2metro \u00e9 o ganho mensal ou anual. Quanto mais voc\u00ea ganha, mais voc\u00ea paga.<\/span><br \/>\n<span style=\"font-weight: 400;\">Segundo a Receita, est\u00e3o obrigados a prestar contas com o Le\u00e3o, em 2018, as pessoas f\u00edsicas que:<\/span><\/p>\n<ul>\n<li style=\"font-weight: 400;\"><span style=\"font-weight: 400;\">receberam rendimentos tribut\u00e1veis acima de <\/span><b>R$ 28.123,91<\/b><span style=\"font-weight: 400;\"> &#8211; inclui trabalhadores, aposentados e pensionistas;<\/span><\/li>\n<li style=\"font-weight: 400;\"><span style=\"font-weight: 400;\">tiveram rendimentos isentos, n\u00e3o-tribut\u00e1veis (que n\u00e3o geram lucro nem valor l\u00edquido) ou <\/span><span style=\"font-weight: 400;\">tributados exclusivamente na fonte, <\/span><span style=\"font-weight: 400;\">cuja soma seja maior que R$ 40 mil;<\/span><\/li>\n<li style=\"font-weight: 400;\"><span style=\"font-weight: 400;\">tomaram posse de bens, inclusive terrenos, de valor total maior que R$ 300 mil;<\/span><\/li>\n<li style=\"font-weight: 400;\"><span style=\"font-weight: 400;\">receberam um valor superior a R$ 140.619,55 proveniente de atividade rural;<\/span><\/li>\n<li style=\"font-weight: 400;\"><span style=\"font-weight: 400;\">obtiveram ganho de posses na transfer\u00eancia de bens ou direitos ou efetuaram opera\u00e7\u00f5es em bolsas de valores, mercados de capitais ou similares;<\/span><\/li>\n<li style=\"font-weight: 400;\"><span style=\"font-weight: 400;\">tiveram um rendimento anual bruto de renda rural acima de R$ 128.308,50.<\/span><\/li>\n<\/ul>\n<p><span style=\"font-weight: 400;\">Esses s\u00e3o os casos mais comuns. Importante lembrar que o ano base para a declara\u00e7\u00e3o \u00e9 2017.<\/span><br \/>\n<span style=\"font-weight: 400;\">Veja onde voc\u00ea se encaixa nessas regras e lembre-se: sonegar imposto \u00e9 crime. A puni\u00e7\u00e3o vem em forma de multas e pris\u00e3o em regime fechado por dois anos, <\/span><\/p>\n<h2>Quem escapou da mordida do Le\u00e3o em 2018<\/h2>\n<p><span style=\"font-weight: 400;\">Algumas pessoas n\u00e3o precisam prestar contas para a Receita. S\u00e3o elas:<\/span><\/p>\n<ul>\n<li style=\"font-weight: 400;\"><span style=\"font-weight: 400;\">quem tem renda mensal de at\u00e9 <\/span><b>1.903,98<\/b><span style=\"font-weight: 400;\">;<\/span><\/li>\n<li style=\"font-weight: 400;\"><span style=\"font-weight: 400;\">quem tem posse de bens e direitos, no valor total de at\u00e9 R$ 300.000,00;<\/span><\/li>\n<li style=\"font-weight: 400;\"><span style=\"font-weight: 400;\">portadoras de doen\u00e7as graves:<\/span>\n<ul>\n<li style=\"font-weight: 400;\"><span style=\"font-weight: 400;\">AIDS (S\u00edndrome da Imunodefici\u00eancia Adquirida);<\/span><\/li>\n<li style=\"font-weight: 400;\"><span style=\"font-weight: 400;\">Aliena\u00e7\u00e3o mental;<\/span><\/li>\n<li style=\"font-weight: 400;\"><span style=\"font-weight: 400;\">Cardiopatia grave;<\/span><\/li>\n<li style=\"font-weight: 400;\"><span style=\"font-weight: 400;\">Cegueira;<\/span><\/li>\n<li style=\"font-weight: 400;\"><span style=\"font-weight: 400;\">Esclerose m\u00faltipla;<\/span><\/li>\n<li style=\"font-weight: 400;\"><span style=\"font-weight: 400;\">Espondiloartrose anquilosante;<\/span><\/li>\n<li style=\"font-weight: 400;\"><span style=\"font-weight: 400;\">Fibrose c\u00edstica (Mucoviscidose);<\/span><\/li>\n<li style=\"font-weight: 400;\"><span style=\"font-weight: 400;\">Hansen\u00edase;<\/span><\/li>\n<li style=\"font-weight: 400;\"><span style=\"font-weight: 400;\">Hepatopatia grave;<\/span><\/li>\n<li style=\"font-weight: 400;\"><span style=\"font-weight: 400;\">Neoplasia maligna;<\/span><\/li>\n<li style=\"font-weight: 400;\"><span style=\"font-weight: 400;\">Paralisia irrevers\u00edvel e incapacitante;<\/span><\/li>\n<li style=\"font-weight: 400;\"><span style=\"font-weight: 400;\">Tuberculose ativa.<\/span><\/li>\n<li style=\"font-weight: 400;\"><span style=\"font-weight: 400;\">Contamina\u00e7\u00e3o por radia\u00e7\u00e3o;<\/span><\/li>\n<li style=\"font-weight: 400;\"><span style=\"font-weight: 400;\">Doen\u00e7a de Paget em estado avan\u00e7ado;<\/span><\/li>\n<li style=\"font-weight: 400;\"><span style=\"font-weight: 400;\">Doen\u00e7a de Parkinson;<\/span><\/li>\n<li style=\"font-weight: 400;\"><span style=\"font-weight: 400;\">Nefropatia grave.<\/span><\/li>\n<\/ul>\n<\/li>\n<\/ul>\n<p><span style=\"font-weight: 400;\">Para esses casos, a Receita exige laudo de uma per\u00edcia, que pode ser realizada em um centro de sa\u00fade.<\/span><\/p>\n<h2>A tabela de 2018<\/h2>\n<p><span style=\"font-weight: 400;\">Agora, vamos falar do tamanho da mordida do Le\u00e3o. Todos os anos, a Receita divulga as al\u00edquotas de contribui\u00e7\u00e3o. Esse ano, elas ficaram assim:<\/span><\/p>\n<table>\n<tbody>\n<tr>\n<td><b>Base de C\u00e1lculo\u00a0<\/b><b style=\"font-family: inherit; font-size: inherit;\">(R$)<\/b><\/td>\n<td><b>Al\u00edquota\u00a0<\/b><b style=\"font-family: inherit; font-size: inherit;\">(%)<\/b><\/td>\n<td><b>Parcela a deduzir do IRPF (%)<\/b><\/td>\n<\/tr>\n<tr>\n<td><span style=\"font-weight: 400;\">At\u00e9 22.847,76<\/span><\/td>\n<td><span style=\"font-weight: 400;\">_<\/span><\/td>\n<td><span style=\"font-weight: 400;\">_<\/span><\/td>\n<\/tr>\n<tr>\n<td><span style=\"font-weight: 400;\">De 22.847,77 at\u00e9 33.919,80<\/span><\/td>\n<td><span style=\"font-weight: 400;\">7,5<\/span><\/td>\n<td><span style=\"font-weight: 400;\">1.713,58<\/span><\/td>\n<\/tr>\n<tr>\n<td><span style=\"font-weight: 400;\">De 33.919,81 at\u00e9 45.012,60<\/span><\/td>\n<td><span style=\"font-weight: 400;\">15<\/span><\/td>\n<td><span style=\"font-weight: 400;\">4.257,57<\/span><\/td>\n<\/tr>\n<tr>\n<td><span style=\"font-weight: 400;\">De 45.012,61 at\u00e9 55.976,16<\/span><\/td>\n<td><span style=\"font-weight: 400;\">22,5<\/span><\/td>\n<td><span style=\"font-weight: 400;\">7.633,51<\/span><\/td>\n<\/tr>\n<tr>\n<td><span style=\"font-weight: 400;\">Acima de 55.976,16<\/span><\/td>\n<td><span style=\"font-weight: 400;\">27,5<\/span><\/td>\n<td><span style=\"font-weight: 400;\">10.432,32<\/span><\/td>\n<\/tr>\n<\/tbody>\n<\/table>\n<h2><\/h2>\n<h2>Modelo Completo ou Simplificado: qual a melhor op\u00e7\u00e3o?<\/h2>\n<p><span style=\"font-weight: 400;\">Depende. Se o total das despesas for superior a 20% da sua renda, escolha o Modelo Completo. Caso contr\u00e1rio, o simplificado ser\u00e1 mais vantajoso.<\/span><br \/>\n<span style=\"font-weight: 400;\">Normalmente, utiliza o Modelo Completo quem tem dependentes e muitas despesas para abater, como escolas, dentistas e profissionais de sa\u00fade, planos de sa\u00fade e previdenci\u00e1rio etc. <\/span><br \/>\n<span style=\"font-weight: 400;\">O sistema da Receita para declara\u00e7\u00e3o do imposto de renda permite simula\u00e7\u00f5es. Voc\u00ea pode fazer as duas op\u00e7\u00f5es e escolher a que melhor lhe atender. Caso voc\u00ea decida pelo Modelo Completo, guarde todos os seus recibos por cinco anos.<\/span><\/p>\n<h2>As dedu\u00e7\u00f5es autorizadas<\/h2>\n<p><span style=\"font-weight: 400;\">Fique atento para utilizar tudo o que \u00e9 permitido para reduzir no imposto a pagar ou aumentar o valor a ser restitu\u00eddo. Isso vale para quem optar pelo Modelo Completo da declara\u00e7\u00e3o de imposto de renda.<\/span><br \/>\n<span style=\"font-weight: 400;\">Voc\u00ea pode abater as despesas com:<\/span><\/p>\n<ul>\n<li>\n<h4>Dependentes<\/h4>\n<\/li>\n<\/ul>\n<p><span style=\"font-weight: 400;\">At\u00e9 R$ 2.275,08 por dependente.<\/span><\/p>\n<ul>\n<li>\n<h4>Planos de sa\u00fade<\/h4>\n<\/li>\n<\/ul>\n<p><span style=\"font-weight: 400;\">N\u00e3o existe limite para abatimento de gastos com planos de sa\u00fade do titular e dependentes.<\/span><\/p>\n<ul>\n<li>\n<h4>Assist\u00eancia no exterior<\/h4>\n<\/li>\n<\/ul>\n<p><span style=\"font-weight: 400;\">Consultas ou interna\u00e7\u00f5es m\u00e9dicas em outros pa\u00edses podem ser abatidas, mas \u00e9 preciso comprovar os gastos. <\/span><\/p>\n<ul>\n<li>\n<h4>Cirurgias pl\u00e1sticas corretivas<\/h4>\n<\/li>\n<\/ul>\n<p><span style=\"font-weight: 400;\">Veja que n\u00e3o se trata de est\u00e9tica, mas cirurgias necess\u00e1rias para a sua sa\u00fade ou dos seus dependentes. Como por exemplo, reconstru\u00e7\u00e3o de mama.<\/span><\/p>\n<ul>\n<li>\n<h4>Fisioterapia, psic\u00f3logo e exames m\u00e9dicos<\/h4>\n<\/li>\n<\/ul>\n<p><span style=\"font-weight: 400;\">Al\u00e9m das consultas m\u00e9dicas, psiqui\u00e1tricas e psicol\u00f3gicas, inclui os tratamentos de reabilita\u00e7\u00e3o e exames. N\u00e3o considera medicamentos.<\/span><\/p>\n<ul>\n<li>\n<h4>Pr\u00f3teses e cadeiras de rodas<\/h4>\n<\/li>\n<\/ul>\n<p><span style=\"font-weight: 400;\">Vale para aquisi\u00e7\u00e3o de pr\u00f3teses, de cadeiras de rodas ou equipamentos para deficientes.<\/span><\/p>\n<ul>\n<li>\n<h4>Dentistas<\/h4>\n<\/li>\n<\/ul>\n<p><span style=\"font-weight: 400;\">Aqui, as op\u00e7\u00f5es s\u00e3o in\u00fameras: consultas, limpeza, tratamento de canal, extra\u00e7\u00f5es, implantes, pr\u00f3teses, cirurgias etc<\/span><\/p>\n<ul>\n<li>\n<h4>Educa\u00e7\u00e3o<\/h4>\n<\/li>\n<\/ul>\n<p><span style=\"font-weight: 400;\">O desconto m\u00e1ximo \u00e9 de R$ 3.561,50 no total, incluindo o titular e todos os dependentes. Inclui matr\u00edculas e mensalidades, desde o curso infantil at\u00e9 o n\u00edvel superior, gradua\u00e7\u00e3o ou p\u00f3s-gradua\u00e7\u00e3o.<\/span><\/p>\n<ul>\n<li>\n<h4>Empregada dom\u00e9stica<\/h4>\n<\/li>\n<\/ul>\n<p><span style=\"font-weight: 400;\">Voc\u00ea pode abater o limite m\u00e1ximo de R$ 1.182,20 com empregados dom\u00e9sticos, descontando esse valor do imposto devido.<\/span><\/p>\n<ul>\n<li>\n<h4>Pens\u00e3o aliment\u00edcia<\/h4>\n<\/li>\n<\/ul>\n<p><span style=\"font-weight: 400;\">Os valores integrais pagos, com base em decis\u00e3o judicial ou acordo homologado na Justi\u00e7a podem ser abatidos integralmente.<\/span><\/p>\n<ul>\n<li>\n<h4>Previd\u00eancia privada<\/h4>\n<\/li>\n<\/ul>\n<p><span style=\"font-weight: 400;\">As contribui\u00e7\u00f5es aos planos PGBL e VGBL s\u00e3o informadas de maneira diferente e somente as PGBL permite a dedu\u00e7\u00e3o de at\u00e9 12% da renda tribut\u00e1vel.<\/span><\/p>\n<ul>\n<li>\n<h4>Previd\u00eancia Social<\/h4>\n<\/li>\n<\/ul>\n<p><span style=\"font-weight: 400;\">Contribui\u00e7\u00f5es feitas em 2017 \u2013 como empregado, contribuinte individual, ou contribuinte facultativo.<\/span><\/p>\n<ul>\n<li>\n<h4>Taxas de administra\u00e7\u00e3o<\/h4>\n<\/li>\n<\/ul>\n<p><span style=\"font-weight: 400;\">Incluem as despesas com loca\u00e7\u00e3o, corretagem e administra\u00e7\u00e3o. Tenha os documentos que comprovem os gastos.<\/span><\/p>\n<ul>\n<li>\n<h4>Reformas de im\u00f3vel<\/h4>\n<\/li>\n<\/ul>\n<p><span style=\"font-weight: 400;\">Voc\u00ea pode acrescentar despesas com melhorias e reformas no im\u00f3vel, realizadas antes da venda e assim reduzir o lucro com a transa\u00e7\u00e3o. Mas, para isso, precisa ter em m\u00e3os os comprovantes, como notas fiscais e recibos de profissionais aut\u00f4nomos. <\/span><\/p>\n<ul>\n<li>\n<h4>Doa\u00e7\u00f5es<\/h4>\n<\/li>\n<\/ul>\n<p><span style=\"font-weight: 400;\">Quem fez doa\u00e7\u00f5es no ano passado (at\u00e9 29 de dezembro) para projetos sociais, pode abater 8% do valor na declara\u00e7\u00e3o do imposto de renda.<\/span><\/p>\n<ul>\n<li>\n<h4>Despesas escrituradas<\/h4>\n<\/li>\n<\/ul>\n<p><span style=\"font-weight: 400;\">Profissionais liberais aut\u00f4nomos podem abater as despesas escrituradas em livro-caixa.<\/span><br \/>\n<span style=\"font-weight: 400;\">Essas s\u00e3o as dedu\u00e7\u00f5es mais comuns. Fique de olho tamb\u00e9m no dinheiro que voc\u00ea pode pegar de volta.<\/span><\/p>\n<h2>Restitui\u00e7\u00e3o<\/h2>\n<p><span style=\"font-weight: 400;\">Se voc\u00ea pagou mais do que devia para a Receita no ano passado, ter\u00e1 direito ao reembolso desse dinheiro. <\/span><br \/>\n<span style=\"font-weight: 400;\">Ao concluir a sua declara\u00e7\u00e3o, o programa informar\u00e1 se haver\u00e1 ou n\u00e3o restitui\u00e7\u00e3o. Se sim, fique atento, porque o governo libera lotes durante o ano e isso \u00e9 amplamente divulgado pela m\u00eddia.<\/span><br \/>\n<span style=\"font-weight: 400;\">Voc\u00ea pode tamb\u00e9m acompanhar as restitui\u00e7\u00f5es diretamente no <\/span><a href=\"http:\/\/idg.receita.fazenda.gov.br\/sobre\/institucional\" target=\"_blank\" rel=\"noopener\"><span style=\"font-weight: 400;\">site da Receita Federal<\/span><\/a><span style=\"font-weight: 400;\">.<\/span><\/p>\n<h2>Caiu na Malha Fina? Saiba o que fazer<\/h2>\n<p><span style=\"font-weight: 400;\">Muita gente tem algum tipo de problema com a declara\u00e7\u00e3o do imposto de renda. S\u00e3o erros de digita\u00e7\u00e3o, inconsist\u00eancia das informa\u00e7\u00f5es etc.<\/span><br \/>\n<span style=\"font-weight: 400;\">Somente no ano passado, foram quase 800 mil contribuintes nessa situa\u00e7\u00e3o. Elas tiveram que regularizar a declara\u00e7\u00e3o para evitar multas e at\u00e9 mesmo receber a restitui\u00e7\u00e3o.<\/span><br \/>\n<span style=\"font-weight: 400;\">Se voc\u00ea n\u00e3o quer engrossar essa estat\u00edstica, tenha cuidado ao preencher o seu formul\u00e1rio. E, depois de enviar a sua declara\u00e7\u00e3o, acompanhe na <\/span><a href=\"http:\/\/idg.receita.fazenda.gov.br\/orientacao\/tributaria\/declaracoes-e-demonstrativos\/dirpf\/extrato-do-processamento-da-dirpf\" target=\"_blank\" rel=\"noopener\"><span style=\"font-weight: 400;\">Receita<\/span><\/a><span style=\"font-weight: 400;\"> se existem problemas ou pend\u00eancias. <\/span><\/p>\n<h2>Falando em dinheiro&#8230;<\/h2>\n<p><span style=\"font-weight: 400;\">J\u00e1 que o assunto \u00e9 dinheiro, que tal aprender com os especialistas como valorizar ainda mais o que voc\u00ea ganha?<\/span><br \/>\n<span style=\"font-weight: 400;\">A equipe do 12min tem tr\u00eas dicas de leitura especialmente para voc\u00ea. Vamos l\u00e1:<\/span><br \/>\n<strong><a href=\"https:\/\/goo.gl\/sWrcyM\" target=\"_blank\" rel=\"noopener\">Os Segredos da Mente Milion\u00e1ria<\/a> \u2013 T. Harv Eker<\/strong><br \/>\n<a class=\"12min-widget\" href=\"https:\/\/12min.com\/br\/os-segredos-da-mente-milionaria\">Os Segredos da Mente Milion\u00e1ria<\/a><br \/>\n<span style=\"font-weight: 400;\">Por que algumas pessoas acumulam riquezas com facilidade e outras vivem no vermelho? A resposta est\u00e1 nessa obra que conquistou o topo da lista dos livros mais lidos em 2017. <\/span><br \/>\n<img loading=\"lazy\" decoding=\"async\" class=\"wp-image-1760 alignnone\" src=\"https:\/\/blog.12min.com\/pt\/wp-content\/uploads\/sites\/3\/2018\/02\/pai-rico-pai-pobre-12-minutos.png\" alt=\"declara\u00e7\u00e3o do imposto de renda pai-rico-pai-pobre-12-minutos\" width=\"120\" height=\"181\" \/><br \/>\n<strong><a href=\"https:\/\/goo.gl\/5EW5VJ\" target=\"_blank\" rel=\"noopener\">Pai Rico Pai Pobre<\/a> &#8211; Robert Kiyosaki<\/strong><br \/>\n<span style=\"font-weight: 400;\">Aprenda sobre finan\u00e7as pessoais e identifique as caracter\u00edsticas comuns \u00e0s pessoas ricas. Ensine seus filhos desde cedo a ter educa\u00e7\u00e3o financeira e os ajude a serem adultos independentes e ricos no futuro. <\/span><br \/>\n<img loading=\"lazy\" decoding=\"async\" class=\"wp-image-1761 alignnone\" src=\"https:\/\/blog.12min.com\/pt\/wp-content\/uploads\/sites\/3\/2018\/02\/Investimentos-como-administrar-melhor-seu-dinheior-12-minutos.jpg\" alt=\"declara\u00e7\u00e3o do imposto de renda Investimentos-como-administrar-melhor-seu-dinheior-12-minutos\" width=\"120\" height=\"170\" \/><br \/>\n<a href=\"https:\/\/goo.gl\/QD3eQw\" target=\"_blank\" rel=\"noopener\"><b>Investimentos Inteligentes<\/b><\/a><b> &#8211; Gustavo Cerbasi<\/b><br \/>\n<span style=\"font-weight: 400;\">Esse \u00e9 um guia sobre as melhores formas de se aventurar no mundo dos investimentos, para os leigos que sequer sabem por onde come\u00e7ar. Apresenta estrat\u00e9gias para multiplicar seu patrim\u00f4nio.<\/span><\/p>\n","protected":false},"excerpt":{"rendered":"<p>7 min de leitura \u231a&nbsp;Chegou a hora de prestar contas com o Le\u00e3o. E n\u00e3o adianta reclamar e nem tentar driblar as normas. A Receita Federal est\u00e1 totalmente informatizada e cada dia mais preparada, cruzando as informa\u00e7\u00f5es dos contribuintes e das empresas e institui\u00e7\u00f5es. Qualquer diverg\u00eancia na sua declara\u00e7\u00e3o do imposto de renda pode lev\u00e1-lo [&hellip;]<\/p>\n","protected":false},"author":48,"featured_media":0,"comment_status":"closed","ping_status":"closed","sticky":false,"template":"","format":"standard","meta":{"_exactmetrics_skip_tracking":false,"_exactmetrics_sitenote_active":false,"_exactmetrics_sitenote_note":"","_exactmetrics_sitenote_category":0,"footnotes":""},"categories":[3],"tags":[],"class_list":["post-1758","post","type-post","status-publish","format-standard","hentry","category-dinheiro","wpbf-post"],"yoast_head":"<!-- This site is optimized with the Yoast SEO plugin v26.4 - https:\/\/yoast.com\/wordpress\/plugins\/seo\/ -->\n<title>Declara\u00e7\u00e3o do imposto de renda: como fazer - 12minutos - Blog<\/title>\n<meta name=\"description\" content=\"Chegou a hora de prestar contas com o Le\u00e3o. Voc\u00ea j\u00e1 sabe se precisa fazer a declara\u00e7\u00e3o do imposto de renda? Se sim, sabe como deve fazer? Declara\u00e7\u00e3o simplificada ou completa? Confira tudo o que voc\u00ea precisa saber neste post!\" \/>\n<meta name=\"robots\" content=\"index, follow, max-snippet:-1, max-image-preview:large, max-video-preview:-1\" \/>\n<link rel=\"canonical\" href=\"https:\/\/blog.12min.com\/br\/declaracao-do-imposto-de-renda\/\" \/>\n<meta property=\"og:locale\" content=\"en_US\" \/>\n<meta property=\"og:type\" content=\"article\" \/>\n<meta property=\"og:title\" content=\"Declara\u00e7\u00e3o do imposto de renda: como fazer - 12minutos - Blog\" \/>\n<meta property=\"og:description\" content=\"Chegou a hora de prestar contas com o Le\u00e3o. Voc\u00ea j\u00e1 sabe se precisa fazer a declara\u00e7\u00e3o do imposto de renda? Se sim, sabe como deve fazer? Declara\u00e7\u00e3o simplificada ou completa? Confira tudo o que voc\u00ea precisa saber neste post!\" \/>\n<meta property=\"og:url\" content=\"https:\/\/blog.12min.com\/br\/declaracao-do-imposto-de-renda\/\" \/>\n<meta property=\"og:site_name\" content=\"Blog do 12min\" \/>\n<meta property=\"article:published_time\" content=\"2018-02-09T13:34:33+00:00\" \/>\n<meta property=\"article:modified_time\" content=\"2018-10-29T20:13:20+00:00\" \/>\n<meta property=\"og:image\" content=\"https:\/\/blog.12min.com\/br\/wp-content\/uploads\/sites\/3\/2018\/02\/declara\u00e7\u00e3o-do-imposto-de-renda-12-minutos-01.jpg\" \/>\n\t<meta property=\"og:image:width\" content=\"1000\" \/>\n\t<meta property=\"og:image:height\" content=\"667\" \/>\n\t<meta property=\"og:image:type\" content=\"image\/jpeg\" \/>\n<meta name=\"author\" content=\"Emir Zecovic\" \/>\n<meta name=\"twitter:card\" content=\"summary_large_image\" \/>\n<meta name=\"twitter:label1\" content=\"Written by\" \/>\n\t<meta name=\"twitter:data1\" content=\"Emir Zecovic\" \/>\n\t<meta name=\"twitter:label2\" content=\"Est. reading time\" \/>\n\t<meta name=\"twitter:data2\" content=\"10 minutes\" \/>\n<!-- \/ Yoast SEO plugin. -->","yoast_head_json":{"title":"Declara\u00e7\u00e3o do imposto de renda: como fazer - 12minutos - Blog","description":"Chegou a hora de prestar contas com o Le\u00e3o. Voc\u00ea j\u00e1 sabe se precisa fazer a declara\u00e7\u00e3o do imposto de renda? Se sim, sabe como deve fazer? Declara\u00e7\u00e3o simplificada ou completa? Confira tudo o que voc\u00ea precisa saber neste post!","robots":{"index":"index","follow":"follow","max-snippet":"max-snippet:-1","max-image-preview":"max-image-preview:large","max-video-preview":"max-video-preview:-1"},"canonical":"https:\/\/blog.12min.com\/br\/declaracao-do-imposto-de-renda\/","og_locale":"en_US","og_type":"article","og_title":"Declara\u00e7\u00e3o do imposto de renda: como fazer - 12minutos - Blog","og_description":"Chegou a hora de prestar contas com o Le\u00e3o. Voc\u00ea j\u00e1 sabe se precisa fazer a declara\u00e7\u00e3o do imposto de renda? Se sim, sabe como deve fazer? Declara\u00e7\u00e3o simplificada ou completa? Confira tudo o que voc\u00ea precisa saber neste post!","og_url":"https:\/\/blog.12min.com\/br\/declaracao-do-imposto-de-renda\/","og_site_name":"Blog do 12min","article_published_time":"2018-02-09T13:34:33+00:00","article_modified_time":"2018-10-29T20:13:20+00:00","og_image":[{"width":1000,"height":667,"url":"https:\/\/blog.12min.com\/br\/wp-content\/uploads\/sites\/3\/2018\/02\/declara\u00e7\u00e3o-do-imposto-de-renda-12-minutos-01.jpg","type":"image\/jpeg"}],"author":"Emir Zecovic","twitter_card":"summary_large_image","twitter_misc":{"Written by":"Emir Zecovic","Est. reading time":"10 minutes"},"schema":{"@context":"https:\/\/schema.org","@graph":[{"@type":"WebPage","@id":"https:\/\/blog.12min.com\/br\/declaracao-do-imposto-de-renda\/","url":"https:\/\/blog.12min.com\/br\/declaracao-do-imposto-de-renda\/","name":"Declara\u00e7\u00e3o do imposto de renda: como fazer - 12minutos - Blog","isPartOf":{"@id":"https:\/\/blog.12min.com\/br\/#website"},"primaryImageOfPage":{"@id":"https:\/\/blog.12min.com\/br\/declaracao-do-imposto-de-renda\/#primaryimage"},"image":{"@id":"https:\/\/blog.12min.com\/br\/declaracao-do-imposto-de-renda\/#primaryimage"},"thumbnailUrl":"https:\/\/blog.12min.com\/pt\/wp-content\/uploads\/sites\/3\/2018\/02\/pai-rico-pai-pobre-12-minutos.png","datePublished":"2018-02-09T13:34:33+00:00","dateModified":"2018-10-29T20:13:20+00:00","author":{"@id":"https:\/\/blog.12min.com\/br\/#\/schema\/person\/ccaf1a7ac6cac4265aa3afb02ae667f4"},"description":"Chegou a hora de prestar contas com o Le\u00e3o. Voc\u00ea j\u00e1 sabe se precisa fazer a declara\u00e7\u00e3o do imposto de renda? Se sim, sabe como deve fazer? Declara\u00e7\u00e3o simplificada ou completa? Confira tudo o que voc\u00ea precisa saber neste post!","breadcrumb":{"@id":"https:\/\/blog.12min.com\/br\/declaracao-do-imposto-de-renda\/#breadcrumb"},"inLanguage":"en-US","potentialAction":[{"@type":"ReadAction","target":["https:\/\/blog.12min.com\/br\/declaracao-do-imposto-de-renda\/"]}]},{"@type":"ImageObject","inLanguage":"en-US","@id":"https:\/\/blog.12min.com\/br\/declaracao-do-imposto-de-renda\/#primaryimage","url":"https:\/\/blog.12min.com\/pt\/wp-content\/uploads\/sites\/3\/2018\/02\/pai-rico-pai-pobre-12-minutos.png","contentUrl":"https:\/\/blog.12min.com\/pt\/wp-content\/uploads\/sites\/3\/2018\/02\/pai-rico-pai-pobre-12-minutos.png"},{"@type":"BreadcrumbList","@id":"https:\/\/blog.12min.com\/br\/declaracao-do-imposto-de-renda\/#breadcrumb","itemListElement":[{"@type":"ListItem","position":1,"name":"In\u00edcio","item":"https:\/\/blog.12min.com\/br\/"},{"@type":"ListItem","position":2,"name":"Quem deve fazer e como \u00e9 feita a declara\u00e7\u00e3o do imposto de renda?"}]},{"@type":"WebSite","@id":"https:\/\/blog.12min.com\/br\/#website","url":"https:\/\/blog.12min.com\/br\/","name":"Blog do 12min","description":"Livros, Audiobooks e Resumos","potentialAction":[{"@type":"SearchAction","target":{"@type":"EntryPoint","urlTemplate":"https:\/\/blog.12min.com\/br\/?s={search_term_string}"},"query-input":{"@type":"PropertyValueSpecification","valueRequired":true,"valueName":"search_term_string"}}],"inLanguage":"en-US"},{"@type":"Person","@id":"https:\/\/blog.12min.com\/br\/#\/schema\/person\/ccaf1a7ac6cac4265aa3afb02ae667f4","name":"Emir Zecovic","description":"Emir is the Head of Marketing\u00a0at 12min. In his spare time, he loves to meditate and play soccer.","url":"https:\/\/blog.12min.com\/br\/author\/emir\/"}]}},"amp_enabled":true,"_links":{"self":[{"href":"https:\/\/blog.12min.com\/br\/wp-json\/wp\/v2\/posts\/1758","targetHints":{"allow":["GET"]}}],"collection":[{"href":"https:\/\/blog.12min.com\/br\/wp-json\/wp\/v2\/posts"}],"about":[{"href":"https:\/\/blog.12min.com\/br\/wp-json\/wp\/v2\/types\/post"}],"author":[{"embeddable":true,"href":"https:\/\/blog.12min.com\/br\/wp-json\/wp\/v2\/users\/48"}],"replies":[{"embeddable":true,"href":"https:\/\/blog.12min.com\/br\/wp-json\/wp\/v2\/comments?post=1758"}],"version-history":[{"count":6,"href":"https:\/\/blog.12min.com\/br\/wp-json\/wp\/v2\/posts\/1758\/revisions"}],"predecessor-version":[{"id":4825,"href":"https:\/\/blog.12min.com\/br\/wp-json\/wp\/v2\/posts\/1758\/revisions\/4825"}],"wp:attachment":[{"href":"https:\/\/blog.12min.com\/br\/wp-json\/wp\/v2\/media?parent=1758"}],"wp:term":[{"taxonomy":"category","embeddable":true,"href":"https:\/\/blog.12min.com\/br\/wp-json\/wp\/v2\/categories?post=1758"},{"taxonomy":"post_tag","embeddable":true,"href":"https:\/\/blog.12min.com\/br\/wp-json\/wp\/v2\/tags?post=1758"}],"curies":[{"name":"wp","href":"https:\/\/api.w.org\/{rel}","templated":true}]}}