{"id":2351,"date":"2018-05-09T16:29:15","date_gmt":"2018-05-09T16:29:15","guid":{"rendered":"https:\/\/blog.12min.com.br\/?p=2351"},"modified":"2018-09-10T11:00:01","modified_gmt":"2018-09-10T11:00:01","slug":"webinar-vitor-pecanha","status":"publish","type":"post","link":"https:\/\/blog.12min.com\/br\/webinar-vitor-pecanha\/","title":{"rendered":"Webinar Webinsider + 12min convida Vitor Pe\u00e7anha"},"content":{"rendered":"<p class=\"wpwc-reading-time\">1 min de leitura \u231a&nbsp;<\/p><div class=\"pdfprnt-buttons pdfprnt-buttons-post pdfprnt-top-right\"><a href=\"https:\/\/blog.12min.com\/br\/wp-json\/wp\/v2\/posts\/2351?print=pdf\" class=\"pdfprnt-button pdfprnt-button-pdf\" target=\"_blank\"><\/a><a href=\"https:\/\/blog.12min.com\/br\/wp-json\/wp\/v2\/posts\/2351?print=print\" class=\"pdfprnt-button pdfprnt-button-print\" target=\"_blank\"><\/a><\/div><p><span style=\"font-weight: 400\">Tem vontade de empreender, mas n\u00e3o sabe por onde come\u00e7ar? Com a parceria <a href=\"https:\/\/www.webinsider.com.br\/\" target=\"_blank\" rel=\"noopener\">Webinsider<\/a> + 12min, toda semana lan\u00e7aremos uma webinar com a participa\u00e7\u00e3o de um empreendedor ou algum nome forte em sua \u00e1rea de atua\u00e7\u00e3o.<\/span><br \/>\n<span style=\"font-weight: 400\">Para come\u00e7ar com o p\u00e9 direito, o nosso 1\u00ba <strong>Webinar Webinsider + 12min<\/strong> foi com Vitor Pe\u00e7anha, co fundador e head de customer success na Rock Content. Para quem n\u00e3o conhece, a Rock Content \u00e9 a empresa que \u00e9 uma das maiores refer\u00eancias em marketing de conte\u00fado do Brasil.<\/span><br \/>\n<span style=\"font-weight: 400\">Durante o papo, Vitor Pe\u00e7anha falou um pouco sobre sentir o momento certo para a decis\u00e3o de empreender, contou como foi o nascimento de sua empresa e citou os principais aprendizados adquiridos nesse processo.<\/span><br \/>\n<span style=\"font-weight: 400\">Al\u00e9m disso, a conversa foi para o campo da <\/span><a href=\"http:\/\/blog.12min.com.br\/cultura-organizacional\/\" target=\"_blank\" rel=\"noopener\"><span style=\"font-weight: 400\">cultura corporativa<\/span><\/a><span style=\"font-weight: 400\">, algo que \u00e9 muito forte na Rock Content e deve ser um dos pilares de qualquer neg\u00f3cio que visa se perpetuar no mercado. Afinal, j\u00e1 parou para pensar em como \u00e9 dif\u00edcil cultivar essa cultura em todos os funcion\u00e1rios e fazer com que os novos j\u00e1 entrem com a mesma mentalidade?<\/span><br \/>\n<span style=\"font-weight: 400\">Para finalizar, Pe\u00e7anha deu diversas dicas de produtividade e contou um pouquinho sobre seus livros favoritos, como \u201c<\/span><a href=\"https:\/\/12min.com.br\/a-arte-de-fazer-acontecer\" target=\"_blank\" rel=\"noopener\"><span style=\"font-weight: 400\">A Arte de Fazer Acontecer<\/span><\/a><span style=\"font-weight: 400\">\u201d e o de sua pr\u00f3pria autoria, \u201c<\/span><a href=\"https:\/\/12min.com.br\/obrigado-pelo-marketing\" target=\"_blank\" rel=\"noopener\"><span style=\"font-weight: 400\">Obrigado Pelo Marketing<\/span><\/a><span style=\"font-weight: 400\">\u201d.<\/span><br \/>\n<span style=\"font-weight: 400\">Confira o webinar na \u00edntegra:<\/span><\/p>\n<div class=\"wpbf-responsive-embed\"><iframe loading=\"lazy\" width=\"1200\" height=\"675\" src=\"https:\/\/www.youtube.com\/embed\/ACNYw5NUGoA?feature=oembed\" frameborder=\"0\" allow=\"accelerometer; autoplay; encrypted-media; gyroscope; picture-in-picture\" allowfullscreen><\/iframe><\/div>\n<p>&nbsp;<br \/>\n<span style=\"font-weight: 400\">Gostou? Ent\u00e3o, deixe seu coment\u00e1rio aqui embaixo e inscreva-se no <a href=\"https:\/\/www.youtube.com\/channel\/UCZE7DcrsqfTtr7ADSH9tsIQ\" target=\"_blank\" rel=\"noopener\">canal do 12min no YouTube<\/a> para conferir todos os pr\u00f3ximos webinars e at\u00e9 outros v\u00eddeos com dicas de leitura \ud83d\ude42<\/span><\/p>\n","protected":false},"excerpt":{"rendered":"<p>1 min de leitura \u231a&nbsp;Tem vontade de empreender, mas n\u00e3o sabe por onde come\u00e7ar? Com a parceria Webinsider + 12min, toda semana lan\u00e7aremos uma webinar com a participa\u00e7\u00e3o de um empreendedor ou algum nome forte em sua \u00e1rea de atua\u00e7\u00e3o. Para come\u00e7ar com o p\u00e9 direito, o nosso 1\u00ba Webinar Webinsider + 12min foi com [&hellip;]<\/p>\n","protected":false},"author":48,"featured_media":2353,"comment_status":"closed","ping_status":"closed","sticky":false,"template":"","format":"standard","meta":{"_exactmetrics_skip_tracking":false,"_exactmetrics_sitenote_active":false,"_exactmetrics_sitenote_note":"","_exactmetrics_sitenote_category":0,"footnotes":""},"categories":[2],"tags":[],"class_list":["post-2351","post","type-post","status-publish","format-standard","has-post-thumbnail","hentry","category-conhecimento","wpbf-post"],"yoast_head":"<!-- This site is optimized with the Yoast SEO plugin v26.4 - https:\/\/yoast.com\/wordpress\/plugins\/seo\/ -->\n<title>Webinar Webinsider + 12min convida Vitor Pe\u00e7anha - Blog do 12min<\/title>\n<meta name=\"description\" content=\"Tem vontade de empreender, mas n\u00e3o sabe por onde come\u00e7ar? Confira o 1\u00ba Webinar Webinsider + 12min com a presen\u00e7a de Vitor Pe\u00e7anha, co fundador da Rock Content.\" \/>\n<meta name=\"robots\" content=\"noindex, follow\" \/>\n<meta property=\"og:locale\" content=\"en_US\" \/>\n<meta property=\"og:type\" content=\"article\" \/>\n<meta property=\"og:title\" content=\"Webinar Webinsider + 12min convida Vitor Pe\u00e7anha - Blog do 12min\" \/>\n<meta property=\"og:description\" content=\"Tem vontade de empreender, mas n\u00e3o sabe por onde come\u00e7ar? Confira o 1\u00ba Webinar Webinsider + 12min com a presen\u00e7a de Vitor Pe\u00e7anha, co fundador da Rock Content.\" \/>\n<meta property=\"og:url\" content=\"https:\/\/blog.12min.com\/br\/webinar-vitor-pecanha\/\" \/>\n<meta property=\"og:site_name\" content=\"Blog do 12min\" \/>\n<meta property=\"article:published_time\" content=\"2018-05-09T16:29:15+00:00\" \/>\n<meta property=\"article:modified_time\" content=\"2018-09-10T11:00:01+00:00\" \/>\n<meta property=\"og:image\" content=\"https:\/\/blog.12min.com\/br\/wp-content\/uploads\/sites\/3\/2018\/05\/Print-screen-v\u00eddeo.jpg\" \/>\n\t<meta property=\"og:image:width\" content=\"2000\" \/>\n\t<meta property=\"og:image:height\" content=\"1184\" \/>\n\t<meta property=\"og:image:type\" content=\"image\/jpeg\" \/>\n<meta name=\"author\" content=\"Emir Zecovic\" \/>\n<meta name=\"twitter:card\" content=\"summary_large_image\" \/>\n<meta name=\"twitter:label1\" content=\"Written by\" \/>\n\t<meta name=\"twitter:data1\" content=\"Emir Zecovic\" \/>\n\t<meta name=\"twitter:label2\" content=\"Est. reading time\" \/>\n\t<meta name=\"twitter:data2\" content=\"1 minute\" \/>\n<!-- \/ Yoast SEO plugin. -->","yoast_head_json":{"title":"Webinar Webinsider + 12min convida Vitor Pe\u00e7anha - Blog do 12min","description":"Tem vontade de empreender, mas n\u00e3o sabe por onde come\u00e7ar? Confira o 1\u00ba Webinar Webinsider + 12min com a presen\u00e7a de Vitor Pe\u00e7anha, co fundador da Rock Content.","robots":{"index":"noindex","follow":"follow"},"og_locale":"en_US","og_type":"article","og_title":"Webinar Webinsider + 12min convida Vitor Pe\u00e7anha - Blog do 12min","og_description":"Tem vontade de empreender, mas n\u00e3o sabe por onde come\u00e7ar? Confira o 1\u00ba Webinar Webinsider + 12min com a presen\u00e7a de Vitor Pe\u00e7anha, co fundador da Rock Content.","og_url":"https:\/\/blog.12min.com\/br\/webinar-vitor-pecanha\/","og_site_name":"Blog do 12min","article_published_time":"2018-05-09T16:29:15+00:00","article_modified_time":"2018-09-10T11:00:01+00:00","og_image":[{"width":2000,"height":1184,"url":"https:\/\/blog.12min.com\/br\/wp-content\/uploads\/sites\/3\/2018\/05\/Print-screen-v\u00eddeo.jpg","type":"image\/jpeg"}],"author":"Emir Zecovic","twitter_card":"summary_large_image","twitter_misc":{"Written by":"Emir Zecovic","Est. reading time":"1 minute"},"schema":{"@context":"https:\/\/schema.org","@graph":[{"@type":"WebPage","@id":"https:\/\/blog.12min.com\/br\/webinar-vitor-pecanha\/","url":"https:\/\/blog.12min.com\/br\/webinar-vitor-pecanha\/","name":"Webinar Webinsider + 12min convida Vitor Pe\u00e7anha - Blog do 12min","isPartOf":{"@id":"https:\/\/blog.12min.com\/br\/#website"},"primaryImageOfPage":{"@id":"https:\/\/blog.12min.com\/br\/webinar-vitor-pecanha\/#primaryimage"},"image":{"@id":"https:\/\/blog.12min.com\/br\/webinar-vitor-pecanha\/#primaryimage"},"thumbnailUrl":"https:\/\/blog.12min.com\/br\/wp-content\/uploads\/sites\/3\/2018\/05\/Print-screen-v\u00eddeo.jpg","datePublished":"2018-05-09T16:29:15+00:00","dateModified":"2018-09-10T11:00:01+00:00","author":{"@id":"https:\/\/blog.12min.com\/br\/#\/schema\/person\/ccaf1a7ac6cac4265aa3afb02ae667f4"},"description":"Tem vontade de empreender, mas n\u00e3o sabe por onde come\u00e7ar? Confira o 1\u00ba Webinar Webinsider + 12min com a presen\u00e7a de Vitor Pe\u00e7anha, co fundador da Rock Content.","breadcrumb":{"@id":"https:\/\/blog.12min.com\/br\/webinar-vitor-pecanha\/#breadcrumb"},"inLanguage":"en-US","potentialAction":[{"@type":"ReadAction","target":["https:\/\/blog.12min.com\/br\/webinar-vitor-pecanha\/"]}]},{"@type":"ImageObject","inLanguage":"en-US","@id":"https:\/\/blog.12min.com\/br\/webinar-vitor-pecanha\/#primaryimage","url":"https:\/\/blog.12min.com\/br\/wp-content\/uploads\/sites\/3\/2018\/05\/Print-screen-v\u00eddeo.jpg","contentUrl":"https:\/\/blog.12min.com\/br\/wp-content\/uploads\/sites\/3\/2018\/05\/Print-screen-v\u00eddeo.jpg","width":2000,"height":1184,"caption":"Webinar Vitor Pe\u00e7anha 12 min"},{"@type":"BreadcrumbList","@id":"https:\/\/blog.12min.com\/br\/webinar-vitor-pecanha\/#breadcrumb","itemListElement":[{"@type":"ListItem","position":1,"name":"In\u00edcio","item":"https:\/\/blog.12min.com\/br\/"},{"@type":"ListItem","position":2,"name":"Webinar Webinsider + 12min convida Vitor Pe\u00e7anha"}]},{"@type":"WebSite","@id":"https:\/\/blog.12min.com\/br\/#website","url":"https:\/\/blog.12min.com\/br\/","name":"Blog do 12min","description":"Livros, Audiobooks e Resumos","potentialAction":[{"@type":"SearchAction","target":{"@type":"EntryPoint","urlTemplate":"https:\/\/blog.12min.com\/br\/?s={search_term_string}"},"query-input":{"@type":"PropertyValueSpecification","valueRequired":true,"valueName":"search_term_string"}}],"inLanguage":"en-US"},{"@type":"Person","@id":"https:\/\/blog.12min.com\/br\/#\/schema\/person\/ccaf1a7ac6cac4265aa3afb02ae667f4","name":"Emir Zecovic","description":"Emir is the Head of Marketing\u00a0at 12min. In his spare time, he loves to meditate and play soccer.","url":"https:\/\/blog.12min.com\/br\/author\/emir\/"}]}},"amp_enabled":true,"_links":{"self":[{"href":"https:\/\/blog.12min.com\/br\/wp-json\/wp\/v2\/posts\/2351","targetHints":{"allow":["GET"]}}],"collection":[{"href":"https:\/\/blog.12min.com\/br\/wp-json\/wp\/v2\/posts"}],"about":[{"href":"https:\/\/blog.12min.com\/br\/wp-json\/wp\/v2\/types\/post"}],"author":[{"embeddable":true,"href":"https:\/\/blog.12min.com\/br\/wp-json\/wp\/v2\/users\/48"}],"replies":[{"embeddable":true,"href":"https:\/\/blog.12min.com\/br\/wp-json\/wp\/v2\/comments?post=2351"}],"version-history":[{"count":1,"href":"https:\/\/blog.12min.com\/br\/wp-json\/wp\/v2\/posts\/2351\/revisions"}],"predecessor-version":[{"id":2924,"href":"https:\/\/blog.12min.com\/br\/wp-json\/wp\/v2\/posts\/2351\/revisions\/2924"}],"wp:featuredmedia":[{"embeddable":true,"href":"https:\/\/blog.12min.com\/br\/wp-json\/wp\/v2\/media\/2353"}],"wp:attachment":[{"href":"https:\/\/blog.12min.com\/br\/wp-json\/wp\/v2\/media?parent=2351"}],"wp:term":[{"taxonomy":"category","embeddable":true,"href":"https:\/\/blog.12min.com\/br\/wp-json\/wp\/v2\/categories?post=2351"},{"taxonomy":"post_tag","embeddable":true,"href":"https:\/\/blog.12min.com\/br\/wp-json\/wp\/v2\/tags?post=2351"}],"curies":[{"name":"wp","href":"https:\/\/api.w.org\/{rel}","templated":true}]}}