{"id":240,"date":"2016-12-23T08:30:35","date_gmt":"2016-12-23T08:30:35","guid":{"rendered":"http:\/\/blog.12min.com.br\/?p=98"},"modified":"2019-05-07T00:05:24","modified_gmt":"2019-05-07T03:05:24","slug":"periodo-sabatico","status":"publish","type":"post","link":"https:\/\/blog.12min.com\/br\/periodo-sabatico\/","title":{"rendered":"O que \u00e9 per\u00edodo sab\u00e1tico e 5 passos para tirar o seu sem preocupa\u00e7\u00e3o"},"content":{"rendered":"<p class=\"wpwc-reading-time\">7 min de leitura \u231a&nbsp;<\/p><div class=\"pdfprnt-buttons pdfprnt-buttons-post pdfprnt-top-right\"><a href=\"https:\/\/blog.12min.com\/br\/wp-json\/wp\/v2\/posts\/240?print=pdf\" class=\"pdfprnt-button pdfprnt-button-pdf\" target=\"_blank\"><\/a><a href=\"https:\/\/blog.12min.com\/br\/wp-json\/wp\/v2\/posts\/240?print=print\" class=\"pdfprnt-button pdfprnt-button-print\" target=\"_blank\"><\/a><\/div>\n<p><span style=\"font-weight: 400\">Voc\u00ea j\u00e1 quis tirar um per\u00edodo sab\u00e1tico? Depois de um dia estressante e desmotivador no trabalho, pode ser que essa ideia j\u00e1 tenha passado pela sua cabe\u00e7a. Se voc\u00ea desconsiderou logo de cara por achar que \u00e9 imposs\u00edvel, vamos ajud\u00e1-lo.<\/span><\/p>\n\n\n\n<p><span style=\"font-weight: 400\">A primeira coisa que voc\u00ea precisa saber \u00e9 que \u00e9 poss\u00edvel, sim. Com muita organiza\u00e7\u00e3o e sem pressa, tirar um per\u00edodo sab\u00e1tico pode estar no seu horizonte. Planeje todos esses passos e boa experi\u00eancia!<\/span><\/p>\n\n\n\n<h2 class=\"wp-block-heading\"><span style=\"font-weight: 400\">O que \u00e9 per\u00edodo sab\u00e1tico<\/span><\/h2>\n\n\n\n<figure class=\"wp-block-image\"><img loading=\"lazy\" decoding=\"async\" width=\"1000\" height=\"667\" src=\"https:\/\/blog.12min.com\/pt\/wp-content\/uploads\/sites\/3\/2016\/12\/per\u00edodo-sab\u00e1tico-12-minutos-02.jpg\" alt=\"per\u00edodo sab\u00e1tico 12 minutos 02\" class=\"wp-image-1917\" srcset=\"https:\/\/blog.12min.com\/br\/wp-content\/uploads\/sites\/3\/2016\/12\/per\u00edodo-sab\u00e1tico-12-minutos-02.jpg 1000w, https:\/\/blog.12min.com\/br\/wp-content\/uploads\/sites\/3\/2016\/12\/per\u00edodo-sab\u00e1tico-12-minutos-02-300x200.jpg 300w, https:\/\/blog.12min.com\/br\/wp-content\/uploads\/sites\/3\/2016\/12\/per\u00edodo-sab\u00e1tico-12-minutos-02-768x512.jpg 768w\" sizes=\"auto, (max-width: 1000px) 100vw, 1000px\" \/><figcaption><br><\/figcaption><\/figure>\n\n\n\n<p><span style=\"font-weight: 400\">Per\u00edodo sab\u00e1tico \u00e9 um tempo que voc\u00ea tira do trabalho e que pode ter dura\u00e7\u00e3o de dois meses, um ano, ou at\u00e9 mais. O conceito surgiu na B\u00edblia e mais recentemente ganhou o sentido de \u201cdar uma pausa na carreira para conquistar algo pessoal\u201d.<\/span><\/p>\n\n\n\n<p><span style=\"font-weight: 400\">Essa pr\u00e1tica pode ter muitos benef\u00edcios, como movimentar um pouco sua rotina, renovar sua mente, oferecer tempo para se dedicar a algo com muito significado, descobrir novas culturas ou mesmo para ganhar experi\u00eancias mais diversas na sua \u00e1rea.<\/span><\/p>\n\n\n\n<p><span style=\"font-weight: 400\">Mesmo assim, o tempo sab\u00e1tico n\u00e3o precisa ser uma parada total na carreira: encare como uma aventura que vai trazer autoconhecimento e crescimento. <\/span><\/p>\n\n\n\n<h2 class=\"wp-block-heading\"><span style=\"font-weight: 400\">Saiba onde come\u00e7a e onde termina<\/span><\/h2>\n\n\n\n<p><span style=\"font-weight: 400\">Firme uma data no calend\u00e1rio e transforme-a na sua meta. Isso n\u00e3o precisa ser definitivo &#8211; planejamentos podem mudar de acordo com seus imprevistos. S\u00f3 n\u00e3o adianta colocar uma data imagin\u00e1ria do tipo \u201cum dia eu vou\u201d.<\/span><\/p>\n\n\n\n<p><span style=\"font-weight: 400\">Uma boa ideia \u00e9 relacionar essa data com outro grande evento, como um anivers\u00e1rio seu ou antes de se casar.<\/span><\/p>\n\n\n\n<p><span style=\"font-weight: 400\">Procure se certificar-se de que todos saibam sobre sua ideia. Isso diminui as chances de voc\u00ea desistir do seu per\u00edodo sab\u00e1tico. Mas n\u00e3o ignore a opini\u00e3o das pessoas sobre sua decis\u00e3o. Ou seja, reflita sempre considerando a vis\u00e3o externa. <\/span><\/p>\n\n\n\n<h2 class=\"wp-block-heading\"><span style=\"font-weight: 400\">Planeje seu dinheiro<\/span><\/h2>\n\n\n\n<figure class=\"wp-block-image\"><img loading=\"lazy\" decoding=\"async\" width=\"1000\" height=\"667\" src=\"https:\/\/blog.12min.com\/pt\/wp-content\/uploads\/sites\/3\/2016\/12\/per\u00edodo-sab\u00e1tico-12-minutos-03.jpg\" alt=\"per\u00edodo sab\u00e1tico 12 minutos 03\" class=\"wp-image-1918\" srcset=\"https:\/\/blog.12min.com\/br\/wp-content\/uploads\/sites\/3\/2016\/12\/per\u00edodo-sab\u00e1tico-12-minutos-03.jpg 1000w, https:\/\/blog.12min.com\/br\/wp-content\/uploads\/sites\/3\/2016\/12\/per\u00edodo-sab\u00e1tico-12-minutos-03-300x200.jpg 300w, https:\/\/blog.12min.com\/br\/wp-content\/uploads\/sites\/3\/2016\/12\/per\u00edodo-sab\u00e1tico-12-minutos-03-768x512.jpg 768w\" sizes=\"auto, (max-width: 1000px) 100vw, 1000px\" \/><\/figure>\n\n\n\n<p><span style=\"font-weight: 400\">J\u00e1 que voc\u00ea decidiu dar essa pausa e colocou uma data, precisa se preocupar com os recursos financeiros. Voc\u00ea n\u00e3o vai querer ficar regulando seus gastos e nem perdendo o sono por causa disso. <\/span><\/p>\n\n\n\n<p><span style=\"font-weight: 400\">Ent\u00e3o, o passo n\u00famero um: se voc\u00ea tem d\u00edvidas, QUITE-AS. Existe a op\u00e7\u00e3o de incluir parcelas de cart\u00e3o de cr\u00e9dito no seu planejamento, mas n\u00e3o \u00e9 o ideal. Quando voc\u00ea sair para o seu per\u00edodo sab\u00e1tico, procure estar o mais leve poss\u00edvel.<\/span><\/p>\n\n\n\n<p><span style=\"font-weight: 400\">Agora que as d\u00edvidas foram resolvidas, \u00e9 hora de juntar o dinheiro. <a href=\"https:\/\/blog.12min.com\/br\/controle-financeiro-pessoal\/\" target=\"_blank\" rel=\"noopener noreferrer\">Coloque em uma planilha o quanto voc\u00ea vai precisar guardar por m\u00eas<\/a> at\u00e9 come\u00e7ar o tempo sab\u00e1tico e coloque em uma poupan\u00e7a ou fundo de investimento. <\/span><\/p>\n\n\n\n<p><span style=\"font-weight: 400\">Se voc\u00ea resolver incluir seu parceiro ou parceira nessa aventura, n\u00e3o se esque\u00e7a de contar gastos e a poss\u00edvel renda extra.<\/span><\/p>\n\n\n\n<p><span style=\"font-weight: 400\">Sem d\u00favidas, a melhor op\u00e7\u00e3o \u00e9 ter uma renda que n\u00e3o dependa do seu trabalho. Uma ideia \u00e9 ter uma propriedade, como um im\u00f3vel que pode ser alugado. Tamb\u00e9m vale contar com dividendos de investimentos e at\u00e9 a venda de an\u00fancios de um blog.<\/span><\/p>\n\n\n\n<p><span style=\"font-weight: 400\">N\u00e3o deixe de criar um fundo de emerg\u00eancia. Por mais que voc\u00ea esteja ansioso para o seu per\u00edodo sab\u00e1tico, acidentes podem acontecer. <\/span><\/p>\n\n\n\n<p><span style=\"font-weight: 400\">Enquanto estiver guardando dinheiro, procure economizar. Manter um controle dos seus gastos \u00e9 essencial nesse momento. Algumas ferramentas facilitam nessa parte, como o <\/span><a href=\"https:\/\/www.guiabolso.com.br\/\" target=\"_blank\" rel=\"noopener noreferrer\"><span style=\"font-weight: 400\">GuiaBolso<\/span><\/a><span style=\"font-weight: 400\"> ou <\/span><a href=\"https:\/\/www.organizze.com.br\/pessoal#!\/home\" target=\"_blank\" rel=\"noopener noreferrer\"><span style=\"font-weight: 400\">Organizze<\/span><\/a><span style=\"font-weight: 400\">. Pense que ter um estilo de vida moderado vai valer a pena quando chegar o tempo sab\u00e1tico. <\/span><\/p>\n\n\n\n<h2 class=\"wp-block-heading\"><span style=\"font-weight: 400\">N\u00e3o tire um per\u00edodo sab\u00e1tico para fazer nada<\/span><\/h2>\n\n\n\n<p><span style=\"font-weight: 400\">Se voc\u00ea resolver tirar um per\u00edodo sab\u00e1tico s\u00f3 para ficar de pernas para o ar, n\u00e3o tire. Especialmente para quem tem um ritmo de vida agitado, o resultado vai ser a sa\u00fade mental deteriorada.<\/span><\/p>\n\n\n\n<p><span style=\"font-weight: 400\">Procure algo motivador para fazer. Um motivo para levantar todos os dias. Voc\u00ea pode come\u00e7ar com algumas metas simples, como correr todos os dias ou aprender uma receita nova por dia.<\/span><\/p>\n\n\n\n<p><span style=\"font-weight: 400\">Mas o mais legal \u00e9 come\u00e7ar o per\u00edodo sab\u00e1tico com um grande objetivo. Pode ser seguir a sua paix\u00e3o, aquilo que voc\u00ea nunca teve chance de fazer &#8211; como escrever um livro ou morar fora do pa\u00eds, por exemplo. <\/span><\/p>\n\n\n\n<p><span style=\"font-weight: 400\">Algumas pessoas se planejam para tirar o per\u00edodo sab\u00e1tico quando nasce um filho, para poder ficar mais em casa. Outras j\u00e1 topam a aventura para fazer uma mudan\u00e7a de \u00e1rea de atua\u00e7\u00e3o.<\/span><\/p>\n\n\n\n<p><span style=\"font-weight: 400\">At\u00e9 dar check na lista de coisas a fazer antes de morrer \u00e9 um objetivo interessante. Tamb\u00e9m \u00e9 a sua chance de finalizar projetos que voc\u00ea come\u00e7ou nos finais de semana e nunca mais tiveram sua aten\u00e7\u00e3o.<\/span><\/p>\n\n\n\n<p><span style=\"font-weight: 400\">Se o seu desejo \u00e9 ter um tempo real de introspec\u00e7\u00e3o, procure recursos te\u00f3ricos para isso. Livros, filmes e outras fontes de conhecimento podem fazer toda a diferen\u00e7a. N\u00f3s temos algumas dicas de livro: <\/span><a href=\"https:\/\/goo.gl\/zH9PWz\" target=\"_blank\" rel=\"noopener noreferrer\"><span style=\"font-weight: 400\">O Poder do Agora, Eckhart Tolle<\/span><\/a><span style=\"font-weight: 400\"> e <\/span><a href=\"https:\/\/goo.gl\/o6N4ky\" target=\"_blank\" rel=\"noopener noreferrer\"><span style=\"font-weight: 400\">Em busca de Sentido, Viktor Frankl<\/span><\/a><span style=\"font-weight: 400\">.<\/span><\/p>\n\n\n\n<p><a class=\"12min-widget\" href=\"https:\/\/12min.com\/br\/o-poder-do-agora\">O Poder do Agora<\/a><\/p>\n\n\n\n<h2 class=\"wp-block-heading\"><span style=\"font-weight: 400\">Outras 3 dicas para o seu per\u00edodo sab\u00e1tico<\/span><\/h2>\n\n\n\n<p><span style=\"font-weight: 400\">Se voc\u00ea quer dar essa pausa, por\u00e9m, n\u00e3o sabe ao certo o que fazer, que tal pensar sobre as tr\u00eas dicas abaixo:<\/span><\/p>\n\n\n\n<h4 class=\"wp-block-heading\"><span style=\"font-weight: 400\">Avance nos estudos<\/span><\/h4>\n\n\n\n<p><span style=\"font-weight: 400\">Voc\u00ea est\u00e1 precisando subir degraus no seu n\u00edvel educacional? O per\u00edodo sab\u00e1tico pode ser uma oportunidade de ouro para fechar esse gap. Muitas pessoas aproveitam para fazer um curso de extens\u00e3o ou profissionalizante, um MBA acelerado\u2026 Tem gente que opta por aulas isoladas em uma universidade local ou at\u00e9 mesmo no exterior.<\/span><\/p>\n\n\n\n<p><span style=\"font-weight: 400\">Ou seja, o per\u00edodo sab\u00e1tico tamb\u00e9m pode servir para aprender coisas novas. Existe at\u00e9 um servi\u00e7o com esse objetivo: a <a rel=\"noreferrer noopener\" aria-label=\" (opens in a new tab)\" href=\"http:\/\/uncollege.org\/\" target=\"_blank\">Uncollege<\/a>. Trata-se de um programa de gap year que oferece coaching personalizado para voc\u00ea mudar a sua carreira enquanto viaja pelo mundo. <\/span><\/p>\n\n\n\n<p><span style=\"font-weight: 400\">Ah, voc\u00ea pode ainda fazer aquele curso de fotografia, de culin\u00e1ria ou artesanato&#8230; Enfim, a ideia \u00e9 aproveitar o seu tempo fora da empresa para incrementar a sua carreira, aprender mais sobre si mesmo ou melhorar a sua performance em seu hobby predileto etc.<\/span><\/p>\n\n\n\n<h4 class=\"wp-block-heading\"><span style=\"font-weight: 400\">Pratique o voluntariado<\/span><\/h4>\n\n\n\n<p><span style=\"font-weight: 400\">Voc\u00ea pode fazer a sua parte para tornar esse mundo um lugar melhor para outras pessoas. E ningu\u00e9m precisa ir para a Patag\u00f4nia e envolver-se em um causa nobre. Se a grana est\u00e1 curta, voc\u00ea pode encontrar satisfa\u00e7\u00e3o, ajudando pessoas pr\u00f3ximas. <\/span><\/p>\n\n\n\n<p><span style=\"font-weight: 400\">As op\u00e7\u00f5es de trabalho volunt\u00e1rio s\u00e3o enormes e ir\u00e1 depender das suas habilidades, ou seja, do que voc\u00ea pode doar de si mesmo. Lembre-se: voluntariado faz bem para que recebe a ajuda e pra quem pratica tamb\u00e9m.<\/span><\/p>\n\n\n\n<h4 class=\"wp-block-heading\"><span style=\"font-weight: 400\">Conhe\u00e7a novas culturas<\/span><\/h4>\n\n\n\n<p><span style=\"font-weight: 400\">Viajar \u00e9 sempre uma excelente ideia. Voc\u00ea pode optar por uma viagem pelo Brasil afora ou cruzar fronteiras para conhecer coisas e pessoas diferentes, praticar novo idioma, desafiar seus limites&#8230;<\/span><\/p>\n\n\n\n<p><span style=\"font-weight: 400\">Ou seja, pode ser uma viagem de turismo, de relaxamento e reflex\u00e3o, de estudos ou de trabalho\u2026 Independentemente do motivo que voc\u00ea escolher, procure interagir com a comunidade e a cultura do local.<\/span><\/p>\n\n\n\n<p><span style=\"font-weight: 400\">Pode n\u00e3o parecer, mas a decis\u00e3o do que fazer pode levar muito tempo. Enquanto n\u00e3o se resolver, talvez seja melhor suspender a data de in\u00edcio do seu tempo sab\u00e1tico. <\/span><\/p>\n\n\n\n<h2 class=\"wp-block-heading\"><span style=\"font-weight: 400\">Saiba como sair<\/span><\/h2>\n\n\n\n<p><span style=\"font-weight: 400\">A espera pela grande data pode passar mais r\u00e1pido do que voc\u00ea pensava. Fa\u00e7a um plano, designando uma data para falar com seu chefe e organizar as pend\u00eancias do RH.<\/span><\/p>\n\n\n\n<p><span style=\"font-weight: 400\">Deixe o emprego atual da maneira mais pac\u00edfica poss\u00edvel, evitando queimar pontes. D\u00ea o aviso e treine quem vai substitu\u00ed-lo.<\/span><\/p>\n\n\n\n<p><span style=\"font-weight: 400\">Se voc\u00ea tem seu pr\u00f3prio neg\u00f3cio, deixe tudo bem acordado com os outros s\u00f3cios sobre como vai funcionar a sua sa\u00edda. Evite ao m\u00e1ximo causar estresse. Se voc\u00ea argumentar bem, todos entendem a necessidade de um per\u00edodo sab\u00e1tico. Afinal, voc\u00ea vai voltar com mais bagagem e motiva\u00e7\u00e3o. <\/span><\/p>\n\n\n\n<p><span style=\"font-weight: 400\">N\u00e3o tenha medo de delegar!<\/span><\/p>\n\n\n\n<p><span style=\"font-weight: 400\">Agora, se voc\u00ea j\u00e1 souber que vai ficar sem emprego quando voltar, procure racionalizar bem o per\u00edodo \u201cparado\u201d no curr\u00edculo. Siga estes passos: <\/span><\/p>\n\n\n\n<ul class=\"wp-block-list\"><li><span style=\"font-weight: 400\">Coloque uma sess\u00e3o especial no curr\u00edculo que indica o per\u00edodo sab\u00e1tico. Designe como um tempo para projetos pessoais.<\/span><\/li><li><span style=\"font-weight: 400\">Quando o entrevistador perguntar, j\u00e1 tenha a resposta pronta sobre o que voc\u00ea alcan\u00e7ou nesse tempo, alguns aprendizados e o quanto voc\u00ea est\u00e1 feliz de ter tido essa escolha. <\/span><\/li><li><span style=\"font-weight: 400\">Assegure a empresa de que tudo foi conversado e combinado antes de voc\u00ea sair, para n\u00e3o dar a impress\u00e3o de que foi algo repentino que deixou algu\u00e9m na m\u00e3o.<\/span><\/li><\/ul>\n\n\n\n<h2 class=\"wp-block-heading\"><span style=\"font-weight: 400\">V\u00e1!<\/span><\/h2>\n\n\n\n<figure class=\"wp-block-image\"><img loading=\"lazy\" decoding=\"async\" width=\"1000\" height=\"667\" src=\"https:\/\/blog.12min.com\/pt\/wp-content\/uploads\/sites\/3\/2016\/12\/per\u00edodo-sab\u00e1tico-12-minutos-04.jpg\" alt=\"per\u00edodo sab\u00e1tico 12 minutos 04\" class=\"wp-image-1919\" srcset=\"https:\/\/blog.12min.com\/br\/wp-content\/uploads\/sites\/3\/2016\/12\/per\u00edodo-sab\u00e1tico-12-minutos-04.jpg 1000w, https:\/\/blog.12min.com\/br\/wp-content\/uploads\/sites\/3\/2016\/12\/per\u00edodo-sab\u00e1tico-12-minutos-04-300x200.jpg 300w, https:\/\/blog.12min.com\/br\/wp-content\/uploads\/sites\/3\/2016\/12\/per\u00edodo-sab\u00e1tico-12-minutos-04-768x512.jpg 768w\" sizes=\"auto, (max-width: 1000px) 100vw, 1000px\" \/><\/figure>\n\n\n\n<p><span style=\"font-weight: 400\">Voc\u00ea precisa saber desde j\u00e1 que vai ser dif\u00edcil despedir-se dos colegas e do trabalho. At\u00e9 a rotina pode fazer falta no come\u00e7o. O frio na barriga existe, mas n\u00e3o desista por causa dele. <\/span><\/p>\n\n\n\n<p><span style=\"font-weight: 400\">Se preferir, comece tirando folgas designadas por semana. Aos poucos, voc\u00ea acostuma com a mudan\u00e7a de estilo de vida. <\/span><\/p>\n\n\n\n<p><span style=\"font-weight: 400\">\u00c9 muito importante n\u00e3o deixar a vida social de lado. Se voc\u00ea tiver boas rela\u00e7\u00f5es no trabalho, procure encontrar os antigos colegas. Marque encontros ou converse por Skype com frequ\u00eancia, se sua vontade for mudar de pa\u00eds. <\/span><\/p>\n\n\n\n<p><span style=\"font-weight: 400\">Lembre-se sempre de que nada vai desmoronar sem voc\u00ea. Esque\u00e7a a ideia de ficar ligado \u00e0 fun\u00e7\u00e3o que ocupava. Foque no objetivo que voc\u00ea tra\u00e7ou para o per\u00edodo sab\u00e1tico. Mesmo assim, por mais que voc\u00ea tente, algumas coisas podem n\u00e3o sair como esperado. Esteja preparado para isso. <\/span><\/p>\n\n\n\n<p><span style=\"font-weight: 400\">Pode ser que quando voc\u00ea voltar tudo esteja no mesmo lugar. O escritor e colaborador da Forbes, <\/span><a href=\"http:\/\/www.forbes.com\/sites\/augustturak\/2014\/06\/17\/6-reasons-why-every-leader-needs-a-sabbatical\/#300baaba367d\" target=\"_blank\" rel=\"noopener noreferrer\"><span style=\"font-weight: 400\">August Turak<\/span><\/a><span style=\"font-weight: 400\">, tirou 4 meses para se dedicar a um curso na Saint John\u2019s University. <\/span><\/p>\n\n\n\n<p><span style=\"font-weight: 400\">Ele conta que o seu per\u00edodo sab\u00e1tico mostrou a verdade sobre seu pr\u00f3prio senso de import\u00e2ncia. Ele viu que sentia medo de ser indispens\u00e1vel e tudo acabar quando ele sa\u00edsse. Mas a verdade \u00e9 que o medo era de ningu\u00e9m precisar dele. Com isso, descobriu sua real import\u00e2ncia na companhia e na vida das pessoas.<\/span><\/p>\n\n\n\n<p><span style=\"font-weight: 400\">Durante esse tempo fora, envolva-se com as melhores pessoas poss\u00edveis. Procure trocar conhecimento e experi\u00eancias, pois esses momentos v\u00e3o trazer os resultados mais valiosos.<\/span><\/p>\n\n\n\n<p><span style=\"font-weight: 400\">Se a experi\u00eancia for em outro pa\u00eds, a chance \u00e9 ainda maior de conhecer pessoas novas. Nesse caso, tamb\u00e9m existe a chance de sentir saudades de casa, dos amigos e fam\u00edlia. N\u00e3o deixe de cultivar essas rela\u00e7\u00f5es, mesmo de longe. <\/span><\/p>\n\n\n\n<p><span style=\"font-weight: 400\">Mas quando tudo acabar acabar, n\u00e3o deixe de continuar vivenciando os aprendizados. Seja de volta ao seu pa\u00eds ou \u00e0 sua carreira, procure aplicar o que deu certo na sua rotina.<\/span><\/p>\n\n\n\n<h2 class=\"wp-block-heading\"><span style=\"font-weight: 400\">B\u00f4nus: documente sua aventura<\/span><\/h2>\n\n\n\n<p><span style=\"font-weight: 400\">Se voc\u00ea n\u00e3o tiver jeito para blogs, pode tentar um canal no YouTube. Mesmo assim, nem tudo precisa ser compartilhado: um di\u00e1rio tamb\u00e9m serve.<\/span><br><span style=\"font-weight: 400\">Esse exerc\u00edcio faz toda a diferen\u00e7a na hora de colocar em perspectiva quais foram seus aprendizados nessa jornada.<\/span><\/p>\n\n\n\n<p><span style=\"font-weight: 400\">E a\u00ed, est\u00e1 pronto para tirar um per\u00edodo sab\u00e1tico? Se voc\u00ea precisa de mais inspira\u00e7\u00e3o, o <\/span><a href=\"https:\/\/app.adjust.com\/7mvfth8?deeplink=twelvemin:\/\/discovery&amp;redirect_windows=https:\/\/12min.com\/br&amp;redirect_macos=https:\/\/12min.com\/br\" target=\"_blank\" rel=\"noopener noreferrer\"><span style=\"font-weight: 400\">12min<\/span><\/a><span style=\"font-weight: 400\">&nbsp;tem um acervo cheio de de livros sobre Psicologia, <\/span><span style=\"font-weight: 400\">Sa\u00fade e Bem Estar<\/span><span style=\"font-weight: 400\"> e <\/span><span style=\"font-weight: 400\">Empreendedorismo<\/span><span style=\"font-weight: 400\">, al\u00e9m de outras categorias de n\u00e3o-fic\u00e7\u00e3o.<\/span><\/p>\n\n\n\n<p><span style=\"font-weight: 400\">N\u00f3s trabalhamos duro para construir microbooks com muito significado e que possam trazer novas ideias e ensinamentos para sua vida. Para ficarmos cada vez melhores, contamos sempre com o seu feedback! Por isso, n\u00e3o deixe de nos contar a sua opini\u00e3o. Ela \u00e9 valiosa para n\u00f3s!<\/span><\/p>\n\n\n\n<p><span style=\"font-weight: 400\">E boa sorte no seu per\u00edodo sab\u00e1tico \ud83d\ude09<\/span><\/p>\n","protected":false},"excerpt":{"rendered":"<p>7 min de leitura \u231a&nbsp; Voc\u00ea j\u00e1 quis tirar um per\u00edodo sab\u00e1tico? Depois de um dia estressante e desmotivador no trabalho, pode ser que essa ideia j\u00e1 tenha passado pela sua cabe\u00e7a. Se voc\u00ea desconsiderou logo de cara por achar que \u00e9 imposs\u00edvel, vamos ajud\u00e1-lo. A primeira coisa que voc\u00ea precisa saber \u00e9 que \u00e9 [&hellip;]<\/p>\n","protected":false},"author":48,"featured_media":183,"comment_status":"closed","ping_status":"closed","sticky":false,"template":"","format":"standard","meta":{"_exactmetrics_skip_tracking":false,"_exactmetrics_sitenote_active":false,"_exactmetrics_sitenote_note":"","_exactmetrics_sitenote_category":0,"footnotes":""},"categories":[5],"tags":[],"class_list":["post-240","post","type-post","status-publish","format-standard","has-post-thumbnail","hentry","category-motivacao","wpbf-post"],"yoast_head":"<!-- This site is optimized with the Yoast SEO plugin v26.4 - https:\/\/yoast.com\/wordpress\/plugins\/seo\/ -->\n<title>O que \u00e9 per\u00edodo sab\u00e1tico e como tirar o seu - Blog do 12min<\/title>\n<meta name=\"description\" content=\"Depois de um trabalho estressante, o per\u00edodo sab\u00e1tico pode ser uma \u00f3tima ideia. Confira o passo-a-passo para tirar o seu sem preocupa\u00e7\u00e3o!\" \/>\n<meta name=\"robots\" content=\"index, follow, max-snippet:-1, max-image-preview:large, max-video-preview:-1\" \/>\n<link rel=\"canonical\" href=\"https:\/\/blog.12min.com\/br\/periodo-sabatico\/\" \/>\n<meta property=\"og:locale\" content=\"en_US\" \/>\n<meta property=\"og:type\" content=\"article\" \/>\n<meta property=\"og:title\" content=\"O que \u00e9 per\u00edodo sab\u00e1tico e como tirar o seu - Blog do 12min\" \/>\n<meta property=\"og:description\" content=\"Depois de um trabalho estressante, o per\u00edodo sab\u00e1tico pode ser uma \u00f3tima ideia. Confira o passo-a-passo para tirar o seu sem preocupa\u00e7\u00e3o!\" \/>\n<meta property=\"og:url\" content=\"https:\/\/blog.12min.com\/br\/periodo-sabatico\/\" \/>\n<meta property=\"og:site_name\" content=\"Blog do 12min\" \/>\n<meta property=\"article:published_time\" content=\"2016-12-23T08:30:35+00:00\" \/>\n<meta property=\"article:modified_time\" content=\"2019-05-07T03:05:24+00:00\" \/>\n<meta property=\"og:image\" content=\"https:\/\/blog.12min.com\/br\/wp-content\/uploads\/sites\/3\/2017\/05\/periodo-sabatico.jpg\" \/>\n\t<meta property=\"og:image:width\" content=\"1000\" \/>\n\t<meta property=\"og:image:height\" content=\"667\" \/>\n\t<meta property=\"og:image:type\" content=\"image\/jpeg\" \/>\n<meta name=\"author\" content=\"Emir Zecovic\" \/>\n<meta name=\"twitter:card\" content=\"summary_large_image\" \/>\n<meta name=\"twitter:label1\" content=\"Written by\" \/>\n\t<meta name=\"twitter:data1\" content=\"Emir Zecovic\" \/>\n\t<meta name=\"twitter:label2\" content=\"Est. reading time\" \/>\n\t<meta name=\"twitter:data2\" content=\"10 minutes\" \/>\n<!-- \/ Yoast SEO plugin. -->","yoast_head_json":{"title":"O que \u00e9 per\u00edodo sab\u00e1tico e como tirar o seu - Blog do 12min","description":"Depois de um trabalho estressante, o per\u00edodo sab\u00e1tico pode ser uma \u00f3tima ideia. Confira o passo-a-passo para tirar o seu sem preocupa\u00e7\u00e3o!","robots":{"index":"index","follow":"follow","max-snippet":"max-snippet:-1","max-image-preview":"max-image-preview:large","max-video-preview":"max-video-preview:-1"},"canonical":"https:\/\/blog.12min.com\/br\/periodo-sabatico\/","og_locale":"en_US","og_type":"article","og_title":"O que \u00e9 per\u00edodo sab\u00e1tico e como tirar o seu - Blog do 12min","og_description":"Depois de um trabalho estressante, o per\u00edodo sab\u00e1tico pode ser uma \u00f3tima ideia. Confira o passo-a-passo para tirar o seu sem preocupa\u00e7\u00e3o!","og_url":"https:\/\/blog.12min.com\/br\/periodo-sabatico\/","og_site_name":"Blog do 12min","article_published_time":"2016-12-23T08:30:35+00:00","article_modified_time":"2019-05-07T03:05:24+00:00","og_image":[{"width":1000,"height":667,"url":"https:\/\/blog.12min.com\/br\/wp-content\/uploads\/sites\/3\/2017\/05\/periodo-sabatico.jpg","type":"image\/jpeg"}],"author":"Emir Zecovic","twitter_card":"summary_large_image","twitter_misc":{"Written by":"Emir Zecovic","Est. reading time":"10 minutes"},"schema":{"@context":"https:\/\/schema.org","@graph":[{"@type":"WebPage","@id":"https:\/\/blog.12min.com\/br\/periodo-sabatico\/","url":"https:\/\/blog.12min.com\/br\/periodo-sabatico\/","name":"O que \u00e9 per\u00edodo sab\u00e1tico e como tirar o seu - Blog do 12min","isPartOf":{"@id":"https:\/\/blog.12min.com\/br\/#website"},"primaryImageOfPage":{"@id":"https:\/\/blog.12min.com\/br\/periodo-sabatico\/#primaryimage"},"image":{"@id":"https:\/\/blog.12min.com\/br\/periodo-sabatico\/#primaryimage"},"thumbnailUrl":"https:\/\/blog.12min.com\/br\/wp-content\/uploads\/sites\/3\/2017\/05\/periodo-sabatico.jpg","datePublished":"2016-12-23T08:30:35+00:00","dateModified":"2019-05-07T03:05:24+00:00","author":{"@id":"https:\/\/blog.12min.com\/br\/#\/schema\/person\/ccaf1a7ac6cac4265aa3afb02ae667f4"},"description":"Depois de um trabalho estressante, o per\u00edodo sab\u00e1tico pode ser uma \u00f3tima ideia. Confira o passo-a-passo para tirar o seu sem preocupa\u00e7\u00e3o!","breadcrumb":{"@id":"https:\/\/blog.12min.com\/br\/periodo-sabatico\/#breadcrumb"},"inLanguage":"en-US","potentialAction":[{"@type":"ReadAction","target":["https:\/\/blog.12min.com\/br\/periodo-sabatico\/"]}]},{"@type":"ImageObject","inLanguage":"en-US","@id":"https:\/\/blog.12min.com\/br\/periodo-sabatico\/#primaryimage","url":"https:\/\/blog.12min.com\/br\/wp-content\/uploads\/sites\/3\/2017\/05\/periodo-sabatico.jpg","contentUrl":"https:\/\/blog.12min.com\/br\/wp-content\/uploads\/sites\/3\/2017\/05\/periodo-sabatico.jpg","width":1000,"height":667},{"@type":"BreadcrumbList","@id":"https:\/\/blog.12min.com\/br\/periodo-sabatico\/#breadcrumb","itemListElement":[{"@type":"ListItem","position":1,"name":"In\u00edcio","item":"https:\/\/blog.12min.com\/br\/"},{"@type":"ListItem","position":2,"name":"O que \u00e9 per\u00edodo sab\u00e1tico e 5 passos para tirar o seu sem preocupa\u00e7\u00e3o"}]},{"@type":"WebSite","@id":"https:\/\/blog.12min.com\/br\/#website","url":"https:\/\/blog.12min.com\/br\/","name":"Blog do 12min","description":"Livros, Audiobooks e Resumos","potentialAction":[{"@type":"SearchAction","target":{"@type":"EntryPoint","urlTemplate":"https:\/\/blog.12min.com\/br\/?s={search_term_string}"},"query-input":{"@type":"PropertyValueSpecification","valueRequired":true,"valueName":"search_term_string"}}],"inLanguage":"en-US"},{"@type":"Person","@id":"https:\/\/blog.12min.com\/br\/#\/schema\/person\/ccaf1a7ac6cac4265aa3afb02ae667f4","name":"Emir Zecovic","description":"Emir is the Head of Marketing\u00a0at 12min. In his spare time, he loves to meditate and play soccer.","url":"https:\/\/blog.12min.com\/br\/author\/emir\/"}]}},"amp_enabled":true,"_links":{"self":[{"href":"https:\/\/blog.12min.com\/br\/wp-json\/wp\/v2\/posts\/240","targetHints":{"allow":["GET"]}}],"collection":[{"href":"https:\/\/blog.12min.com\/br\/wp-json\/wp\/v2\/posts"}],"about":[{"href":"https:\/\/blog.12min.com\/br\/wp-json\/wp\/v2\/types\/post"}],"author":[{"embeddable":true,"href":"https:\/\/blog.12min.com\/br\/wp-json\/wp\/v2\/users\/48"}],"replies":[{"embeddable":true,"href":"https:\/\/blog.12min.com\/br\/wp-json\/wp\/v2\/comments?post=240"}],"version-history":[{"count":8,"href":"https:\/\/blog.12min.com\/br\/wp-json\/wp\/v2\/posts\/240\/revisions"}],"predecessor-version":[{"id":7755,"href":"https:\/\/blog.12min.com\/br\/wp-json\/wp\/v2\/posts\/240\/revisions\/7755"}],"wp:featuredmedia":[{"embeddable":true,"href":"https:\/\/blog.12min.com\/br\/wp-json\/wp\/v2\/media\/183"}],"wp:attachment":[{"href":"https:\/\/blog.12min.com\/br\/wp-json\/wp\/v2\/media?parent=240"}],"wp:term":[{"taxonomy":"category","embeddable":true,"href":"https:\/\/blog.12min.com\/br\/wp-json\/wp\/v2\/categories?post=240"},{"taxonomy":"post_tag","embeddable":true,"href":"https:\/\/blog.12min.com\/br\/wp-json\/wp\/v2\/tags?post=240"}],"curies":[{"name":"wp","href":"https:\/\/api.w.org\/{rel}","templated":true}]}}