{"id":2508,"date":"2018-05-25T10:00:41","date_gmt":"2018-05-25T10:00:41","guid":{"rendered":"https:\/\/blog.12min.com\/pt\/?p=2508"},"modified":"2019-01-21T23:21:28","modified_gmt":"2019-01-21T23:21:28","slug":"coaching-profissional","status":"publish","type":"post","link":"https:\/\/blog.12min.com\/br\/coaching-profissional\/","title":{"rendered":"O que \u00e9 coaching profissional e quando recorrer a um coach?"},"content":{"rendered":"<p class=\"wpwc-reading-time\">5 min de leitura \u231a&nbsp;<\/p><div class=\"pdfprnt-buttons pdfprnt-buttons-post pdfprnt-top-right\"><a href=\"https:\/\/blog.12min.com\/br\/wp-json\/wp\/v2\/posts\/2508?print=pdf\" class=\"pdfprnt-button pdfprnt-button-pdf\" target=\"_blank\"><\/a><a href=\"https:\/\/blog.12min.com\/br\/wp-json\/wp\/v2\/posts\/2508?print=print\" class=\"pdfprnt-button pdfprnt-button-print\" target=\"_blank\"><\/a><\/div><p><span style=\"font-weight: 400;\">As coisas n\u00e3o andam como voc\u00ea planejou para a sua vida profissional&#8230; Seus colegas foram promovidos a cargos gerenciais e voc\u00ea continua nas fun\u00e7\u00f5es executivas&#8230; A ideia de uma promo\u00e7\u00e3o fica martelando em sua cabe\u00e7a, mas voc\u00ea n\u00e3o sabe como tocar no assunto com o chefe\u2026<\/span><\/p>\n<p><span style=\"font-weight: 400;\">Essas s\u00e3o apenas algumas entre as in\u00fameras situa\u00e7\u00f5es corriqueiras que podem ser um ind\u00edcio de que voc\u00ea precisa buscar ajuda. Nesses casos, o coaching profissional &#8211; tamb\u00e9m conhecido como coaching de carreira &#8211; \u00e9 uma op\u00e7\u00e3o cada vez mais procurada.<\/span><\/p>\n<h2><span style=\"font-weight: 400;\">O que \u00e9 coaching profissional<\/span><\/h2>\n<p><img loading=\"lazy\" decoding=\"async\" class=\"alignnone wp-image-2513\" src=\"https:\/\/blog.12min.com\/pt\/wp-content\/uploads\/sites\/3\/2018\/05\/coaching-profissional3-300x200.jpg\" alt=\"coaching profissiona\" width=\"600\" height=\"400\" srcset=\"https:\/\/blog.12min.com\/br\/wp-content\/uploads\/sites\/3\/2018\/05\/coaching-profissional3-300x200.jpg 300w, https:\/\/blog.12min.com\/br\/wp-content\/uploads\/sites\/3\/2018\/05\/coaching-profissional3-768x512.jpg 768w, https:\/\/blog.12min.com\/br\/wp-content\/uploads\/sites\/3\/2018\/05\/coaching-profissional3.jpg 1000w\" sizes=\"auto, (max-width: 600px) 100vw, 600px\" \/><\/p>\n<p><span style=\"font-weight: 400;\">Segundo o <a href=\"http:\/\/coachjosegeraldoleite.com.br\/\">psic\u00f3logo e coach Jos\u00e9 Geraldo Leite<\/a>, o coaching profissional funciona como um aliado no <\/span><a href=\"https:\/\/blog.12min.com.br\/o-que-e-planejamento-estrategico\/\" target=\"_blank\" rel=\"noopener\"><span style=\"font-weight: 400;\">planejamento e desenvolvimento de carreiras<\/span><\/a><span style=\"font-weight: 400;\">.\u00a0<\/span><span style=\"font-weight: 400;\">Para isso, s\u00e3o usadas ferramentas e metodologias espec\u00edficas que conduzem as pessoas do est\u00e1gio em que elas se encontram para um ponto espec\u00edfico no futuro &#8211; que s\u00e3o os objetivos profissionais.<\/span><\/p>\n<p><span style=\"font-weight: 400;\">O coaching profissional leva em conta o potencial de cada pessoa, as suas compet\u00eancias, habilidades e o contexto em que est\u00e1 inserida. Ela \u00e9 levada a enxergar oportunidades nos problemas, trabalhando as fraquezas e investindo em seus talentos para superar os poss\u00edveis obst\u00e1culos.<\/span><\/p>\n<h2><span style=\"font-weight: 400;\">Coaching Profissional versus Terapia<\/span><\/h2>\n<p><span style=\"font-weight: 400;\">Parecem a mesma coisa, mas n\u00e3o s\u00e3o. O coaching profissional guia o <\/span><span style=\"font-weight: 400;\">coachee (cliente)<\/span><span style=\"font-weight: 400;\"> em dire\u00e7\u00e3o \u00e0s suas metas, identificando onde ele est\u00e1 hoje e onde se quer chegar. Em s\u00edntese, isso significa olhar para frente.<\/span><\/p>\n<p><span style=\"font-weight: 400;\">A terapia, ao contr\u00e1rio, foca suas a\u00e7\u00f5es em realiza\u00e7\u00f5es passadas, em quest\u00f5es n\u00e3o resolvidas ao longo da vida e que impactam o presente. Situa\u00e7\u00f5es que funcionam como barreiras emocionais que atrapalham e\/ou impedem a pessoa de seguir adiante.<\/span><\/p>\n<p><span style=\"font-weight: 400;\">Outra diferen\u00e7a marcante est\u00e1 no tempo dedicado \u00e0 solu\u00e7\u00e3o do problema. No caso do coaching profissional, todo o processo varia em torno de 5 a 10 sess\u00f5es, dependendo da complexidade da situa\u00e7\u00e3o. J\u00e1 a terapia n\u00e3o tem per\u00edodo pr\u00e9-determinado. Algumas pessoas fazem terapia por anos seguidos.<\/span><\/p>\n<h2><span style=\"font-weight: 400;\">Perguntas poderosas<\/span><\/h2>\n<p><img loading=\"lazy\" decoding=\"async\" class=\"alignnone wp-image-2512\" src=\"https:\/\/blog.12min.com\/pt\/wp-content\/uploads\/sites\/3\/2018\/05\/coaching-profissional1-300x199.jpg\" alt=\"\" width=\"600\" height=\"398\" srcset=\"https:\/\/blog.12min.com\/br\/wp-content\/uploads\/sites\/3\/2018\/05\/coaching-profissional1-300x199.jpg 300w, https:\/\/blog.12min.com\/br\/wp-content\/uploads\/sites\/3\/2018\/05\/coaching-profissional1-768x510.jpg 768w, https:\/\/blog.12min.com\/br\/wp-content\/uploads\/sites\/3\/2018\/05\/coaching-profissional1.jpg 1000w\" sizes=\"auto, (max-width: 600px) 100vw, 600px\" \/><\/p>\n<p><span style=\"font-weight: 400;\">O coaching profissional ajuda o cliente a responder quest\u00f5es importantes, conhecidas entre os especialistas como \u201cperguntas poderosas\u201d. S\u00e3o indaga\u00e7\u00f5es que o levam refletir e geram autonomia e motiva\u00e7\u00e3o.<\/span><\/p>\n<p><span style=\"font-weight: 400;\">Alguns exemplos de perguntas poderosas: Qual a sua meta? O que voc\u00ea precisa fazer para alcan\u00e7\u00e1-la? Quem pode ajudar voc\u00ea? O que deve ser feito a partir de agora?<\/span><\/p>\n<p><span style=\"font-weight: 400;\">Por que? Essa \u00e9 uma pergunta que n\u00e3o entra nessa lista das poderosas e \u00e9 bom que seja evitada, durante um processo de coaching profissional. E a explica\u00e7\u00e3o para isso \u00e9 simples. Segundo Jos\u00e9 Geraldo Leite, a quest\u00e3o remete ao passado e, portanto, extrapola <\/span><a href=\"https:\/\/blog.12min.com.br\/resumo-do-livro-foco\/\" target=\"_blank\" rel=\"noopener\"><span style=\"font-weight: 400;\">o foco do trabalho<\/span><\/a><span style=\"font-weight: 400;\"> do coach, que \u00e9 o futuro.<\/span><\/p>\n<p><span style=\"font-weight: 400;\">Fazendo as perguntas certas, o coach identifica algumas cren\u00e7as limitantes e, a partir da\u00ed, s\u00e3o aplicadas t\u00e9cnicas que levam o pr\u00f3prio <\/span><span style=\"font-weight: 400;\">coachee<\/span><span style=\"font-weight: 400;\"> a encontrar as solu\u00e7\u00f5es, transpondo barreiras e caminhando para frente.\u00a0<\/span><span style=\"font-weight: 400;\">\u00c9 ele quem definir\u00e1 as metas e as alternativas para realiza\u00e7\u00e3o dos objetivos, sempre apoiado e orientado pelo coach. Ou seja, o coaching profissional \u00e9 um recurso constru\u00eddo a quatro m\u00e3os.<\/span><\/p>\n<h2><span style=\"font-weight: 400;\">O que eu fa\u00e7o para ser reconhecido financeiramente?<\/span><\/h2>\n<p><img loading=\"lazy\" decoding=\"async\" class=\"alignnone wp-image-2514\" src=\"https:\/\/blog.12min.com\/pt\/wp-content\/uploads\/sites\/3\/2018\/05\/coaching-profissional-300x200.jpg\" alt=\"coaching profissional\" width=\"600\" height=\"399\" srcset=\"https:\/\/blog.12min.com\/br\/wp-content\/uploads\/sites\/3\/2018\/05\/coaching-profissional-300x200.jpg 300w, https:\/\/blog.12min.com\/br\/wp-content\/uploads\/sites\/3\/2018\/05\/coaching-profissional-768x511.jpg 768w, https:\/\/blog.12min.com\/br\/wp-content\/uploads\/sites\/3\/2018\/05\/coaching-profissional.jpg 1000w\" sizes=\"auto, (max-width: 600px) 100vw, 600px\" \/><\/p>\n<p><span style=\"font-weight: 400;\">Essa \u00e9 uma pergunta comum entre as pessoas que buscam o coaching profissional. Segundo o especialista Jos\u00e9 Geraldo Leite, a resposta mais adequada \u00e9: seja raro. Isso porque\u00a0<\/span><span style=\"font-weight: 400;\">o mercado n\u00e3o paga pela sua import\u00e2ncia. Todos n\u00f3s somos importantes, ent\u00e3o, isso n\u00e3o \u00e9 um diferencial competitivo. Quem quer ganhar mais, precisa ser raro.<\/span><\/p>\n<p><span style=\"font-weight: 400;\">Quer um exemplo pr\u00e1tico? Professor, \u00e9 uma profiss\u00e3o importante? Claro que sim. Ela paga bem? Em sua grande maioria, n\u00e3o. Por que? Porque existem muitos profissionais dispon\u00edveis no mercado. Agora, pense em u<\/span><span style=\"font-weight: 400;\">m jogador de futebol. Ele \u00e9 importante? N\u00e3o. Ele ganha bem? Sim. Por que? Os bons jogadores s\u00e3o raros.<\/span><\/p>\n<p><span style=\"font-weight: 400;\">Acontece que muitas pessoas t\u00eam dificuldade para entender essa l\u00f3gica do mercado e, como em outras situa\u00e7\u00f5es, precisam de ajuda profissional para se encaixarem no contexto.<\/span><\/p>\n<h2><span style=\"font-weight: 400;\">Coach n\u00e3o \u00e9 rem\u00e9dio para todos os males<\/span><\/h2>\n<p><span style=\"font-weight: 400;\">Se o coach perceber que a causa das dificuldades em avan\u00e7ar t\u00eam origens emocionais e impactadas pelo passado, o cliente \u00e9 encaminhado para terapia.\u00a0<\/span><span style=\"font-weight: 400;\">Nesses casos, insistir no coaching profissional pode ser uma grande perda de tempo para todos. <\/span><\/p>\n<p><span style=\"font-weight: 400;\">Como j\u00e1 foi mencionado, o coach foca suas a\u00e7\u00f5es nas <\/span><a href=\"https:\/\/blog.12min.com.br\/como-estabelecer-metas\/\" target=\"_blank\" rel=\"noopener\"><span style=\"font-weight: 400;\">metas a serem alcan\u00e7adas<\/span><\/a><span style=\"font-weight: 400;\"> e que s\u00e3o definidas pelo cliente. No entanto, cabe ao coach apoi\u00e1-lo para que essa meta seja: \u00a0<\/span><\/p>\n<ul>\n<li style=\"list-style-type: none;\">\n<ul>\n<li style=\"font-weight: 400;\"><b>Espec\u00edfica:<\/b><span style=\"font-weight: 400;\"> uma meta n\u00e3o pode ser gen\u00e9rica; ela tem que ser clara e objetiva.<\/span><\/li>\n<\/ul>\n<\/li>\n<\/ul>\n<ul>\n<li style=\"list-style-type: none;\">\n<ul>\n<li style=\"font-weight: 400;\"><b>Mensur\u00e1vel:<\/b><span style=\"font-weight: 400;\"> uma meta tem que ter m\u00e9trica que permita medir seus avan\u00e7os e resultados.<\/span><\/li>\n<\/ul>\n<\/li>\n<\/ul>\n<ul>\n<li style=\"list-style-type: none;\">\n<ul>\n<li style=\"font-weight: 400;\"><b>Ating\u00edvel: <\/b><span style=\"font-weight: 400;\">uma meta n\u00e3o pode ser inalcan\u00e7\u00e1vel, nem t\u00e3o pouco f\u00e1cil demais.<\/span><\/li>\n<\/ul>\n<\/li>\n<\/ul>\n<ul>\n<li style=\"font-weight: 400;\"><b>Relevante:<\/b><span style=\"font-weight: 400;\"> uma meta precisa ser importante para que o coachee invista energia e tempo para alcan\u00e7\u00e1-la.<\/span><\/li>\n<\/ul>\n<p><span style=\"font-weight: 400;\">Se as metas t\u00eam essas caracter\u00edsticas, o coaching profissional funciona muito bem, garante o psic\u00f3logo Jos\u00e9 Geraldo Leite.<\/span><\/p>\n<h2><span style=\"font-weight: 400;\">Quando procurar um coach<\/span><\/h2>\n<p><img loading=\"lazy\" decoding=\"async\" class=\"alignnone wp-image-2510\" src=\"https:\/\/blog.12min.com\/pt\/wp-content\/uploads\/sites\/3\/2018\/05\/coaching-profissional4-300x200.jpg\" alt=\"\" width=\"600\" height=\"401\" srcset=\"https:\/\/blog.12min.com\/br\/wp-content\/uploads\/sites\/3\/2018\/05\/coaching-profissional4-300x200.jpg 300w, https:\/\/blog.12min.com\/br\/wp-content\/uploads\/sites\/3\/2018\/05\/coaching-profissional4-768x513.jpg 768w, https:\/\/blog.12min.com\/br\/wp-content\/uploads\/sites\/3\/2018\/05\/coaching-profissional4.jpg 1000w\" sizes=\"auto, (max-width: 600px) 100vw, 600px\" \/><\/p>\n<p><span style=\"font-weight: 400;\">Logo no in\u00edcio desse post, citamos algumas situa\u00e7\u00f5es que podem ser resolvidas com o apoio do coaching profissional. Veja, aqui, outros casos em que o coach pode ajudar bastante:<\/span><\/p>\n<ul>\n<li style=\"list-style-type: none;\">\n<ul>\n<li style=\"font-weight: 400;\"><span style=\"font-weight: 400;\">Quando a pessoa percebe que a responsabilidade est\u00e1 acima do que ela \u00e9 capaz de suportar: tem gente que chega ao ponto de querer desistir da fun\u00e7\u00e3o.<\/span><\/li>\n<\/ul>\n<\/li>\n<\/ul>\n<ul>\n<li style=\"list-style-type: none;\">\n<ul>\n<li style=\"font-weight: 400;\"><span style=\"font-weight: 400;\">Nos casos de mudan\u00e7as de fun\u00e7\u00e3o ou at\u00e9 mesmo de empresa e, tamb\u00e9m, promo\u00e7\u00f5es: algumas pessoas sentem-se inseguras em rela\u00e7\u00e3o ao pr\u00f3prio potencial.<\/span><\/li>\n<\/ul>\n<\/li>\n<\/ul>\n<ul>\n<li style=\"list-style-type: none;\">\n<ul>\n<li style=\"font-weight: 400;\"><span style=\"font-weight: 400;\">Do lado oposto, nos casos de demiss\u00e3o: o coach pode ajudar a pessoa enxergar oportunidades e se recolocar no mercado de trabalho.<\/span><\/li>\n<\/ul>\n<\/li>\n<\/ul>\n<ul>\n<li style=\"font-weight: 400;\"><span style=\"font-weight: 400;\">E quem nunca trabalhou? Essa galera tamb\u00e9m encontra no coaching profissional uma ferramenta para identificar as reais habilidades e, assim, dar os primeiros passos rumo a uma carreira de sucesso.<\/span><\/li>\n<\/ul>\n<p><span style=\"font-weight: 400;\">Esses s\u00e3o alguns exemplos, mas as possibilidade s\u00e3o in\u00fameras. E as pessoas devem ficar atentas. Se, no trabalho, surgir aquele sentimento de que n\u00e3o d\u00e1 mais para caminhar sozinho, \u00e9 hora de buscar apoio. Esse \u00e9 o principal alerta, afirma Jos\u00e9 Geraldo Leite.<\/span><\/p>\n<h2><span style=\"font-weight: 400;\">Quando a iniciativa parte da empresa<\/span><\/h2>\n<p><span style=\"font-weight: 400;\">A decis\u00e3o de procurar pelo coaching profissional pode ser, tamb\u00e9m, da organiza\u00e7\u00e3o. Isso geralmente ocorre quando o funcion\u00e1rio apresenta um <\/span><i><span style=\"font-weight: 400;\">gap<\/span><\/i><span style=\"font-weight: 400;\"> que precisa ser trabalhado ou suportado.<\/span><\/p>\n<p><span style=\"font-weight: 400;\">Muitas vezes, as empresas direcionam e pagam para se desenvolver determinadas compet\u00eancias de seus funcion\u00e1rios. A a\u00e7\u00e3o pode ser focada nos cargos atuais, suprindo um <\/span><i><span style=\"font-weight: 400;\">gap<\/span><\/i><span style=\"font-weight: 400;\"> nas cadeiras que eles ocupam, ou para futuro, agregando novas habilidades.<\/span><\/p>\n<p><span style=\"font-weight: 400;\">Mas n\u00e3o \u00e9 somente isso. <\/span><a href=\"https:\/\/www.catho.com.br\/carreira-sucesso\/motivacao-2\/a-importancia-do-bom-relacionamento-no-ambiente-de-trabalho\/\" target=\"_blank\" rel=\"noopener\"><span style=\"font-weight: 400;\">Quest\u00f5es de relacionamento<\/span><\/a><span style=\"font-weight: 400;\"> tamb\u00e9m levam muitos funcion\u00e1rios para o coaching profissional. S\u00e3o problemas ligados a estilo de lideran\u00e7a, <\/span><a href=\"http:\/\/alumniedex.fgv.br\/blogs\/carreiras\/lideranca-x-agressividade\" target=\"_blank\" rel=\"noopener\"><span style=\"font-weight: 400;\">agressividade<\/span><\/a><span style=\"font-weight: 400;\"> e dificuldade de <\/span><a href=\"http:\/\/noticias.universia.com.br\/destaque\/noticia\/2013\/06\/12\/1029814\/6-qualidades-uma-pessoa-sabe-trabalhar-em-equipe.html\" target=\"_blank\" rel=\"noopener\"><span style=\"font-weight: 400;\">trabalho em equipe<\/span><\/a><span style=\"font-weight: 400;\">, por exemplo.\u00a0<\/span><span style=\"font-weight: 400;\">Hoje, as empresas esperam que seus l\u00edderes sejam l\u00edderes coach (treinadores) e saibam conduzir suas equipes para alcan\u00e7ar as metas.<\/span><\/p>\n<h2><span style=\"font-weight: 400;\">A carreira em suas m\u00e3os<\/span><\/h2>\n<p><span style=\"font-weight: 400;\">Nos dias atuais, quem coloca a pr\u00f3pria carreira sob a responsabilidade das empresas segue no caminho errado. Mais do que isso: est\u00e1 ultrapassado.\u00a0<\/span><span style=\"font-weight: 400;\">Com o passar dos tempos, a carreira foi deixando de ser exclusividade das organiza\u00e7\u00f5es, transferindo-se para as m\u00e3os dos pr\u00f3prios funcion\u00e1rios.<\/span><\/p>\n<p><span style=\"font-weight: 400;\">Nesse novo cen\u00e1rio, cada pessoa passou a ser o dono da pr\u00f3pria carreira. E entende-se por carreira, tudo o que envolve aprendizado e crescimento profissional. Sem fronteiras.\u00a0<\/span><span style=\"font-weight: 400;\">Desta forma, as empresas gerenciam programas internos e sucess\u00e3o. O empregado gerencia a carreira.<\/span><\/p>\n<p><span style=\"font-weight: 400;\">Ent\u00e3o, m\u00e3os \u00e0 obra! O que n\u00e3o pode \u00e9 voc\u00ea ficar parado, assistindo o crescimento dos outros, enquanto a sua carreira vai de mal a pior.<\/span><\/p>\n<p><span style=\"font-weight: 400;\">Se voc\u00ea \u00e9 l\u00edder de equipe, temos\u00a0<a href=\"https:\/\/blog.12min.com.br\/como-ser-um-bom-lider-de-equipe\/\" target=\"_blank\" rel=\"noopener\">10 sugest\u00f5es de livros imperd\u00edveis<\/a>.\u00a0<\/span><span style=\"font-weight: 400;\">Outra boa dica para quem est\u00e1 pensando em alavancar a carreira \u00e9 <\/span><a href=\"https:\/\/blog.12min.com.br\/habito-de-ler\/\" target=\"_blank\" rel=\"noopener\"><span style=\"font-weight: 400;\">investir tamb\u00e9m no h\u00e1bito de leitura<\/span><\/a><span style=\"font-weight: 400;\">. Voc\u00ea pode at\u00e9 mesmo come\u00e7ar com o best-seller \u201c<\/span><a href=\"https:\/\/blog.12min.com.br\/resumo-do-livro-como-fazer-amigos-e-influenciar-pessoas\/\" target=\"_blank\" rel=\"noopener\"><b>Como Fazer Amigos e Influenciar Pessoas<\/b><\/a><span style=\"font-weight: 400;\">\u201d.<\/span><\/p>\n<p><img loading=\"lazy\" decoding=\"async\" class=\"alignnone wp-image-2517\" src=\"https:\/\/blog.12min.com\/pt\/wp-content\/uploads\/sites\/3\/2018\/05\/coaching-profissional-livro-197x300.png\" alt=\"coaching profissional\" width=\"120\" height=\"183\" srcset=\"https:\/\/blog.12min.com\/br\/wp-content\/uploads\/sites\/3\/2018\/05\/coaching-profissional-livro-197x300.png 197w, https:\/\/blog.12min.com\/br\/wp-content\/uploads\/sites\/3\/2018\/05\/coaching-profissional-livro.png 550w\" sizes=\"auto, (max-width: 120px) 100vw, 120px\" \/><\/p>\n<p><span style=\"font-weight: 400;\">V\u00e1 em frente!<\/span><\/p>\n<p><span style=\"font-weight: 400;\">Se voc\u00ea curtiu esse post, deixe aqui os seus coment\u00e1rios e compartilhe as informa\u00e7\u00f5es com os seus amigos. Sucesso!<\/span><\/p>\n","protected":false},"excerpt":{"rendered":"<p>5 min de leitura \u231a&nbsp;As coisas n\u00e3o andam como voc\u00ea planejou para a sua vida profissional&#8230; Seus colegas foram promovidos a cargos gerenciais e voc\u00ea continua nas fun\u00e7\u00f5es executivas&#8230; A ideia de uma promo\u00e7\u00e3o fica martelando em sua cabe\u00e7a, mas voc\u00ea n\u00e3o sabe como tocar no assunto com o chefe\u2026 Essas s\u00e3o apenas algumas entre [&hellip;]<\/p>\n","protected":false},"author":48,"featured_media":2509,"comment_status":"closed","ping_status":"open","sticky":false,"template":"","format":"standard","meta":{"_exactmetrics_skip_tracking":false,"_exactmetrics_sitenote_active":false,"_exactmetrics_sitenote_note":"","_exactmetrics_sitenote_category":0,"footnotes":""},"categories":[5],"tags":[],"class_list":["post-2508","post","type-post","status-publish","format-standard","has-post-thumbnail","hentry","category-motivacao","wpbf-post"],"yoast_head":"<!-- This site is optimized with the Yoast SEO plugin v26.4 - https:\/\/yoast.com\/wordpress\/plugins\/seo\/ -->\n<title>O que \u00e9 coaching profissional e quando recorrer a um coach? - Blog do 12min<\/title>\n<meta name=\"description\" content=\"As coisas n\u00e3o andam como voc\u00ea planejou no trabalho? Talvez seja a hora de procurar ajuda. O coaching profissional tem sido uma op\u00e7\u00e3o cada vez mais procurada por profissionais que querem impulsionar a carreira\" \/>\n<meta name=\"robots\" content=\"index, follow, max-snippet:-1, max-image-preview:large, max-video-preview:-1\" \/>\n<link rel=\"canonical\" href=\"https:\/\/blog.12min.com\/br\/coaching-profissional\/\" \/>\n<meta property=\"og:locale\" content=\"en_US\" \/>\n<meta property=\"og:type\" content=\"article\" \/>\n<meta property=\"og:title\" content=\"O que \u00e9 coaching profissional e quando recorrer a um coach? - Blog do 12min\" \/>\n<meta property=\"og:description\" content=\"As coisas n\u00e3o andam como voc\u00ea planejou no trabalho? Talvez seja a hora de procurar ajuda. O coaching profissional tem sido uma op\u00e7\u00e3o cada vez mais procurada por profissionais que querem impulsionar a carreira\" \/>\n<meta property=\"og:url\" content=\"https:\/\/blog.12min.com\/br\/coaching-profissional\/\" \/>\n<meta property=\"og:site_name\" content=\"Blog do 12min\" \/>\n<meta property=\"article:published_time\" content=\"2018-05-25T10:00:41+00:00\" \/>\n<meta property=\"article:modified_time\" content=\"2019-01-21T23:21:28+00:00\" \/>\n<meta property=\"og:image\" content=\"https:\/\/blog.12min.com\/br\/wp-content\/uploads\/sites\/3\/2018\/05\/coaching-profissional2.jpg\" \/>\n\t<meta property=\"og:image:width\" content=\"1000\" \/>\n\t<meta property=\"og:image:height\" content=\"667\" \/>\n\t<meta property=\"og:image:type\" content=\"image\/jpeg\" \/>\n<meta name=\"author\" content=\"Emir Zecovic\" \/>\n<meta name=\"twitter:card\" content=\"summary_large_image\" \/>\n<meta name=\"twitter:label1\" content=\"Written by\" \/>\n\t<meta name=\"twitter:data1\" content=\"Emir Zecovic\" \/>\n\t<meta name=\"twitter:label2\" content=\"Est. reading time\" \/>\n\t<meta name=\"twitter:data2\" content=\"7 minutes\" \/>\n<!-- \/ Yoast SEO plugin. -->","yoast_head_json":{"title":"O que \u00e9 coaching profissional e quando recorrer a um coach? - Blog do 12min","description":"As coisas n\u00e3o andam como voc\u00ea planejou no trabalho? Talvez seja a hora de procurar ajuda. O coaching profissional tem sido uma op\u00e7\u00e3o cada vez mais procurada por profissionais que querem impulsionar a carreira","robots":{"index":"index","follow":"follow","max-snippet":"max-snippet:-1","max-image-preview":"max-image-preview:large","max-video-preview":"max-video-preview:-1"},"canonical":"https:\/\/blog.12min.com\/br\/coaching-profissional\/","og_locale":"en_US","og_type":"article","og_title":"O que \u00e9 coaching profissional e quando recorrer a um coach? - Blog do 12min","og_description":"As coisas n\u00e3o andam como voc\u00ea planejou no trabalho? Talvez seja a hora de procurar ajuda. O coaching profissional tem sido uma op\u00e7\u00e3o cada vez mais procurada por profissionais que querem impulsionar a carreira","og_url":"https:\/\/blog.12min.com\/br\/coaching-profissional\/","og_site_name":"Blog do 12min","article_published_time":"2018-05-25T10:00:41+00:00","article_modified_time":"2019-01-21T23:21:28+00:00","og_image":[{"width":1000,"height":667,"url":"https:\/\/blog.12min.com\/br\/wp-content\/uploads\/sites\/3\/2018\/05\/coaching-profissional2.jpg","type":"image\/jpeg"}],"author":"Emir Zecovic","twitter_card":"summary_large_image","twitter_misc":{"Written by":"Emir Zecovic","Est. reading time":"7 minutes"},"schema":{"@context":"https:\/\/schema.org","@graph":[{"@type":"WebPage","@id":"https:\/\/blog.12min.com\/br\/coaching-profissional\/","url":"https:\/\/blog.12min.com\/br\/coaching-profissional\/","name":"O que \u00e9 coaching profissional e quando recorrer a um coach? - Blog do 12min","isPartOf":{"@id":"https:\/\/blog.12min.com\/br\/#website"},"primaryImageOfPage":{"@id":"https:\/\/blog.12min.com\/br\/coaching-profissional\/#primaryimage"},"image":{"@id":"https:\/\/blog.12min.com\/br\/coaching-profissional\/#primaryimage"},"thumbnailUrl":"https:\/\/blog.12min.com\/br\/wp-content\/uploads\/sites\/3\/2018\/05\/coaching-profissional2.jpg","datePublished":"2018-05-25T10:00:41+00:00","dateModified":"2019-01-21T23:21:28+00:00","author":{"@id":"https:\/\/blog.12min.com\/br\/#\/schema\/person\/ccaf1a7ac6cac4265aa3afb02ae667f4"},"description":"As coisas n\u00e3o andam como voc\u00ea planejou no trabalho? Talvez seja a hora de procurar ajuda. O coaching profissional tem sido uma op\u00e7\u00e3o cada vez mais procurada por profissionais que querem impulsionar a carreira","breadcrumb":{"@id":"https:\/\/blog.12min.com\/br\/coaching-profissional\/#breadcrumb"},"inLanguage":"en-US","potentialAction":[{"@type":"ReadAction","target":["https:\/\/blog.12min.com\/br\/coaching-profissional\/"]}]},{"@type":"ImageObject","inLanguage":"en-US","@id":"https:\/\/blog.12min.com\/br\/coaching-profissional\/#primaryimage","url":"https:\/\/blog.12min.com\/br\/wp-content\/uploads\/sites\/3\/2018\/05\/coaching-profissional2.jpg","contentUrl":"https:\/\/blog.12min.com\/br\/wp-content\/uploads\/sites\/3\/2018\/05\/coaching-profissional2.jpg","width":1000,"height":667},{"@type":"BreadcrumbList","@id":"https:\/\/blog.12min.com\/br\/coaching-profissional\/#breadcrumb","itemListElement":[{"@type":"ListItem","position":1,"name":"In\u00edcio","item":"https:\/\/blog.12min.com\/br\/"},{"@type":"ListItem","position":2,"name":"O que \u00e9 coaching profissional e quando recorrer a um coach?"}]},{"@type":"WebSite","@id":"https:\/\/blog.12min.com\/br\/#website","url":"https:\/\/blog.12min.com\/br\/","name":"Blog do 12min","description":"Livros, Audiobooks e Resumos","potentialAction":[{"@type":"SearchAction","target":{"@type":"EntryPoint","urlTemplate":"https:\/\/blog.12min.com\/br\/?s={search_term_string}"},"query-input":{"@type":"PropertyValueSpecification","valueRequired":true,"valueName":"search_term_string"}}],"inLanguage":"en-US"},{"@type":"Person","@id":"https:\/\/blog.12min.com\/br\/#\/schema\/person\/ccaf1a7ac6cac4265aa3afb02ae667f4","name":"Emir Zecovic","description":"Emir is the Head of Marketing\u00a0at 12min. In his spare time, he loves to meditate and play soccer.","url":"https:\/\/blog.12min.com\/br\/author\/emir\/"}]}},"amp_enabled":true,"_links":{"self":[{"href":"https:\/\/blog.12min.com\/br\/wp-json\/wp\/v2\/posts\/2508","targetHints":{"allow":["GET"]}}],"collection":[{"href":"https:\/\/blog.12min.com\/br\/wp-json\/wp\/v2\/posts"}],"about":[{"href":"https:\/\/blog.12min.com\/br\/wp-json\/wp\/v2\/types\/post"}],"author":[{"embeddable":true,"href":"https:\/\/blog.12min.com\/br\/wp-json\/wp\/v2\/users\/48"}],"replies":[{"embeddable":true,"href":"https:\/\/blog.12min.com\/br\/wp-json\/wp\/v2\/comments?post=2508"}],"version-history":[{"count":5,"href":"https:\/\/blog.12min.com\/br\/wp-json\/wp\/v2\/posts\/2508\/revisions"}],"predecessor-version":[{"id":5443,"href":"https:\/\/blog.12min.com\/br\/wp-json\/wp\/v2\/posts\/2508\/revisions\/5443"}],"wp:featuredmedia":[{"embeddable":true,"href":"https:\/\/blog.12min.com\/br\/wp-json\/wp\/v2\/media\/2509"}],"wp:attachment":[{"href":"https:\/\/blog.12min.com\/br\/wp-json\/wp\/v2\/media?parent=2508"}],"wp:term":[{"taxonomy":"category","embeddable":true,"href":"https:\/\/blog.12min.com\/br\/wp-json\/wp\/v2\/categories?post=2508"},{"taxonomy":"post_tag","embeddable":true,"href":"https:\/\/blog.12min.com\/br\/wp-json\/wp\/v2\/tags?post=2508"}],"curies":[{"name":"wp","href":"https:\/\/api.w.org\/{rel}","templated":true}]}}