{"id":2553,"date":"2018-05-27T12:43:14","date_gmt":"2018-05-27T12:43:14","guid":{"rendered":"https:\/\/blog.12min.com\/pt\/?p=2553"},"modified":"2018-09-10T11:00:00","modified_gmt":"2018-09-10T11:00:00","slug":"microempreendedor-individual","status":"publish","type":"post","link":"https:\/\/blog.12min.com\/br\/microempreendedor-individual\/","title":{"rendered":"Microempreendedor individual: o que \u00e9 e quem pode ser um?"},"content":{"rendered":"<p class=\"wpwc-reading-time\">4 min de leitura \u231a&nbsp;<\/p><div class=\"pdfprnt-buttons pdfprnt-buttons-post pdfprnt-top-right\"><a href=\"https:\/\/blog.12min.com\/br\/wp-json\/wp\/v2\/posts\/2553?print=pdf\" class=\"pdfprnt-button pdfprnt-button-pdf\" target=\"_blank\"><\/a><a href=\"https:\/\/blog.12min.com\/br\/wp-json\/wp\/v2\/posts\/2553?print=print\" class=\"pdfprnt-button pdfprnt-button-print\" target=\"_blank\"><\/a><\/div><p><span style=\"font-weight: 400\">O mundo est\u00e1 cheio de profissionais independentes. Esse grupo \u00e9 chamado de microempreendedor ou microempreendedor individual. <\/span><\/p>\n<p><span style=\"font-weight: 400\">O Brasil n\u00e3o foge \u00e0 regra. Dados do Sebrae mostram que eles j\u00e1 superaram 7 milh\u00f5es de pessoas, no ano passado, e devem bater na casa dos 12 milh\u00f5es em 2019.<\/span><\/p>\n<p><span style=\"font-weight: 400\">Mas esses n\u00fameros certamente s\u00e3o muito maiores, uma vez que o Sebrae considera apenas aqueles que se registram no Portal do Empreendedor. Fica de fora um batalh\u00e3o consider\u00e1vel de microempres\u00e1rios que atua na informalidade.<\/span><\/p>\n<h2><span style=\"font-weight: 400\">O que \u00e9 microempreendedor individual<\/span><\/h2>\n<p><img loading=\"lazy\" decoding=\"async\" class=\"alignnone wp-image-2561\" src=\"https:\/\/blog.12min.com\/pt\/wp-content\/uploads\/sites\/3\/2018\/05\/microempreendedor-individual-7-300x200.jpg\" alt=\"microempreendedor individual \" width=\"600\" height=\"400\" \/><\/p>\n<p><span style=\"font-weight: 400\">A atividade de Microempreendedor Individual &#8211; MEI &#8211; foi formalizada pelo governo brasileiro em 2008, com a\u00a0<\/span><a href=\"http:\/\/www.planalto.gov.br\/ccivil_03\/leis\/LCP\/Lcp128.htm\"><span style=\"font-weight: 400\">Lei n\u00ba128<\/span><\/a><span style=\"font-weight: 400\">. A legisla\u00e7\u00e3o considera os trabalhadores que atuam por conta pr\u00f3pria em mais de <\/span><a href=\"http:\/\/www.portaldoempreendedor.gov.br\/temas\/quero-ser\/formalize-se\/atividades-permitidas\" target=\"_blank\" rel=\"noopener\"><span style=\"font-weight: 400\">400 modalidades de servi\u00e7os, com\u00e9rcio ou ind\u00fastria<\/span><\/a><span style=\"font-weight: 400\">.<\/span><\/p>\n<p><span style=\"font-weight: 400\">Do ponto de vista legal, o microempreendedor individual deve ter um faturamento anual de R$ 81 mil, ou <\/span><span style=\"font-weight: 400\">R$ 6.750 mensais (a partir desse ano).<\/span><\/p>\n<p><span style=\"font-weight: 400\">Esses empreendedores t\u00eam algumas caracter\u00edsticas espec\u00edficas:<\/span><\/p>\n<ul>\n<li style=\"font-weight: 400\"><span style=\"font-weight: 400\">Trabalham por conta pr\u00f3pria e preferem n\u00e3o contratar funcion\u00e1rios.<\/span><\/li>\n<li style=\"font-weight: 400\"><span style=\"font-weight: 400\">Mant\u00eam seus neg\u00f3cios em um tamanho administr\u00e1vel por eles mesmos, sem planos de crescimentos expressivos.<\/span><\/li>\n<li style=\"font-weight: 400\"><span style=\"font-weight: 400\">N\u00e3o precisam de infraestrutura requintada para come\u00e7ar uma atividade. Geralmente, trabalham em casa.<\/span><\/li>\n<li style=\"font-weight: 400\"><span style=\"font-weight: 400\">Na maioria das vezes, aprendem sobre o neg\u00f3cios com o tempo, fazendo, errando, fazendo&#8230;<\/span><\/li>\n<li style=\"font-weight: 400\"><span style=\"font-weight: 400\">Nem sempre consideram a renda um fator priorit\u00e1rio. Autonomia, flexibilidade e bem-estar pessoal t\u00eam peso significativo para esse grupo.<\/span><\/li>\n<\/ul>\n<p><span style=\"font-weight: 400\">E <\/span><span style=\"font-weight: 400\">quem pode ser microempreendedor individual? <\/span><span style=\"font-weight: 400\">Qualquer pessoa, exceto servidores p\u00fablicos, pensionistas, estrangeiros sem visto permanente e titulares de outras empresas. <\/span><\/p>\n<p><span style=\"font-weight: 400\">\u00c9 permitido ao microempres\u00e1rio individual, inclusive, receber aux\u00edlio-fam\u00edlia, aux\u00edlio-doen\u00e7a, aposentadoria por invalidez ou seguro-desemprego. Ele ainda pode ter um emprego com carteira assinada.<\/span><\/p>\n<h2><span style=\"font-weight: 400\">Sair da informalidade \u00e9 um bom neg\u00f3cio?<\/span><\/h2>\n<p><img loading=\"lazy\" decoding=\"async\" class=\"alignnone wp-image-2554\" src=\"https:\/\/blog.12min.com\/pt\/wp-content\/uploads\/sites\/3\/2018\/05\/microeempreendedor-individualshutterstock_1049751011-300x200.jpg\" alt=\"microempreendedor individual\" width=\"600\" height=\"400\" srcset=\"https:\/\/blog.12min.com\/br\/wp-content\/uploads\/sites\/3\/2018\/05\/microeempreendedor-individualshutterstock_1049751011-300x200.jpg 300w, https:\/\/blog.12min.com\/br\/wp-content\/uploads\/sites\/3\/2018\/05\/microeempreendedor-individualshutterstock_1049751011-768x512.jpg 768w, https:\/\/blog.12min.com\/br\/wp-content\/uploads\/sites\/3\/2018\/05\/microeempreendedor-individualshutterstock_1049751011.jpg 1000w\" sizes=\"auto, (max-width: 600px) 100vw, 600px\" \/><\/p>\n<p><span style=\"font-weight: 400\">O governo diz que sim e promete alguns benef\u00edcios em troca de um CNPJ &#8211; o que amplia a oportunidades de obter novos clientes. Em contrapartida vem o pagamento de impostos.<\/span><\/p>\n<p><span style=\"font-weight: 400\">O microempreendedor individual t\u00eam os seguintes direitos:<\/span><\/p>\n<ul>\n<li style=\"font-weight: 400\"><span style=\"font-weight: 400\">Aposentadoria por idade ou por tempo de contribui\u00e7\u00e3o, por invalidez, por acidentes de trabalho ou morte. O valor \u00e9 de um sal\u00e1rio m\u00ednimo;<\/span><\/li>\n<li style=\"font-weight: 400\"><span style=\"font-weight: 400\">Pens\u00e3o por morte, tamb\u00e9m de um sal\u00e1rio m\u00ednimo;<\/span><\/li>\n<li style=\"font-weight: 400\"><span style=\"font-weight: 400\">Aux\u00edlio-doen\u00e7a;<\/span><\/li>\n<li style=\"font-weight: 400\"><span style=\"font-weight: 400\">Sal\u00e1rio-maternidade;<\/span><\/li>\n<li style=\"font-weight: 400\"><span style=\"font-weight: 400\">Emiss\u00e3o de notas fiscais;<\/span><\/li>\n<li style=\"font-weight: 400\"><span style=\"font-weight: 400\">Redu\u00e7\u00e3o do n\u00famero de impostos.<\/span><\/li>\n<\/ul>\n<p><span style=\"font-weight: 400\">Em algumas institui\u00e7\u00f5es financeiras, eles recebem facilidades para abertura de contas e cr\u00e9dito.<\/span><\/p>\n<h2><span style=\"font-weight: 400\">Como fazer o cadastro<\/span><\/h2>\n<p><img loading=\"lazy\" decoding=\"async\" class=\"alignnone wp-image-2555\" src=\"https:\/\/blog.12min.com\/pt\/wp-content\/uploads\/sites\/3\/2018\/05\/microempreendedor-individualmicroeempreendedor-individualshutterstock_303468863-300x210.jpg\" alt=\"microempreendedor individual\" width=\"600\" height=\"419\" srcset=\"https:\/\/blog.12min.com\/br\/wp-content\/uploads\/sites\/3\/2018\/05\/microempreendedor-individualmicroeempreendedor-individualshutterstock_303468863-300x210.jpg 300w, https:\/\/blog.12min.com\/br\/wp-content\/uploads\/sites\/3\/2018\/05\/microempreendedor-individualmicroeempreendedor-individualshutterstock_303468863-768x537.jpg 768w, https:\/\/blog.12min.com\/br\/wp-content\/uploads\/sites\/3\/2018\/05\/microempreendedor-individualmicroeempreendedor-individualshutterstock_303468863.jpg 1000w\" sizes=\"auto, (max-width: 600px) 100vw, 600px\" \/><\/p>\n<p><span style=\"font-weight: 400\">Se voc\u00ea quer sair da informalidade e se cadastrar como microempreendedor individual, basta acessar o <\/span><a href=\"http:\/\/www.portaldoempreendedor.gov.br\/\" target=\"_blank\" rel=\"noopener\"><span style=\"font-weight: 400\">Portal do Empreendedor<\/span><\/a><span style=\"font-weight: 400\">. L\u00e1 voc\u00ea realiza todo o processo de maneira f\u00e1cil. Veja as etapa:<\/span><\/p>\n<ul>\n<li style=\"font-weight: 400\"><span style=\"font-weight: 400\">Cadastre o n\u00famero do seu CPF, endere\u00e7o e telefone.<\/span><\/li>\n<li style=\"font-weight: 400\"><span style=\"font-weight: 400\">Informe a atividade principal que ir\u00e1 desempenhar como MEI.<\/span><\/li>\n<li style=\"font-weight: 400\"><span style=\"font-weight: 400\">O profissional que j\u00e1 t\u00eam um empreendimento consolidado, basta selecionar a ocupa\u00e7\u00e3o correspondente. Exemplo: pedreiro.<\/span><\/li>\n<li style=\"font-weight: 400\"><span style=\"font-weight: 400\">Quem ainda n\u00e3o tem uma atividade estabelecida, mas quer abrir o pr\u00f3prio neg\u00f3cio, deve cumprir outras etapas. As orienta\u00e7\u00f5es est\u00e3o todas no portal.<\/span><\/li>\n<\/ul>\n<p><span style=\"font-weight: 400\">\u00c9 permitido ter funcion\u00e1rios?\u00a0<\/span><span style=\"font-weight: 400\">Sim, o microempreendedor individual pode contratar pessoas. O c\u00f4njuge, inclusive. Mas o sal\u00e1rio m\u00ednimo deve ser o da categoria do empregado.\u00a0<\/span><\/p>\n<p><span style=\"font-weight: 400\">Al\u00e9m disso, \u00e9 responsabilidade do empregador custear todas as despesas de contrata\u00e7\u00e3o e pagar os direitos trabalhistas legais, entre eles, FGTS e 13o sal\u00e1rio, por exemplo.<\/span><\/p>\n<h2><span style=\"font-weight: 400\">Os impostos<\/span><\/h2>\n<p><img loading=\"lazy\" decoding=\"async\" class=\"alignnone wp-image-2556\" src=\"https:\/\/blog.12min.com\/pt\/wp-content\/uploads\/sites\/3\/2018\/05\/microempreendedor-individualmicroeempreendedor-individualshutterstock_725867911-300x200.jpg\" alt=\"microempreendedor individual\" width=\"600\" height=\"400\" srcset=\"https:\/\/blog.12min.com\/br\/wp-content\/uploads\/sites\/3\/2018\/05\/microempreendedor-individualmicroeempreendedor-individualshutterstock_725867911-300x200.jpg 300w, https:\/\/blog.12min.com\/br\/wp-content\/uploads\/sites\/3\/2018\/05\/microempreendedor-individualmicroeempreendedor-individualshutterstock_725867911-768x512.jpg 768w, https:\/\/blog.12min.com\/br\/wp-content\/uploads\/sites\/3\/2018\/05\/microempreendedor-individualmicroeempreendedor-individualshutterstock_725867911.jpg 1000w\" sizes=\"auto, (max-width: 600px) 100vw, 600px\" \/><\/p>\n<p><span style=\"font-weight: 400\">\u00c9 claro que quando um microempreendedor individual sai da informalidade e se registra formalmente ele come\u00e7a a pagar impostos. E quanto isso pesa no bolso dele? Menos que para os demais empres\u00e1rios.<\/span><\/p>\n<p><span style=\"font-weight: 400\">Os impostos para o microempreendedor individual s\u00e3o unificados pelo regime do <\/span><a href=\"https:\/\/blog.12min.com\/pt\/o-que-e-e-quem-pode-ser-optante-pelo-simples-nacional\/\" target=\"_blank\" rel=\"noopener\"><span style=\"font-weight: 400\">Simples Nacional<\/span><\/a><span style=\"font-weight: 400\">. E eles ganham isen\u00e7\u00e3o dos impostos federais &#8211; Imposto de Renda, PIS, Cofins, IPI e CSLL. <\/span><\/p>\n<p><span style=\"font-weight: 400\">Em 2018, as taxas m\u00ednimas para o MEI cadastrado s\u00e3o:<\/span><\/p>\n<ul>\n<li style=\"font-weight: 400\"><span style=\"font-weight: 400\">Ind\u00fastria e Com\u00e9rcio: R$ 1,00 de ICMS + R$ 47,70 de INSS = R$ 48,70<\/span><\/li>\n<li style=\"font-weight: 400\"><span style=\"font-weight: 400\">Servi\u00e7os: R$ 5,00 de ISS + R$ 47,70 de INSS = R$ 52,70<\/span><\/li>\n<li style=\"font-weight: 400\"><span style=\"font-weight: 400\">Servi\u00e7os e Com\u00e9rcio: R$ 6,00 de ICMS e ISS + R$ 47,70 de INSS = R$ 53,70<\/span><\/li>\n<\/ul>\n<p><span style=\"font-weight: 400\">Para fazer os pagamentos, voc\u00ea <\/span><span style=\"font-weight: 400\">deve acessar o Portal do Empreendedor e imprimir a <\/span><a href=\"http:\/\/www.portaldoempreendedor.gov.br\/temas\/ja-sou\/servicos\/pagamento-mei-guia-boleto\" target=\"_blank\" rel=\"noopener\"><span style=\"font-weight: 400\">Guia de Pagamento do Documento de Arrecada\u00e7\u00e3o Simplificada <\/span><\/a><span style=\"font-weight: 400\">do Microempreendedor Individual (DASMEI).<\/span><\/p>\n<p><span style=\"font-weight: 400\">Para o governo, n\u00e3o interessa se voc\u00ea ganhou ou n\u00e3o dinheiro em um determinado per\u00edodo, O pagamento das obriga\u00e7\u00f5es tribut\u00e1rias deve ser feito at\u00e9 o dia 20 de cada m\u00eas.<\/span><\/p>\n<p><span style=\"font-weight: 400\">Atrasos e o n\u00e3o pagamento da DAS gera juros e multas. Se voc\u00ea deixar que isso ocorra com frequ\u00eancia, estar\u00e1 onerando as suas obriga\u00e7\u00f5es de forma consider\u00e1vel.<\/span><\/p>\n<h2><span style=\"font-weight: 400\">Obriga\u00e7\u00f5es fiscais e cont\u00e1beis <\/span><\/h2>\n<p><span style=\"font-weight: 400\">Al\u00e9m de pagar a guia DAS (Documento de Arrecada\u00e7\u00e3o do Simples Nacional), o microempreendedor individual tem outras obriga\u00e7\u00f5es, que s\u00e3o:<\/span><\/p>\n<ul>\n<li style=\"font-weight: 400\"><span style=\"font-weight: 400\">Emitir relat\u00f3rio mensal das receitas;<\/span><\/li>\n<li style=\"font-weight: 400\"><span style=\"font-weight: 400\">Emitir notas fiscais de vendas e presta\u00e7\u00f5es de servi\u00e7os. <\/span><span style=\"font-weight: 400\">Por\u00e9m, o MEI est\u00e1 isento da emiss\u00e3o da NF quando vender para pessoas f\u00edsicas;<\/span><\/li>\n<li style=\"font-weight: 400\"><span style=\"font-weight: 400\">Prestar informa\u00e7\u00f5es do funcion\u00e1rio (<\/span><a href=\"http:\/\/idg.receita.fazenda.gov.br\/orientacao\/tributaria\/declaracoes-e-demonstrativos\/gfip-sefip-guia-do-fgts-e-informacoes-a-previdencia-social-1\" target=\"_blank\" rel=\"noopener\"><span style=\"font-weight: 400\">Informa\u00e7\u00e3o \u00e0 Previd\u00eancia Social<\/span><\/a><span style=\"font-weight: 400\"> e Guia do FGTS), se for o caso.<\/span><\/li>\n<\/ul>\n<h2><span style=\"font-weight: 400\">Pequenos neg\u00f3cios em alta<\/span><\/h2>\n<p><img loading=\"lazy\" decoding=\"async\" class=\"alignnone wp-image-2557\" src=\"https:\/\/blog.12min.com\/pt\/wp-content\/uploads\/sites\/3\/2018\/05\/microempreendedor-individualmicroeempreendedor-individualshutterstock_1050131678-300x212.jpg\" alt=\"microempreendedor individual\" width=\"600\" height=\"423\" srcset=\"https:\/\/blog.12min.com\/br\/wp-content\/uploads\/sites\/3\/2018\/05\/microempreendedor-individualmicroeempreendedor-individualshutterstock_1050131678-300x212.jpg 300w, https:\/\/blog.12min.com\/br\/wp-content\/uploads\/sites\/3\/2018\/05\/microempreendedor-individualmicroeempreendedor-individualshutterstock_1050131678-768x541.jpg 768w, https:\/\/blog.12min.com\/br\/wp-content\/uploads\/sites\/3\/2018\/05\/microempreendedor-individualmicroeempreendedor-individualshutterstock_1050131678.jpg 1000w\" sizes=\"auto, (max-width: 600px) 100vw, 600px\" \/><\/p>\n<p><span style=\"font-weight: 400\">Pequenas empresas, n\u00fameros relevantes. Segundo levantamento do Sebrae, as empresas que faturam anualmente at\u00e9 R$ 3,6 milh\u00f5es &#8211; incluindo as microempresas individuais &#8211; est\u00e3o aumentando no Brasil. Em cinco anos, esse crescimento ser\u00e1 de 43%.<\/span><\/p>\n<p><span style=\"font-weight: 400\">Hoje, o pa\u00eds tem 12,4 milh\u00f5es de microempreendedores individuais e micro e pequeno empreendedor optantes pelo Simples Nacional. Eles representam 27% do PIB, 98,5% dos empreendimento brasileiros e empregam 70% da m\u00e3o-de-obra do setor privado.<\/span><\/p>\n<p><span style=\"font-weight: 400\">Esse segmento fechou 2017 com um resultado positivo. Foram 204 mil contrata\u00e7\u00f5es com carteira assinada.<\/span><\/p>\n<h2><span style=\"font-weight: 400\">Apoio ao desenvolvimento<\/span><\/h2>\n<p><span style=\"font-weight: 400\">Capacita\u00e7\u00e3o pode ser um forte aliado do microempreendedor individual. Existem v\u00e1rias op\u00e7\u00f5es e o\u00a0<\/span><a href=\"https:\/\/atendimento.sebrae-sc.com.br\/\" target=\"_blank\" rel=\"noopener\"><span style=\"font-weight: 400\">Portal de Atendimento do Sebrae<\/span><\/a><span style=\"font-weight: 400\"> \u00e9 uma delas. <\/span><\/p>\n<p><span style=\"font-weight: 400\">Esse portal oferece v\u00e1rios cursos e materiais gratuitos sobre gest\u00e3o, finan\u00e7as, comunica\u00e7\u00e3o e vendas. Um investimento que vale a pena. <\/span><\/p>\n<p><span style=\"font-weight: 400\">Leitura tamb\u00e9m \u00e9 um grande refor\u00e7o. Na plataforma <\/span><a href=\"https:\/\/12min.com.br\/\" target=\"_blank\" rel=\"noopener\"><span style=\"font-weight: 400\">12 MIN<\/span><\/a><span style=\"font-weight: 400\"> voc\u00ea encontre o resumo de in\u00fameras obras valios\u00edssimas para os empreendedores.<\/span><\/p>\n<p><span style=\"font-weight: 400\">Selecionamos um best-seller especial para voc\u00ea: <\/span><a href=\"https:\/\/12min.com.br\/os-segredos-da-mente-milionaria\" target=\"_blank\" rel=\"noopener\"><span style=\"font-weight: 400\">Os Segredos da Mente Milion\u00e1ria<\/span><\/a><span style=\"font-weight: 400\"> &#8211; aprenda a enriquecer mudando seus conceitos sobre dinheiro, com T. Harv Eker.<\/span><\/p>\n<p><img loading=\"lazy\" decoding=\"async\" class=\"alignnone wp-image-2559\" src=\"https:\/\/blog.12min.com\/pt\/wp-content\/uploads\/sites\/3\/2018\/05\/microempreendedor-individual-livro-200x300.png\" alt=\"microempreendedor individual\" width=\"120\" height=\"180\" \/><\/p>\n<p><span style=\"font-weight: 400\">Leia hoje mesmo! Sucesso no seu empreendimento!<\/span><\/p>\n<p>&nbsp;<\/p>\n<p>&nbsp;<\/p>\n","protected":false},"excerpt":{"rendered":"<p>4 min de leitura \u231a&nbsp;O mundo est\u00e1 cheio de profissionais independentes. Esse grupo \u00e9 chamado de microempreendedor ou microempreendedor individual. O Brasil n\u00e3o foge \u00e0 regra. Dados do Sebrae mostram que eles j\u00e1 superaram 7 milh\u00f5es de pessoas, no ano passado, e devem bater na casa dos 12 milh\u00f5es em 2019. Mas esses n\u00fameros certamente [&hellip;]<\/p>\n","protected":false},"author":48,"featured_media":2558,"comment_status":"closed","ping_status":"open","sticky":false,"template":"","format":"standard","meta":{"_exactmetrics_skip_tracking":false,"_exactmetrics_sitenote_active":false,"_exactmetrics_sitenote_note":"","_exactmetrics_sitenote_category":0,"footnotes":""},"categories":[6],"tags":[],"class_list":["post-2553","post","type-post","status-publish","format-standard","has-post-thumbnail","hentry","category-negocios","wpbf-post"],"yoast_head":"<!-- This site is optimized with the Yoast SEO plugin v26.4 - https:\/\/yoast.com\/wordpress\/plugins\/seo\/ -->\n<title>Microempreendedor individual: o que \u00e9 e quem pode ser um<\/title>\n<meta name=\"description\" content=\"O mundo est\u00e1 cheio de profissionais independentes. Esse grupo \u00e9 chamado de microempreendedor ou microempreendedor individual. O Brasil n\u00e3o foge \u00e0 regra. Dados do Sebrae mostram que eles j\u00e1 superaram 7 milh\u00f5es de pessoas, no ano passado, e devem bater na casa dos 12 milh\u00f5es em 2019.\" \/>\n<meta name=\"robots\" content=\"index, follow, max-snippet:-1, max-image-preview:large, max-video-preview:-1\" \/>\n<link rel=\"canonical\" href=\"https:\/\/blog.12min.com\/br\/microempreendedor-individual\/\" \/>\n<meta property=\"og:locale\" content=\"en_US\" \/>\n<meta property=\"og:type\" content=\"article\" \/>\n<meta property=\"og:title\" content=\"Microempreendedor individual: o que \u00e9 e quem pode ser um\" \/>\n<meta property=\"og:description\" content=\"O mundo est\u00e1 cheio de profissionais independentes. Esse grupo \u00e9 chamado de microempreendedor ou microempreendedor individual. O Brasil n\u00e3o foge \u00e0 regra. Dados do Sebrae mostram que eles j\u00e1 superaram 7 milh\u00f5es de pessoas, no ano passado, e devem bater na casa dos 12 milh\u00f5es em 2019.\" \/>\n<meta property=\"og:url\" content=\"https:\/\/blog.12min.com\/br\/microempreendedor-individual\/\" \/>\n<meta property=\"og:site_name\" content=\"Blog do 12min\" \/>\n<meta property=\"article:published_time\" content=\"2018-05-27T12:43:14+00:00\" \/>\n<meta property=\"article:modified_time\" content=\"2018-09-10T11:00:00+00:00\" \/>\n<meta property=\"og:image\" content=\"https:\/\/blog.12min.com\/br\/wp-content\/uploads\/sites\/3\/2018\/05\/microempreendedor-individualmicroeempreendedor-individualshutterstock_529043749.jpg\" \/>\n\t<meta property=\"og:image:width\" content=\"1000\" \/>\n\t<meta property=\"og:image:height\" content=\"667\" \/>\n\t<meta property=\"og:image:type\" content=\"image\/jpeg\" \/>\n<meta name=\"author\" content=\"Emir Zecovic\" \/>\n<meta name=\"twitter:card\" content=\"summary_large_image\" \/>\n<meta name=\"twitter:label1\" content=\"Written by\" \/>\n\t<meta name=\"twitter:data1\" content=\"Emir Zecovic\" \/>\n\t<meta name=\"twitter:label2\" content=\"Est. reading time\" \/>\n\t<meta name=\"twitter:data2\" content=\"5 minutes\" \/>\n<!-- \/ Yoast SEO plugin. -->","yoast_head_json":{"title":"Microempreendedor individual: o que \u00e9 e quem pode ser um","description":"O mundo est\u00e1 cheio de profissionais independentes. Esse grupo \u00e9 chamado de microempreendedor ou microempreendedor individual. O Brasil n\u00e3o foge \u00e0 regra. Dados do Sebrae mostram que eles j\u00e1 superaram 7 milh\u00f5es de pessoas, no ano passado, e devem bater na casa dos 12 milh\u00f5es em 2019.","robots":{"index":"index","follow":"follow","max-snippet":"max-snippet:-1","max-image-preview":"max-image-preview:large","max-video-preview":"max-video-preview:-1"},"canonical":"https:\/\/blog.12min.com\/br\/microempreendedor-individual\/","og_locale":"en_US","og_type":"article","og_title":"Microempreendedor individual: o que \u00e9 e quem pode ser um","og_description":"O mundo est\u00e1 cheio de profissionais independentes. Esse grupo \u00e9 chamado de microempreendedor ou microempreendedor individual. O Brasil n\u00e3o foge \u00e0 regra. Dados do Sebrae mostram que eles j\u00e1 superaram 7 milh\u00f5es de pessoas, no ano passado, e devem bater na casa dos 12 milh\u00f5es em 2019.","og_url":"https:\/\/blog.12min.com\/br\/microempreendedor-individual\/","og_site_name":"Blog do 12min","article_published_time":"2018-05-27T12:43:14+00:00","article_modified_time":"2018-09-10T11:00:00+00:00","og_image":[{"width":1000,"height":667,"url":"https:\/\/blog.12min.com\/br\/wp-content\/uploads\/sites\/3\/2018\/05\/microempreendedor-individualmicroeempreendedor-individualshutterstock_529043749.jpg","type":"image\/jpeg"}],"author":"Emir Zecovic","twitter_card":"summary_large_image","twitter_misc":{"Written by":"Emir Zecovic","Est. reading time":"5 minutes"},"schema":{"@context":"https:\/\/schema.org","@graph":[{"@type":"WebPage","@id":"https:\/\/blog.12min.com\/br\/microempreendedor-individual\/","url":"https:\/\/blog.12min.com\/br\/microempreendedor-individual\/","name":"Microempreendedor individual: o que \u00e9 e quem pode ser um","isPartOf":{"@id":"https:\/\/blog.12min.com\/br\/#website"},"primaryImageOfPage":{"@id":"https:\/\/blog.12min.com\/br\/microempreendedor-individual\/#primaryimage"},"image":{"@id":"https:\/\/blog.12min.com\/br\/microempreendedor-individual\/#primaryimage"},"thumbnailUrl":"https:\/\/blog.12min.com\/br\/wp-content\/uploads\/sites\/3\/2018\/05\/microempreendedor-individualmicroeempreendedor-individualshutterstock_529043749.jpg","datePublished":"2018-05-27T12:43:14+00:00","dateModified":"2018-09-10T11:00:00+00:00","author":{"@id":"https:\/\/blog.12min.com\/br\/#\/schema\/person\/ccaf1a7ac6cac4265aa3afb02ae667f4"},"description":"O mundo est\u00e1 cheio de profissionais independentes. Esse grupo \u00e9 chamado de microempreendedor ou microempreendedor individual. O Brasil n\u00e3o foge \u00e0 regra. Dados do Sebrae mostram que eles j\u00e1 superaram 7 milh\u00f5es de pessoas, no ano passado, e devem bater na casa dos 12 milh\u00f5es em 2019.","breadcrumb":{"@id":"https:\/\/blog.12min.com\/br\/microempreendedor-individual\/#breadcrumb"},"inLanguage":"en-US","potentialAction":[{"@type":"ReadAction","target":["https:\/\/blog.12min.com\/br\/microempreendedor-individual\/"]}]},{"@type":"ImageObject","inLanguage":"en-US","@id":"https:\/\/blog.12min.com\/br\/microempreendedor-individual\/#primaryimage","url":"https:\/\/blog.12min.com\/br\/wp-content\/uploads\/sites\/3\/2018\/05\/microempreendedor-individualmicroeempreendedor-individualshutterstock_529043749.jpg","contentUrl":"https:\/\/blog.12min.com\/br\/wp-content\/uploads\/sites\/3\/2018\/05\/microempreendedor-individualmicroeempreendedor-individualshutterstock_529043749.jpg","width":1000,"height":667,"caption":"microempreendedor individual"},{"@type":"BreadcrumbList","@id":"https:\/\/blog.12min.com\/br\/microempreendedor-individual\/#breadcrumb","itemListElement":[{"@type":"ListItem","position":1,"name":"In\u00edcio","item":"https:\/\/blog.12min.com\/br\/"},{"@type":"ListItem","position":2,"name":"Microempreendedor individual: o que \u00e9 e quem pode ser um?"}]},{"@type":"WebSite","@id":"https:\/\/blog.12min.com\/br\/#website","url":"https:\/\/blog.12min.com\/br\/","name":"Blog do 12min","description":"Livros, Audiobooks e Resumos","potentialAction":[{"@type":"SearchAction","target":{"@type":"EntryPoint","urlTemplate":"https:\/\/blog.12min.com\/br\/?s={search_term_string}"},"query-input":{"@type":"PropertyValueSpecification","valueRequired":true,"valueName":"search_term_string"}}],"inLanguage":"en-US"},{"@type":"Person","@id":"https:\/\/blog.12min.com\/br\/#\/schema\/person\/ccaf1a7ac6cac4265aa3afb02ae667f4","name":"Emir Zecovic","description":"Emir is the Head of Marketing\u00a0at 12min. In his spare time, he loves to meditate and play soccer.","url":"https:\/\/blog.12min.com\/br\/author\/emir\/"}]}},"amp_enabled":true,"_links":{"self":[{"href":"https:\/\/blog.12min.com\/br\/wp-json\/wp\/v2\/posts\/2553","targetHints":{"allow":["GET"]}}],"collection":[{"href":"https:\/\/blog.12min.com\/br\/wp-json\/wp\/v2\/posts"}],"about":[{"href":"https:\/\/blog.12min.com\/br\/wp-json\/wp\/v2\/types\/post"}],"author":[{"embeddable":true,"href":"https:\/\/blog.12min.com\/br\/wp-json\/wp\/v2\/users\/48"}],"replies":[{"embeddable":true,"href":"https:\/\/blog.12min.com\/br\/wp-json\/wp\/v2\/comments?post=2553"}],"version-history":[{"count":4,"href":"https:\/\/blog.12min.com\/br\/wp-json\/wp\/v2\/posts\/2553\/revisions"}],"predecessor-version":[{"id":2564,"href":"https:\/\/blog.12min.com\/br\/wp-json\/wp\/v2\/posts\/2553\/revisions\/2564"}],"wp:featuredmedia":[{"embeddable":true,"href":"https:\/\/blog.12min.com\/br\/wp-json\/wp\/v2\/media\/2558"}],"wp:attachment":[{"href":"https:\/\/blog.12min.com\/br\/wp-json\/wp\/v2\/media?parent=2553"}],"wp:term":[{"taxonomy":"category","embeddable":true,"href":"https:\/\/blog.12min.com\/br\/wp-json\/wp\/v2\/categories?post=2553"},{"taxonomy":"post_tag","embeddable":true,"href":"https:\/\/blog.12min.com\/br\/wp-json\/wp\/v2\/tags?post=2553"}],"curies":[{"name":"wp","href":"https:\/\/api.w.org\/{rel}","templated":true}]}}