{"id":3581,"date":"2018-07-30T20:00:35","date_gmt":"2018-07-30T20:00:35","guid":{"rendered":"https:\/\/blog.12min.com\/br\/?p=3581"},"modified":"2019-04-09T23:05:48","modified_gmt":"2019-04-10T02:05:48","slug":"crise-dos-25-anos","status":"publish","type":"post","link":"https:\/\/blog.12min.com\/br\/crise-dos-25-anos\/","title":{"rendered":"A Crise dos 25 anos: saiba o que \u00e9 e veja se voc\u00ea est\u00e1 passando por ela"},"content":{"rendered":"<p class=\"wpwc-reading-time\">6 min de leitura \u231a&nbsp;<\/p><div class=\"pdfprnt-buttons pdfprnt-buttons-post pdfprnt-top-right\"><a href=\"https:\/\/blog.12min.com\/br\/wp-json\/wp\/v2\/posts\/3581?print=pdf\" class=\"pdfprnt-button pdfprnt-button-pdf\" target=\"_blank\"><\/a><a href=\"https:\/\/blog.12min.com\/br\/wp-json\/wp\/v2\/posts\/3581?print=print\" class=\"pdfprnt-button pdfprnt-button-print\" target=\"_blank\"><\/a><\/div><p>Em 2004, uma reportagem do jornal norte-americano Boston Globe chamou a aten\u00e7\u00e3o, pela primeira vez, para a chamada Crise dos 25 Anos.<\/p>\n<p><a href=\"http:\/\/archive.boston.com\/news\/globe\/living\/articles\/2004\/09\/08\/the_quarter_life_crisis\/\" target=\"_blank\" rel=\"noopener noreferrer\">Na reportagem<\/a>, o jornal contemplou entrevistas e dados sobre os adolescentes rec\u00e9m-formados nas universidades locais e como eles se preocupavam com o in\u00edcio da vida adulta.<\/p>\n<p>O sentimento geral entre eles \u00e9 de incompletude e receio com situa\u00e7\u00f5es como desemprego e endividamento. Algo que, at\u00e9 aquele momento, n\u00e3o era um sentimento entre os jovens que motivava estudos e a aten\u00e7\u00e3o de pais, professores e autoridades p\u00fablicas.<\/p>\n<p>Mas, o que \u00e9 a Crise dos 25 Anos? O que se passa na mente de algu\u00e9m, durante esta fase da vida, que pode demandar aux\u00edlio psicol\u00f3gico especializado? Neste artigo, vamos falar sobre este fen\u00f4meno que vem se repetindo entre jovens adultos de todo o mundo. Confira!<\/p>\n<h2><strong>O que \u00e9 a Crise dos 25 Anos<\/strong><\/h2>\n<p>Para muitos, quando uma pessoa alcan\u00e7a os 25 anos de idade, oficialmente deixa de ser jovem. Se tornando um adulto. E esta transi\u00e7\u00e3o, que assusta a alguns, desencadeia a chamada Crise dos 25 Anos.<\/p>\n<p>O conceito \u00e9 mais conhecido no exterior, do que no Brasil. Apesar de que os efeitos tamb\u00e9m s\u00e3o percebidos entre os jovens adultos brasileiro. L\u00e1 fora, o fen\u00f4meno \u00e9 mais conhecido pelo termo em ingl\u00eas, \u201cQuarter Life Crisis\u201d.<\/p>\n<p>O primeiro a propor e estudar a Crise dos 25 Anos foi o autor e psic\u00f3logo alem\u00e3o <a href=\"https:\/\/pt.wikipedia.org\/wiki\/Erik_Erikson\" target=\"_blank\" rel=\"noopener noreferrer\">Erik Smith Erikson<\/a>. Em sua obra acad\u00eamica de estudo, ele considerou que o ser humano atravessa oito crises, durante a sua vida.<\/p>\n<p>Entre estas crises, est\u00e1 a que ocorre na proximidade dos 25 anos. Ela se origina a partir do medo da transi\u00e7\u00e3o entre a adolesc\u00eancia e a vida adulta.<\/p>\n<p>Esta transi\u00e7\u00e3o, em muitos casos, significa o fim do per\u00edodo universit\u00e1rio e a entrada definitiva no mercado de trabalho. \u00c9 momento no qual surgem preocupa\u00e7\u00f5es da \u201cvida adulta\u201d, como comprar o primeiro im\u00f3vel, n\u00e3o contrair d\u00edvidas e n\u00e3o perder o emprego.<\/p>\n<p>E estes sentimentos geram ansiedade e aumentam a press\u00e3o, para quem est\u00e1 prestes a come\u00e7ar de fato a vida adulta.<\/p>\n<h2><strong>Uma dif\u00edcil e estranha transi\u00e7\u00e3o&#8230;<\/strong><\/h2>\n<p>A adolesc\u00eancia \u00e9 a etapa da vida na qual a maior parte dos erros que cometemos possuem pouca ou quase nenhuma repercuss\u00e3o.\u00a0Todo mundo tem uma hist\u00f3ria para contar sobre algo que ocorreu na juventude e que gerou muita apreens\u00e3o e medo, na hora. Mas que hoje geram risos e gargalhadas, se tornando mais uma situa\u00e7\u00e3o c\u00f4mica do passado, do que um problema realmente s\u00e9rio.<\/p>\n<p>Algo como ir para a escola embriagado ou farrear na cidade, durante toda a madrugada. Por\u00e9m, quanto mais velhos ficamos, menos engra\u00e7adas, e mais constrangedoras e com repercuss\u00f5es mais s\u00e9rias se tornam estas a\u00e7\u00f5es.<\/p>\n<p>Virar a noite e ir embriagado para o trabalho n\u00e3o \u00e9 uma situa\u00e7\u00e3o engra\u00e7ada, como era chegar na escola. Muito pelo contr\u00e1rio, pode gerar demiss\u00e3o por justa causa.<\/p>\n<p>E esta sensa\u00e7\u00e3o de novas responsabilidade e novos medos significa uma transi\u00e7\u00e3o dif\u00edcil para muita gente. J\u00e1 que surgem incertezas e s\u00e3o necess\u00e1rias mudan\u00e7as de h\u00e1bitos, para se adaptar \u00e0 esta nova fase.<\/p>\n<h2><strong>25 Anos: a nova idade do fim da adolesc\u00eancia<\/strong><\/h2>\n<p>A revista cient\u00edfica australiana Lancet Child &amp; Adolescent Health publicou, em janeiro deste ano, um estudo defendendo que a adolesc\u00eancia deve ser dos 10 aos 24 anos. Se estendendo al\u00e9m dos 19 anos, a idade considerada na maior parte do mundo como o marco do fim da adolesc\u00eancia.<\/p>\n<p>Os pesquisadores do estudo indicam que o fato de jovens estarem estendendo o tempo de estudo, adiando cada vez mais a idade do casamento e de ter filhos, faz com que o per\u00edodo da adolesc\u00eancia se estenda por mais cinco anos.<\/p>\n<p>Al\u00e9m dos aspectos sociais, os cientistas ainda apontaram aspectos fisiol\u00f3gicos. Como o fato de que o c\u00e9rebro continua a se desenvolver at\u00e9 os 25 anos e que em muitos jovens, as manifesta\u00e7\u00f5es do dente siso somente ocorrem nesta fase.<\/p>\n<p>O objetivo do estudo \u00e9 o de iniciar a discuss\u00e3o de pol\u00edticas p\u00fablicas que assegurem mais direitos aos que ultrapassam os 19 anos. Como j\u00e1 ocorre em alguns pa\u00edses, como no Reino Unido, que considera a idade de 24 anos como o limite para receber os servi\u00e7os p\u00fablicos para a adolesc\u00eancia.<\/p>\n<h2><strong>As dificuldades do in\u00edcio da vida adulta<\/strong><\/h2>\n<p>A <a href=\"https:\/\/webinsider.com.br\/controle-financeiro-pessoal-jovens-brasileiros\/?utm_source=blog12min&amp;utm_medium=blog&amp;utm_content=post&amp;utm_campaign=routine\" target=\"_blank\" rel=\"noopener noreferrer\">falta de controle financeiro pessoal dos jovens<\/a> \u00e9 uma situa\u00e7\u00e3o que gera preocupa\u00e7\u00e3o. Especialmente para quem est\u00e1 come\u00e7ando a vida adulta e n\u00e3o possui a <a href=\"https:\/\/blog.12min.com\/br\/independencia-financeira\/\" target=\"_blank\" rel=\"noopener noreferrer\">estabilidade financeira<\/a> necess\u00e1ria para construir patrim\u00f4nio, formar fam\u00edlia, entre outras coisas.<\/p>\n<p>E ver a vida passando, sem alcan\u00e7ar os objetivos de vida sonhados na adolesc\u00eancia, \u00e9 extremamente frustrante.<\/p>\n<p>O <a href=\"https:\/\/webinsider.com.br\/desafio-do-primeiro-emprego\/?utm_source=blog12min&amp;utm_medium=blog&amp;utm_content=post&amp;utm_campaign=routine\" target=\"_blank\" rel=\"noopener noreferrer\">primeiro emprego<\/a>, ou a busca por oportunidades de crescimento profissional r\u00e1pido, tamb\u00e9m s\u00e3o preocupa\u00e7\u00f5es que fazem parte do conjunto de sentimentos desencadeadores da Crise dos 25 Anos.<\/p>\n<p>Recentemente, <a href=\"https:\/\/exame.abril.com.br\/carreira\/80-dos-jovens-sentem-a-crise-dos-25-anos-veja-o-que-assombra\/\" target=\"_blank\" rel=\"noopener noreferrer\">o LinkedIn realizou pesquisas com profissionais entre 25 e 33 anos<\/a>, e constatou que boa parte deles passou por estas preocupa\u00e7\u00f5es.<\/p>\n<p>65% afirmou que a compra da casa pr\u00f3pria \u00e9 uma das principais press\u00f5es desta fase da idade. J\u00e1 que \u00e9 preciso pensar em sair da casa dos pais e ter um lugar pr\u00f3prio para abrigar sua futura fam\u00edlia.<\/p>\n<p>46% afirmou que se preocupa em encontrar um emprego que goste. 39% se preocupa em ter as qualifica\u00e7\u00f5es certas para o trabalho e 37% afirmou que a maior press\u00e3o profissional \u00e9 em ser promovido e reconhecido no trabalho.<\/p>\n<p><img loading=\"lazy\" decoding=\"async\" class=\"aligncenter wp-image-64532 size-full\" src=\"https:\/\/webinsider.com.br\/wp-content\/uploads\/2018\/03\/crise-dos-25-anos-3.png\" alt=\"crise dos 25\" width=\"225\" height=\"225\" \/><\/p>\n<h2><strong>Os sinais da Crise do 25 Anos<\/strong><\/h2>\n<p>A falta de motiva\u00e7\u00e3o e o cont\u00ednuo sentimento de que a vida n\u00e3o apresenta mais op\u00e7\u00f5es \u00e9 um dos indicativos de que algu\u00e9m est\u00e1 atravessando a Crise dos 25 Anos.<\/p>\n<p>E estes sentimentos desencadeiam a perda de confian\u00e7a, diante dos novos desafios da vida adulta. Em casos mais extremos, \u00e9 comum que quadros de depress\u00e3o comecem a surgir.<\/p>\n<p>H\u00e1 o distanciamento do indiv\u00edduo de familiares e amigos, por conta do sentimento de que est\u00e1 aqu\u00e9m do que poderia ser.\u00a0Esta cobran\u00e7a pessoal extrema pode se tornar um problema s\u00e9rio. Com potencial para afetar seriamente a estabilidade emocional e as rela\u00e7\u00f5es humanas de uma pessoa.<\/p>\n<p>Para estes casos, \u00e9 fundamental procurar ajuda profissional. Pois se tratam de situa\u00e7\u00f5es graves e das quais nem sempre \u00e9 poss\u00edvel se ver livre sem ajuda.<\/p>\n<h2><strong>Como superar a Crise dos 25 Anos<\/strong><\/h2>\n<p>Para encarar de frente os desafios do in\u00edcio da vida adulta, \u00e9 preciso uma mudan\u00e7a de atitude imediata. \u00c9 preciso ter cont\u00ednua proatividade na vida. Procurando sempre sair da \u201cbolha\u201d da adolesc\u00eancia, reconhecendo e encarando diariamente, por\u00e9m com a cabe\u00e7a erguida, os desafios.<\/p>\n<p>Tamb\u00e9m \u00e9 fundamental para as cobran\u00e7as em excesso sobre si mesmo. Sabendo que \u00e9 muito raro ter sucesso financeiro e profissional, antes dos 30 anos.<\/p>\n<p>Existem casos de pessoas abaixo dos 30 anos que j\u00e1 alcan\u00e7aram resultados excepcionais em termos de carreira. Por\u00e9m, s\u00e3o casos \u00fanicos e n\u00e3o ser um deles n\u00e3o diminui a chance de sucesso de ningu\u00e9m.<\/p>\n<p>Ter preocupa\u00e7\u00f5es com a vida cotidiana, <a href=\"https:\/\/blog.12min.com\/br\/controle-financeiro-pessoal\/\" target=\"_blank\" rel=\"noopener noreferrer\">como pagar as contas em dia<\/a> e n\u00e3o perder o emprego, s\u00e3o saud\u00e1veis e demonstram maturidade. Mas elas n\u00e3o devem tomar conta da mente a todo momento. Sendo necess\u00e1rio curtir a vida e aprender continuamente com os erros no meio do percurso.<\/p>\n<p><span style=\"font-weight: 400\">Preparando-se para o futuro<\/span><\/p>\n<p><span style=\"font-weight: 400\">Ent\u00e3o, se voc\u00ea \u00e9 jovem, na faixa dos 25 anos, e ainda n\u00e3o come\u00e7ou a pensar no futuro, \u00e9 hora de correr atr\u00e1s de entender o cen\u00e1rio atual e quais as melhores op\u00e7\u00f5es. Para apoi\u00e1-lo nessa tarefa, n\u00f3s selecionamos uma obra fant\u00e1stica na biblioteca do <a href=\"https:\/\/app.adjust.com\/7mvfth8?deeplink=twelvemin:\/\/discovery\/&amp;fallback=https:\/\/12min.com\/br\/?utm_source=blog12min&amp;utm_medium=blog&amp;utm_content=post&amp;utm_campaign=routine&amp;redirect_windows=https:\/\/12min.com\/br\/?utm_source=blog12min&amp;utm_medium=blog&amp;utm_content=post&amp;utm_campaign=routine&amp;redirect_macos=https:\/\/12min.com\/br\/?utm_source=blog12min&amp;utm_medium=blog&amp;utm_content=post&amp;utm_campaign=routine\" target=\"_blank\" rel=\"noopener noreferrer\">12min<\/a> &#8211; \u00a0a sua plataforma de desenvolvimento pessoal. Anote a\u00ed.<\/span><\/p>\n<h3><a href=\"https:\/\/app.adjust.com\/7mvfth8?deeplink=twelvemin:\/\/book\/adeus-aposentadoria\/&amp;fallback=https:\/\/12min.com\/br\/adeus-aposentadoria?utm_source=blog12min&amp;utm_medium=blog&amp;utm_content=post&amp;utm_campaign=routine&amp;redirect_windows=https:\/\/12min.com\/br\/adeus-aposentadoria?utm_source=blog12min&amp;utm_medium=blog&amp;utm_content=post&amp;utm_campaign=routine&amp;redirect_macos=https:\/\/12min.com\/br\/adeus-aposentadoria?utm_source=blog12min&amp;utm_medium=blog&amp;utm_content=post&amp;utm_campaign=routine\" target=\"_blank\" rel=\"noopener noreferrer\"><span style=\"font-weight: 400\">Adeus, Aposentadoria<\/span><\/a><span style=\"font-weight: 400\"> \u2013 Gustavo Cerbasi<\/span><\/h3>\n<p><img decoding=\"async\" src=\"https:\/\/blog.12min.com\/br\/wp-content\/uploads\/sites\/3\/2018\/07\/Adeus-Aposentadoria-Gustavo-Cerbasi-209x300.jpeg\" alt=\"Crise dos 25 Anos\" \/><\/p>\n<p><span style=\"font-weight: 400\">O ponto central aqui \u00e9 como garantir o seu futuro sem depender dos outros. Parece \u00f3timo, n\u00e3o \u00e9 mesmo? Pois, Gustavo Cerbasi revela o caminho das pedras.<\/span><\/p>\n<p><span style=\"font-weight: 400\">Como consultor financeiro, ele prova com dados e fatos que o modelo atual de aposentadoria n\u00e3o se sustenta mais. Ou seja, se antes a aposentadoria era a etapa final da vida, hoje \u00e9 um novo recome\u00e7o, que dura mais tempo do que antes e isso custa mais caro. \u00a0A dica, ent\u00e3o, \u00e9 fugir do sistema tradicional.<\/span><\/p>\n<p><span style=\"font-weight: 400\">Assim, com uma linguagem simples e clara, voc\u00ea vai aprender sobre melhores op\u00e7\u00f5es de rendimentos futuros, sem sacrificar o presente e o seu bem-estar. <\/span><span style=\"font-weight: 400\">Gustavo Cerbasi \u00e9 autor de 15 obras, entre elas, o \u00a0best-seller <\/span><a href=\"https:\/\/app.adjust.com\/7mvfth8?deeplink=twelvemin:\/\/book\/casais-inteligentes-enriquecem-juntos\/&amp;fallback=https:\/\/12min.com\/br\/casais-inteligentes-enriquecem-juntos?utm_source=blog12min&amp;utm_medium=blog&amp;utm_content=post&amp;utm_campaign=routine&amp;redirect_windows=https:\/\/12min.com\/br\/casais-inteligentes-enriquecem-juntos?utm_source=blog12min&amp;utm_medium=blog&amp;utm_content=post&amp;utm_campaign=routine&amp;redirect_macos=https:\/\/12min.com\/br\/casais-inteligentes-enriquecem-juntos?utm_source=blog12min&amp;utm_medium=blog&amp;utm_content=post&amp;utm_campaign=routine\" target=\"_blank\" rel=\"noopener noreferrer\"><span style=\"font-weight: 400\">Casais Inteligentes Enriquecem Juntos<\/span><\/a><span style=\"font-weight: 400\">.<\/span><\/p>\n<p><span style=\"font-weight: 400\">E voc\u00ea que est\u00e1 iniciando a vida adulta, pensando em construir patrim\u00f4nio, j\u00e1 sabe como lidar com o dinheiro e faz\u00ea-lo render mais? Se voc\u00ea quer acordar o seu g\u00eanio financeiro, vai aqui outra dica de leitura espetacular.<\/span><\/p>\n<h3><a href=\"https:\/\/app.adjust.com\/7mvfth8?deeplink=twelvemin:\/\/book\/pai-rico-pai-pobre\/&amp;fallback=https:\/\/12min.com\/br\/pai-rico-pai-pobre?utm_source=blog12min&amp;utm_medium=blog&amp;utm_content=post&amp;utm_campaign=routine&amp;redirect_windows=https:\/\/12min.com\/br\/pai-rico-pai-pobre?utm_source=blog12min&amp;utm_medium=blog&amp;utm_content=post&amp;utm_campaign=routine&amp;redirect_macos=https:\/\/12min.com\/br\/pai-rico-pai-pobre?utm_source=blog12min&amp;utm_medium=blog&amp;utm_content=post&amp;utm_campaign=routine\" target=\"_blank\" rel=\"noopener noreferrer\"><span style=\"font-weight: 400\">Pai Rico Pai Pobre <\/span><\/a><span style=\"font-weight: 400\">\u2013 Robert Kiyosaki<\/span><\/h3>\n<p><img decoding=\"async\" src=\"https:\/\/blog.12min.com\/br\/wp-content\/uploads\/sites\/3\/2018\/07\/Pai-Rico-Pai-Pobre-Robert-Kiyosaki-195x300.png\" alt=\"Crise dos 25 anos\" \/><\/p>\n<p><span style=\"font-weight: 400\">Esse best-seller tem lugar garantido em qualquer lista dos melhores livros sobre dinheiro. Afinal, quase metade dos brasileiros (<\/span><a href=\"http:\/\/www.cndl.org.br\/noticia\/46-dos-brasileiros-nao-controlam-seu-orcamento-revela-pesquisa-do-spc-brasil\/\" target=\"_blank\" rel=\"noopener noreferrer\"><span style=\"font-weight: 400\">45,8%<\/span><\/a><span style=\"font-weight: 400\">) n\u00e3o tem controle sobre seu or\u00e7amento e n\u00e3o sabe o quanto ter um sistema b\u00e1sico de finan\u00e7as pode fazer maravilhas.<\/span><\/p>\n<p><span style=\"font-weight: 400\">\u00c9 esse o tema do livro Pai Rico Pai Pobre, de Robert Kiyosaki. O autor procura desmistificar a ideia de que para ser rico \u00e9 preciso ganhar um sal\u00e1rio muito alto. Ele acredita que \u00e9 o segredo \u00e9 ser organizado e ter uma educa\u00e7\u00e3o financeira s\u00f3lida \u2013 que voc\u00ea pode, inclusive, passar para os seus filhos.<\/span><\/p>\n<p><span style=\"font-weight: 400\">Pai Rico Pai Pobre \u00e9, indiscutivelmente, um dos melhores livros sobre educa\u00e7\u00e3o financeira. Confira o microbook da obra por aqui mesmo:<\/span><\/p>\n\n\n<a class=\"12min-widget\" href=\"https:\/\/12min.com\/br\/pai-rico-pai-pobre\">Pai Rico Pai Pobre<\/a>\n\n\n\n<p>Enfim, voc\u00ea j\u00e1 atravessou ou conhece algu\u00e9m que esteja atravessando a Crise dos 25 Anos? O que pode ser dito para quem est\u00e1 nessa situa\u00e7\u00e3o? Deixe as suas dicas e conselhos nos coment\u00e1rios. Participe conosco! <\/p>\n","protected":false},"excerpt":{"rendered":"<p>6 min de leitura \u231a&nbsp; Em 2004, uma reportagem do jornal norte-americano Boston Globe chamou a aten\u00e7\u00e3o, pela primeira vez, para a chamada Crise dos 25 Anos. Na reportagem, o jornal contemplou entrevistas e dados sobre os adolescentes rec\u00e9m-formados nas universidades locais e como eles se preocupavam com o in\u00edcio da vida adulta. O sentimento [&hellip;]<\/p>\n","protected":false},"author":48,"featured_media":0,"comment_status":"closed","ping_status":"closed","sticky":false,"template":"","format":"standard","meta":{"_exactmetrics_skip_tracking":false,"_exactmetrics_sitenote_active":false,"_exactmetrics_sitenote_note":"","_exactmetrics_sitenote_category":0,"footnotes":""},"categories":[5],"tags":[62],"class_list":["post-3581","post","type-post","status-publish","format-standard","hentry","category-motivacao","tag-ansiedade","wpbf-post"],"yoast_head":"<!-- This site is optimized with the Yoast SEO plugin v26.4 - https:\/\/yoast.com\/wordpress\/plugins\/seo\/ -->\n<title>Saiba o que \u00e9 a Crise dos 25 anos (e se voc\u00ea est\u00e1 passando por ela)<\/title>\n<meta name=\"description\" content=\"O que \u00e9 a Crise dos 25 Anos? O que se passa na mente de algu\u00e9m durante esta fase da vida, que pode demandar aux\u00edlio psicol\u00f3gico especializado?\" \/>\n<meta name=\"robots\" content=\"index, follow, max-snippet:-1, max-image-preview:large, max-video-preview:-1\" \/>\n<link rel=\"canonical\" href=\"https:\/\/blog.12min.com\/br\/crise-dos-25-anos\/\" \/>\n<meta property=\"og:locale\" content=\"en_US\" \/>\n<meta property=\"og:type\" content=\"article\" \/>\n<meta property=\"og:title\" content=\"Saiba o que \u00e9 a Crise dos 25 anos (e se voc\u00ea est\u00e1 passando por ela)\" \/>\n<meta property=\"og:description\" content=\"O que \u00e9 a Crise dos 25 Anos? O que se passa na mente de algu\u00e9m durante esta fase da vida, que pode demandar aux\u00edlio psicol\u00f3gico especializado?\" \/>\n<meta property=\"og:url\" content=\"https:\/\/blog.12min.com\/br\/crise-dos-25-anos\/\" \/>\n<meta property=\"og:site_name\" content=\"Blog do 12min\" \/>\n<meta property=\"article:published_time\" content=\"2018-07-30T20:00:35+00:00\" \/>\n<meta property=\"article:modified_time\" content=\"2019-04-10T02:05:48+00:00\" \/>\n<meta property=\"og:image\" content=\"https:\/\/blog.12min.com\/br\/wp-content\/uploads\/sites\/3\/2018\/07\/A-crise-dos-25-anos.jpg\" \/>\n\t<meta property=\"og:image:width\" content=\"1000\" \/>\n\t<meta property=\"og:image:height\" content=\"667\" \/>\n\t<meta property=\"og:image:type\" content=\"image\/jpeg\" \/>\n<meta name=\"author\" content=\"Emir Zecovic\" \/>\n<meta name=\"twitter:card\" content=\"summary_large_image\" \/>\n<meta name=\"twitter:label1\" content=\"Written by\" \/>\n\t<meta name=\"twitter:data1\" content=\"Emir Zecovic\" \/>\n\t<meta name=\"twitter:label2\" content=\"Est. reading time\" \/>\n\t<meta name=\"twitter:data2\" content=\"8 minutes\" \/>\n<!-- \/ Yoast SEO plugin. -->","yoast_head_json":{"title":"Saiba o que \u00e9 a Crise dos 25 anos (e se voc\u00ea est\u00e1 passando por ela)","description":"O que \u00e9 a Crise dos 25 Anos? O que se passa na mente de algu\u00e9m durante esta fase da vida, que pode demandar aux\u00edlio psicol\u00f3gico especializado?","robots":{"index":"index","follow":"follow","max-snippet":"max-snippet:-1","max-image-preview":"max-image-preview:large","max-video-preview":"max-video-preview:-1"},"canonical":"https:\/\/blog.12min.com\/br\/crise-dos-25-anos\/","og_locale":"en_US","og_type":"article","og_title":"Saiba o que \u00e9 a Crise dos 25 anos (e se voc\u00ea est\u00e1 passando por ela)","og_description":"O que \u00e9 a Crise dos 25 Anos? O que se passa na mente de algu\u00e9m durante esta fase da vida, que pode demandar aux\u00edlio psicol\u00f3gico especializado?","og_url":"https:\/\/blog.12min.com\/br\/crise-dos-25-anos\/","og_site_name":"Blog do 12min","article_published_time":"2018-07-30T20:00:35+00:00","article_modified_time":"2019-04-10T02:05:48+00:00","og_image":[{"width":1000,"height":667,"url":"https:\/\/blog.12min.com\/br\/wp-content\/uploads\/sites\/3\/2018\/07\/A-crise-dos-25-anos.jpg","type":"image\/jpeg"}],"author":"Emir Zecovic","twitter_card":"summary_large_image","twitter_misc":{"Written by":"Emir Zecovic","Est. reading time":"8 minutes"},"schema":{"@context":"https:\/\/schema.org","@graph":[{"@type":"WebPage","@id":"https:\/\/blog.12min.com\/br\/crise-dos-25-anos\/","url":"https:\/\/blog.12min.com\/br\/crise-dos-25-anos\/","name":"Saiba o que \u00e9 a Crise dos 25 anos (e se voc\u00ea est\u00e1 passando por ela)","isPartOf":{"@id":"https:\/\/blog.12min.com\/br\/#website"},"primaryImageOfPage":{"@id":"https:\/\/blog.12min.com\/br\/crise-dos-25-anos\/#primaryimage"},"image":{"@id":"https:\/\/blog.12min.com\/br\/crise-dos-25-anos\/#primaryimage"},"thumbnailUrl":"https:\/\/webinsider.com.br\/wp-content\/uploads\/2018\/03\/crise-dos-25-anos-3.png","datePublished":"2018-07-30T20:00:35+00:00","dateModified":"2019-04-10T02:05:48+00:00","author":{"@id":"https:\/\/blog.12min.com\/br\/#\/schema\/person\/ccaf1a7ac6cac4265aa3afb02ae667f4"},"description":"O que \u00e9 a Crise dos 25 Anos? O que se passa na mente de algu\u00e9m durante esta fase da vida, que pode demandar aux\u00edlio psicol\u00f3gico especializado?","breadcrumb":{"@id":"https:\/\/blog.12min.com\/br\/crise-dos-25-anos\/#breadcrumb"},"inLanguage":"en-US","potentialAction":[{"@type":"ReadAction","target":["https:\/\/blog.12min.com\/br\/crise-dos-25-anos\/"]}]},{"@type":"ImageObject","inLanguage":"en-US","@id":"https:\/\/blog.12min.com\/br\/crise-dos-25-anos\/#primaryimage","url":"https:\/\/webinsider.com.br\/wp-content\/uploads\/2018\/03\/crise-dos-25-anos-3.png","contentUrl":"https:\/\/webinsider.com.br\/wp-content\/uploads\/2018\/03\/crise-dos-25-anos-3.png"},{"@type":"BreadcrumbList","@id":"https:\/\/blog.12min.com\/br\/crise-dos-25-anos\/#breadcrumb","itemListElement":[{"@type":"ListItem","position":1,"name":"In\u00edcio","item":"https:\/\/blog.12min.com\/br\/"},{"@type":"ListItem","position":2,"name":"A Crise dos 25 anos: saiba o que \u00e9 e veja se voc\u00ea est\u00e1 passando por ela"}]},{"@type":"WebSite","@id":"https:\/\/blog.12min.com\/br\/#website","url":"https:\/\/blog.12min.com\/br\/","name":"Blog do 12min","description":"Livros, Audiobooks e Resumos","potentialAction":[{"@type":"SearchAction","target":{"@type":"EntryPoint","urlTemplate":"https:\/\/blog.12min.com\/br\/?s={search_term_string}"},"query-input":{"@type":"PropertyValueSpecification","valueRequired":true,"valueName":"search_term_string"}}],"inLanguage":"en-US"},{"@type":"Person","@id":"https:\/\/blog.12min.com\/br\/#\/schema\/person\/ccaf1a7ac6cac4265aa3afb02ae667f4","name":"Emir Zecovic","description":"Emir is the Head of Marketing\u00a0at 12min. In his spare time, he loves to meditate and play soccer.","url":"https:\/\/blog.12min.com\/br\/author\/emir\/"}]}},"amp_enabled":true,"_links":{"self":[{"href":"https:\/\/blog.12min.com\/br\/wp-json\/wp\/v2\/posts\/3581","targetHints":{"allow":["GET"]}}],"collection":[{"href":"https:\/\/blog.12min.com\/br\/wp-json\/wp\/v2\/posts"}],"about":[{"href":"https:\/\/blog.12min.com\/br\/wp-json\/wp\/v2\/types\/post"}],"author":[{"embeddable":true,"href":"https:\/\/blog.12min.com\/br\/wp-json\/wp\/v2\/users\/48"}],"replies":[{"embeddable":true,"href":"https:\/\/blog.12min.com\/br\/wp-json\/wp\/v2\/comments?post=3581"}],"version-history":[{"count":7,"href":"https:\/\/blog.12min.com\/br\/wp-json\/wp\/v2\/posts\/3581\/revisions"}],"predecessor-version":[{"id":7105,"href":"https:\/\/blog.12min.com\/br\/wp-json\/wp\/v2\/posts\/3581\/revisions\/7105"}],"wp:attachment":[{"href":"https:\/\/blog.12min.com\/br\/wp-json\/wp\/v2\/media?parent=3581"}],"wp:term":[{"taxonomy":"category","embeddable":true,"href":"https:\/\/blog.12min.com\/br\/wp-json\/wp\/v2\/categories?post=3581"},{"taxonomy":"post_tag","embeddable":true,"href":"https:\/\/blog.12min.com\/br\/wp-json\/wp\/v2\/tags?post=3581"}],"curies":[{"name":"wp","href":"https:\/\/api.w.org\/{rel}","templated":true}]}}