{"id":3663,"date":"2018-08-07T13:51:42","date_gmt":"2018-08-07T13:51:42","guid":{"rendered":"https:\/\/blog.12min.com\/br\/?p=3663"},"modified":"2020-03-02T17:02:08","modified_gmt":"2020-03-02T20:02:08","slug":"biblioteca-particular","status":"publish","type":"post","link":"https:\/\/blog.12min.com\/br\/biblioteca-particular\/","title":{"rendered":"Dicas de como montar uma biblioteca particular"},"content":{"rendered":"<p class=\"wpwc-reading-time\">4 min de leitura \u231a&nbsp;<\/p><div class=\"pdfprnt-buttons pdfprnt-buttons-post pdfprnt-top-right\"><a href=\"https:\/\/blog.12min.com\/br\/wp-json\/wp\/v2\/posts\/3663?print=pdf\" class=\"pdfprnt-button pdfprnt-button-pdf\" target=\"_blank\"><\/a><a href=\"https:\/\/blog.12min.com\/br\/wp-json\/wp\/v2\/posts\/3663?print=print\" class=\"pdfprnt-button pdfprnt-button-print\" target=\"_blank\"><\/a><\/div><p><span style=\"font-weight: 400\">Praticamente todo amante de livros sonha em ter uma biblioteca particular. A cole\u00e7\u00e3o pessoal sempre precisa de um cantinho diferenciado e cuidados importantes. Manter os livros amontoados em pilhas e sem uma organiza\u00e7\u00e3o que facilite o seu uso n\u00e3o \u00e9 nada bom.<\/span><\/p>\n<p style=\"text-align: left\"><img loading=\"lazy\" decoding=\"async\" class=\"alignnone wp-image-3667\" src=\"https:\/\/blog.12min.com\/br\/wp-content\/uploads\/sites\/3\/2018\/08\/Biblioteca-Particular.-shutterstock_744975238.jpg\" alt=\"como montar uma biblioteca particular\" width=\"600\" height=\"469\" srcset=\"https:\/\/blog.12min.com\/br\/wp-content\/uploads\/sites\/3\/2018\/08\/Biblioteca-Particular.-shutterstock_744975238.jpg 1000w, https:\/\/blog.12min.com\/br\/wp-content\/uploads\/sites\/3\/2018\/08\/Biblioteca-Particular.-shutterstock_744975238-300x234.jpg 300w, https:\/\/blog.12min.com\/br\/wp-content\/uploads\/sites\/3\/2018\/08\/Biblioteca-Particular.-shutterstock_744975238-768x600.jpg 768w\" sizes=\"auto, (max-width: 600px) 100vw, 600px\" \/><\/p>\n<p><span style=\"font-weight: 400\">Al\u00e9m de ajudar na decora\u00e7\u00e3o, a biblioteca particular nos traz conhecimento. A leitura faz com que voc\u00ea seja<\/span><a href=\"https:\/\/blog.12min.com\/br\/como-ser-educado\/\" target=\"_blank\" rel=\"noopener noreferrer\"> <span style=\"font-weight: 400\">educado com todo mundo<\/span><\/a><span style=\"font-weight: 400\">, adquira<\/span> <span style=\"font-weight: 400\">conhecimento<\/span><span style=\"font-weight: 400\"> sobre diversos assuntos etc. Ler \u00e9 um \u00f3timo rem\u00e9dio para o humor, para a mente, para a sua<\/span><a href=\"https:\/\/blog.12min.com\/br\/produtividade-30-segundos\/\" target=\"_blank\" rel=\"noopener noreferrer\"> <span style=\"font-weight: 400\">produtividade<\/span><\/a><span style=\"font-weight: 400\"> e um dos melhores passatempos.<\/span><\/p>\n<p><span style=\"font-weight: 400\">Ent\u00e3o, se voc\u00ea quer dar um upgrade no seu espa\u00e7o, preparamos um post com algumas dicas de como montar uma biblioteca particular. Veja por onde come\u00e7ar esse novo projeto!<\/span><\/p>\n<h2><span style=\"font-weight: 400\">Pense em um espa\u00e7o aconchegante<\/span><\/h2>\n<p><img loading=\"lazy\" decoding=\"async\" class=\"alignnone wp-image-3670\" src=\"https:\/\/blog.12min.com\/br\/wp-content\/uploads\/sites\/3\/2018\/08\/Biblioteca-Particular.-shutterstock_1139739650.jpg\" alt=\"Biblioteca Particular organiza\u00e7\u00e3o\" width=\"600\" height=\"400\" srcset=\"https:\/\/blog.12min.com\/br\/wp-content\/uploads\/sites\/3\/2018\/08\/Biblioteca-Particular.-shutterstock_1139739650.jpg 1000w, https:\/\/blog.12min.com\/br\/wp-content\/uploads\/sites\/3\/2018\/08\/Biblioteca-Particular.-shutterstock_1139739650-300x200.jpg 300w, https:\/\/blog.12min.com\/br\/wp-content\/uploads\/sites\/3\/2018\/08\/Biblioteca-Particular.-shutterstock_1139739650-768x512.jpg 768w\" sizes=\"auto, (max-width: 600px) 100vw, 600px\" \/><\/p>\n<p><span style=\"font-weight: 400\">Quando falamos em ter uma biblioteca particular, o que vem em sua mente provavelmente \u00e9 aquela imagem de salas repletas de livros, que geralmente s\u00e3o vistas em filmes e novelas. Contudo, voc\u00ea n\u00e3o precisa disso para ter um cantinho organizado, bonito e cheio de livros que gosta.<\/span><\/p>\n<p><span style=\"font-weight: 400\">D\u00e1 para criar uma biblioteca na sala, no seu quarto, em uma varanda coberta ou at\u00e9 mesmo no quarto da depend\u00eancia, que geralmente \u00e9 aquele cantinho da bagun\u00e7a, mas que pode ser reformado.<\/span><\/p>\n<p><span style=\"font-weight: 400\">A nossa dica \u00e9: observe e analise o seu espa\u00e7o. Olhe cada c\u00f4modo e pense se d\u00e1 para instalar algumas prateleiras para seus livros. Se conseguir uma sala ou um quarto s\u00f3 para a biblioteca, observe fatores como ventila\u00e7\u00e3o, ilumina\u00e7\u00e3o natural e, principalmente, sil\u00eancio.<\/span><\/p>\n<h2><span style=\"font-weight: 400\">Crie um estilo pr\u00f3prio para a decora\u00e7\u00e3o<\/span><\/h2>\n<p><span style=\"font-weight: 400\">Independente do espa\u00e7o que voc\u00ea tem, pensar na decora\u00e7\u00e3o da <a href=\"https:\/\/www.totalconstrucao.com.br\/biblioteca-em-casa\/\">biblioteca particular<\/a> \u00e9 fundamental. Como citamos anteriormente, ela precisa ser confort\u00e1vel para que as suas leituras sejam agrad\u00e1veis e tragam mais conhecimento.<\/span><\/p>\n<p><span style=\"font-weight: 400\">Pense primeiramente nas prateleiras e estantes. Elas podem ser suspensas, criando um espa\u00e7o maior para circula\u00e7\u00e3o. O estilo precisa seguir o da sua casa, com alguns detalhes bem pessoais. D\u00e1 para brincar bastante com tamanho, cores e design da mob\u00edlia. N\u00e3o tenha medo de ousar.<\/span><\/p>\n<p><span style=\"font-weight: 400\">Nesse momento, h\u00e1 apenas duas regras importantes. A primeira \u00e9 priorizar os seus livros. N\u00e3o escolha uma mob\u00edlia onde eles ficar\u00e3o apertados, abafados ou desorganizados apenas porque \u00e9 um m\u00f3vel bonito. A segunda regra \u00e9 n\u00e3o pensar em nada que prejudique a sua circula\u00e7\u00e3o ou cause polui\u00e7\u00e3o visual. Isso gera, automaticamente, desconforto.<\/span><\/p>\n<p><span style=\"font-weight: 400\">Outra dica para decora\u00e7\u00e3o da biblioteca particular \u00e9 pensar nos detalhes. Miniaturas, quadros, pufes etc. fazem toda diferen\u00e7a para deixar o espa\u00e7o ainda mais bonito. Esses detalhes podem ficar entre os livros, nas paredes ou em mesas.<\/span><\/p>\n<h2><span style=\"font-weight: 400\">Comece a cole\u00e7\u00e3o da sua biblioteca particular<\/span><\/h2>\n<p><img loading=\"lazy\" decoding=\"async\" class=\"alignnone wp-image-3666\" src=\"https:\/\/blog.12min.com\/br\/wp-content\/uploads\/sites\/3\/2018\/08\/Biblioteca-Particular.-shutterstock_694649602.jpg\" alt=\"Biblioteca Particular montar\" width=\"600\" height=\"400\" srcset=\"https:\/\/blog.12min.com\/br\/wp-content\/uploads\/sites\/3\/2018\/08\/Biblioteca-Particular.-shutterstock_694649602.jpg 1000w, https:\/\/blog.12min.com\/br\/wp-content\/uploads\/sites\/3\/2018\/08\/Biblioteca-Particular.-shutterstock_694649602-300x200.jpg 300w, https:\/\/blog.12min.com\/br\/wp-content\/uploads\/sites\/3\/2018\/08\/Biblioteca-Particular.-shutterstock_694649602-768x512.jpg 768w\" sizes=\"auto, (max-width: 600px) 100vw, 600px\" \/><\/p>\n<p><span style=\"font-weight: 400\">Uma coisa que impede muitas pessoas a ter a sua biblioteca particular \u00e9 se prender ao n\u00famero de livros. Lembre-se que o importante \u00e9 come\u00e7ar. Mesmo que voc\u00ea tenha um \u00fanico t\u00edtulo, j\u00e1 organize o seu espa\u00e7o para receber novas obras no futuro.<\/span><\/p>\n<p><span style=\"font-weight: 400\">Depois de organizar todos os seus livros, pense em formas de como aumentar sua biblioteca particular. Fale para seus amigos e parentes, pe\u00e7a livros de presente para eles. Pesquise tamb\u00e9m em sebos ou crie uma meta de comprar pelo menos 1 livro por m\u00eas.<\/span><\/p>\n<p><span style=\"font-weight: 400\">H\u00e1 ainda a op\u00e7\u00e3o dos clubes de assinatura, onde voc\u00ea paga um valor mensal e recebe um livro novo e v\u00e1rios presentes de editoras ou empresas associadas.<\/span><\/p>\n<h3><span style=\"font-weight: 400\">Saiba como organizar os t\u00edtulos<\/span><\/h3>\n<p><span style=\"font-weight: 400\">A organiza\u00e7\u00e3o da sua biblioteca particular n\u00e3o precisa seguir um crit\u00e9rio \u00fanico. Ela precisa ser pr\u00e1tica para voc\u00ea. Lembre-se em ordenar os livros de forma que voc\u00ea n\u00e3o fique horas procurando, sem lembrar onde ele foi parar.<\/span><\/p>\n<p><span style=\"font-weight: 400\">As duas maneiras mais comuns de organizar uma biblioteca pessoal \u00e9 por ordem alfab\u00e9tica ou por estilo. A segunda ainda permite que um mesmo autor fique em sequ\u00eancia, criando uma subcategoria para sua lista de livros.<\/span><\/p>\n<p><span style=\"font-weight: 400\">Voc\u00ea pode ainda criar um organizador para sua biblioteca. Nesse caso, \u00e9 preciso categorizar as prateleiras. Elas podem ser ordenadas por letras ou n\u00fameros. Depois \u00e9 s\u00f3 manter um caderno ou uma planilha no computador, com o nome do livro, o autor e o local onde ele fica guardado. \u00c9 uma forma muito simples e pr\u00e1tica.<\/span><\/p>\n<h2><span style=\"font-weight: 400\">N\u00e3o esque\u00e7a a manuten\u00e7\u00e3o<\/span><\/h2>\n<p><span style=\"font-weight: 400\">Ter uma biblioteca particular tamb\u00e9m pede aten\u00e7\u00e3o para a manuten\u00e7\u00e3o. Pap\u00e9is s\u00e3o um imenso chamariz para mofo e poeira. Se voc\u00ea n\u00e3o cuida da limpeza dos seus livros, al\u00e9m de danific\u00e1-los, com o tempo o espa\u00e7o ficar\u00e1 com um odor bastante desagrad\u00e1vel e ainda provocar\u00e1 alergias em todos da casa.<\/span><\/p>\n<p><span style=\"font-weight: 400\">Crie uma rotina, que pode ser mensal por exemplo, para limpar seus livros. Existem produtos contra o mofo que tamb\u00e9m podem ser aplicados nesse momento. Al\u00e9m dessa faxina mensal, tire pelo menos um dia na semana para varrer e passar um pano seco para eliminar a poeira.<\/span><\/p>\n<p><span style=\"font-weight: 400\">Al\u00e9m dos livros, veja tamb\u00e9m os cuidados necess\u00e1rios para os objetos decorativos da sua biblioteca. Veja se as poltronas est\u00e3o limpas, se n\u00e3o h\u00e1 vidro quebrado, vasos rachados, molduras descascando, parede com mancha etc. Pense em manter uma est\u00e9tica sempre bonita, isso ajuda tamb\u00e9m no conforto da sua biblioteca.<\/span><\/p>\n<h2><span style=\"font-weight: 400\">Biblioteca digital tamb\u00e9m vale?<\/span><\/h2>\n<p><img loading=\"lazy\" decoding=\"async\" class=\"alignnone wp-image-3665\" src=\"https:\/\/blog.12min.com\/br\/wp-content\/uploads\/sites\/3\/2018\/08\/Biblioteca-Particular.-shutterstock_359878661.jpg\" alt=\"biblioteca Particular simples\" width=\"600\" height=\"400\" srcset=\"https:\/\/blog.12min.com\/br\/wp-content\/uploads\/sites\/3\/2018\/08\/Biblioteca-Particular.-shutterstock_359878661.jpg 1000w, https:\/\/blog.12min.com\/br\/wp-content\/uploads\/sites\/3\/2018\/08\/Biblioteca-Particular.-shutterstock_359878661-300x200.jpg 300w, https:\/\/blog.12min.com\/br\/wp-content\/uploads\/sites\/3\/2018\/08\/Biblioteca-Particular.-shutterstock_359878661-768x512.jpg 768w\" sizes=\"auto, (max-width: 600px) 100vw, 600px\" \/><\/p>\n<p><span style=\"font-weight: 400\">Sempre vale. Nem todo mundo conseguir\u00e1 manter um ambiente com todos os livros que gosta, por exemplo. Chegar\u00e1 um dia que ser\u00e1 necess\u00e1rio doar algumas obras para abrir espa\u00e7o para novas.<\/span><\/p>\n<p><span style=\"font-weight: 400\">Ent\u00e3o a nossa dica \u00e9 voc\u00ea selecionar aqueles livros que gostou, mas que n\u00e3o s\u00e3o os mais importantes e convert\u00ea-los em ebooks. Assim voc\u00ea mant\u00e9m um acervo com todos os t\u00edtulos que leu e ainda tem lugar para novos livros sempre.<\/span><\/p>\n<p><span style=\"font-weight: 400\">Outra vantagem em ter uma biblioteca particular digital \u00e9 a mobilidade. Voc\u00ea pode fazer viagens longas e ter acesso aos seus livros sem precisar de volume extra na mala. Basta ter um<\/span><a href=\"https:\/\/blog.12min.com\/br\/kindle\/\" target=\"_blank\" rel=\"noopener noreferrer\"> <span style=\"font-weight: 400\">Kindle<\/span><\/a><span style=\"font-weight: 400\"> ou outro e-Reader para ter acesso a todos eles.<\/span><\/p>\n<p><span style=\"font-weight: 400\">D\u00e1 tamb\u00e9m para encontrar alguns sites que servem como<\/span><a href=\"https:\/\/blog.12min.com\/br\/livros-online\/\" target=\"_blank\" rel=\"noopener noreferrer\"> <span style=\"font-weight: 400\">guias de livros online,<\/span><\/a><span style=\"font-weight: 400\"> assinar plataformas de microbooks \u2013 como o<\/span>\u00a0<a href=\"https:\/\/app.adjust.com\/7mvfth8?deeplink=twelvemin:\/\/discovery\/&amp;fallback=https:\/\/12min.com\/br\/?utm_source=blog12min&amp;utm_medium=blog&amp;utm_content=post&amp;utm_campaign=routine&amp;redirect_windows=https:\/\/12min.com\/br\/?utm_source=blog12min&amp;utm_medium=blog&amp;utm_content=post&amp;utm_campaign=routine&amp;redirect_macos=https:\/\/12min.com\/br\/?utm_source=blog12min&amp;utm_medium=blog&amp;utm_content=post&amp;utm_campaign=routine\" target=\"_blank\" rel=\"noopener noreferrer\"><span style=\"font-weight: 400\">12min<\/span><\/a><span style=\"font-weight: 400\">\u00a0\u2013 e muito mais.<\/span><\/p>\n<p><span style=\"font-weight: 400\">O que achou das nossas dicas? D\u00e1 para montar a sua biblioteca particular sem medo e dificuldades agora! Lembre-se que a leitura \u00e9 um grande benef\u00edcio para a sua sa\u00fade mental e f\u00edsica. Ela ajuda a<\/span><a href=\"https:\/\/blog.12min.com\/br\/controlar-o-estresse\/\" target=\"_blank\" rel=\"noopener noreferrer\"> <span style=\"font-weight: 400\">controlar o estresse<\/span><\/a><span style=\"font-weight: 400\">, melhora a atividade cerebral e ainda ajuda a relaxar nas horas vagas.<\/span><\/p>\n","protected":false},"excerpt":{"rendered":"<p>4 min de leitura \u231a&nbsp;Praticamente todo amante de livros sonha em ter uma biblioteca particular. A cole\u00e7\u00e3o pessoal sempre precisa de um cantinho diferenciado e cuidados importantes. Manter os livros amontoados em pilhas e sem uma organiza\u00e7\u00e3o que facilite o seu uso n\u00e3o \u00e9 nada bom. Al\u00e9m de ajudar na decora\u00e7\u00e3o, a biblioteca particular nos [&hellip;]<\/p>\n","protected":false},"author":48,"featured_media":3664,"comment_status":"closed","ping_status":"closed","sticky":false,"template":"","format":"standard","meta":{"_exactmetrics_skip_tracking":false,"_exactmetrics_sitenote_active":false,"_exactmetrics_sitenote_note":"","_exactmetrics_sitenote_category":0,"footnotes":""},"categories":[2],"tags":[139,164],"class_list":["post-3663","post","type-post","status-publish","format-standard","has-post-thumbnail","hentry","category-conhecimento","tag-biblioteca","tag-biblioteca-em-casa","wpbf-post"],"yoast_head":"<!-- This site is optimized with the Yoast SEO plugin v26.4 - https:\/\/yoast.com\/wordpress\/plugins\/seo\/ -->\n<title>Dicas de como montar uma biblioteca particular - Blog do 12min<\/title>\n<meta name=\"description\" content=\"Todo amante de livros sonha em ter uma biblioteca particular. Mas essa cole\u00e7\u00e3o pessoal precisa de um cantinho diferenciado e cuidados especiais.\" \/>\n<meta name=\"robots\" content=\"index, follow, max-snippet:-1, max-image-preview:large, max-video-preview:-1\" \/>\n<link rel=\"canonical\" href=\"https:\/\/blog.12min.com\/br\/biblioteca-particular\/\" \/>\n<meta property=\"og:locale\" content=\"en_US\" \/>\n<meta property=\"og:type\" content=\"article\" \/>\n<meta property=\"og:title\" content=\"Dicas de como montar uma biblioteca particular - Blog do 12min\" \/>\n<meta property=\"og:description\" content=\"Todo amante de livros sonha em ter uma biblioteca particular. Mas essa cole\u00e7\u00e3o pessoal precisa de um cantinho diferenciado e cuidados especiais.\" \/>\n<meta property=\"og:url\" content=\"https:\/\/blog.12min.com\/br\/biblioteca-particular\/\" \/>\n<meta property=\"og:site_name\" content=\"Blog do 12min\" \/>\n<meta property=\"article:published_time\" content=\"2018-08-07T13:51:42+00:00\" \/>\n<meta property=\"article:modified_time\" content=\"2020-03-02T20:02:08+00:00\" \/>\n<meta property=\"og:image\" content=\"https:\/\/blog.12min.com\/br\/wp-content\/uploads\/sites\/3\/2018\/08\/Biblioteca-Particular.-shutterstock_132724844.jpg\" \/>\n\t<meta property=\"og:image:width\" content=\"1000\" \/>\n\t<meta property=\"og:image:height\" content=\"664\" \/>\n\t<meta property=\"og:image:type\" content=\"image\/jpeg\" \/>\n<meta name=\"author\" content=\"Emir Zecovic\" \/>\n<meta name=\"twitter:card\" content=\"summary_large_image\" \/>\n<meta name=\"twitter:label1\" content=\"Written by\" \/>\n\t<meta name=\"twitter:data1\" content=\"Emir Zecovic\" \/>\n\t<meta name=\"twitter:label2\" content=\"Est. reading time\" \/>\n\t<meta name=\"twitter:data2\" content=\"5 minutes\" \/>\n<!-- \/ Yoast SEO plugin. -->","yoast_head_json":{"title":"Dicas de como montar uma biblioteca particular - Blog do 12min","description":"Todo amante de livros sonha em ter uma biblioteca particular. Mas essa cole\u00e7\u00e3o pessoal precisa de um cantinho diferenciado e cuidados especiais.","robots":{"index":"index","follow":"follow","max-snippet":"max-snippet:-1","max-image-preview":"max-image-preview:large","max-video-preview":"max-video-preview:-1"},"canonical":"https:\/\/blog.12min.com\/br\/biblioteca-particular\/","og_locale":"en_US","og_type":"article","og_title":"Dicas de como montar uma biblioteca particular - Blog do 12min","og_description":"Todo amante de livros sonha em ter uma biblioteca particular. Mas essa cole\u00e7\u00e3o pessoal precisa de um cantinho diferenciado e cuidados especiais.","og_url":"https:\/\/blog.12min.com\/br\/biblioteca-particular\/","og_site_name":"Blog do 12min","article_published_time":"2018-08-07T13:51:42+00:00","article_modified_time":"2020-03-02T20:02:08+00:00","og_image":[{"width":1000,"height":664,"url":"https:\/\/blog.12min.com\/br\/wp-content\/uploads\/sites\/3\/2018\/08\/Biblioteca-Particular.-shutterstock_132724844.jpg","type":"image\/jpeg"}],"author":"Emir Zecovic","twitter_card":"summary_large_image","twitter_misc":{"Written by":"Emir Zecovic","Est. reading time":"5 minutes"},"schema":{"@context":"https:\/\/schema.org","@graph":[{"@type":"WebPage","@id":"https:\/\/blog.12min.com\/br\/biblioteca-particular\/","url":"https:\/\/blog.12min.com\/br\/biblioteca-particular\/","name":"Dicas de como montar uma biblioteca particular - Blog do 12min","isPartOf":{"@id":"https:\/\/blog.12min.com\/br\/#website"},"primaryImageOfPage":{"@id":"https:\/\/blog.12min.com\/br\/biblioteca-particular\/#primaryimage"},"image":{"@id":"https:\/\/blog.12min.com\/br\/biblioteca-particular\/#primaryimage"},"thumbnailUrl":"https:\/\/blog.12min.com\/br\/wp-content\/uploads\/sites\/3\/2018\/08\/Biblioteca-Particular.-shutterstock_132724844.jpg","datePublished":"2018-08-07T13:51:42+00:00","dateModified":"2020-03-02T20:02:08+00:00","author":{"@id":"https:\/\/blog.12min.com\/br\/#\/schema\/person\/ccaf1a7ac6cac4265aa3afb02ae667f4"},"description":"Todo amante de livros sonha em ter uma biblioteca particular. Mas essa cole\u00e7\u00e3o pessoal precisa de um cantinho diferenciado e cuidados especiais.","breadcrumb":{"@id":"https:\/\/blog.12min.com\/br\/biblioteca-particular\/#breadcrumb"},"inLanguage":"en-US","potentialAction":[{"@type":"ReadAction","target":["https:\/\/blog.12min.com\/br\/biblioteca-particular\/"]}]},{"@type":"ImageObject","inLanguage":"en-US","@id":"https:\/\/blog.12min.com\/br\/biblioteca-particular\/#primaryimage","url":"https:\/\/blog.12min.com\/br\/wp-content\/uploads\/sites\/3\/2018\/08\/Biblioteca-Particular.-shutterstock_132724844.jpg","contentUrl":"https:\/\/blog.12min.com\/br\/wp-content\/uploads\/sites\/3\/2018\/08\/Biblioteca-Particular.-shutterstock_132724844.jpg","width":1000,"height":664,"caption":"Biblioteca Particular"},{"@type":"BreadcrumbList","@id":"https:\/\/blog.12min.com\/br\/biblioteca-particular\/#breadcrumb","itemListElement":[{"@type":"ListItem","position":1,"name":"In\u00edcio","item":"https:\/\/blog.12min.com\/br\/"},{"@type":"ListItem","position":2,"name":"Dicas de como montar uma biblioteca particular"}]},{"@type":"WebSite","@id":"https:\/\/blog.12min.com\/br\/#website","url":"https:\/\/blog.12min.com\/br\/","name":"Blog do 12min","description":"Livros, Audiobooks e Resumos","potentialAction":[{"@type":"SearchAction","target":{"@type":"EntryPoint","urlTemplate":"https:\/\/blog.12min.com\/br\/?s={search_term_string}"},"query-input":{"@type":"PropertyValueSpecification","valueRequired":true,"valueName":"search_term_string"}}],"inLanguage":"en-US"},{"@type":"Person","@id":"https:\/\/blog.12min.com\/br\/#\/schema\/person\/ccaf1a7ac6cac4265aa3afb02ae667f4","name":"Emir Zecovic","description":"Emir is the Head of Marketing\u00a0at 12min. In his spare time, he loves to meditate and play soccer.","url":"https:\/\/blog.12min.com\/br\/author\/emir\/"}]}},"amp_enabled":true,"_links":{"self":[{"href":"https:\/\/blog.12min.com\/br\/wp-json\/wp\/v2\/posts\/3663","targetHints":{"allow":["GET"]}}],"collection":[{"href":"https:\/\/blog.12min.com\/br\/wp-json\/wp\/v2\/posts"}],"about":[{"href":"https:\/\/blog.12min.com\/br\/wp-json\/wp\/v2\/types\/post"}],"author":[{"embeddable":true,"href":"https:\/\/blog.12min.com\/br\/wp-json\/wp\/v2\/users\/48"}],"replies":[{"embeddable":true,"href":"https:\/\/blog.12min.com\/br\/wp-json\/wp\/v2\/comments?post=3663"}],"version-history":[{"count":5,"href":"https:\/\/blog.12min.com\/br\/wp-json\/wp\/v2\/posts\/3663\/revisions"}],"predecessor-version":[{"id":10400,"href":"https:\/\/blog.12min.com\/br\/wp-json\/wp\/v2\/posts\/3663\/revisions\/10400"}],"wp:featuredmedia":[{"embeddable":true,"href":"https:\/\/blog.12min.com\/br\/wp-json\/wp\/v2\/media\/3664"}],"wp:attachment":[{"href":"https:\/\/blog.12min.com\/br\/wp-json\/wp\/v2\/media?parent=3663"}],"wp:term":[{"taxonomy":"category","embeddable":true,"href":"https:\/\/blog.12min.com\/br\/wp-json\/wp\/v2\/categories?post=3663"},{"taxonomy":"post_tag","embeddable":true,"href":"https:\/\/blog.12min.com\/br\/wp-json\/wp\/v2\/tags?post=3663"}],"curies":[{"name":"wp","href":"https:\/\/api.w.org\/{rel}","templated":true}]}}