{"id":6413,"date":"2019-03-11T20:11:31","date_gmt":"2019-03-11T20:11:31","guid":{"rendered":"https:\/\/blog.12min.com\/br\/?p=6413"},"modified":"2019-04-03T15:03:16","modified_gmt":"2019-04-03T18:03:16","slug":"recrie-a-primeira-impressao","status":"publish","type":"post","link":"https:\/\/blog.12min.com\/br\/recrie-a-primeira-impressao\/","title":{"rendered":"Recrie a sua Primeira Impress\u00e3o"},"content":{"rendered":"<p class=\"wpwc-reading-time\">7 min de leitura \u231a&nbsp;<\/p><div class=\"pdfprnt-buttons pdfprnt-buttons-post pdfprnt-top-right\"><a href=\"https:\/\/blog.12min.com\/br\/wp-json\/wp\/v2\/posts\/6413?print=pdf\" class=\"pdfprnt-button pdfprnt-button-pdf\" target=\"_blank\"><\/a><a href=\"https:\/\/blog.12min.com\/br\/wp-json\/wp\/v2\/posts\/6413?print=print\" class=\"pdfprnt-button pdfprnt-button-print\" target=\"_blank\"><\/a><\/div>\n<p>Eu tinha escrito metade desse texto, quando eu lembrei de uma hist\u00f3ria.<br>Eu morava em Ouro Preto, cidade universit\u00e1ria no interior de Minas Gerais.<br><\/p>\n\n\n\n<p>Eu lembro que era \u00e9poca de formatura, e a cidade estava bem mais agitada do que o comum, se voc\u00ea j\u00e1 foi em uma cidade universit\u00e1ria, deve saber do que estou falando.<\/p>\n\n\n\n<p style=\"text-align:left\">Inclusive se tiver curiosidade de saber como sa\u00ed de umas das maiores cidades do mundo para empreender no interior de minas, fiz um texto contando essa hist\u00f3ria.<br><a href=\"http:\/\/diegodisse.com\/o-que-aprendi-empreendendo-no-interior-de-minas\/\">O que aprendi, um ano depois de sair de S\u00e3o Paulo para empreender no interior de MG.<\/a><\/p>\n\n\n\n<p>Era interessante pensar que as mesmas pessoas que antes iam para festas, faculdade e at\u00e9 ao trabalho da forma mais &#8220;confort\u00e1vel&#8221; poss\u00edvel, agora se preocupavam em estar bem vestidas, arrumadas, e a parte engra\u00e7ada \u00e9 que eu n\u00e3o conseguia reconhecer muitas dessas pessoas na formatura.<\/p>\n\n\n\n<p>E por que eu estou contando essa hist\u00f3ria?<\/p>\n\n\n\n<p>Voc\u00ea j\u00e1 parou pra pensar quantas vezes voc\u00ea foi para algum lugar e n\u00e3o estava oferecendo o seu melhor?<\/p>\n\n\n\n<p>Eu sei que parece um pouco clich\u00ea &#8220;Seja sua melhor vers\u00e3o&#8221;<\/p>\n\n\n\n<p>Mas pensa comigo, sabe quando voc\u00ea conhece algu\u00e9m e logo de cara voc\u00ea julga uma pessoa sem nem conhecer?<\/p>\n\n\n\n<p>Com certeza voc\u00ea j\u00e1 fez isso, mesmo que seja em um n\u00edvel inconsciente.<\/p>\n\n\n\n<p>Isso acontece o tempo todo, por que \u00e9 o mecanismo que o c\u00e9rebro usa para guardar informa\u00e7\u00f5es.<\/p>\n\n\n\n<p>Ser\u00e1 que voc\u00ea est\u00e1 aproveitando isso ao seu favor?<\/p>\n\n\n\n<p>O que as pessoas pensam quando olham para voc\u00ea, antes mesmo que voc\u00ea possa falar qualquer coisa, se apresentar ou at\u00e9 mesmo dizer oi?<\/p>\n\n\n\n<p>Muitas vezes tra\u00e7amos metas e objetivos bem estruturados, trabalhamos duro para isso, mas n\u00e3o conseguimos atingir nossos objetivos, e pode ser culpa da sua imagem.<\/p>\n\n\n\n<p>A nossa comunica\u00e7\u00e3o acontece n\u00e3o s\u00f3 em n\u00edvel oral, mas principalmente de forma n\u00e3o verbal, nosso corpo est\u00e1 toda hora passando informa\u00e7\u00f5es atrav\u00e9s de gestos, sinais e emo\u00e7\u00f5es.<br><\/p>\n\n\n\n<p>E para que voc\u00ea possa sempre comunicar algo coerente aos seus objetivos e aproveitar as oportunidades, &nbsp;\u00e9 importante estar preparado para criar uma primeira impress\u00e3o significativa, forte e positiva.<br><\/p>\n\n\n\n<p>Ok, Diego. Mas agora \u00e9 tarde, todos j\u00e1 me conhecem e t\u00eam uma impress\u00e3o formada sobre mim. O que eu posso fazer?<br><\/p>\n\n\n\n<p>Simples, recrie a sua primeira impress\u00e3o.<\/p>\n\n\n\n<h2 class=\"wp-block-heading\">Como recriar sua primeira impress\u00e3o?<\/h2>\n\n\n\n<p>Da mesma forma que o c\u00e9rebro vai &#8220;arquivando&#8221; informa\u00e7\u00f5es na primeira impress\u00e3o a todo momento ele revisa essas informa\u00e7\u00f5es, validando e checando, isso acontece porque o c\u00e9rebro por natureza busca a coer\u00eancia.<br><\/p>\n\n\n\n<p>Exemplo, sabe aquela pessoa que usou \u00f3culos a vida toda, e um dia ela come\u00e7a a usar lente de contato, depois de um tempo voc\u00ea j\u00e1 nem consegue lembrar como era quando ela usava \u00f3culos?<br><\/p>\n\n\n\n<p>Funciona dessa forma, a circuitaria cerebral &#8220;atualiza&#8221; as informa\u00e7\u00f5es sobre um respectivo assunto e mant\u00e9m aquilo como &#8220;nova verdade&#8221;.<br><\/p>\n\n\n\n<p>Fiz uma lista com 7 dicas pr\u00e1ticas que se aplicadas de maneira corretas v\u00e3o trazer um resultado significativo para voc\u00ea.<br><\/p>\n\n\n\n<p>Vamos l\u00e1.<br><\/p>\n\n\n\n<h2 class=\"wp-block-heading\">1 &#8211; &nbsp;V\u00e1 com calma!<\/h2>\n\n\n\n<p>Pode parecer a dica mais simples mas \u00e9 realmente importante, muita gente tende a querer realizar grandes transforma\u00e7\u00f5es, para causar impacto, isso pode ser bastante tentador, afinal acaba sendo provocativo e no come\u00e7o d\u00e1 o que falar.<\/p>\n\n\n\n<p>Mas \u00e9 uma armadilha, primeiro porque deixa muito claro sua inten\u00e7\u00e3o, e nesse momento pode acabar atrapalhando, e vou explicar o motivo.<\/p>\n\n\n\n<p>Lembra que eu falei que o c\u00e9rebro busca sempre a coer\u00eancia?<\/p>\n\n\n\n<p>Pois \u00e9. A partir do momento que voc\u00ea causa um impacto na sua imagem e no seu comportamento as pessoas ao redor come\u00e7am a se questionar sobre essa mudan\u00e7a, e isso a curto e m\u00e9dio prazo n\u00e3o \u00e9 interessante por gerar desconforto e desconfian\u00e7a.<\/p>\n\n\n\n<p>Se voc\u00ea usou t\u00eanis, &nbsp;jeans e camiseta a vida toda pra ir ao trabalho e um dia vai de Terno, certamente causar\u00e1 estranhamento nas pessoas, e at\u00e9 ser fruto de piada.<\/p>\n\n\n\n<p>V\u00e1 inserindo os elementos de um novo visual e novos comportamentos aos poucos, e isso ser\u00e1 assimilado de forma impercept\u00edvel.<\/p>\n\n\n\n<p>Logo algum tempo depois as pessoas nem se lembraram de como voc\u00ea se vestia, mas e quando pensarem sobre isso, v\u00e3o sentir uma sensa\u00e7\u00e3o que voc\u00ea j\u00e1 deve ter escutado.<br><\/p>\n\n\n\n<p>&#8220;Nossa, tal pessoa est\u00e1 diferente, mas n\u00e3o sei dizer exatamente o que&#8221;.<br><\/p>\n\n\n\n<p>Segundo, por que se por algum motivo voc\u00ea n\u00e3o manter a consist\u00eancia no seu plano de recriar uma nova impress\u00e3o voc\u00ea coloca em cheque tudo que fez. <br><\/p>\n\n\n\n<p>E a segunda vez \u00e9 sempre mais dif\u00edcil <br><\/p>\n\n\n\n<h2 class=\"wp-block-heading\">2 &#8211; Tenha clareza sobre o que quer comunicar<\/h2>\n\n\n\n<p>O erro mais comum das pessoas n\u00e3o \u00e9 n\u00e3o comunicar nada, e sim comunicar o que n\u00e3o quer, ou pior ainda, comunicar tanta coisa que ningu\u00e9m entende. <\/p>\n\n\n\n<p>Lembre-se sempre: &#8220;O c\u00e9rebro busca coer\u00eancia&#8221;. Se voc\u00ea comunica muita coisa, voc\u00ea passa informa\u00e7\u00f5es confusas.<\/p>\n\n\n\n<p>Voc\u00ea precisa ser e ter objetivo, e para isso precisa entender seu ponto de partida e o ponto de chegada. \u00c9 como um GPS, \u00e9 imposs\u00edvel tra\u00e7ar uma rota e um caminho correto e mais r\u00e1pido se voc\u00ea n\u00e3o tiver um ponto de partida e um de destino.<\/p>\n\n\n\n<p>Por tanto saiba <a href=\"http:\/\/diegodisse.com\/o-que-a-sua-imagem-diz-sobre-voce\/\">o que sua imagem diz sobre voc\u00ea<\/a>, e a partir disso comece a mudar o que \u00e9 necess\u00e1rio para se posicionar de forma correta e coerente com os seus objetivos.<br><\/p>\n\n\n\n<h2 class=\"wp-block-heading\">3 &#8211; &nbsp;Vista-se para o sucesso<\/h2>\n\n\n\n<p>Existe uma frase bem famosa que diz: <br><\/p>\n\n\n\n<p>&#8220;Vista-se para o emprego que voc\u00ea quer, n\u00e3o para o que voc\u00ea tem&#8221;.<\/p>\n\n\n\n<p>E eu acredito muito nisso. Se for lida de uma forma mais ampla, ela n\u00e3o fala s\u00f3 sobre o que vestir, mas como se portar, como agir, voc\u00ea precisa se posicionar um n\u00edvel acima, mesmo n\u00e3o estando nele.<\/p>\n\n\n\n<p>Se voc\u00ea quer ser Diretor Financeiro vista-se como os melhores diretores financeiros se vestem.<\/p>\n\n\n\n<p>Se voc\u00ea quer ser Gerente do seu setor, busque refer\u00eancias de como os Gerentes mais reconhecidos se vestem e se comportam.<\/p>\n\n\n\n<p>Caso queira se aprofundar sobre isso, tenho um post que ajuda voc\u00ea a encontrar de forma explicada e pr\u00e1tica qual roupa \u00e9 adequada para o seu objetivo<\/p>\n\n\n\n<p><a href=\"http:\/\/diegodisse.com\/vista-se-para-o-sucesso-8-passos-para-melhorar-sua-imagem\/\">Vista-se para o sucesso, 8 passos para melhorar sua imagem!<\/a><br><\/p>\n\n\n\n<p>A vestimenta correta \u00e9 capaz de passar a mensagem correta, isso vai te deixar preparado para aproveitar oportunidades que poderiam estar fora do seu alcance.<\/p>\n\n\n\n<p>Mais que isso te coloca em visibilidade, e te traz mais confian\u00e7a, o que nos leva a nosso pr\u00f3ximo item da lista.<br><\/p>\n\n\n\n<h2 class=\"wp-block-heading\">4 &#8211; Seja confiante<\/h2>\n\n\n\n<p>Eu sempre insisto nesse item. Uma pessoa confiante \u00e9 capaz de inspirar pessoas, e de conseguir realiza\u00e7\u00f5es incr\u00edveis.<br><\/p>\n\n\n\n<p>Entenda que as pessoas buscam conforto e seguran\u00e7a, e isso \u00e9 um padr\u00e3o. Isso vem do subconsciente e est\u00e1 atrelado \u00e0 nossa gen\u00e9tica, \u00e9 uma mem\u00f3ria comportamental que ainda \u00e9 resqu\u00edcio do tempo das cavernas.<br><\/p>\n\n\n\n<p>Ou seja uma pessoa com uma comunica\u00e7\u00e3o confiante e coer\u00eancia \u00e9 capaz de oferecer seguran\u00e7a e conforto a seu interlocutor.<br><\/p>\n\n\n\n<p>E isso n\u00e3o \u00e9 s\u00f3 no \u00e2mbito profissional, \u00e9 em qualquer tipo de rela\u00e7\u00e3o humana, seja rom\u00e2ntica, financeira, familiar. Observe ao seu redor as pessoas que voc\u00ea se relaciona ou adquire servi\u00e7os, todas de alguma forma te oferecem seguran\u00e7a e conforto e por isso voc\u00ea faz transa\u00e7\u00f5es sejam financeira, emocionais ou comerciais. <br><\/p>\n\n\n\n<p> \u2013 Mas Diego eu n\u00e3o sou uma pessoa que inspira confian\u00e7a, e agora?<br><\/p>\n\n\n\n<p>Fique tranquilo, confian\u00e7a n\u00e3o \u00e9 um comportamento nato, e pode ser adquirido por qualquer pessoa desde que tenha compromisso e as ferramentas corretas.<br><\/p>\n\n\n\n<p>Existem formas cient\u00edficas validadas de como se tornar mais confiante.<br><\/p>\n\n\n\n<p>Aqui tem um conte\u00fado que vai te ajudar nessa jornada<\/p>\n\n\n\n<p>-> <a href=\"http:\/\/diegodisse.com\/7-passos-para-voce-se-tornar-mais-confiante\/\">7 passos para se tornar mais confiante<\/a><\/p>\n\n\n\n<h2 class=\"wp-block-heading\">5 &#8211; Seja coerente <\/h2>\n\n\n\n<p>Segundo o dicion\u00e1rio:<br><\/p>\n\n\n\n<h3 class=\"wp-block-heading\">Coer\u00eancia<\/h3>\n\n\n\n<p><em>substantivo feminino<\/em><\/p>\n\n\n\n<ol class=\"wp-block-list\"><li>1. <\/li><li>qualidade, condi\u00e7\u00e3o ou estado de coerente.<\/li><li>2. <\/li><li>liga\u00e7\u00e3o, nexo ou harmonia entre dois fatos ou duas ideias; rela\u00e7\u00e3o harm\u00f4nica, conex\u00e3o.<\/li><\/ol>\n\n\n\n<p>A coer\u00eancia \u00e9 um elo entre o que voc\u00ea \u00e9 e quem voc\u00ea diz que \u00e9. Se esses dois itens n\u00e3o estiverem alinhados, voc\u00ea est\u00e1 sendo incoerente. N\u00e3o adianta usar roupas esportivas todo dia e &#8220;pagar&#8221; de esportista, se voc\u00ea n\u00e3o praticar esportes.<\/p>\n\n\n\n<p>N\u00e3o quer dizer que voc\u00ea tenha de ser um atleta profissional, mas fica n\u00edtido quando uma imagem \u00e9 for\u00e7ada. Voc\u00ea precisa aos poucos ir construindo sua imagem de forma que em algum momento o que voc\u00ea \u00e9 e o que voc\u00ea quer ser se tornem um s\u00f3. <br><\/p>\n\n\n\n<p>Ent\u00e3o mesmo que no come\u00e7o possa parecer mais distante, se voc\u00ea seguir o primeiro passo e ir aos poucos inserindo um novo visual e um novo comportamento em um momento, voc\u00ea ir\u00e1 se tornar o que est\u00e1 buscando.<br><\/p>\n\n\n\n<p>E a partir desse momento, isso torna-se sua ess\u00eancia.<\/p>\n\n\n\n<h2 class=\"wp-block-heading\">6 &#8211; Escute as pessoas<\/h2>\n\n\n\n<p>Quando falo isso em palestras sempre me perguntam por que isso \u00e9 importante na constru\u00e7\u00e3o de uma imagem forte e positiva, que \u00e9 o necess\u00e1rio para se criar uma boa impress\u00e3o.<\/p>\n\n\n\n<p>E o fato \u00e9 que o ser humano quer ser ouvido, repare que em nosso cotidiano cada vez fica mais dif\u00edcil as pessoas esperarem sua vez para falar, mais ainda encontrar algu\u00e9m que esteja disposto a te ouvir de verdade.<\/p>\n\n\n\n<p>As pessoas querem falar de si, e muitas vezes escutam apenas para responder.<br><\/p>\n\n\n\n<p>A sua aten\u00e7\u00e3o vale dinheiro, empresas pagam fortunas, estrat\u00e9gias para obter sua aten\u00e7\u00e3o. Portanto as pessoas querem ser ouvidas. Fa\u00e7a isso, e elas se sentiram confort\u00e1veis com sua presen\u00e7a.<br><\/p>\n\n\n\n<p>Voc\u00ea mesmo j\u00e1 deve ter se sentido desconfort\u00e1vel em uma situa\u00e7\u00e3o onde a pessoa n\u00e3o para de falar, e voc\u00ea s\u00f3 quer que ela cale a boca. Se torna chato conversar com uma pessoa assim.<\/p>\n\n\n\n<p>Ent\u00e3o comece a ouvir o que as pessoas falam, int\u00e9rprete e questione o necess\u00e1rio, mas pratique a escuta ativa.<br><\/p>\n\n\n\n<h2 class=\"wp-block-heading\">7 &#8211; D\u00ea aten\u00e7\u00e3o a sua <a href=\"https:\/\/blog.12min.com\/br\/linguagem-do-corpo\/\">linguagem corporal<\/a><\/h2>\n\n\n\n<p>Um aperto de m\u00e3o firme (eu disse firme, n\u00e3o forte) assim como um sorriso, \u00e9 um \u00f3timo cart\u00e3o de visitas, passa a mensagem de firmeza e confian\u00e7a.<\/p>\n\n\n\n<p>Mas existem outros pequenos gestos e sinais que podem ser explorados para imprimir uma imagem positiva nas pessoas.<\/p>\n\n\n\n<p>A linguagem corporal quando usada da maneira correta \u00e9 capaz de influenciar as pessoas, e at\u00e9 mesmo te agregar autoridade perante o interlocutor.<\/p>\n\n\n\n<p>Quando voc\u00ea negligencia a comunica\u00e7\u00e3o n\u00e3o verbal, voc\u00ea pode dar a entender que \u00e9 uma pessoa, ansiosa, fracassada, pregui\u00e7osa e isso sem d\u00favida n\u00e3o \u00e9 bom para sua imagem!<\/p>\n\n\n\n<p>Compreender e explorar a linguagem corporal, aplicando esse conhecimento a seu favor \u00e9 uma ferramenta muito poderosa para recriar sua imagem perante outras pessoas.<\/p>\n\n\n\n<p>Para quem quiser se aprofundar no mundo da linguagem corporal indico a leitura do microbook baseado no livro <a href=\"https:\/\/app.adjust.com\/7mvfth8?deeplink=twelvemin:\/\/book\/desvendando-os-segredos-da-linguagem-corporal\/&amp;fallback=https:\/\/12min.com\/br\/desvendando-os-segredos-da-linguagem-corporal?utm_source=blog12min&amp;utm_medium=blog&amp;utm_content=post&amp;utm_campaign=routine&amp;redirect_windows=https:\/\/12min.com\/br\/desvendando-os-segredos-da-linguagem-corporal?utm_source=blog12min&amp;utm_medium=blog&amp;utm_content=post&amp;utm_campaign=routine&amp;redirect_macos=https:\/\/12min.com\/br\/desvendando-os-segredos-da-linguagem-corporal?utm_source=blog12min&amp;utm_medium=blog&amp;utm_content=post&amp;utm_campaign=routine\">Desvendando os Segredos da Linguagem Corporal<\/a>:<\/p>\n\n\n\n<a class=\"12min-widget\" href=\"https:\/\/12min.com\/br\/desvendando-os-segredos-da-linguagem-corporal\">Desvendando os Segredos da Linguagem Corporal<\/a>\n\n\n\n<h2 class=\"wp-block-heading\">B\u00f4nus: Torne-se uma pessoa interessante<\/h2>\n\n\n\n<p>Dizem que a gente sempre precisa dar mais do que promete, e aqui n\u00e3o seria diferente, essa \u00e9 uma dica extra.<br><\/p>\n\n\n\n<p>N\u00f3s somos o resultado das experi\u00eancias que vivemos, dos livros que lemos, das viagens que fazemos. Consuma conte\u00fado de qualidade, fa\u00e7a cursos, conhe\u00e7a novos lugares, novas pessoas, novas m\u00fasicas.<br><\/p>\n\n\n\n<p>Todas essas experi\u00eancias s\u00e3o importantes para mais do que apenas parecer, voc\u00ea de fato construa uma imagem de sucesso.<br><\/p>\n\n\n\n<p>E voc\u00ea tem mais alguma dica pra compartilhar com a gente? Comenta aqui embaixo e vamos evoluir juntos.<br><\/p>\n\n\n\n<p>Se voc\u00ea tiver alguma d\u00favida, ou quiser se aprofundar mais sobre o mundo da imagem e marketing pessoal, mande um DM no Instagram @diegodisse ser\u00e1 um prazer conversar sobre o assunto.<\/p>\n\n\n\n<p>__________________________________________________<\/p>\n\n\n\n<p>Esse artigo foi escrito por Diego Melo.<\/p>\n","protected":false},"excerpt":{"rendered":"<p>7 min de leitura \u231a&nbsp; Eu tinha escrito metade desse texto, quando eu lembrei de uma hist\u00f3ria.Eu morava em Ouro Preto, cidade universit\u00e1ria no interior de Minas Gerais. Eu lembro que era \u00e9poca de formatura, e a cidade estava bem mais agitada do que o comum, se voc\u00ea j\u00e1 foi em uma cidade universit\u00e1ria, deve [&hellip;]<\/p>\n","protected":false},"author":48,"featured_media":6414,"comment_status":"closed","ping_status":"closed","sticky":false,"template":"","format":"standard","meta":{"_exactmetrics_skip_tracking":false,"_exactmetrics_sitenote_active":false,"_exactmetrics_sitenote_note":"","_exactmetrics_sitenote_category":0,"footnotes":""},"categories":[7],"tags":[172],"class_list":["post-6413","post","type-post","status-publish","format-standard","has-post-thumbnail","hentry","category-produtividade","tag-marketing-pessoal","wpbf-post"],"yoast_head":"<!-- This site is optimized with the Yoast SEO plugin v26.4 - https:\/\/yoast.com\/wordpress\/plugins\/seo\/ -->\n<title>Recrie a sua Primeira Impress\u00e3o - Blog do 12min<\/title>\n<meta name=\"description\" content=\"Voc\u00ea j\u00e1 parou pra pensar quantas vezes voc\u00ea foi para algum lugar e n\u00e3o estava oferecendo o seu melhor? Recrie a sua primeira impress\u00e3o!\" \/>\n<meta name=\"robots\" content=\"index, follow, max-snippet:-1, max-image-preview:large, max-video-preview:-1\" \/>\n<link rel=\"canonical\" href=\"https:\/\/blog.12min.com\/br\/recrie-a-primeira-impressao\/\" \/>\n<meta property=\"og:locale\" content=\"en_US\" \/>\n<meta property=\"og:type\" content=\"article\" \/>\n<meta property=\"og:title\" content=\"Recrie a sua Primeira Impress\u00e3o - Blog do 12min\" \/>\n<meta property=\"og:description\" content=\"Voc\u00ea j\u00e1 parou pra pensar quantas vezes voc\u00ea foi para algum lugar e n\u00e3o estava oferecendo o seu melhor? Recrie a sua primeira impress\u00e3o!\" \/>\n<meta property=\"og:url\" content=\"https:\/\/blog.12min.com\/br\/recrie-a-primeira-impressao\/\" \/>\n<meta property=\"og:site_name\" content=\"Blog do 12min\" \/>\n<meta property=\"article:published_time\" content=\"2019-03-11T20:11:31+00:00\" \/>\n<meta property=\"article:modified_time\" content=\"2019-04-03T18:03:16+00:00\" \/>\n<meta property=\"og:image\" content=\"https:\/\/blog.12min.com\/br\/wp-content\/uploads\/sites\/3\/2019\/03\/como-recriar-sua-primeira-impress\u00e3o.jpg\" \/>\n\t<meta property=\"og:image:width\" content=\"1000\" \/>\n\t<meta property=\"og:image:height\" content=\"667\" \/>\n\t<meta property=\"og:image:type\" content=\"image\/jpeg\" \/>\n<meta name=\"author\" content=\"Emir Zecovic\" \/>\n<meta name=\"twitter:card\" content=\"summary_large_image\" \/>\n<meta name=\"twitter:label1\" content=\"Written by\" \/>\n\t<meta name=\"twitter:data1\" content=\"Emir Zecovic\" \/>\n\t<meta name=\"twitter:label2\" content=\"Est. reading time\" \/>\n\t<meta name=\"twitter:data2\" content=\"10 minutes\" \/>\n<!-- \/ Yoast SEO plugin. -->","yoast_head_json":{"title":"Recrie a sua Primeira Impress\u00e3o - Blog do 12min","description":"Voc\u00ea j\u00e1 parou pra pensar quantas vezes voc\u00ea foi para algum lugar e n\u00e3o estava oferecendo o seu melhor? Recrie a sua primeira impress\u00e3o!","robots":{"index":"index","follow":"follow","max-snippet":"max-snippet:-1","max-image-preview":"max-image-preview:large","max-video-preview":"max-video-preview:-1"},"canonical":"https:\/\/blog.12min.com\/br\/recrie-a-primeira-impressao\/","og_locale":"en_US","og_type":"article","og_title":"Recrie a sua Primeira Impress\u00e3o - Blog do 12min","og_description":"Voc\u00ea j\u00e1 parou pra pensar quantas vezes voc\u00ea foi para algum lugar e n\u00e3o estava oferecendo o seu melhor? Recrie a sua primeira impress\u00e3o!","og_url":"https:\/\/blog.12min.com\/br\/recrie-a-primeira-impressao\/","og_site_name":"Blog do 12min","article_published_time":"2019-03-11T20:11:31+00:00","article_modified_time":"2019-04-03T18:03:16+00:00","og_image":[{"width":1000,"height":667,"url":"https:\/\/blog.12min.com\/br\/wp-content\/uploads\/sites\/3\/2019\/03\/como-recriar-sua-primeira-impress\u00e3o.jpg","type":"image\/jpeg"}],"author":"Emir Zecovic","twitter_card":"summary_large_image","twitter_misc":{"Written by":"Emir Zecovic","Est. reading time":"10 minutes"},"schema":{"@context":"https:\/\/schema.org","@graph":[{"@type":"WebPage","@id":"https:\/\/blog.12min.com\/br\/recrie-a-primeira-impressao\/","url":"https:\/\/blog.12min.com\/br\/recrie-a-primeira-impressao\/","name":"Recrie a sua Primeira Impress\u00e3o - Blog do 12min","isPartOf":{"@id":"https:\/\/blog.12min.com\/br\/#website"},"primaryImageOfPage":{"@id":"https:\/\/blog.12min.com\/br\/recrie-a-primeira-impressao\/#primaryimage"},"image":{"@id":"https:\/\/blog.12min.com\/br\/recrie-a-primeira-impressao\/#primaryimage"},"thumbnailUrl":"https:\/\/blog.12min.com\/br\/wp-content\/uploads\/sites\/3\/2019\/03\/como-recriar-sua-primeira-impress\u00e3o.jpg","datePublished":"2019-03-11T20:11:31+00:00","dateModified":"2019-04-03T18:03:16+00:00","author":{"@id":"https:\/\/blog.12min.com\/br\/#\/schema\/person\/ccaf1a7ac6cac4265aa3afb02ae667f4"},"description":"Voc\u00ea j\u00e1 parou pra pensar quantas vezes voc\u00ea foi para algum lugar e n\u00e3o estava oferecendo o seu melhor? Recrie a sua primeira impress\u00e3o!","breadcrumb":{"@id":"https:\/\/blog.12min.com\/br\/recrie-a-primeira-impressao\/#breadcrumb"},"inLanguage":"en-US","potentialAction":[{"@type":"ReadAction","target":["https:\/\/blog.12min.com\/br\/recrie-a-primeira-impressao\/"]}]},{"@type":"ImageObject","inLanguage":"en-US","@id":"https:\/\/blog.12min.com\/br\/recrie-a-primeira-impressao\/#primaryimage","url":"https:\/\/blog.12min.com\/br\/wp-content\/uploads\/sites\/3\/2019\/03\/como-recriar-sua-primeira-impress\u00e3o.jpg","contentUrl":"https:\/\/blog.12min.com\/br\/wp-content\/uploads\/sites\/3\/2019\/03\/como-recriar-sua-primeira-impress\u00e3o.jpg","width":1000,"height":667,"caption":"como recriar sua primeira impress\u00e3o"},{"@type":"BreadcrumbList","@id":"https:\/\/blog.12min.com\/br\/recrie-a-primeira-impressao\/#breadcrumb","itemListElement":[{"@type":"ListItem","position":1,"name":"In\u00edcio","item":"https:\/\/blog.12min.com\/br\/"},{"@type":"ListItem","position":2,"name":"Recrie a sua Primeira Impress\u00e3o"}]},{"@type":"WebSite","@id":"https:\/\/blog.12min.com\/br\/#website","url":"https:\/\/blog.12min.com\/br\/","name":"Blog do 12min","description":"Livros, Audiobooks e Resumos","potentialAction":[{"@type":"SearchAction","target":{"@type":"EntryPoint","urlTemplate":"https:\/\/blog.12min.com\/br\/?s={search_term_string}"},"query-input":{"@type":"PropertyValueSpecification","valueRequired":true,"valueName":"search_term_string"}}],"inLanguage":"en-US"},{"@type":"Person","@id":"https:\/\/blog.12min.com\/br\/#\/schema\/person\/ccaf1a7ac6cac4265aa3afb02ae667f4","name":"Emir Zecovic","description":"Emir is the Head of Marketing\u00a0at 12min. In his spare time, he loves to meditate and play soccer.","url":"https:\/\/blog.12min.com\/br\/author\/emir\/"}]}},"amp_enabled":true,"_links":{"self":[{"href":"https:\/\/blog.12min.com\/br\/wp-json\/wp\/v2\/posts\/6413","targetHints":{"allow":["GET"]}}],"collection":[{"href":"https:\/\/blog.12min.com\/br\/wp-json\/wp\/v2\/posts"}],"about":[{"href":"https:\/\/blog.12min.com\/br\/wp-json\/wp\/v2\/types\/post"}],"author":[{"embeddable":true,"href":"https:\/\/blog.12min.com\/br\/wp-json\/wp\/v2\/users\/48"}],"replies":[{"embeddable":true,"href":"https:\/\/blog.12min.com\/br\/wp-json\/wp\/v2\/comments?post=6413"}],"version-history":[{"count":5,"href":"https:\/\/blog.12min.com\/br\/wp-json\/wp\/v2\/posts\/6413\/revisions"}],"predecessor-version":[{"id":6969,"href":"https:\/\/blog.12min.com\/br\/wp-json\/wp\/v2\/posts\/6413\/revisions\/6969"}],"wp:featuredmedia":[{"embeddable":true,"href":"https:\/\/blog.12min.com\/br\/wp-json\/wp\/v2\/media\/6414"}],"wp:attachment":[{"href":"https:\/\/blog.12min.com\/br\/wp-json\/wp\/v2\/media?parent=6413"}],"wp:term":[{"taxonomy":"category","embeddable":true,"href":"https:\/\/blog.12min.com\/br\/wp-json\/wp\/v2\/categories?post=6413"},{"taxonomy":"post_tag","embeddable":true,"href":"https:\/\/blog.12min.com\/br\/wp-json\/wp\/v2\/tags?post=6413"}],"curies":[{"name":"wp","href":"https:\/\/api.w.org\/{rel}","templated":true}]}}