{"id":6978,"date":"2022-05-14T10:21:00","date_gmt":"2022-05-14T13:21:00","guid":{"rendered":"https:\/\/blog.12min.com\/br\/?p=6978"},"modified":"2024-05-08T07:52:54","modified_gmt":"2024-05-08T10:52:54","slug":"em-busca-de-sentido-resumo","status":"publish","type":"post","link":"https:\/\/blog.12min.com\/br\/em-busca-de-sentido-resumo\/","title":{"rendered":"Em Busca de Sentido"},"content":{"rendered":"<p class=\"wpwc-reading-time\">8 min de leitura \u231a&nbsp;<\/p><div class=\"pdfprnt-buttons pdfprnt-buttons-post pdfprnt-top-right\"><a href=\"https:\/\/blog.12min.com\/br\/wp-json\/wp\/v2\/posts\/6978?print=pdf\" class=\"pdfprnt-button pdfprnt-button-pdf\" target=\"_blank\"><\/a><a href=\"https:\/\/blog.12min.com\/br\/wp-json\/wp\/v2\/posts\/6978?print=print\" class=\"pdfprnt-button pdfprnt-button-print\" target=\"_blank\"><\/a><\/div>\n<p>Viver em um campo de concentra\u00e7\u00e3o nazista foi uma experi\u00eancia brutal para centenas de milhares de prisioneiros, durante a Segunda Guerra Mundial. Viktor Frankl, autor do Em <a href=\"https:\/\/12min.com\/br\/em-busca-de-sentido-resumo\" target=\"_blank\" rel=\"noreferrer noopener\">Busca de Sentido<\/a>, \u00e9 um sobrevivente dessa atrocidade, uma das maiores na hist\u00f3ria da humanidade. Isso s\u00f3 foi poss\u00edvel porque ele tinha um prop\u00f3sito, sua vida tinha um sentido e, assim, recusou-se a desistir.<\/p>\n\n\n\n<figure class=\"wp-block-image is-resized\"><img loading=\"lazy\" decoding=\"async\" width=\"195\" height=\"300\" src=\"https:\/\/blog.12min.com\/br\/wp-content\/uploads\/sites\/3\/2019\/04\/Em-busca-de-Sentido-195x300.jpeg\" alt=\"em busca de sentido pdf\" class=\"wp-image-6989\" style=\"width:180px;height:225px\" srcset=\"https:\/\/blog.12min.com\/br\/wp-content\/uploads\/sites\/3\/2019\/04\/Em-busca-de-Sentido-195x300.jpeg 195w, https:\/\/blog.12min.com\/br\/wp-content\/uploads\/sites\/3\/2019\/04\/Em-busca-de-Sentido.jpeg 430w\" sizes=\"auto, (max-width: 195px) 100vw, 195px\" \/><\/figure>\n\n\n\n<p><a href=\"https:\/\/segredosdomundo.r7.com\/10-curiosidades-terriveis-sobre-o-campo-de-auschwitz\/\" target=\"_blank\" rel=\"noreferrer noopener\" aria-label=\" (opens in a new tab)\">A vida no campo de concentra\u00e7\u00e3o<\/a> era muito dif\u00edcil. Os homens e mulheres foram tirados de suas rotinas e se concentravam apenas em sobreviver. E naquele cen\u00e1rio, Viktor Frankl, sua fam\u00edlia e os demais prisioneiros eram pessoas comuns. Ou seja, n\u00e3o tinham superpoderes, n\u00e3o eram famosos ou m\u00e1rtires lutando por uma causa. <\/p>\n\n\n\n<p>Al\u00e9m disso, os prisioneiros n\u00e3o tinham feito nada de errado. Eles eram apenas pessoas comuns lidando com circunst\u00e2ncias extraordin\u00e1rias. E, segundo Viktor Frankl foi delas que ele tirou seu conforto e a base para sua teoria de logoterapia \u2013 um novo tipo de psicoterapia, que mostra como o ser humano pode ser resiliente, quando encontra o verdadeiro sentido da vida.<\/p>\n\n\n\n<p>Da experi\u00eancia no campo de concentra\u00e7\u00e3o, Viktor Frankl aprendeu que \u201cn\u00e3o podemos evitar o sofrimento, mas podemos escolher como lidar com ele e encontrar um sentido nele\u201d. E foi no campo de concentra\u00e7\u00e3o que o autor do best-seller Em Busca de Sentido, &nbsp;mudou sua perspectiva sobre o mundo e sobre as pessoas.<\/p>\n\n\n\n<h2 class=\"wp-block-heading\">Resumo do Livro<\/h2>\n\n\n\n<p>\u201cEm Busca de Sentido\u201d \u00e9 um best-seller que j\u00e1 vendeu mais de 10 milh\u00f5es de c\u00f3pias no mundo todo. O autor Viktor Frankl, fundador da Logoterapia, mostra como sua experi\u00eancia em busca do sentido de vida em um campo de concentra\u00e7\u00e3o nazista mudou sua perspectiva sobre o mundo e sobre as pessoas.<\/p>\n\n\n\n<p>Frankl afirma que n\u00e3o podemos evitar o sofrimento, mas podemos escolher como lidar com ele e encontrar um sentido nele.<\/p>\n\n\n\n<p>A teoria de Frankl contesta as id\u00e9ias de Freud, que acreditava que o sentido da vida era perseguir o prazer.<\/p>\n\n\n\n<p>Se voc\u00ea anda buscando inspira\u00e7\u00e3o ou for\u00e7a para <a href=\"https:\/\/blog.12min.com\/br\/livros-de-autoajuda\/\" target=\"_blank\" rel=\"noreferrer noopener\">superar qualquer desafio<\/a>, falamos sem medo de errar: Esta leitura \u00e9 para voc\u00ea!<\/p>\n\n\n\n<h2 class=\"wp-block-heading\">Em Busca de Sentido<\/h2>\n\n\n\n<p>O livro Em Busca de Sentido, mostra que as li\u00e7\u00f5es de vida s\u00e3o aprendidas com as circunst\u00e2ncias. As duas Guerras Mundiais contribu\u00edram fortemente para o estudo da psicologia da sa\u00fade mental dos soldados e dos sobreviventes dos campos de concentra\u00e7\u00e3o.<\/p>\n\n\n\n<p>Viktor Frankl foi um prisioneiro judeu e, tamb\u00e9m, psiquiatra. Assim, do lado de dentro, sentindo na pele o que ocorria nos campos de concentra\u00e7\u00e3o, ele pode se aprofundar nos estudos. Ele focou n\u00e3o apenas em suas pr\u00f3prias rea\u00e7\u00f5es e comportamentos nessa situa\u00e7\u00e3o, mas tamb\u00e9m nos seus companheiros de pris\u00e3o. O que ele descobriu, mudou a psican\u00e1lise para sempre.<\/p>\n\n\n\n<p>O livro Em Busca de Sentido relembra que todos os prisioneiros perderam suas vidas, posses, fam\u00edlias e amigos\u2026 tudo. Muitos deles desistiram, mas outros encontraram uma raz\u00e3o para viver, apesar do sofrimento. Alguns agarraram-se na possibilidade de reencontrar as pessoas amadas e imaginaram como se sentiriam se as vissem de novo.<\/p>\n\n\n\n<p>Outros prisioneiros se apegaram \u00e0 determina\u00e7\u00e3o de sobreviver para que pudessem voltar \u00e0s suas vidas. E, ainda, existiam aqueles que focaram em objetivos que sonhavam alcan\u00e7ar no futuro, quando fossem libertados dos campos. <\/p>\n\n\n\n<p>Porque essas pessoas tinham um <a rel=\"noreferrer noopener\" aria-label=\" (opens in a new tab)\" href=\"https:\/\/blog.12min.com\/br\/proposito-de-vida\/\" target=\"_blank\">prop\u00f3sito<\/a>, suas vidas tinham um sentido. Assim, recusaram-se a desistir, a menos que seus corpos desistissem por elas, garante Viktor Frankl. O que ele descobriu nos campos de concentra\u00e7\u00e3o o surpreendeu. Ou seja, contrariando a teoria de Freud, o autor do livro Em Busca de Sentido viu e experimentou que o homem n\u00e3o \u00e9 guiado simplesmente pelo desejo.<\/p>\n\n\n\n<p>Quando um homem tem um motivo verdadeiro para viver, ele vai lutar por isso. Essa experi\u00eancia acabou se tornando a base para a psicoterapia de Frankl: a Logoterapia.<\/p>\n\n\n\n<h2 class=\"wp-block-heading\">A logoterapia de Viktor Frankl<\/h2>\n\n\n\n<figure class=\"wp-block-image is-resized\"><img loading=\"lazy\" decoding=\"async\" width=\"1000\" height=\"667\" src=\"https:\/\/blog.12min.com\/br\/wp-content\/uploads\/sites\/3\/2019\/04\/Em-busca-de-sentido-10.jpg\" alt=\"em busca de sentido resumo\" class=\"wp-image-6987\" style=\"width:600px;height:500px\" srcset=\"https:\/\/blog.12min.com\/br\/wp-content\/uploads\/sites\/3\/2019\/04\/Em-busca-de-sentido-10.jpg 1000w, https:\/\/blog.12min.com\/br\/wp-content\/uploads\/sites\/3\/2019\/04\/Em-busca-de-sentido-10-300x200.jpg 300w, https:\/\/blog.12min.com\/br\/wp-content\/uploads\/sites\/3\/2019\/04\/Em-busca-de-sentido-10-768x512.jpg 768w\" sizes=\"auto, (max-width: 1000px) 100vw, 1000px\" \/><\/figure>\n\n\n\n<p>Enquanto Freud acredita que o sentido da vida \u00e9 perseguir o prazer, a teoria de Frankl defende que o prop\u00f3sito da vida n\u00e3o s\u00f3 separa o ser humano dos animais, mas tamb\u00e9m faz com que vivamos realizados, mesmo em tempos dif\u00edceis. Veja outras diferen\u00e7as apresentadas no livro Em Busca do Sentido:<\/p>\n\n\n\n<h3 class=\"wp-block-heading\">Psicoterapia Regular: <\/h3>\n\n\n\n<ul class=\"wp-block-list\">\n<li>Trabalha mais em termos das retrospec\u00e7\u00e3o e introspec\u00e7\u00e3o;<\/li>\n\n\n\n<li>Escuta o paciente discutir experi\u00eancias dolorosas do seu passado e os impactos que essas experi\u00eancias tiveram no presente;<\/li>\n\n\n\n<li>Focando no passado, pode gerar neuroses internas.<\/li>\n<\/ul>\n\n\n\n<h3 class=\"wp-block-heading\">A Logoterapia:<\/h3>\n\n\n\n<ul class=\"wp-block-list\">\n<li>Foco no que acontecer\u00e1 no futuro;<\/li>\n\n\n\n<li>Confronta o paciente e reorienta-o quanto ao seu sentido de vida;<\/li>\n\n\n\n<li>Ajudar o cliente a vencer suas neuroses.<\/li>\n<\/ul>\n\n\n\n<p>Enfim, a Logoterapia \u00e9 uma tentativa de ajudar algu\u00e9m a encontrar sentido e us\u00e1-lo para fazer mudan\u00e7as necess\u00e1rias e passar por circunst\u00e2ncias dif\u00edceis em sua vida.<\/p>\n\n\n\n<h2 class=\"wp-block-heading\">Buscando uma raz\u00e3o para viver<\/h2>\n\n\n\n<figure class=\"wp-block-image is-resized\"><img loading=\"lazy\" decoding=\"async\" width=\"1000\" height=\"750\" src=\"https:\/\/blog.12min.com\/br\/wp-content\/uploads\/sites\/3\/2019\/04\/Em-busca-de-sentido-9.jpg\" alt=\"viktor frankl em busca de sentido\" class=\"wp-image-6986\" style=\"width:600px;height:563px\" srcset=\"https:\/\/blog.12min.com\/br\/wp-content\/uploads\/sites\/3\/2019\/04\/Em-busca-de-sentido-9.jpg 1000w, https:\/\/blog.12min.com\/br\/wp-content\/uploads\/sites\/3\/2019\/04\/Em-busca-de-sentido-9-300x225.jpg 300w, https:\/\/blog.12min.com\/br\/wp-content\/uploads\/sites\/3\/2019\/04\/Em-busca-de-sentido-9-768x576.jpg 768w\" sizes=\"auto, (max-width: 1000px) 100vw, 1000px\" \/><\/figure>\n\n\n\n<p>A busca pelo sentido da vida, geralmente, gera tens\u00f5es e turbul\u00eancias internas. Enquanto tenta determinar seu prop\u00f3sito, uma pessoa pode se sentir inquieta e desconfort\u00e1vel. Mas, de onde vem esse desconforto? <\/p>\n\n\n\n<p>Segundo o livro Em Busca de Sentido, o desconforto vem de uma crise existencial. Ou seja, de n\u00e3o saber porque voc\u00ea vive ou o que voc\u00ea deve fazer com sua vida. Sentir-se sem rumo e sem dire\u00e7\u00e3o pode causar muita turbul\u00eancia interna.<\/p>\n\n\n\n<p>Passar por essa situa\u00e7\u00e3o chega ao ponto de atrapalhar as pessoas a descobrirem seu verdadeiro prop\u00f3sito. No entanto, existem aqueles que preferem n\u00e3o sentir nada, ao inv\u00e9s de se sentirem desconfort\u00e1veis. <\/p>\n\n\n\n<p>Viktor Frankl explica que n\u00f3s associamos o sentimento de desconforto a alguma coisa que n\u00e3o queremos, mas que devemos fazer. Por exemplo, tomar uma inje\u00e7\u00e3o. Ningu\u00e9m gosta, mas sabe que \u00e9 necess\u00e1ria. Crescimento interior \u00e9 de certa forma similar a isso. Sair da zona de conforto e descobrir o prop\u00f3sito de vida n\u00e3o ser\u00e1 agrad\u00e1vel a princ\u00edpio. No entanto, embora exista um certo grau de tens\u00e3o, esses sentimentos s\u00e3o essencialmente ben\u00e9ficos.<\/p>\n\n\n\n<h2 class=\"wp-block-heading\">O que a humanidade \u00e9 capaz de fazer<\/h2>\n\n\n\n<p>Esse desconforto que uma pessoa sente ao <a rel=\"noreferrer noopener\" aria-label=\" (opens in a new tab)\" href=\"https:\/\/blog.12min.com\/br\/como-estabelecer-metas\/\" target=\"_blank\">se esfor\u00e7ar por um objetivo<\/a> \u00e9 parte essencial da vida. \u00c9 por meio dessa luta que descobrimos nosso verdadeiro sentido \u2013 nosso prop\u00f3sito de vida. Encontr\u00e1-lo pode ajudar a nos mantermos saud\u00e1veis e vivos.<\/p>\n\n\n\n<p>Se a Segunda Guerra Mundial nos ensinou alguma coisa \u00e9 que muitas pessoas n\u00e3o t\u00eam limites quando se trata de destruir outro ser humano. Aos olhos do Dr. Frankl, no livro Em Busca de Sentido, pessoas decentes s\u00e3o a minoria, e esse continuar\u00e1 a ser o caso a menos que o ser humano esteja disposto a se tornar a melhor vers\u00e3o dele mesmo. <\/p>\n\n\n\n<p>\u00c9 indiscut\u00edvel, ent\u00e3o, que trabalhemos duro para encontrar nossos prop\u00f3sitos, para que possamos sobreviver aos maus-tratos das pessoas imorais e para que nos esforcemos para tornar o mundo cada dia melhor.<\/p>\n\n\n\n<h2 class=\"wp-block-heading\">O v\u00e1cuo existencial dentro de n\u00f3s<\/h2>\n\n\n\n<p>As atitudes dos nazistas eram b\u00e1rbaras e injustific\u00e1veis. Mas como muitas pessoas participaram dessas atrocidades? A resposta est\u00e1 em um vazio interior conhecido como vazio existencial. Esse vazio produz o desejo de fazer aquilo que os outros querem (uma forma de totalitarismo) ou fazer o que os outros est\u00e3o fazendo (tamb\u00e9m conhecido como conformismo). <\/p>\n\n\n\n<p>De acordo com os psiquiatras, o senso de vazio \u00e9 um dos principais fatores que leva ao suic\u00eddio, agress\u00e3o, depress\u00e3o e para os v\u00edcios de drogas, \u00e1lcool e sexo \u2013 e todos essas coisas aumentaram consideravelmente no \u00faltimo s\u00e9culo.<\/p>\n\n\n\n<figure class=\"wp-block-image is-resized\"><img loading=\"lazy\" decoding=\"async\" width=\"1000\" height=\"667\" src=\"https:\/\/blog.12min.com\/br\/wp-content\/uploads\/sites\/3\/2019\/04\/Em-busca-de-sentido-3.jpg\" alt=\"em busca de sentido resumo pdf\" class=\"wp-image-6981\" style=\"width:600px;height:500px\" srcset=\"https:\/\/blog.12min.com\/br\/wp-content\/uploads\/sites\/3\/2019\/04\/Em-busca-de-sentido-3.jpg 1000w, https:\/\/blog.12min.com\/br\/wp-content\/uploads\/sites\/3\/2019\/04\/Em-busca-de-sentido-3-300x200.jpg 300w, https:\/\/blog.12min.com\/br\/wp-content\/uploads\/sites\/3\/2019\/04\/Em-busca-de-sentido-3-768x512.jpg 768w\" sizes=\"auto, (max-width: 1000px) 100vw, 1000px\" \/><\/figure>\n\n\n\n<p>Ao inv\u00e9s de procurar pelo verdadeiro sentido da vida, o Em Busca de Sentido afirma que muitos procuram pelo sentido em outras pessoas. Ou seja, eles acreditam que isso os livrar\u00e1 do vazio que sentem. Na verdade, a \u00fanica coisa que pode preencher esse vazio \u00e9 o seu prop\u00f3sito. <\/p>\n\n\n\n<p>Viktor Frankl defende que o seu verdadeiro sentido pode recompens\u00e1-lo com um senso de felicidade e de realiza\u00e7\u00e3o, sem interferir na vida ou no direito de outras pessoas. <\/p>\n\n\n\n<h2 class=\"wp-block-heading\">Assumindo responsabilidades <\/h2>\n\n\n\n<figure class=\"wp-block-image is-resized\"><img loading=\"lazy\" decoding=\"async\" width=\"1000\" height=\"667\" src=\"https:\/\/blog.12min.com\/br\/wp-content\/uploads\/sites\/3\/2019\/04\/Em-busca-de-sentido-7.jpg\" alt=\"em busca de sentido pdf baixar\" class=\"wp-image-6984\" style=\"width:600px;height:500px\" srcset=\"https:\/\/blog.12min.com\/br\/wp-content\/uploads\/sites\/3\/2019\/04\/Em-busca-de-sentido-7.jpg 1000w, https:\/\/blog.12min.com\/br\/wp-content\/uploads\/sites\/3\/2019\/04\/Em-busca-de-sentido-7-300x200.jpg 300w, https:\/\/blog.12min.com\/br\/wp-content\/uploads\/sites\/3\/2019\/04\/Em-busca-de-sentido-7-768x512.jpg 768w\" sizes=\"auto, (max-width: 1000px) 100vw, 1000px\" \/><\/figure>\n\n\n\n<p>\u201cViva como se fosse sua segunda chance e como se tivesse agido de maneira errada antes\u201d. <\/p>\n\n\n\n<p>Esse conselho dos logoterapeutas tem a habilidade de estimular o senso de responsabilidade de uma pessoa, encorajando-a a imaginar que o presente j\u00e1 aconteceu, ganhando. Fazendo isso, ela pode promover mudan\u00e7as positivas de diversas maneiras. <\/p>\n\n\n\n<p>Logoterapeutas reconhecem que cada pessoa deve decidir como viver sua vida e deve responder por sua pr\u00f3pria consci\u00eancia. <\/p>\n\n\n\n<p>Assim, Em Busca de Sentido aconselha que, ao procurar por seu sentido da vida, observe cada situa\u00e7\u00e3o e como voc\u00ea se sente: <a aria-label=\" (opens in a new tab)\" href=\"https:\/\/blog.12min.com\/br\/como-diminuir-a-ansiedade\/\" target=\"_blank\" rel=\"noreferrer noopener\">ansioso<\/a> ou realizado? Voc\u00ea se sente tentado seguir a multid\u00e3o ou est\u00e1 determinado a trilhar seu pr\u00f3prio caminho?<\/p>\n\n\n\n<p>Pense em seu futuro e o que voc\u00ea quer conquistar na vida. Como voc\u00ea deve alcan\u00e7ar essas coisas? Olhar para seu futuro vai ajud\u00e1-lo a criar seu pr\u00f3prio caminho e a se sentir realizado no presente momento.<\/p>\n\n\n\n<h2 class=\"wp-block-heading\">Encontrando sentido no amor<\/h2>\n\n\n\n<figure class=\"wp-block-image is-resized\"><img loading=\"lazy\" decoding=\"async\" width=\"1000\" height=\"667\" src=\"https:\/\/blog.12min.com\/br\/wp-content\/uploads\/sites\/3\/2019\/04\/Em-busca-de-sentido-2.jpg\" alt=\"o sentido da vida viktor frankl\" class=\"wp-image-6980\" style=\"width:600px;height:500px\" srcset=\"https:\/\/blog.12min.com\/br\/wp-content\/uploads\/sites\/3\/2019\/04\/Em-busca-de-sentido-2.jpg 1000w, https:\/\/blog.12min.com\/br\/wp-content\/uploads\/sites\/3\/2019\/04\/Em-busca-de-sentido-2-300x200.jpg 300w, https:\/\/blog.12min.com\/br\/wp-content\/uploads\/sites\/3\/2019\/04\/Em-busca-de-sentido-2-768x512.jpg 768w\" sizes=\"auto, (max-width: 1000px) 100vw, 1000px\" \/><\/figure>\n\n\n\n<p>Amor sincero e profundo pode manter uma pessoa em p\u00e9 nos piores momentos. Apesar da emo\u00e7\u00e3o do amor ser sentida dentro de n\u00f3s, \u00e9 por causa do exterior que o experimentamos. Portanto, o conceito de que o amor de algu\u00e9m pode ser seu sentido da vida funciona bem com a teoria da Logoterapia, que afirma que o homem n\u00e3o encontra seu prop\u00f3sito dentro de si, mas sim fora.<\/p>\n\n\n\n<p>Considere a experi\u00eancia pessoal de Viktor Frankl . O amor dele pela esposa Tilly lhe deu um sentido e o sustentou at\u00e9 ser libertado do campo de concentra\u00e7\u00e3o. Assim, enfatiza o autor, um homem que j\u00e1 n\u00e3o tem mais nada a perder \u2013 nenhuma identidade, posses ou dinheiro \u2013 pode ainda ter uma raz\u00e3o para viver e experimentar a felicidade, se pensar em algu\u00e9m que ama. <\/p>\n\n\n\n<h2 class=\"wp-block-heading\">7 frases de Viktor Frankl para voc\u00ea refletir<\/h2>\n\n\n\n<p>Uma rea\u00e7\u00e3o anormal a uma situa\u00e7\u00e3o anormal \u00e9 um comportamento normal.<\/p>\n\n\n\n<p>Quando n\u00e3o somos mais capazes de mudar uma situa\u00e7\u00e3o, somos desafiados a mudar a n\u00f3s mesmos.<\/p>\n\n\n\n<p>O amor \u00e9 a \u00fanica maneira de compreender outro ser humano no n\u00facleo mais \u00edntimo de sua personalidade. Ningu\u00e9m pode tornar-se plenamente consciente da pr\u00f3pria ess\u00eancia de outro ser humano, a menos que ele o ame.<\/p>\n\n\n\n<p>N\u00e3o aponte para o sucesso. Quanto mais voc\u00ea mirar e torn\u00e1-lo um alvo, mais voc\u00ea vai sentir falta dele. Para o sucesso, como a felicidade, n\u00e3o pode ser perseguido, deve acontecer &#8230;<\/p>\n\n\n\n<p>Aqueles que t\u00eam um \u201cporqu\u00ea\u201d para viver podem suportar quase qualquer \u201ccomo'&#8221;.<\/p>\n\n\n\n<p>Mas n\u00e3o havia necessidade de se envergonhar de l\u00e1grimas, pois, as l\u00e1grimas testemunhavam que um homem tinha a maior coragem, a coragem de sofrer.<\/p>\n\n\n\n<p>A \u00fanica coisa que voc\u00ea n\u00e3o pode tirar de mim \u00e9 a maneira que escolho responder ao que voc\u00ea faz comigo. A \u00faltima das liberdades \u00e9 escolher a atitude de uma pessoa em qualquer circunst\u00e2ncia. <\/p>\n\n\n\n<h2 class=\"wp-block-heading\">Aprendizado cont\u00ednuo<\/h2>\n\n\n\n<p>Voc\u00ea curtiu o resumo do livro Em Busca de Sentido? O best-seller j\u00e1 vendeu mais de 10 milh\u00f5es de c\u00f3pias no mundo todo. Um sucesso desse tamanho n\u00e3o \u00e9 fruto do acaso, n\u00e3o \u00e9 mesmo? A verdade \u00e9 que o livro \u00e9 de fato fant\u00e1stico.<br><\/p>\n\n\n\n<p>Se voc\u00ea quer conhecer outras obras tamb\u00e9m fascinantes, o <a href=\"https:\/\/app.adjust.com\/7mvfth8?deeplink=twelvemin:\/\/discovery\/&amp;fallback=https:\/\/12min.com\/br\/?utm_source=blog12min&amp;utm_medium=blog&amp;utm_content=post&amp;utm_campaign=routine&amp;redirect_windows=https:\/\/12min.com\/br\/?utm_source=blog12min&amp;utm_medium=blog&amp;utm_content=post&amp;utm_campaign=routine&amp;redirect_macos=https:\/\/12min.com\/br\/?utm_source=blog12min&amp;utm_medium=blog&amp;utm_content=post&amp;utm_campaign=routine\">12min<\/a> tem uma categoria espec\u00edfica de Psicologia. Vale a pena conhecer. Todas as obras s\u00e3o disponibilizadas nos formatos microbook e audio book.<br><\/p>\n\n\n\n<p>N\u00f3s selecionamos para voc\u00ea uma outra sugest\u00e3o de leitura imperd\u00edvel. Anote a\u00ed!<\/p>\n\n\n\n<h3 class=\"wp-block-heading\"><a href=\"https:\/\/app.adjust.com\/7mvfth8?deeplink=twelvemin:\/\/book\/mortais\/&amp;fallback=https:\/\/12min.com\/br\/mortais?utm_source=blog12min&amp;utm_medium=blog&amp;utm_content=post&amp;utm_campaign=routine&amp;redirect_windows=https:\/\/12min.com\/br\/mortais?utm_source=blog12min&amp;utm_medium=blog&amp;utm_content=post&amp;utm_campaign=routine&amp;redirect_macos=https:\/\/12min.com\/br\/mortais?utm_source=blog12min&amp;utm_medium=blog&amp;utm_content=post&amp;utm_campaign=routine\" target=\"_blank\" rel=\"noreferrer noopener\" aria-label=\" (opens in a new tab)\">Mortais<\/a> &#8211; Atul Gawande<\/h3>\n\n\n\n<figure class=\"wp-block-image is-resized\"><img loading=\"lazy\" decoding=\"async\" width=\"209\" height=\"300\" src=\"https:\/\/blog.12min.com\/br\/wp-content\/uploads\/sites\/3\/2019\/04\/Mortais-209x300.jpeg\" alt=\"livros de viktor frankl\" class=\"wp-image-6991\" style=\"width:140px;height:150px\" srcset=\"https:\/\/blog.12min.com\/br\/wp-content\/uploads\/sites\/3\/2019\/04\/Mortais-209x300.jpeg 209w, https:\/\/blog.12min.com\/br\/wp-content\/uploads\/sites\/3\/2019\/04\/Mortais.jpeg 430w\" sizes=\"auto, (max-width: 209px) 100vw, 209px\" \/><\/figure>\n\n\n\n<p>N\u00f3s, a Medicina e o que realmente importa no final. Atul Gawande \u00e9 m\u00e9dico e jornalista americano. Nesse livro, ele aborda a forma como lidamos com o envelhecimento e com a morte e nos leva a refletir sobre a maneira como enxergamos essa fase da vida. O microbook apresenta experi\u00eancias modernas sobre a mortalidade humana e suas fraquezas, explorando os limites do ser humano. <\/p>\n\n\n\n<p>Boa leitura e \u00f3timos aprendizados!<\/p>\n\n\n\n<p>Se voc\u00ea gostou desse post, deixe o seu coment\u00e1rio. E lembre-se de compartilh\u00e1-lo com os seus amigos. Afinal, se as informa\u00e7\u00f5es foram \u00fateis para voc\u00ea, certamente, ser\u00e3o valiosas para eles tamb\u00e9m.<br><\/p>\n","protected":false},"excerpt":{"rendered":"<p>8 min de leitura \u231a&nbsp; Viver em um campo de concentra\u00e7\u00e3o nazista foi uma experi\u00eancia brutal para centenas de milhares de prisioneiros, durante a Segunda Guerra Mundial. Viktor Frankl, autor do Em Busca de Sentido, \u00e9 um sobrevivente dessa atrocidade, uma das maiores na hist\u00f3ria da humanidade. Isso s\u00f3 foi poss\u00edvel porque ele tinha um [&hellip;]<\/p>\n","protected":false},"author":48,"featured_media":6983,"comment_status":"closed","ping_status":"closed","sticky":false,"template":"","format":"standard","meta":{"_exactmetrics_skip_tracking":false,"_exactmetrics_sitenote_active":false,"_exactmetrics_sitenote_note":"","_exactmetrics_sitenote_category":0,"footnotes":""},"categories":[2],"tags":[45,221],"class_list":["post-6978","post","type-post","status-publish","format-standard","has-post-thumbnail","hentry","category-conhecimento","tag-microbooks","tag-viktor-frankl","wpbf-post"],"yoast_head":"<!-- This site is optimized with the Yoast SEO plugin v26.4 - https:\/\/yoast.com\/wordpress\/plugins\/seo\/ -->\n<title>Em Busca de Sentido Resumo - Viktor Frankl<\/title>\n<meta name=\"description\" content=\"Resumo: Em Busca de Sentido, de Viktor Frankl, traz como o prop\u00f3sito de vida o ajudou a passar pelo terror do campo nazista.\" \/>\n<meta name=\"robots\" content=\"index, follow, max-snippet:-1, max-image-preview:large, max-video-preview:-1\" \/>\n<link rel=\"canonical\" href=\"https:\/\/blog.12min.com\/br\/em-busca-de-sentido-resumo\/\" \/>\n<meta property=\"og:locale\" content=\"en_US\" \/>\n<meta property=\"og:type\" content=\"article\" \/>\n<meta property=\"og:title\" content=\"Em Busca de Sentido Resumo - Viktor Frankl\" \/>\n<meta property=\"og:description\" content=\"Resumo: Em Busca de Sentido, de Viktor Frankl, traz como o prop\u00f3sito de vida o ajudou a passar pelo terror do campo nazista.\" \/>\n<meta property=\"og:url\" content=\"https:\/\/blog.12min.com\/br\/em-busca-de-sentido-resumo\/\" \/>\n<meta property=\"og:site_name\" content=\"Blog do 12min\" \/>\n<meta property=\"article:published_time\" content=\"2022-05-14T13:21:00+00:00\" \/>\n<meta property=\"article:modified_time\" content=\"2024-05-08T10:52:54+00:00\" \/>\n<meta property=\"og:image\" content=\"https:\/\/blog.12min.com\/br\/wp-content\/uploads\/sites\/3\/2019\/04\/Em-busca-de-sentido-6.jpg\" \/>\n\t<meta property=\"og:image:width\" content=\"1000\" \/>\n\t<meta property=\"og:image:height\" content=\"750\" \/>\n\t<meta property=\"og:image:type\" content=\"image\/jpeg\" \/>\n<meta name=\"author\" content=\"Emir Zecovic\" \/>\n<meta name=\"twitter:card\" content=\"summary_large_image\" \/>\n<meta name=\"twitter:label1\" content=\"Written by\" \/>\n\t<meta name=\"twitter:data1\" content=\"Emir Zecovic\" \/>\n\t<meta name=\"twitter:label2\" content=\"Est. reading time\" \/>\n\t<meta name=\"twitter:data2\" content=\"13 minutes\" \/>\n<!-- \/ Yoast SEO plugin. -->","yoast_head_json":{"title":"Em Busca de Sentido Resumo - Viktor Frankl","description":"Resumo: Em Busca de Sentido, de Viktor Frankl, traz como o prop\u00f3sito de vida o ajudou a passar pelo terror do campo nazista.","robots":{"index":"index","follow":"follow","max-snippet":"max-snippet:-1","max-image-preview":"max-image-preview:large","max-video-preview":"max-video-preview:-1"},"canonical":"https:\/\/blog.12min.com\/br\/em-busca-de-sentido-resumo\/","og_locale":"en_US","og_type":"article","og_title":"Em Busca de Sentido Resumo - Viktor Frankl","og_description":"Resumo: Em Busca de Sentido, de Viktor Frankl, traz como o prop\u00f3sito de vida o ajudou a passar pelo terror do campo nazista.","og_url":"https:\/\/blog.12min.com\/br\/em-busca-de-sentido-resumo\/","og_site_name":"Blog do 12min","article_published_time":"2022-05-14T13:21:00+00:00","article_modified_time":"2024-05-08T10:52:54+00:00","og_image":[{"width":1000,"height":750,"url":"https:\/\/blog.12min.com\/br\/wp-content\/uploads\/sites\/3\/2019\/04\/Em-busca-de-sentido-6.jpg","type":"image\/jpeg"}],"author":"Emir Zecovic","twitter_card":"summary_large_image","twitter_misc":{"Written by":"Emir Zecovic","Est. reading time":"13 minutes"},"schema":{"@context":"https:\/\/schema.org","@graph":[{"@type":"WebPage","@id":"https:\/\/blog.12min.com\/br\/em-busca-de-sentido-resumo\/","url":"https:\/\/blog.12min.com\/br\/em-busca-de-sentido-resumo\/","name":"Em Busca de Sentido Resumo - Viktor Frankl","isPartOf":{"@id":"https:\/\/blog.12min.com\/br\/#website"},"primaryImageOfPage":{"@id":"https:\/\/blog.12min.com\/br\/em-busca-de-sentido-resumo\/#primaryimage"},"image":{"@id":"https:\/\/blog.12min.com\/br\/em-busca-de-sentido-resumo\/#primaryimage"},"thumbnailUrl":"https:\/\/blog.12min.com\/br\/wp-content\/uploads\/sites\/3\/2019\/04\/Em-busca-de-sentido-6.jpg","datePublished":"2022-05-14T13:21:00+00:00","dateModified":"2024-05-08T10:52:54+00:00","author":{"@id":"https:\/\/blog.12min.com\/br\/#\/schema\/person\/ccaf1a7ac6cac4265aa3afb02ae667f4"},"description":"Resumo: Em Busca de Sentido, de Viktor Frankl, traz como o prop\u00f3sito de vida o ajudou a passar pelo terror do campo nazista.","breadcrumb":{"@id":"https:\/\/blog.12min.com\/br\/em-busca-de-sentido-resumo\/#breadcrumb"},"inLanguage":"en-US","potentialAction":[{"@type":"ReadAction","target":["https:\/\/blog.12min.com\/br\/em-busca-de-sentido-resumo\/"]}]},{"@type":"ImageObject","inLanguage":"en-US","@id":"https:\/\/blog.12min.com\/br\/em-busca-de-sentido-resumo\/#primaryimage","url":"https:\/\/blog.12min.com\/br\/wp-content\/uploads\/sites\/3\/2019\/04\/Em-busca-de-sentido-6.jpg","contentUrl":"https:\/\/blog.12min.com\/br\/wp-content\/uploads\/sites\/3\/2019\/04\/Em-busca-de-sentido-6.jpg","width":1000,"height":750,"caption":"em busca de sentido pdf"},{"@type":"BreadcrumbList","@id":"https:\/\/blog.12min.com\/br\/em-busca-de-sentido-resumo\/#breadcrumb","itemListElement":[{"@type":"ListItem","position":1,"name":"In\u00edcio","item":"https:\/\/blog.12min.com\/br\/"},{"@type":"ListItem","position":2,"name":"Em Busca de Sentido"}]},{"@type":"WebSite","@id":"https:\/\/blog.12min.com\/br\/#website","url":"https:\/\/blog.12min.com\/br\/","name":"Blog do 12min","description":"Livros, Audiobooks e Resumos","potentialAction":[{"@type":"SearchAction","target":{"@type":"EntryPoint","urlTemplate":"https:\/\/blog.12min.com\/br\/?s={search_term_string}"},"query-input":{"@type":"PropertyValueSpecification","valueRequired":true,"valueName":"search_term_string"}}],"inLanguage":"en-US"},{"@type":"Person","@id":"https:\/\/blog.12min.com\/br\/#\/schema\/person\/ccaf1a7ac6cac4265aa3afb02ae667f4","name":"Emir Zecovic","description":"Emir is the Head of Marketing\u00a0at 12min. In his spare time, he loves to meditate and play soccer.","url":"https:\/\/blog.12min.com\/br\/author\/emir\/"}]}},"amp_enabled":true,"_links":{"self":[{"href":"https:\/\/blog.12min.com\/br\/wp-json\/wp\/v2\/posts\/6978","targetHints":{"allow":["GET"]}}],"collection":[{"href":"https:\/\/blog.12min.com\/br\/wp-json\/wp\/v2\/posts"}],"about":[{"href":"https:\/\/blog.12min.com\/br\/wp-json\/wp\/v2\/types\/post"}],"author":[{"embeddable":true,"href":"https:\/\/blog.12min.com\/br\/wp-json\/wp\/v2\/users\/48"}],"replies":[{"embeddable":true,"href":"https:\/\/blog.12min.com\/br\/wp-json\/wp\/v2\/comments?post=6978"}],"version-history":[{"count":7,"href":"https:\/\/blog.12min.com\/br\/wp-json\/wp\/v2\/posts\/6978\/revisions"}],"predecessor-version":[{"id":11023,"href":"https:\/\/blog.12min.com\/br\/wp-json\/wp\/v2\/posts\/6978\/revisions\/11023"}],"wp:featuredmedia":[{"embeddable":true,"href":"https:\/\/blog.12min.com\/br\/wp-json\/wp\/v2\/media\/6983"}],"wp:attachment":[{"href":"https:\/\/blog.12min.com\/br\/wp-json\/wp\/v2\/media?parent=6978"}],"wp:term":[{"taxonomy":"category","embeddable":true,"href":"https:\/\/blog.12min.com\/br\/wp-json\/wp\/v2\/categories?post=6978"},{"taxonomy":"post_tag","embeddable":true,"href":"https:\/\/blog.12min.com\/br\/wp-json\/wp\/v2\/tags?post=6978"}],"curies":[{"name":"wp","href":"https:\/\/api.w.org\/{rel}","templated":true}]}}