{"id":775,"date":"2017-08-04T17:40:26","date_gmt":"2017-08-04T17:40:26","guid":{"rendered":"http:\/\/blog.12min.com.br\/?p=775"},"modified":"2018-10-23T18:45:41","modified_gmt":"2018-10-23T18:45:41","slug":"12m-heroes-entrevista-com-henrique-carvalho-viver-de-blog","status":"publish","type":"post","link":"https:\/\/blog.12min.com\/br\/12m-heroes-entrevista-com-henrique-carvalho-viver-de-blog\/","title":{"rendered":"12m Heroes: entrevista com Henrique Carvalho, do Viver de\u00a0Blog"},"content":{"rendered":"<p class=\"wpwc-reading-time\">5 min de leitura \u231a&nbsp;<\/p><div class=\"pdfprnt-buttons pdfprnt-buttons-post pdfprnt-top-right\"><a href=\"https:\/\/blog.12min.com\/br\/wp-json\/wp\/v2\/posts\/775?print=pdf\" class=\"pdfprnt-button pdfprnt-button-pdf\" target=\"_blank\"><\/a><a href=\"https:\/\/blog.12min.com\/br\/wp-json\/wp\/v2\/posts\/775?print=print\" class=\"pdfprnt-button pdfprnt-button-print\" target=\"_blank\"><\/a><\/div><p class=\"graf graf--p\"><strong>Henrique Carvalho \u00e9 fundador do <a class=\"markup--anchor markup--p-anchor\" href=\"http:\/\/viverdeblog.com\/\" target=\"_blank\" rel=\"noopener noreferrer\">Viver de Blog<\/a>\u00a0e vive exclusivamente de blog desde os seus 23 anos.<\/strong><\/p>\n<p class=\"graf graf--p\">Ele nos concedeu uma entrevista, na qual contou um pouco sobre sua trajet\u00f3ria, como surgiu o seu blog, como chegou ao patamar que est\u00e1 hoje e deu diversos hacks (incluindo uma lista de livros que ele recomenda!).<\/p>\n<p class=\"graf graf--p\">Vamos conferir?<\/p>\n<h4 class=\"graf graf--h4\">12min: Como nasceu o Viver de\u00a0Blog?<\/h4>\n<p class=\"graf graf--p\">Henrique Carvalho: Era 2008. Est\u00e1vamos no meio de uma crise financeira enorme.<\/p>\n<p class=\"graf graf--p\">O mercado de a\u00e7\u00f5es caia em torno de 60%.<\/p>\n<p class=\"graf graf--p\">Eu estava no meio do curso de economia na UFRJ.<\/p>\n<p class=\"graf graf--p\">E o presidente na \u00e9poca falava que tudo era uma marolinha\u2026<\/p>\n<p class=\"graf graf--p\">Estudava o mercado financeiro em casa. Participava de f\u00f3runs e blogs.<\/p>\n<p class=\"graf graf--p\">Mas a faculdade parecia ter parado no tempo e os professores usavam exemplos em sala de aula com juros de 1980.<\/p>\n<p class=\"graf graf--p\">Tudo era te\u00f3rico demais e eu era fascinado pela pr\u00e1tica.<\/p>\n<p class=\"graf graf--p\">Inconformado, resolvi criar o blog HC Investimentos em 28\/05\/2009.<\/p>\n<p class=\"graf graf--p\">Datado, pois \u00e9 um dia que n\u00e3o tenho mesmo como esquecer.<\/p>\n<p class=\"graf graf--p\">\u00c9 meu anivers\u00e1rio e resolvi me dar esse presente: o risco p\u00fablico de ser um jovem falando sobre investimentos num pa\u00eds onde a seriedade e integridade estava em baixa.<\/p>\n<p class=\"graf graf--p\">Logo aprendi v\u00e1rios conceitos sobre como produzir conte\u00fados, sobre como fazer marketing, como vender\u2026<\/p>\n<p class=\"graf graf--p\">Em 4 anos, O blog cresceu para 60 mil assinantes.<\/p>\n<p class=\"graf graf--p\">O hobby se tornou um neg\u00f3cio.<\/p>\n<p class=\"graf graf--p\">Eu j\u00e1 havia tido um retorno financeiro praticamente imposs\u00edvel de imaginar quando comecei esse caminho\u2026<\/p>\n<p class=\"graf graf--p\">Ent\u00e3o era 2013 e eu estava mais apaixonado sobre produ\u00e7\u00e3o de conte\u00fado, sobre blogs como m\u00eddia e marketing do que sobre investimentos.<\/p>\n<p class=\"graf graf--p\">E foi assim que o blog Viver de Blog surgiu em 07\/05\/2013. =)<\/p>\n<p class=\"graf graf--p\">Com o prop\u00f3sito de levar informa\u00e7\u00e3o de qualidade gratuita em um meio onde o comum era \u201cganhar dinheiro dormindo\u201d\u2026<\/p>\n<p class=\"graf graf--p\">Onde blogs usavam e abusavam das cores vermelho e amarelo para chamar aten\u00e7\u00e3o das pessoas\u2026<\/p>\n<p class=\"graf graf--p\">Onde o comum era escrever artigos rasos de 300\u2013500 palavras.<\/p>\n<p class=\"graf graf--p\">Essa era uma realidade que eu tinha uma inten\u00e7\u00e3o muito forte em mudar.<\/p>\n<h4 class=\"graf graf--h4\">12min: Voc\u00ea tem um sucesso impressionante em seu blog, aqui no <a class=\"markup--anchor markup--h4-anchor\" href=\"https:\/\/app.adjust.com\/pvurmt8?deeplink=twelvemin:\/\/discovery&amp;deeplink=twelvemin:\/\/discovery&amp;redirect_windows=https:\/\/12min.com\/br&amp;redirect_macos=https:\/\/12min.com\/br\" target=\"_blank\" rel=\"noopener noreferrer\">12min<\/a> a gente \u00e9 super f\u00e3. Milhares de compartilhamentos por artigo, centenas de milhares de visitas e seguidores. Como voc\u00ea conquistou tanto em t\u00e3o pouco\u00a0tempo?<\/h4>\n<p class=\"graf graf--p\">Henrique Carvalho: Se colocarmos no papel que criei o primeiro blog em 2009, mas j\u00e1 compartilhava conte\u00fados em f\u00f3runs desde 2007, s\u00e3o praticamente 10 anos nessa jornada.\u00a0\ud83d\ude42<\/p>\n<p class=\"graf graf--p\">O caminho definitivamente n\u00e3o \u00e9 curto, mas sempre ter apreciado a jornada foi fundamental para sempre buscar entregar meu melhor.<\/p>\n<p class=\"graf graf--p\">Quando eu olho para pessoas que est\u00e3o come\u00e7ando agora eu procuro observar 3 valores. E eles precisam estar cristalinos como a \u00e1gua. S\u00e3o eles:<\/p>\n<ul class=\"postList\">\n<li class=\"graf graf--li\">Fome (de vencer).<\/li>\n<li class=\"graf graf--li\">Intelig\u00eancia Emocional. (\u00c9 aqui onde o bicho geralmente pega)<\/li>\n<li class=\"graf graf--li\">Humildade e integridade.<\/li>\n<\/ul>\n<p class=\"graf graf--p\">Essas s\u00e3o caracter\u00edsticas que ficaram mais claras ao longo desses anos observando o sobe e desce em diferentes mercados participando como um top player.<\/p>\n<p class=\"graf graf--p\">Somo esses 3 valores ao conceito de macro paci\u00eancia com micro velocidade, ou seja, apreciar a jornada, pois ela \u00e9 longa ao mesmo tempo que voc\u00ea executa essa vis\u00e3o com rapidez no curto prazo.<\/p>\n<p class=\"graf graf--p\">Essa uni\u00e3o \u00e9 o que acredito ter me levado onde estou, assim como \u00e9 um modelo replic\u00e1vel para muitos que est\u00e3o come\u00e7ando do absoluto zero.<\/p>\n<h4 class=\"graf graf--h4\">12min: Voc\u00ea \u00e9 um refer\u00eancia em conte\u00fado de qualidade e publica muito. Al\u00e9m disso, vemos voc\u00ea em todos os lugares, o tempo todo. Conta pra gente, como \u00e9 sua rotina? Quais seus hacks de produtividade?<\/h4>\n<p class=\"graf graf--p\">Henrique Carvalho: Meu maior hack de produtividade foi perceber que havia algo muito mais profundo e importante para fazer mais em menos tempo\u2026<\/p>\n<p class=\"graf graf--p\">Eu j\u00e1 havia devorado v\u00e1rios livros com t\u00e9cnicas de produtividade, mas ainda procrastinava\u2026<\/p>\n<p class=\"graf graf--p\">Ainda hesitava\u2026<\/p>\n<p class=\"graf graf--p\">Ainda me frustrava por passar horas num loop de v\u00eddeos no Youtube e perceber que poderia estar criando algo nesse tempo.<\/p>\n<p class=\"graf graf--p\">O meu ponto cego foi ignorar meu mindset e energia para priorizar t\u00e9cnicas de produtividade.<\/p>\n<p class=\"graf graf--p\">As t\u00e9cnicas s\u00e3o muito importantes, mas \u00e9 quando voc\u00ea domina a si mesmo, o guerreiro do espelho que se conquista todo dia que voc\u00ea consegue multiplicar por 10x suas tarefas entregues.<\/p>\n<p class=\"graf graf--p\">Uma t\u00e9cnica de mindset que uso para fazer mais e reduzir drasticamente a procrastina\u00e7\u00e3o \u00e9 a regra dos 5 segundos do livro com mesmo nome.<\/p>\n<p class=\"graf graf--p\">Quer acordar \u00e0s 5:00 todos os dias, mas parece imposs\u00edvel ignorar o bot\u00e3o soneca?<\/p>\n<p class=\"graf graf--p\">5\u2026<\/p>\n<p class=\"graf graf--p\">4\u2026<\/p>\n<p class=\"graf graf--p\">3\u2026<\/p>\n<p class=\"graf graf--p\">2\u2026<\/p>\n<p class=\"graf graf--p\">1\u2026<\/p>\n<p class=\"graf graf--p\">Levanta!<\/p>\n<p class=\"graf graf--p\">Essa contagem regressiva faz voc\u00ea entrar na mente anal\u00edtica da decis\u00e3o e perceber o que \u00e9 importante e bom pra voc\u00ea.<\/p>\n<p class=\"graf graf--p\">Por mais frio que esteja\u2026<\/p>\n<p class=\"graf graf--p\">Por mais escuro que esteja\u2026<\/p>\n<p class=\"graf graf--p\">Por mais desconfort\u00e1vel que seja\u2026<\/p>\n<p class=\"graf graf--p\">\u00c9 assim que come\u00e7a minha rotina quando n\u00e3o estou viajando. \u00c0s 5 da manh\u00e3. E com uma galera que me segue no Stories do Instagram pela hashtag #5amclub.<\/p>\n<p class=\"graf graf--p\">As atividades em si variam demais de dia pra dia, pois fa\u00e7o gest\u00e3o, marketing e conte\u00fados para a Viver de Blog.\u00a0\ud83d\ude42<\/p>\n<p class=\"graf graf--p\">Apesar desse mix de tarefas procuro sempre executar elas em bloco para ganhar margem de produtividade.<\/p>\n<p class=\"graf graf--p\">Afinal, varia o trabalho em 5 tarefas diferentes a todo momento resultado em uma perda de contexto (a famosa pergunta \u201conde eu estava mesmo?\u201d) de 75%, segundo o livro Scrum.<\/p>\n<h4 class=\"graf graf--h4\">12min: Quais os livros que mais te inspiraram a seguir seus sonhos e chegar onde voc\u00ea est\u00e1\u00a0hoje?<\/h4>\n<p class=\"graf graf--p\">Henrique Carvalho: Na \u00e9poca de estudos sobre finan\u00e7as e investimentos eu cheguei a ler mais de 15 livros somente sobre um assunto ultra-espec\u00edfico chamado \u201cAloca\u00e7\u00e3o de Ativos\u201d, uma t\u00e9cnica de investimentos que deu nome ao meu primeiro eBook nessa \u00e1rea.<\/p>\n<p class=\"graf graf--p\">Hoje eu estudo muito mais marketing, comunica\u00e7\u00e3o e gest\u00e3o.<\/p>\n<p class=\"graf graf--p\">Esses s\u00e3o os livros que me inspiraram e que procuro me recorrer sempre que preciso para estar conectado com mentes brilhantes:<\/p>\n<figure class=\"graf graf--figure\"><\/figure>\n<p class=\"graf graf--p\"><a class=\"markup--anchor markup--p-anchor\" href=\"https:\/\/app.adjust.com\/pvurmt8?deeplink=twelvemin:\/\/book\/contagio&amp;deeplink=twelvemin:\/\/book\/contagio&amp;redirect_windows=https:\/\/12min.com\/br\/contagio&amp;redirect_macos=https:\/\/12min.com\/br\/contagio\" target=\"_blank\" rel=\"noopener noreferrer\">Contagious: Why Things Catch On<\/a><\/p>\n<p><a class=\"12min-widget\" href=\"https:\/\/12min.com\/contagio\">Cont\u00e1gio<\/a><\/p>\n<figure class=\"graf graf--figure\"><\/figure>\n<p class=\"graf graf--p\"><a class=\"markup--anchor markup--p-anchor\" href=\"https:\/\/go.hotmart.com\/D6182489O?pad=https:\/\/12min.com.br\/a-arte-de-fazer-acontecer\" target=\"_blank\" rel=\"noopener noreferrer\">Getting Things Done: The Art of Stress-Free Productivity<\/a><\/p>\n<p><a class=\"12min-widget\" href=\"https:\/\/12min.com\/a-arte-de-fazer-acontecer\">A Arte de Fazer Acontecer<\/a><\/p>\n<figure class=\"graf graf--figure\"><\/figure>\n<p class=\"graf graf--p\"><a class=\"markup--anchor markup--p-anchor\" href=\"https:\/\/app.adjust.com\/pvurmt8?deeplink=twelvemin:\/\/book\/os-segredos-da-mente-milionaria&amp;deeplink=twelvemin:\/\/book\/os-segredos-da-mente-milionaria&amp;redirect_windows=https:\/\/12min.com\/br\/os-segredos-da-mente-milionaria&amp;redirect_macos=https:\/\/12min.com\/br\/os-segredos-da-mente-milionaria\" target=\"_blank\" rel=\"noopener noreferrer\">The Millionaire Mind<\/a><\/p>\n<p><a class=\"12min-widget\" href=\"https:\/\/12min.com\/os-segredos-da-mente-milionaria\">Os Segredos da Mente Milion\u00e1ria<\/a><\/p>\n<figure class=\"graf graf--figure\"><\/figure>\n<p class=\"graf graf--p\"><a class=\"markup--anchor markup--p-anchor\" href=\"https:\/\/app.adjust.com\/pvurmt8?deeplink=twelvemin:\/\/book\/pai-rico-pai-pobre&amp;deeplink=twelvemin:\/\/book\/pai-rico-pai-pobre&amp;redirect_windows=https:\/\/12min.com\/br\/pai-rico-pai-pobre&amp;redirect_macos=https:\/\/12min.com\/br\/pai-rico-pai-pobre\" target=\"_blank\" rel=\"noopener noreferrer\">Rich Dad Poor Dad<\/a><\/p>\n<p><a class=\"12min-widget\" href=\"https:\/\/12min.com\/pai-rico-pai-pobre\">Pai Rico Pai Pobre<\/a><\/p>\n<figure class=\"graf graf--figure\"><\/figure>\n<p class=\"graf graf--p\"><a class=\"markup--anchor markup--p-anchor\" href=\"https:\/\/app.adjust.com\/pvurmt8?deeplink=twelvemin:\/\/book\/marketing-de-conteudo-epico&amp;deeplink=twelvemin:\/\/book\/marketing-de-conteudo-epico&amp;redirect_windows=https:\/\/12min.com\/br\/marketing-de-conteudo-epico&amp;redirect_macos=https:\/\/12min.com\/br\/marketing-de-conteudo-epico\" target=\"_blank\" rel=\"noopener noreferrer\">Content Inc.: How Entrepreneurs Use Content to Build Massive Audiences and Create Radically Successful Businesses (Business Books)<\/a><\/p>\n<p><a class=\"12min-widget\" href=\"https:\/\/12min.com\/marketing-de-conteudo-epico\">Marketing de Conte\u00fado \u00c9pico<\/a><\/p>\n<figure class=\"graf graf--figure\"><\/figure>\n<p class=\"graf graf--p\">Winning the Story Wars: Why Those Who Tell (and Live) the Best Stories Will Rule the Future<\/p>\n<figure class=\"graf graf--figure\"><\/figure>\n<p class=\"graf graf--p\"><a class=\"markup--anchor markup--p-anchor\" href=\"https:\/\/app.adjust.com\/pvurmt8?deeplink=twelvemin:\/\/book\/bold&amp;deeplink=twelvemin:\/\/book\/bold&amp;redirect_windows=https:\/\/12min.com\/br\/bold&amp;redirect_macos=https:\/\/12min.com\/br\/bold\" target=\"_blank\" rel=\"noopener noreferrer\">Bold: How to Go Big, Create Wealth and Impact the World<\/a><\/p>\n<p><a class=\"12min-widget\" href=\"https:\/\/12min.com\/bold\">Oportunidades exponenciais<\/a><\/p>\n<figure class=\"graf graf--figure\"><\/figure>\n<p class=\"graf graf--p\">The 5 Second Rule: Transform Your Life, Work, and Confidence with Everyday Courage<\/p>\n<figure class=\"graf graf--figure\"><\/figure>\n<p class=\"graf graf--p\"><a class=\"markup--anchor markup--p-anchor\" href=\"https:\/\/app.adjust.com\/pvurmt8?deeplink=twelvemin:\/\/book\/ideias-que-colam&amp;deeplink=twelvemin:\/\/book\/ideias-que-colam&amp;redirect_windows=https:\/\/12min.com\/br\/ideias-que-colam&amp;redirect_macos=https:\/\/12min.com\/br\/ideias-que-colam\" target=\"_blank\" rel=\"noopener noreferrer\">Made to Stick: Why Some Ideas Survive and Others Die<\/a><\/p>\n<p><a class=\"12min-widget\" href=\"https:\/\/12min.com\/ideias-que-colam\">Ideias Que Colam<\/a><\/p>\n<figure class=\"graf graf--figure\"><\/figure>\n<p class=\"graf graf--p\"><a class=\"markup--anchor markup--p-anchor\" href=\"https:\/\/app.adjust.com\/pvurmt8?deeplink=twelvemin:\/\/book\/scrum&amp;deeplink=twelvemin:\/\/book\/scrum&amp;redirect_windows=https:\/\/12min.com\/br\/scrum&amp;redirect_macos=https:\/\/12min.com\/br\/scrum\" target=\"_blank\" rel=\"noopener noreferrer\">Scrum: The Art of Doing Twice the Work in Half the Time<\/a><\/p>\n<p><a class=\"12min-widget\" href=\"https:\/\/12min.com\/scrum\">Scrum<\/a><\/p>\n<figure class=\"graf graf--figure\"><\/figure>\n<p class=\"graf graf--p\">Resonate: Present Visual Stories that Transform Audiences<\/p>\n<h4 class=\"graf graf--h4\">12min: Se voc\u00ea fosse recomendar um \u00fanico livro, para quem quer ter o sucesso do VDB, qual livro\u00a0seria?<\/h4>\n<p class=\"graf graf--p\">Henrique Carvalho: <a class=\"markup--anchor markup--p-anchor\" href=\"https:\/\/app.adjust.com\/pvurmt8?deeplink=twelvemin:\/\/book\/ideias-que-colam&amp;deeplink=twelvemin:\/\/book\/ideias-que-colam&amp;redirect_windows=https:\/\/12min.com\/br\/ideias-que-colam&amp;redirect_macos=https:\/\/12min.com\/br\/ideias-que-colam\" target=\"_blank\" rel=\"noopener noreferrer\">Made To Stick<\/a>. Esse livro tem tantos conceitos importantes do \u201cmarketing moderno\u201d organizados num framework que sem d\u00favida \u00e9 minha indica\u00e7\u00e3o n\u00famero 1.<\/p>\n<p class=\"graf graf--p\">Esse framework \u00e9 dividido em 6 princ\u00edpios fundamentais para uma ideia colar, que s\u00e3o:<\/p>\n<p class=\"graf graf--p\">SIMPLICITY\u200a\u2014\u200aSimplicidade<\/p>\n<p class=\"graf graf--p\">UNEXPECTEDNESS\u200a\u2014\u200aInesperado<\/p>\n<p class=\"graf graf--p\">CONCRETENESS\u200a\u2014\u200aConcreto \/ Tang\u00edvel<\/p>\n<p class=\"graf graf--p\">CREDIBILITY\u200a\u2014\u200aCredibilidade<\/p>\n<p class=\"graf graf--p\">EMOTIONS\u200a\u2014\u200aEmo\u00e7\u00f5es<\/p>\n<p class=\"graf graf--p\">STORIES\u200a\u2014\u200aHist\u00f3rias<\/p>\n<p class=\"graf graf--p\">Isso significa que uma ideia que cola e \u00e9 lembrada precisa fazer com que as pessoas:<\/p>\n<ul class=\"postList\">\n<li class=\"graf graf--li\">Entendam facilmente ela: Simples.<\/li>\n<li class=\"graf graf--li\">Prestem aten\u00e7\u00e3o nela: Inesperado.<\/li>\n<li class=\"graf graf--li\">Lembrem com visuais e sentimentos: Tang\u00edvel.<\/li>\n<li class=\"graf graf--li\">Acreditem nela: Credibilidade.<\/li>\n<li class=\"graf graf--li\">Se preocupem com ela: Emocional.<\/li>\n<li class=\"graf graf--li\">Tomem a\u00e7\u00e3o sobre ela: Hist\u00f3ria.<\/li>\n<\/ul>\n<p class=\"graf graf--p\">Uma aula sobre comunica\u00e7\u00e3o!<\/p>\n","protected":false},"excerpt":{"rendered":"<p>5 min de leitura \u231a&nbsp;Henrique Carvalho \u00e9 fundador do Viver de Blog\u00a0e vive exclusivamente de blog desde os seus 23 anos. Ele nos concedeu uma entrevista, na qual contou um pouco sobre sua trajet\u00f3ria, como surgiu o seu blog, como chegou ao patamar que est\u00e1 hoje e deu diversos hacks (incluindo uma lista de livros [&hellip;]<\/p>\n","protected":false},"author":48,"featured_media":0,"comment_status":"closed","ping_status":"open","sticky":false,"template":"","format":"standard","meta":{"_exactmetrics_skip_tracking":false,"_exactmetrics_sitenote_active":false,"_exactmetrics_sitenote_note":"","_exactmetrics_sitenote_category":0,"footnotes":""},"categories":[5],"tags":[],"class_list":["post-775","post","type-post","status-publish","format-standard","hentry","category-motivacao","wpbf-post"],"yoast_head":"<!-- This site is optimized with the Yoast SEO plugin v26.4 - https:\/\/yoast.com\/wordpress\/plugins\/seo\/ -->\n<title>Entrevista com Henrique Carvalho, do Viver de Blog - 12minutos - Blog<\/title>\n<meta name=\"description\" content=\"Henrique Carvalho, fundador do Viver de Blog, nos concedeu um entrevista contando um pouco da sua trajet\u00f3ria e dando v\u00e1rias dicas! Confira!\" \/>\n<meta name=\"robots\" content=\"index, follow, max-snippet:-1, max-image-preview:large, max-video-preview:-1\" \/>\n<link rel=\"canonical\" href=\"https:\/\/blog.12min.com\/br\/12m-heroes-entrevista-com-henrique-carvalho-viver-de-blog\/\" \/>\n<meta property=\"og:locale\" content=\"en_US\" \/>\n<meta property=\"og:type\" content=\"article\" \/>\n<meta property=\"og:title\" content=\"Entrevista com Henrique Carvalho, do Viver de Blog - 12minutos - Blog\" \/>\n<meta property=\"og:description\" content=\"Henrique Carvalho, fundador do Viver de Blog, nos concedeu um entrevista contando um pouco da sua trajet\u00f3ria e dando v\u00e1rias dicas! Confira!\" \/>\n<meta property=\"og:url\" content=\"https:\/\/blog.12min.com\/br\/12m-heroes-entrevista-com-henrique-carvalho-viver-de-blog\/\" \/>\n<meta property=\"og:site_name\" content=\"Blog do 12min\" \/>\n<meta property=\"article:published_time\" content=\"2017-08-04T17:40:26+00:00\" \/>\n<meta property=\"article:modified_time\" content=\"2018-10-23T18:45:41+00:00\" \/>\n<meta property=\"og:image\" content=\"https:\/\/blog.12min.com\/br\/wp-content\/uploads\/sites\/3\/2017\/08\/henrique-carvalho-12-minutos.jpg\" \/>\n\t<meta property=\"og:image:width\" content=\"636\" \/>\n\t<meta property=\"og:image:height\" content=\"627\" \/>\n\t<meta property=\"og:image:type\" content=\"image\/jpeg\" \/>\n<meta name=\"author\" content=\"Emir Zecovic\" \/>\n<meta name=\"twitter:card\" content=\"summary_large_image\" \/>\n<meta name=\"twitter:label1\" content=\"Written by\" \/>\n\t<meta name=\"twitter:data1\" content=\"Emir Zecovic\" \/>\n\t<meta name=\"twitter:label2\" content=\"Est. reading time\" \/>\n\t<meta name=\"twitter:data2\" content=\"6 minutes\" \/>\n<!-- \/ Yoast SEO plugin. -->","yoast_head_json":{"title":"Entrevista com Henrique Carvalho, do Viver de Blog - 12minutos - Blog","description":"Henrique Carvalho, fundador do Viver de Blog, nos concedeu um entrevista contando um pouco da sua trajet\u00f3ria e dando v\u00e1rias dicas! Confira!","robots":{"index":"index","follow":"follow","max-snippet":"max-snippet:-1","max-image-preview":"max-image-preview:large","max-video-preview":"max-video-preview:-1"},"canonical":"https:\/\/blog.12min.com\/br\/12m-heroes-entrevista-com-henrique-carvalho-viver-de-blog\/","og_locale":"en_US","og_type":"article","og_title":"Entrevista com Henrique Carvalho, do Viver de Blog - 12minutos - Blog","og_description":"Henrique Carvalho, fundador do Viver de Blog, nos concedeu um entrevista contando um pouco da sua trajet\u00f3ria e dando v\u00e1rias dicas! Confira!","og_url":"https:\/\/blog.12min.com\/br\/12m-heroes-entrevista-com-henrique-carvalho-viver-de-blog\/","og_site_name":"Blog do 12min","article_published_time":"2017-08-04T17:40:26+00:00","article_modified_time":"2018-10-23T18:45:41+00:00","og_image":[{"width":636,"height":627,"url":"https:\/\/blog.12min.com\/br\/wp-content\/uploads\/sites\/3\/2017\/08\/henrique-carvalho-12-minutos.jpg","type":"image\/jpeg"}],"author":"Emir Zecovic","twitter_card":"summary_large_image","twitter_misc":{"Written by":"Emir Zecovic","Est. reading time":"6 minutes"},"schema":{"@context":"https:\/\/schema.org","@graph":[{"@type":"WebPage","@id":"https:\/\/blog.12min.com\/br\/12m-heroes-entrevista-com-henrique-carvalho-viver-de-blog\/","url":"https:\/\/blog.12min.com\/br\/12m-heroes-entrevista-com-henrique-carvalho-viver-de-blog\/","name":"Entrevista com Henrique Carvalho, do Viver de Blog - 12minutos - Blog","isPartOf":{"@id":"https:\/\/blog.12min.com\/br\/#website"},"datePublished":"2017-08-04T17:40:26+00:00","dateModified":"2018-10-23T18:45:41+00:00","author":{"@id":"https:\/\/blog.12min.com\/br\/#\/schema\/person\/ccaf1a7ac6cac4265aa3afb02ae667f4"},"description":"Henrique Carvalho, fundador do Viver de Blog, nos concedeu um entrevista contando um pouco da sua trajet\u00f3ria e dando v\u00e1rias dicas! Confira!","breadcrumb":{"@id":"https:\/\/blog.12min.com\/br\/12m-heroes-entrevista-com-henrique-carvalho-viver-de-blog\/#breadcrumb"},"inLanguage":"en-US","potentialAction":[{"@type":"ReadAction","target":["https:\/\/blog.12min.com\/br\/12m-heroes-entrevista-com-henrique-carvalho-viver-de-blog\/"]}]},{"@type":"BreadcrumbList","@id":"https:\/\/blog.12min.com\/br\/12m-heroes-entrevista-com-henrique-carvalho-viver-de-blog\/#breadcrumb","itemListElement":[{"@type":"ListItem","position":1,"name":"In\u00edcio","item":"https:\/\/blog.12min.com\/br\/"},{"@type":"ListItem","position":2,"name":"12m Heroes: entrevista com Henrique Carvalho, do Viver de\u00a0Blog"}]},{"@type":"WebSite","@id":"https:\/\/blog.12min.com\/br\/#website","url":"https:\/\/blog.12min.com\/br\/","name":"Blog do 12min","description":"Livros, Audiobooks e Resumos","potentialAction":[{"@type":"SearchAction","target":{"@type":"EntryPoint","urlTemplate":"https:\/\/blog.12min.com\/br\/?s={search_term_string}"},"query-input":{"@type":"PropertyValueSpecification","valueRequired":true,"valueName":"search_term_string"}}],"inLanguage":"en-US"},{"@type":"Person","@id":"https:\/\/blog.12min.com\/br\/#\/schema\/person\/ccaf1a7ac6cac4265aa3afb02ae667f4","name":"Emir Zecovic","description":"Emir is the Head of Marketing\u00a0at 12min. In his spare time, he loves to meditate and play soccer.","url":"https:\/\/blog.12min.com\/br\/author\/emir\/"}]}},"amp_enabled":true,"_links":{"self":[{"href":"https:\/\/blog.12min.com\/br\/wp-json\/wp\/v2\/posts\/775","targetHints":{"allow":["GET"]}}],"collection":[{"href":"https:\/\/blog.12min.com\/br\/wp-json\/wp\/v2\/posts"}],"about":[{"href":"https:\/\/blog.12min.com\/br\/wp-json\/wp\/v2\/types\/post"}],"author":[{"embeddable":true,"href":"https:\/\/blog.12min.com\/br\/wp-json\/wp\/v2\/users\/48"}],"replies":[{"embeddable":true,"href":"https:\/\/blog.12min.com\/br\/wp-json\/wp\/v2\/comments?post=775"}],"version-history":[{"count":3,"href":"https:\/\/blog.12min.com\/br\/wp-json\/wp\/v2\/posts\/775\/revisions"}],"predecessor-version":[{"id":4497,"href":"https:\/\/blog.12min.com\/br\/wp-json\/wp\/v2\/posts\/775\/revisions\/4497"}],"wp:attachment":[{"href":"https:\/\/blog.12min.com\/br\/wp-json\/wp\/v2\/media?parent=775"}],"wp:term":[{"taxonomy":"category","embeddable":true,"href":"https:\/\/blog.12min.com\/br\/wp-json\/wp\/v2\/categories?post=775"},{"taxonomy":"post_tag","embeddable":true,"href":"https:\/\/blog.12min.com\/br\/wp-json\/wp\/v2\/tags?post=775"}],"curies":[{"name":"wp","href":"https:\/\/api.w.org\/{rel}","templated":true}]}}