{"id":7849,"date":"2019-05-10T10:00:53","date_gmt":"2019-05-10T13:00:53","guid":{"rendered":"https:\/\/blog.12min.com\/br\/?p=7849"},"modified":"2019-07-30T15:49:26","modified_gmt":"2019-07-30T18:49:26","slug":"a-triade-do-tempo","status":"publish","type":"post","link":"https:\/\/blog.12min.com\/br\/a-triade-do-tempo\/","title":{"rendered":"Resumo do Livro A Tr\u00edade do Tempo, de Christian Barbosa,"},"content":{"rendered":"<p class=\"wpwc-reading-time\">7 min de leitura \u231a&nbsp;<\/p><div class=\"pdfprnt-buttons pdfprnt-buttons-post pdfprnt-top-right\"><a href=\"https:\/\/blog.12min.com\/br\/wp-json\/wp\/v2\/posts\/7849?print=pdf\" class=\"pdfprnt-button pdfprnt-button-pdf\" target=\"_blank\"><\/a><a href=\"https:\/\/blog.12min.com\/br\/wp-json\/wp\/v2\/posts\/7849?print=print\" class=\"pdfprnt-button pdfprnt-button-print\" target=\"_blank\"><\/a><\/div>\n<figure class=\"wp-block-image\"><img loading=\"lazy\" decoding=\"async\" width=\"1024\" height=\"792\" src=\"https:\/\/blog.12min.com\/br\/wp-content\/uploads\/sites\/3\/2019\/05\/5-2-1024x792.jpg\" alt=\"a triade do tempo\" class=\"wp-image-7858\" srcset=\"https:\/\/blog.12min.com\/br\/wp-content\/uploads\/sites\/3\/2019\/05\/5-2-1024x792.jpg 1024w, https:\/\/blog.12min.com\/br\/wp-content\/uploads\/sites\/3\/2019\/05\/5-2-300x232.jpg 300w, https:\/\/blog.12min.com\/br\/wp-content\/uploads\/sites\/3\/2019\/05\/5-2-768x594.jpg 768w, https:\/\/blog.12min.com\/br\/wp-content\/uploads\/sites\/3\/2019\/05\/5-2.jpg 1488w\" sizes=\"auto, (max-width: 1024px) 100vw, 1024px\" \/><\/figure>\n\n\n\n<p>Voc\u00ea quer organizar a sua vida, aumentar a produtividade e o seu equil\u00edbrio? Ent\u00e3o, <a href=\"https:\/\/12min.com\/br\/a-triade-do-tempo\" target=\"_blank\" rel=\"noreferrer noopener\" aria-label=\" (opens in a new tab)\">A Tr\u00edade do Tempo<\/a> \u00e9 uma obra indispens\u00e1vel na sua biblioteca. Voc\u00ea vai aprender como conciliar fam\u00edlia, trabalho e ainda se dedicar a si mesmo, priorizando o que realmente \u00e9 importante.<\/p>\n\n\n\n<p>O autor Christian Barbosa explica que A Tr\u00edade do Tempo nasceu para ser a sua segunda chance de assumir um novo padr\u00e3o de vida, com mais qualidade, realiza\u00e7\u00f5es e <a href=\"https:\/\/blog.12min.com\/br\/controlar-o-estresse\/\" target=\"_blank\" rel=\"noreferrer noopener\" aria-label=\" (opens in a new tab)\">menos estresse<\/a>. Mas voc\u00ea n\u00e3o vai encontrar nele um receitu\u00e1rio de dicas, motiva\u00e7\u00e3o ou f\u00f3rmulas m\u00e1gicas. <\/p>\n\n\n\n<p>Pelo contr\u00e1rio, o livro \u00e9 resultado de uma pesquisa com mais de 42 mil pessoas, em v\u00e1rios pa\u00edses. O autor estudou as dificuldades e necessidades de administra\u00e7\u00e3o de tempo e <a href=\"https:\/\/blog.12min.com\/br\/produtividade-pessoal\/\" target=\"_blank\" rel=\"noreferrer noopener\" aria-label=\" (opens in a new tab)\">produtividade pessoal<\/a>. Voc\u00ea tem d\u00favida de que esses s\u00e3o grandes problemas nos dias atuais?<\/p>\n\n\n\n<h2 class=\"wp-block-heading\">Sobre Christian Barbosa<\/h2>\n\n\n\n<p>O autor de A Tr\u00edade do Tempo \u00e9 empres\u00e1rio, bacharel em Ci\u00eancias da Computa\u00e7\u00e3o e <a rel=\"noreferrer noopener\" aria-label=\" (opens in a new tab)\" href=\"http:\/\/www.anjosdobrasil.net\/o-que-eacute-um-investidor-anjo.html\" target=\"_blank\">investidor-anjo<\/a>. \u00c9 especialista em produtividade e autor de 6 livros. H\u00e1 mais de uma d\u00e9cada, Christian Barbosa desenvolve uma s\u00e9rie de pesquisas em torno do m\u00e9todo Tr\u00edade. Esse m\u00e9todo vem sendo adotado em v\u00e1rias empresas que buscam impulsionar a produtividade.<\/p>\n\n\n\n<h2 class=\"wp-block-heading\">A Tr\u00edade do Tempo<\/h2>\n\n\n\n<p>O conceito de Tr\u00edade do Tempo baseia-se na divis\u00e3o das atividades em tr\u00eas crit\u00e9rios: Importante, Urgente e Circunstancial. Juntas, elas comp\u00f5em toda a forma como voc\u00ea utiliza seu tempo.<\/p>\n\n\n\n<p>Entenda um pouco mais sobre cada uma dessas esferas.<\/p>\n\n\n\n<h2 class=\"wp-block-heading\">A esfera da Import\u00e2ncia<\/h2>\n\n\n\n<figure class=\"wp-block-image\"><img loading=\"lazy\" decoding=\"async\" width=\"1000\" height=\"667\" src=\"https:\/\/blog.12min.com\/br\/wp-content\/uploads\/sites\/3\/2019\/05\/6-1.jpg\" alt=\"triade do tempo pdf\" class=\"wp-image-7854\" srcset=\"https:\/\/blog.12min.com\/br\/wp-content\/uploads\/sites\/3\/2019\/05\/6-1.jpg 1000w, https:\/\/blog.12min.com\/br\/wp-content\/uploads\/sites\/3\/2019\/05\/6-1-300x200.jpg 300w, https:\/\/blog.12min.com\/br\/wp-content\/uploads\/sites\/3\/2019\/05\/6-1-768x512.jpg 768w\" sizes=\"auto, (max-width: 1000px) 100vw, 1000px\" \/><\/figure>\n\n\n\n<p>A esfera a ser priorizada \u00e9 aquela que cont\u00e9m as atividades verdadeiramente importantes em sua vida, ou seja, s\u00e3o as tarefas que trazem os resultados mais efetivos.<\/p>\n\n\n\n<p>Segundo A Tr\u00edade do Tempo, aqui est\u00e3o as a\u00e7\u00f5es que, feitas hoje, fazem diferen\u00e7a no seu trabalho, na sua comunidade e para as pessoas que vivem com voc\u00ea.<\/p>\n\n\n\n<p>As atividades da esfera da import\u00e2ncia t\u00eam algumas caracter\u00edsticas pr\u00f3prias:<\/p>\n\n\n\n<ul class=\"wp-block-list\"><li>t\u00eam prazo para serem feitas, pois, do contr\u00e1rio, elas seriam urgentes;<\/li><li>s\u00e3o pessoais, ou seja, t\u00eam import\u00e2ncia para voc\u00ea e nem sempre para os outros;<\/li><li>proporcionam prazer;<\/li><li>trazem algum tipo de resultado positivo em curto, m\u00e9dio ou longo prazo;<\/li><li>s\u00e3o espont\u00e2neas.<\/li><\/ul>\n\n\n\n<h2 class=\"wp-block-heading\">A esfera da Urg\u00eancia<\/h2>\n\n\n\n<figure class=\"wp-block-image\"><img loading=\"lazy\" decoding=\"async\" width=\"1000\" height=\"667\" src=\"https:\/\/blog.12min.com\/br\/wp-content\/uploads\/sites\/3\/2019\/05\/3-2.jpg\" alt=\"triade do tempo livro\" class=\"wp-image-7851\" srcset=\"https:\/\/blog.12min.com\/br\/wp-content\/uploads\/sites\/3\/2019\/05\/3-2.jpg 1000w, https:\/\/blog.12min.com\/br\/wp-content\/uploads\/sites\/3\/2019\/05\/3-2-300x200.jpg 300w, https:\/\/blog.12min.com\/br\/wp-content\/uploads\/sites\/3\/2019\/05\/3-2-768x512.jpg 768w\" sizes=\"auto, (max-width: 1000px) 100vw, 1000px\" \/><\/figure>\n\n\n\n<p>A Tr\u00edade do Tempo inclui nessa esfera toda tarefa que deve ser feita imediatamente, pois, gera algum tipo de problema se n\u00e3o for executada. <\/p>\n\n\n\n<ul class=\"wp-block-list\"><li>n\u00e3o tem prazo, ela tem de ser feita j\u00e1;<\/li><li>est\u00e1 t\u00e3o enraizada no nosso padr\u00e3o de vida que j\u00e1 se tornou algo normal, e n\u00e3o uma exce\u00e7\u00e3o, como deveria ser. <\/li><\/ul>\n\n\n\n<h2 class=\"wp-block-heading\">A esfera das circunst\u00e2ncias<\/h2>\n\n\n\n<figure class=\"wp-block-image\"><img loading=\"lazy\" decoding=\"async\" width=\"1000\" height=\"667\" src=\"https:\/\/blog.12min.com\/br\/wp-content\/uploads\/sites\/3\/2019\/05\/shutterstock_1302585142-1.jpg\" alt=\"christian barbosa livros\" class=\"wp-image-7860\" srcset=\"https:\/\/blog.12min.com\/br\/wp-content\/uploads\/sites\/3\/2019\/05\/shutterstock_1302585142-1.jpg 1000w, https:\/\/blog.12min.com\/br\/wp-content\/uploads\/sites\/3\/2019\/05\/shutterstock_1302585142-1-300x200.jpg 300w, https:\/\/blog.12min.com\/br\/wp-content\/uploads\/sites\/3\/2019\/05\/shutterstock_1302585142-1-768x512.jpg 768w\" sizes=\"auto, (max-width: 1000px) 100vw, 1000px\" \/><\/figure>\n\n\n\n<p>Essa \u00e9 a esfera que exige maior preocupa\u00e7\u00e3o e aten\u00e7\u00e3o. Trata-se de qualquer tipo de atividade na qual voc\u00ea \u00e9 levado a agir em fun\u00e7\u00e3o de uma situa\u00e7\u00e3o, condi\u00e7\u00e3o, ambiente ou de outra pessoa:<\/p>\n\n\n\n<ul class=\"wp-block-list\"><li>podem ser importantes ou urgentes para outras pessoas, mas nunca para voc\u00ea;<\/li><li>s\u00e3o coisas que voc\u00ea faz em excesso e o levam a perder tempo desnecessariamente;<\/li><li>est\u00e3o contra sua plena vontade;<\/li><li>voc\u00ea aceita por educa\u00e7\u00e3o, por condi\u00e7\u00f5es ou por medo de dizer n\u00e3o;<\/li><li>n\u00e3o geram resultados;<\/li><li>geram sensa\u00e7\u00e3o de insatisfa\u00e7\u00e3o, ang\u00fastia, saturamento e decep\u00e7\u00e3o.<\/li><\/ul>\n\n\n\n<h2 class=\"wp-block-heading\">A tr\u00edade ideal<\/h2>\n\n\n\n<p>A Tr\u00edade do Tempo real\u00e7a que a melhor tr\u00edade \u00e9 aquela que traz felicidade para voc\u00ea. Nela, a esfera da Import\u00e2ncia tem maior percentagem. <\/p>\n\n\n\n<h3 class=\"wp-block-heading\">Como lidar com as urg\u00eancias<\/h3>\n\n\n\n<ul class=\"wp-block-list\"><li>planeje e, assim, evite a urg\u00eancia de amanh\u00e3;<\/li><li>fa\u00e7a previs\u00f5es de coisas que podem se tornar urgentes e aja para reduzir os riscos;<\/li><li>quando uma urg\u00eancia aparecer, analise-a, aprenda com ela e tome medidas pr\u00e1ticas para evitar que ela se repita;<\/li><li>delegue a urg\u00eancia a algu\u00e9m que possa ajud\u00e1-lo;<\/li><li>aja imediatamente e n\u00e3o deixe que a urg\u00eancia se transforme em uma cat\u00e1strofe;<\/li><li>n\u00e3o entre em p\u00e2nico. <\/li><\/ul>\n\n\n\n<h3 class=\"wp-block-heading\">Diminua a esfera das circunst\u00e2ncias<\/h3>\n\n\n\n<ul class=\"wp-block-list\"><li>lembre-se de que o \u201cn\u00e3o\u201d foi a palavra mais ouvida na sua inf\u00e2ncia, logo, ela \u00e9 familiar;<\/li><li>aja com sinceridade, ou seja, n\u00e3o fa\u00e7a nada apenas para conseguir a aprova\u00e7\u00e3o das pessoas;<\/li><li>n\u00e3o aceite chantagens do tipo \u201cme ajude, por favor, s\u00f3 desta vez\u201d;<\/li><li>seja simp\u00e1tico, sem agressividade ou mentiras;<\/li><li>n\u00e3o tenha medo e nunca volte atr\u00e1s.<\/li><\/ul>\n\n\n\n<h2 class=\"wp-block-heading\">Fa\u00e7a do seu tempo um recurso realmente administr\u00e1vel<\/h2>\n\n\n\n<p>O livro A Tr\u00edade do Tempo lembra que ser capaz de proporcionar mais felicidade, sa\u00fade, lazer e dinheiro n\u00e3o \u00e9 tarefa muito simples. Por isso, \u00e9 importante estar familiarizado com alguns conceitos b\u00e1sicos, como: <\/p>\n\n\n\n<h3 class=\"wp-block-heading\">Descarregar<\/h3>\n\n\n\n<p>Consiste em tirar da cabe\u00e7a qualquer tipo de \u201ccoisa a fazer\u201d e colocar em alguma f<a href=\"https:\/\/blog.12min.com\/br\/gerenciamento-de-projetos\/\" target=\"_blank\" rel=\"noreferrer noopener\" aria-label=\" (opens in a new tab)\">erramenta de produtividade<\/a> de sua escolha (agenda, caderno, Neotriad, Outlook etc.). Inclua apenas atividades que devem ser realizadas nas pr\u00f3ximas 24 horas. <\/p>\n\n\n\n<h3 class=\"wp-block-heading\">Planejar<\/h3>\n\n\n\n<p>Quanto mais tempo voc\u00ea se dedicar ao planejamento, mais voc\u00ea ganhar\u00e1 no seu dia a dia. Na pior das hip\u00f3teses, ele evita surpresas e prev\u00ea as urg\u00eancias.<\/p>\n\n\n\n<h3 class=\"wp-block-heading\">Antecipar<\/h3>\n\n\n\n<p>Antecipe tudo o que voc\u00ea acha que possa dar problemas e conte sempre com os imprevistos. Eles certamente v\u00e3o acontecer.<\/p>\n\n\n\n<h3 class=\"wp-block-heading\">Priorizar<\/h3>\n\n\n\n<p>A Tr\u00edade do Tempo est\u00e1 falando aqui em ordenar a execu\u00e7\u00e3o das suas tarefas e compromissos. Mas n\u00e3o adianta ficar preocupado se voc\u00ea n\u00e3o conseguir executar a prioridade, em raz\u00e3o do ambiente ou da situa\u00e7\u00e3o. Nesse caso, priorize outra coisa poss\u00edvel de ser conclu\u00edda.<\/p>\n\n\n\n<h3 class=\"wp-block-heading\">Equilibrar<\/h3>\n\n\n\n<p>Significa fatiar o tempo para que possamos aproveitar a vida em sua totalidade e n\u00e3o apenas transform\u00e1-la em uma situa\u00e7\u00e3o mec\u00e2nica.<\/p>\n\n\n\n<p>Quando planejar e priorizar suas tarefas, lembre-se sempre de perguntar se elas est\u00e3o de acordo com o que equilibra voc\u00ea. Portanto, n\u00e3o se arrependa do passado. N\u00e3o prometa fazer no futuro. Fa\u00e7a o presente valer a pena.<\/p>\n\n\n\n<h2 class=\"wp-block-heading\">As 5 fases da metodologia da tr\u00edade<\/h2>\n\n\n\n<p>A metodologia da tr\u00edade cont\u00e9m cinco fases distintas, que devem ser postas em pr\u00e1tica de forma sequencial e c\u00edclica. Essa din\u00e2mica, segundo A Tr\u00edade do Tempo, ajuda no processo de revis\u00e3o de suas prioridades e da necessidade natural de altera\u00e7\u00e3o de sua rota, toda vez que houver mudan\u00e7a em seus objetivos.<\/p>\n\n\n\n<p>As 5 fases s\u00e3o:<\/p>\n\n\n\n<h3 class=\"wp-block-heading\">1. Identidade<\/h3>\n\n\n\n<p>\u00c9 a fase da reflex\u00e3o, que nos leva a olhar para dentro de n\u00f3s mesmos e a nos perguntar: Quem sou eu? O que eu quero para minha vida? Qual \u00e9 o meu verdadeiro prop\u00f3sito? Quais s\u00e3o meus sonhos?<\/p>\n\n\n\n<h3 class=\"wp-block-heading\">2. Metas<\/h3>\n\n\n\n<p>A meta indica o ponto que voc\u00ea pretende alcan\u00e7ar. Assim, ap\u00f3s sua autoan\u00e1lise, tendo identificado seu prop\u00f3sito de vida, \u00e9 hora de transformar tudo isso em realidade. <\/p>\n\n\n\n<h3 class=\"wp-block-heading\">3. Planejamento<\/h3>\n\n\n\n<p>A meta indica o ponto que voc\u00ea pretende alcan\u00e7ar. Os caminhos que o conduzir\u00e3o at\u00e9 o ponto que voc\u00ea colocou como meta s\u00e3o a resposta \u00e0 pergunta: Como vou fazer isso?<\/p>\n\n\n\n<h3 class=\"wp-block-heading\">4. Organiza\u00e7\u00e3o<\/h3>\n\n\n\n<p>\u00c9 indispens\u00e1vel para a arruma\u00e7\u00e3o de seu ambiente e para a ordena\u00e7\u00e3o l\u00f3gica de seus arquivos. Al\u00e9m disso, essa fase apresenta estrat\u00e9gias para armazenamento e compartilhamento de informa\u00e7\u00f5es e conhecimento.<\/p>\n\n\n\n<h3 class=\"wp-block-heading\">5. Execu\u00e7\u00e3o<\/h3>\n\n\n\n<p>\u00c9 a converg\u00eancia de todas as demais. Nela, sua identidade \u00e9 exposta ao mundo, suas metas come\u00e7am a ser cumpridas, seu planejamento \u00e9 colocado em pr\u00e1tica e a organiza\u00e7\u00e3o auxilia na produtividade.<\/p>\n\n\n\n<h2 class=\"wp-block-heading\">Programa de tr\u00eas semanas<\/h2>\n\n\n\n<p>Chegou a hora de partir para a a\u00e7\u00e3o. A Tr\u00edade do Tempo detalha o programa de implanta\u00e7\u00e3o de tr\u00eas semanas, para tornar a ado\u00e7\u00e3o da metodologia gradativa e facilitada.<\/p>\n\n\n\n<p>O seu sucesso depende de n\u00e3o pular nenhuma etapa. Voc\u00ea precisar\u00e1 anotar as atividades a serem feitas em uma ferramenta de sua prefer\u00eancia, ou seja, uma agenda, caderno, Outlook, Neotriad, entre outros.<\/p>\n\n\n\n<p>Est\u00e1 pronto para come\u00e7ar? Vamos juntos, ent\u00e3o!<\/p>\n\n\n\n<h2 class=\"wp-block-heading\">A Tr\u00edade do Tempo &#8211; Semana # 1<\/h2>\n\n\n\n<figure class=\"wp-block-image\"><img loading=\"lazy\" decoding=\"async\" width=\"1000\" height=\"667\" src=\"https:\/\/blog.12min.com\/br\/wp-content\/uploads\/sites\/3\/2019\/05\/shutterstock_334592678.jpg\" alt=\"a triade do tempo\" class=\"wp-image-7863\" srcset=\"https:\/\/blog.12min.com\/br\/wp-content\/uploads\/sites\/3\/2019\/05\/shutterstock_334592678.jpg 1000w, https:\/\/blog.12min.com\/br\/wp-content\/uploads\/sites\/3\/2019\/05\/shutterstock_334592678-300x200.jpg 300w, https:\/\/blog.12min.com\/br\/wp-content\/uploads\/sites\/3\/2019\/05\/shutterstock_334592678-768x512.jpg 768w\" sizes=\"auto, (max-width: 1000px) 100vw, 1000px\" \/><\/figure>\n\n\n\n<p>Descubra o que realmente \u00e9 importante em sua vida. Para isso, voc\u00ea deve:<\/p>\n\n\n\n<ul class=\"wp-block-list\"><li>identificar o que gosta de fazer: durante uma semana, anote em um caderno ou envie um e-mail a si mesmo com tudo aquilo que lhe trouxer equil\u00edbrio, satisfa\u00e7\u00e3o e resultados;<\/li><li>elaborar a lista de pap\u00e9is que pretende desempenhar, colocando apenas aqueles aos quais deseja se dedicar. Mas lembre-se de que os pap\u00e9is s\u00e3o temporais, ou seja, eles podem ir e vir conforme as suas escolhas e n\u00e3o conforme as circunst\u00e2ncias;<\/li><li>identificar o que traz prazer e d\u00e1 sentido ao seu tempo.<\/li><\/ul>\n\n\n\n<p>A Tr\u00edade do Tempo orienta fazer um <a href=\"https:\/\/blog.12min.com\/br\/o-que-e-brainstorming\/\" target=\"_blank\" rel=\"noreferrer noopener\" aria-label=\"brainstorming (opens in a new tab)\">brainstorming<\/a> de que atividades voc\u00ea gosta de fazer em cada \u00e1rea. Assim que a lista estiver pronta, selecione uma atividade e circule-a, d\u00ea prefer\u00eancia \u00e0s atividades que possam ser realizadas com seus relacionamentos mais importantes.<\/p>\n\n\n\n<p>Guarde essa folha e use-a como direcionamento de atividades.<\/p>\n\n\n\n<h2 class=\"wp-block-heading\">A Tr\u00edade do Tempo &#8211; Semana # 2<\/h2>\n\n\n\n<figure class=\"wp-block-image\"><img loading=\"lazy\" decoding=\"async\" width=\"1000\" height=\"667\" src=\"https:\/\/blog.12min.com\/br\/wp-content\/uploads\/sites\/3\/2019\/05\/shutterstock_1252112308.jpg\" alt=\"a triade do tempo\" class=\"wp-image-7864\" srcset=\"https:\/\/blog.12min.com\/br\/wp-content\/uploads\/sites\/3\/2019\/05\/shutterstock_1252112308.jpg 1000w, https:\/\/blog.12min.com\/br\/wp-content\/uploads\/sites\/3\/2019\/05\/shutterstock_1252112308-300x200.jpg 300w, https:\/\/blog.12min.com\/br\/wp-content\/uploads\/sites\/3\/2019\/05\/shutterstock_1252112308-768x512.jpg 768w\" sizes=\"auto, (max-width: 1000px) 100vw, 1000px\" \/><\/figure>\n\n\n\n<p>Veja o que \u00e9 necess\u00e1rio para voc\u00ea elaborar o seu planejamento:<\/p>\n\n\n\n<ul class=\"wp-block-list\"><li>resolva suas urg\u00eancias e pend\u00eancias;<\/li><li>liste todas as atividades pendentes &#8211; verifique suas reuni\u00f5es, seus e-mails, suas tarefas inacabadas e coloque tudo em uma grande lista;<\/li><li>ao lado de cada atividade, coloque a dura\u00e7\u00e3o prevista e a que esfera da tr\u00edade essa atividade corresponde;<\/li><li>planeje sua pr\u00f3xima semana.<\/li><\/ul>\n\n\n\n<h2 class=\"wp-block-heading\">A Tr\u00edade do Tempo &#8211; Semana # 3<\/h2>\n\n\n\n<figure class=\"wp-block-image\"><img loading=\"lazy\" decoding=\"async\" width=\"1000\" height=\"667\" src=\"https:\/\/blog.12min.com\/br\/wp-content\/uploads\/sites\/3\/2019\/05\/shutterstock_430442935.jpg\" alt=\"a triade do tempo\" class=\"wp-image-7865\" srcset=\"https:\/\/blog.12min.com\/br\/wp-content\/uploads\/sites\/3\/2019\/05\/shutterstock_430442935.jpg 1000w, https:\/\/blog.12min.com\/br\/wp-content\/uploads\/sites\/3\/2019\/05\/shutterstock_430442935-300x200.jpg 300w, https:\/\/blog.12min.com\/br\/wp-content\/uploads\/sites\/3\/2019\/05\/shutterstock_430442935-768x512.jpg 768w\" sizes=\"auto, (max-width: 1000px) 100vw, 1000px\" \/><\/figure>\n\n\n\n<ul class=\"wp-block-list\"><li>Priorize seus dias: quando souber tudo o que deve ser feito, priorize as tarefas, seguindo a estrat\u00e9gia abaixo:<ul><li>1\u00ba &#8211; r\u00e1pido e f\u00e1cil, <\/li><li>2\u00ba &#8211; urgente, <\/li><li>3\u00ba &#8211; tarefas de maior complexidade no seu pico de produtividade; <\/li><li>4\u00ba &#8211; delegar de manh\u00e3;<\/li><\/ul><\/li><li>fa\u00e7a sua taxonomia: prepare uma lista de material para organizar seus ambientes, como pastas, sacos pl\u00e1sticos, etiquetas etc. Escolha um dia da semana em que estiver mais tranquilo e anote a tarefa de aplicar a taxonomia;<\/li><li>organize seus e-mails: garanta que sua caixa de entrada permane\u00e7a apenas com os e-mails que est\u00e3o sendo executados por voc\u00ea e com itens delegados a terceiros. Isso n\u00e3o deve ultrapassar 25 mensagens.<\/li><\/ul>\n\n\n\n<h2 class=\"wp-block-heading\">Interc\u00e2mbio de experi\u00eancias, n\u00e3o um conjunto de li\u00e7\u00f5es<\/h2>\n\n\n\n<p>Temos certeza que, durante a leitura do resumo de A Tr\u00edade do Tempo, voc\u00ea aprendeu mais com voc\u00ea mesmo e com reflex\u00f5es a respeito de sua pr\u00f3pria vida do que com as explica\u00e7\u00f5es oferecidas. <\/p>\n\n\n\n<p>Para que A Tr\u00edade do Tempo flores\u00e7a e d\u00ea frutos em sua vida pessoal e profissional, n\u00e3o se esque\u00e7a de conjugar, sempre, os tr\u00eas verbos impl\u00edcitos nesse microbook: Praticar, Adaptar e Compartilhar.<\/p>\n\n\n\n<p>Ent\u00e3o, que tal sair da teoria e come\u00e7ar a praticar a tr\u00edade, colocando a sua vida em ordem? E se voc\u00ea gosta de Christian Barbosa, o 12min tem outro livro dele, que tamb\u00e9m \u00e9 superinteressante. Anote a\u00ed:<\/p>\n\n\n\n<h3 class=\"wp-block-heading\"><a href=\"https:\/\/12min.com\/br\/equilibrio-e-resultado\" target=\"_blank\" rel=\"noreferrer noopener\" aria-label=\" (opens in a new tab)\">Equil\u00edbrio e Resultado &#8211; <\/a>Christian Barbosa<\/h3>\n\n\n\n<figure class=\"wp-block-image\"><img loading=\"lazy\" decoding=\"async\" width=\"209\" height=\"300\" src=\"https:\/\/blog.12min.com\/br\/wp-content\/uploads\/sites\/3\/2019\/05\/Equili\u0301brio-e-Resultado-Christian-Barbosa-209x300.jpg\" alt=\"Equil\u00edbrio e Resultado - Christian Barbosa\" class=\"wp-image-7866\" srcset=\"https:\/\/blog.12min.com\/br\/wp-content\/uploads\/sites\/3\/2019\/05\/Equili\u0301brio-e-Resultado-Christian-Barbosa-209x300.jpg 209w, https:\/\/blog.12min.com\/br\/wp-content\/uploads\/sites\/3\/2019\/05\/Equili\u0301brio-e-Resultado-Christian-Barbosa.jpg 348w\" sizes=\"auto, (max-width: 209px) 100vw, 209px\" \/><\/figure>\n\n\n\n<p>Como atingir uma vida equilibrada e deixar a balan\u00e7a onde ela deveria estar? O autor dessa obra lhe d\u00e1 a receita.<\/p>\n\n\n\n<p>E se voc\u00ea quer aprender mais ainda sobre como administrar o seu tempo, leia aqui no blog o post sobre a <a rel=\"noreferrer noopener\" aria-label=\" (opens in a new tab)\" href=\"https:\/\/blog.12min.com\/br\/matriz-de-eisenhower\/\" target=\"_blank\">Matriz de Eisenhower<\/a>. E na plataforma <a rel=\"noreferrer noopener\" aria-label=\" (opens in a new tab)\" href=\"https:\/\/12min.com\/br\/\" target=\"_blank\">12min<\/a> existe uma variedade de outras obras fant\u00e1sticas, de renomados autores. Tudo no formato microbook e audio book. <\/p>\n\n\n\n<p>Confira 3 sugest\u00f5es de leitura que n\u00f3s selecionamos hoje pra voc\u00ea:<\/p>\n\n\n\n<h3 class=\"wp-block-heading\"><a href=\"https:\/\/12min.com\/br\/tempo-para-todas-as-coisas\" target=\"_blank\" rel=\"noreferrer noopener\" aria-label=\" (opens in a new tab)\">Tempo Para Todas as Coisas<\/a> &#8211; Reynaldo Odilo<\/h3>\n\n\n\n<h3 class=\"wp-block-heading\"><a href=\"https:\/\/12min.com\/br\/produtividade-para-quem-quer-tempo\" target=\"_blank\" rel=\"noreferrer noopener\" aria-label=\" (opens in a new tab)\">Produtividade Para Quem Quer Tempo<\/a> &#8211; Geronimo Theml<\/h3>\n\n\n\n<h3 class=\"wp-block-heading\"><a href=\"https:\/\/12min.com\/br\/os-7-habitos-das-pessoas-altamente-eficazes\" target=\"_blank\" rel=\"noreferrer noopener\" aria-label=\" (opens in a new tab)\">Os 7 H\u00e1bitos das Pessoas Altamente Eficazes<\/a> &#8211; Stephen R. Covey<\/h3>\n\n\n\n<p>Como disse o autor de A Tr\u00edade do Tempo, \u201cvoc\u00ea n\u00e3o precisa de mais tempo. Voc\u00ea s\u00f3 precisa aprender a usar melhor o tempo que j\u00e1 tem\u201d. Ent\u00e3o, fa\u00e7a isso!<\/p>\n\n\n\n<p>Boa leitura e \u00f3timos aprendizados!<\/p>\n\n\n\n<p>E se voc\u00ea curtiu esse post, compartilhe-o com os seus amigos! E lembre-se de deixar, aqui, a sua opini\u00e3o!<br><\/p>\n","protected":false},"excerpt":{"rendered":"<p>7 min de leitura \u231a&nbsp; Voc\u00ea quer organizar a sua vida, aumentar a produtividade e o seu equil\u00edbrio? Ent\u00e3o, A Tr\u00edade do Tempo \u00e9 uma obra indispens\u00e1vel na sua biblioteca. Voc\u00ea vai aprender como conciliar fam\u00edlia, trabalho e ainda se dedicar a si mesmo, priorizando o que realmente \u00e9 importante. O autor Christian Barbosa explica [&hellip;]<\/p>\n","protected":false},"author":48,"featured_media":7850,"comment_status":"closed","ping_status":"closed","sticky":false,"template":"","format":"standard","meta":{"_exactmetrics_skip_tracking":false,"_exactmetrics_sitenote_active":false,"_exactmetrics_sitenote_note":"","_exactmetrics_sitenote_category":0,"footnotes":""},"categories":[2],"tags":[],"class_list":["post-7849","post","type-post","status-publish","format-standard","has-post-thumbnail","hentry","category-conhecimento","wpbf-post"],"yoast_head":"<!-- This site is optimized with the Yoast SEO plugin v26.4 - https:\/\/yoast.com\/wordpress\/plugins\/seo\/ -->\n<title>Resumo do Livro A Tr\u00edade do Tempo, de Christian Barbosa, -<\/title>\n<meta name=\"description\" content=\"Se voc\u00ea deseja saber como conseguir tempo para dedicar \u00e0 sua fam\u00edlia, seu trabalho e para si mesmo, venha explorar A Tr\u00edade do Tempo, aqui, no 12min!\" \/>\n<meta name=\"robots\" content=\"index, follow, max-snippet:-1, max-image-preview:large, max-video-preview:-1\" \/>\n<link rel=\"canonical\" href=\"https:\/\/blog.12min.com\/br\/a-triade-do-tempo\/\" \/>\n<meta property=\"og:locale\" content=\"en_US\" \/>\n<meta property=\"og:type\" content=\"article\" \/>\n<meta property=\"og:title\" content=\"Resumo do Livro A Tr\u00edade do Tempo, de Christian Barbosa, -\" \/>\n<meta property=\"og:description\" content=\"Se voc\u00ea deseja saber como conseguir tempo para dedicar \u00e0 sua fam\u00edlia, seu trabalho e para si mesmo, venha explorar A Tr\u00edade do Tempo, aqui, no 12min!\" \/>\n<meta property=\"og:url\" content=\"https:\/\/blog.12min.com\/br\/a-triade-do-tempo\/\" \/>\n<meta property=\"og:site_name\" content=\"Blog do 12min\" \/>\n<meta property=\"article:published_time\" content=\"2019-05-10T13:00:53+00:00\" \/>\n<meta property=\"article:modified_time\" content=\"2019-07-30T18:49:26+00:00\" \/>\n<meta property=\"og:image\" content=\"https:\/\/blog.12min.com\/br\/wp-content\/uploads\/sites\/3\/2019\/05\/2-2.jpg\" \/>\n\t<meta property=\"og:image:width\" content=\"1000\" \/>\n\t<meta property=\"og:image:height\" content=\"665\" \/>\n\t<meta property=\"og:image:type\" content=\"image\/jpeg\" \/>\n<meta name=\"author\" content=\"Emir Zecovic\" \/>\n<meta name=\"twitter:card\" content=\"summary_large_image\" \/>\n<meta name=\"twitter:label1\" content=\"Written by\" \/>\n\t<meta name=\"twitter:data1\" content=\"Emir Zecovic\" \/>\n\t<meta name=\"twitter:label2\" content=\"Est. reading time\" \/>\n\t<meta name=\"twitter:data2\" content=\"10 minutes\" \/>\n<!-- \/ Yoast SEO plugin. -->","yoast_head_json":{"title":"Resumo do Livro A Tr\u00edade do Tempo, de Christian Barbosa, -","description":"Se voc\u00ea deseja saber como conseguir tempo para dedicar \u00e0 sua fam\u00edlia, seu trabalho e para si mesmo, venha explorar A Tr\u00edade do Tempo, aqui, no 12min!","robots":{"index":"index","follow":"follow","max-snippet":"max-snippet:-1","max-image-preview":"max-image-preview:large","max-video-preview":"max-video-preview:-1"},"canonical":"https:\/\/blog.12min.com\/br\/a-triade-do-tempo\/","og_locale":"en_US","og_type":"article","og_title":"Resumo do Livro A Tr\u00edade do Tempo, de Christian Barbosa, -","og_description":"Se voc\u00ea deseja saber como conseguir tempo para dedicar \u00e0 sua fam\u00edlia, seu trabalho e para si mesmo, venha explorar A Tr\u00edade do Tempo, aqui, no 12min!","og_url":"https:\/\/blog.12min.com\/br\/a-triade-do-tempo\/","og_site_name":"Blog do 12min","article_published_time":"2019-05-10T13:00:53+00:00","article_modified_time":"2019-07-30T18:49:26+00:00","og_image":[{"width":1000,"height":665,"url":"https:\/\/blog.12min.com\/br\/wp-content\/uploads\/sites\/3\/2019\/05\/2-2.jpg","type":"image\/jpeg"}],"author":"Emir Zecovic","twitter_card":"summary_large_image","twitter_misc":{"Written by":"Emir Zecovic","Est. reading time":"10 minutes"},"schema":{"@context":"https:\/\/schema.org","@graph":[{"@type":"WebPage","@id":"https:\/\/blog.12min.com\/br\/a-triade-do-tempo\/","url":"https:\/\/blog.12min.com\/br\/a-triade-do-tempo\/","name":"Resumo do Livro A Tr\u00edade do Tempo, de Christian Barbosa, -","isPartOf":{"@id":"https:\/\/blog.12min.com\/br\/#website"},"primaryImageOfPage":{"@id":"https:\/\/blog.12min.com\/br\/a-triade-do-tempo\/#primaryimage"},"image":{"@id":"https:\/\/blog.12min.com\/br\/a-triade-do-tempo\/#primaryimage"},"thumbnailUrl":"https:\/\/blog.12min.com\/br\/wp-content\/uploads\/sites\/3\/2019\/05\/2-2.jpg","datePublished":"2019-05-10T13:00:53+00:00","dateModified":"2019-07-30T18:49:26+00:00","author":{"@id":"https:\/\/blog.12min.com\/br\/#\/schema\/person\/ccaf1a7ac6cac4265aa3afb02ae667f4"},"description":"Se voc\u00ea deseja saber como conseguir tempo para dedicar \u00e0 sua fam\u00edlia, seu trabalho e para si mesmo, venha explorar A Tr\u00edade do Tempo, aqui, no 12min!","breadcrumb":{"@id":"https:\/\/blog.12min.com\/br\/a-triade-do-tempo\/#breadcrumb"},"inLanguage":"en-US","potentialAction":[{"@type":"ReadAction","target":["https:\/\/blog.12min.com\/br\/a-triade-do-tempo\/"]}]},{"@type":"ImageObject","inLanguage":"en-US","@id":"https:\/\/blog.12min.com\/br\/a-triade-do-tempo\/#primaryimage","url":"https:\/\/blog.12min.com\/br\/wp-content\/uploads\/sites\/3\/2019\/05\/2-2.jpg","contentUrl":"https:\/\/blog.12min.com\/br\/wp-content\/uploads\/sites\/3\/2019\/05\/2-2.jpg","width":1000,"height":665,"caption":"a triade do tempo"},{"@type":"BreadcrumbList","@id":"https:\/\/blog.12min.com\/br\/a-triade-do-tempo\/#breadcrumb","itemListElement":[{"@type":"ListItem","position":1,"name":"In\u00edcio","item":"https:\/\/blog.12min.com\/br\/"},{"@type":"ListItem","position":2,"name":"Resumo do Livro A Tr\u00edade do Tempo, de Christian Barbosa, em PDF"}]},{"@type":"WebSite","@id":"https:\/\/blog.12min.com\/br\/#website","url":"https:\/\/blog.12min.com\/br\/","name":"Blog do 12min","description":"Livros, Audiobooks e Resumos","potentialAction":[{"@type":"SearchAction","target":{"@type":"EntryPoint","urlTemplate":"https:\/\/blog.12min.com\/br\/?s={search_term_string}"},"query-input":{"@type":"PropertyValueSpecification","valueRequired":true,"valueName":"search_term_string"}}],"inLanguage":"en-US"},{"@type":"Person","@id":"https:\/\/blog.12min.com\/br\/#\/schema\/person\/ccaf1a7ac6cac4265aa3afb02ae667f4","name":"Emir Zecovic","description":"Emir is the Head of Marketing\u00a0at 12min. In his spare time, he loves to meditate and play soccer.","url":"https:\/\/blog.12min.com\/br\/author\/emir\/"}]}},"amp_enabled":true,"_links":{"self":[{"href":"https:\/\/blog.12min.com\/br\/wp-json\/wp\/v2\/posts\/7849","targetHints":{"allow":["GET"]}}],"collection":[{"href":"https:\/\/blog.12min.com\/br\/wp-json\/wp\/v2\/posts"}],"about":[{"href":"https:\/\/blog.12min.com\/br\/wp-json\/wp\/v2\/types\/post"}],"author":[{"embeddable":true,"href":"https:\/\/blog.12min.com\/br\/wp-json\/wp\/v2\/users\/48"}],"replies":[{"embeddable":true,"href":"https:\/\/blog.12min.com\/br\/wp-json\/wp\/v2\/comments?post=7849"}],"version-history":[{"count":4,"href":"https:\/\/blog.12min.com\/br\/wp-json\/wp\/v2\/posts\/7849\/revisions"}],"predecessor-version":[{"id":8475,"href":"https:\/\/blog.12min.com\/br\/wp-json\/wp\/v2\/posts\/7849\/revisions\/8475"}],"wp:featuredmedia":[{"embeddable":true,"href":"https:\/\/blog.12min.com\/br\/wp-json\/wp\/v2\/media\/7850"}],"wp:attachment":[{"href":"https:\/\/blog.12min.com\/br\/wp-json\/wp\/v2\/media?parent=7849"}],"wp:term":[{"taxonomy":"category","embeddable":true,"href":"https:\/\/blog.12min.com\/br\/wp-json\/wp\/v2\/categories?post=7849"},{"taxonomy":"post_tag","embeddable":true,"href":"https:\/\/blog.12min.com\/br\/wp-json\/wp\/v2\/tags?post=7849"}],"curies":[{"name":"wp","href":"https:\/\/api.w.org\/{rel}","templated":true}]}}