{"id":8216,"date":"2019-07-12T18:39:26","date_gmt":"2019-07-12T21:39:26","guid":{"rendered":"https:\/\/blog.12min.com\/br\/?p=8216"},"modified":"2019-07-30T15:30:45","modified_gmt":"2019-07-30T18:30:45","slug":"resumo-do-livro-a-vida-que-vale-a-pena-ser-vivida-pdf","status":"publish","type":"post","link":"https:\/\/blog.12min.com\/br\/resumo-do-livro-a-vida-que-vale-a-pena-ser-vivida-pdf\/","title":{"rendered":"Resumo do Livro A Vida que Vale a Pena Ser Vivida, de Clovis de Barros Filho e Arthur Meucci"},"content":{"rendered":"<p class=\"wpwc-reading-time\">8 min de leitura \u231a&nbsp;<\/p><div class=\"pdfprnt-buttons pdfprnt-buttons-post pdfprnt-top-right\"><a href=\"https:\/\/blog.12min.com\/br\/wp-json\/wp\/v2\/posts\/8216?print=pdf\" class=\"pdfprnt-button pdfprnt-button-pdf\" target=\"_blank\"><\/a><a href=\"https:\/\/blog.12min.com\/br\/wp-json\/wp\/v2\/posts\/8216?print=print\" class=\"pdfprnt-button pdfprnt-button-print\" target=\"_blank\"><\/a><\/div>\n<p>Os anos se passam e diversas reflex\u00f5es e filosofias continuam sendo levantadas acerca da vida e da felicidade. Contudo, segundo Clovis Barros Filho e Arthur Meucci, em <a href=\"https:\/\/app.adjust.com\/7mvfth8?deeplink=twelvemin:\/\/book\/a-vida-que-vale-a-pena-ser-vivida\/&amp;fallback=https:\/\/12min.com\/br\/a-vida-que-vale-a-pena-ser-vivida?utm_source=blog12min&amp;utm_medium=blog&amp;utm_content=post&amp;utm_campaign=routine&amp;redirect_windows=https:\/\/12min.com\/br\/a-vida-que-vale-a-pena-ser-vivida?utm_source=blog12min&amp;utm_medium=blog&amp;utm_content=post&amp;utm_campaign=routine&amp;redirect_macos=https:\/\/12min.com\/br\/a-vida-que-vale-a-pena-ser-vivida?utm_source=blog12min&amp;utm_medium=blog&amp;utm_content=post&amp;utm_campaign=routine\">A Vida que Vale a Pena Ser Vivida<\/a>, n\u00e3o deve haver respostas prontas, mas verdadeiras reflex\u00f5es.<\/p>\n\n\n\n<p>Tido que cada um tem a sua vida (e dela n\u00e3o tiramos f\u00e9rias), o objetivo dos autores \u00e9, ent\u00e3o, clarear os nossos pensamentos e oferecer uma verdadeira luz \u00e0s nossas ideias, deixando-nos com &#8220;a faca e o queijo&#8221; na m\u00e3o. Para isso, analisam uma s\u00e9rie de pensadores de todos os tempos.<\/p>\n\n\n\n<p>Continue lendo e confira um resumo do livro A Vida que Vale a Pena Ser Vivida em PDF. Amantes ou apenas interessados em filosofia n\u00e3o podem perder!<\/p>\n\n\n\n<p>Para acessar a vers\u00e3o em PDF, basta baixar aqui ao lado.<\/p>\n\n\n\n<h2 class=\"wp-block-heading\">A Vida que Vale a Pena Ser Vivida<\/h2>\n\n\n\n<figure class=\"wp-block-image\"><img loading=\"lazy\" decoding=\"async\" width=\"196\" height=\"300\" src=\"https:\/\/blog.12min.com\/br\/wp-content\/uploads\/sites\/3\/2019\/07\/a-vida-que-vale-a-pena-ser-vivida-196x300.jpg\" alt=\"a vida que vale a pena ser vivida pdf baixar\" class=\"wp-image-8218\" srcset=\"https:\/\/blog.12min.com\/br\/wp-content\/uploads\/sites\/3\/2019\/07\/a-vida-que-vale-a-pena-ser-vivida-196x300.jpg 196w, https:\/\/blog.12min.com\/br\/wp-content\/uploads\/sites\/3\/2019\/07\/a-vida-que-vale-a-pena-ser-vivida.jpg 327w\" sizes=\"auto, (max-width: 196px) 100vw, 196px\" \/><\/figure>\n\n\n\n<p>Como todos bem sabem, a vida \u00e9 um sucess\u00e3o de escolhas. Mas voc\u00ea j\u00e1 parou para refletir sobre o prop\u00f3sito de cada escolha?<\/p>\n\n\n\n<p>J\u00e1 diziam S\u00f3crates e Plat\u00e3o que devemos &#8220;pensar para viver&#8221;. Mas, aten\u00e7\u00e3o, n\u00e3o se trata de qualquer pensamento! Os pensamentos bons, os pensamentos certos, sim. Talvez a\u00ed more a import\u00e2ncia das escolhas. Pensar antes de agir, para fazer escolhas com base em um prop\u00f3sito.<\/p>\n\n\n\n<p>Ainda, S\u00f3crates acreditava piamente na import\u00e2ncia do uso da raz\u00e3o acima dos sentidos. S\u00f3 \u00e9 virtuoso quem entende o verdadeiro significado de cada virtude. Voc\u00ea s\u00f3 pode dizer que ama, por exemplo, se sabe o significado do amor. S\u00f3 tem amigos quem sabe o que \u00e9 amizade.<\/p>\n\n\n\n<p>Trazendo esses pontos para a discuss\u00e3o sobre a vida, importante refor\u00e7ar que as respostas as quais tanto buscamos, a verdadeira ess\u00eancia da vida, est\u00e3o dentro de cada um. Assim, cabe ao indiv\u00edduo acess\u00e1-las.<\/p>\n\n\n\n<p>Isso \u00e9 de suma import\u00e2ncia para se estabelecer os crit\u00e9rios da vida boa, da vida que vale a pena.<\/p>\n\n\n\n<h2 class=\"wp-block-heading\">Viver e amar<\/h2>\n\n\n\n<p>Paralelamente, Plat\u00e3o expunha suas convic\u00e7\u00f5es sobre a diferen\u00e7a entre o corpo e a alma. O livro A Vida que Vale a Pena Ser Vivida explica que, para esse pensador, o corpo \u00e9 finito, material, sens\u00edvel e temporal. A alma, do contr\u00e1rio, \u00e9 a soberana. Dito isso, h\u00e1 algumas chances de seu corpo almejar uma vida e a alma, outra. Assim como viver \u00e9 diferente de amar.<\/p>\n\n\n\n<p>Felizmente, Plat\u00e3o nem sempre tem raz\u00e3o, afinal, para ele a vida seria como um p\u00eandulo, onde de um lado h\u00e1 o amor (desejo constante do que n\u00e3o temos e a frustra\u00e7\u00e3o da falta) e do outro o que temos somado ao t\u00e9dio. Segundo Clovis Barros Filho e Arthur Mucci, n\u00e3o pode ser nisso que se baseia a vida boa.<\/p>\n\n\n\n<p>J\u00e1 segundo a vis\u00e3o de Arist\u00f3teles, a vida se baseia em crit\u00e9rios que transcendem o indiv\u00edduo. Em outras palavras, \u00e9 preciso olhar para fora e entender a si como parte de um todo.<\/p>\n\n\n\n<p>\u00c9 claro que, na \u00e9poca, acreditava-se que o mundo estava dentro do Cosmos, vis\u00e3o que entendia o universo como limitado, ordenado e facilmente mapeado.<\/p>\n\n\n\n<p>De qualquer forma, o ponto \u00e9 que tudo que est\u00e1 ao nosso redor est\u00e1 incrivelmente em seu devido lugar. Paralelamente, tudo parece seguir um prop\u00f3sito maior. Uma pequena semente, por exemplo, tem todo o potencial para se tornar uma bela \u00e1rvore. Assim tamb\u00e9m somos n\u00f3s, seres humanos. Podemos nos tornar grandes, do tamanho dos nossos sonhos e, por isso, estamos constantemente aperfei\u00e7oando nossas habilidades em busca da excel\u00eancia.<\/p>\n\n\n\n<p>Tamb\u00e9m de acordo com Arist\u00f3teles, o talento nato \u00e9 aquilo que o Cosmos quer que voc\u00ea fa\u00e7a, como se fosse a finalidade de sua exist\u00eancia e a contribui\u00e7\u00e3o que voc\u00ea pode trazer \u00e0 humanidade. Sendo assim, encontre essa habilidade e dedique-se at\u00e9 chegar \u00e0 excel\u00eancia.<\/p>\n\n\n\n<h2 class=\"wp-block-heading\">O universo<\/h2>\n\n\n\n<p>Tudo no universo, exceto os homens (eis o mist\u00e9rio!), segue em constante harmonia. Desde o momento que nasce, cresce e morre. Seja a chuva, o sol, os animais, as plantas ou os planetas. No caso dos humanos, pensavam os gregos, deve haver um enorme esfor\u00e7o para pertencer, uma vez que a vida humana n\u00e3o veio pronta. H\u00e1 infinitas possibilidades!<\/p>\n\n\n\n<p>Por esses e outros motivos \u00e9 que o livro A Vida que Vale a Pena Ser Vivida n\u00e3o traz uma f\u00f3rmula pronta para a vida, mas uma s\u00e9rie de reflex\u00f5es.<\/p>\n\n\n\n<p>Ent\u00e3o, se voc\u00ea encontrar qualquer material em forma de guia, com X passos para a felicidade, ponha um p\u00e9 atr\u00e1s. O que leva a alegria a alguns pode decretar a tristeza de outros.<\/p>\n\n\n\n<p>Para Clovis de Barros Filho, no racional, s\u00e3o apenas 3 aspectos que definem a vida boa:<\/p>\n\n\n\n<ol class=\"wp-block-list\"><li>O lugar natural de cada um, onde pertencemos<\/li><li>As atividades desempenhadas alinhadas \u00e0s aptid\u00f5es &#8211; buscando a excel\u00eancia<\/li><li>A finalidade a ser alcan\u00e7ada ao longo de sua finita exist\u00eancia (o prop\u00f3sito)<\/li><\/ol>\n\n\n\n<figure class=\"wp-block-image\"><img loading=\"lazy\" decoding=\"async\" width=\"1000\" height=\"667\" src=\"https:\/\/blog.12min.com\/br\/wp-content\/uploads\/sites\/3\/2019\/07\/shutterstock_370629407.jpg\" alt=\"clovis barros filho a vida que vale a pena ser vivida\" class=\"wp-image-8219\" srcset=\"https:\/\/blog.12min.com\/br\/wp-content\/uploads\/sites\/3\/2019\/07\/shutterstock_370629407.jpg 1000w, https:\/\/blog.12min.com\/br\/wp-content\/uploads\/sites\/3\/2019\/07\/shutterstock_370629407-300x200.jpg 300w, https:\/\/blog.12min.com\/br\/wp-content\/uploads\/sites\/3\/2019\/07\/shutterstock_370629407-768x512.jpg 768w\" sizes=\"auto, (max-width: 1000px) 100vw, 1000px\" \/><\/figure>\n\n\n\n<p>Epicuro, fil\u00f3sofo aluno da Academia de Plat\u00e3o, j\u00e1 resumia muito bem afirmando que toda sabedoria deve ser adequada \u00e0 vida, \u00e0 \u00e9tica. Afinal, pensamos para viver melhor e n\u00e3o vivemos para pensar melhor.<\/p>\n\n\n\n<p>O est\u00f3ico romano S\u00eaneca n\u00e3o pensava diferente. Para ele, a felicidade &#8211; logo, a <a href=\"https:\/\/blog.12min.com\/br\/resumo-do-livro-atencao-plena-mindfulness-pdf\/\" target=\"_blank\" rel=\"noreferrer noopener\" aria-label=\" (opens in a new tab)\">tranquilidade<\/a> &#8211; da alma e do corpo \u00e9 um dever moral. Temos o dever de sermos felizes, lamentando menos, desejando menos e amando mais!<\/p>\n\n\n\n<h2 class=\"wp-block-heading\">Deus e a vida humana<\/h2>\n\n\n\n<p>Mantendo o foco nos aspectos da &#8220;vida boa&#8221;, os autores de &#8221;A Vida que Vale a Pena Ser Vivida&#8221; fazem tamb\u00e9m uma breve an\u00e1lise da rela\u00e7\u00e3o entre Deus e a vida humana. Mesmo quem n\u00e3o cr\u00ea deve admitir a pertin\u00eancia dessa discuss\u00e3o. Afinal, a f\u00e9 em Deus e seus ensinamentos sempre estiveram presentes e interferiram na nossa maneira de agir e de ver o mundo.<\/p>\n\n\n\n<p>Inclusive, o recurso ao divino sempre foi estrat\u00e9gia recorrente dos pensamentos de Plat\u00e3o e Arist\u00f3teles para explicar a origem e a ordem do mundo. O pr\u00f3prio divino que conferia a ordem harm\u00f4nica do universo e se manifestava nas mais maravilhosas coisas ao nosso redor.<\/p>\n\n\n\n<p>Com a chegada do cristianismo, iniciou-se uma ruptura nesse pensamento. Deus deixa de ser uma ordem c\u00f3smica an\u00f4nima, para se tornar um indiv\u00edduo divino que, encarnado, poderia ser visto na rua, tocado e ouvido por aqueles que estavam vivos na mesma \u00e9poca.<\/p>\n\n\n\n<p>J\u00e1 na concep\u00e7\u00e3o grega, o divino deveria ser identificado pela raz\u00e3o. Qualquer pensante poderia deduzir a ordem divina do mundo ao contempl\u00e1-la na natureza.<\/p>\n\n\n\n<p>Quando surge Cristo como homem, passa a ser muito importante a confian\u00e7a de que o homem Jesus n\u00e3o estivesse mentindo ou enganando. Confian\u00e7a a qual o crist\u00e3o vai chamar de f\u00e9.<\/p>\n\n\n\n<h2 class=\"wp-block-heading\">A igualdade<\/h2>\n\n\n\n<p>A mudan\u00e7a mais marcante causada pelo cristianismo talvez tenha sido a igualdade. At\u00e9 ent\u00e3o, havia um conceito de superioridade. Alguns homens possu\u00edam mais &#8211; e &#8220;melhores&#8221; &#8211; habilidades natas, logo, eram considerados superiores. Com a f\u00e9, todos os homens passaram a ser iguais perante Deus.<\/p>\n\n\n\n<p>Outro conceito importante de ser abordado \u00e9 o trabalho. Tido que Deus tamb\u00e9m trabalhou (7 dias para construir o universo), <a href=\"https:\/\/blog.12min.com\/br\/destacar-no-trabalho\/\" target=\"_blank\" rel=\"noreferrer noopener\" aria-label=\" (opens in a new tab)\">trabalhar passou a dignificar e enaltecer o homem<\/a>.<\/p>\n\n\n\n<p>Os gregos relacionavam o amor ao apego. Logo, como a vida \u00e9 finita, ap\u00f3s a morte s\u00f3 restava o sofrimento. \u00c9 como se o amor ao pr\u00f3ximo n\u00e3o valesse a pena. Com a chegada do cristianismo, tamb\u00e9m foi muito importante o conceito de comunh\u00e3o e reencontro com os entes queridos ap\u00f3s a morte, no para\u00edso. Assim, n\u00e3o havia mais motivos para n\u00e3o amar.<\/p>\n\n\n\n<p>Lembra daqueles 3 aspectos que definem a vida boa? Em Cristo, somos iguais, podemos trabalhar sem ser inferiorizados e amar incondicionalmente. Assim, na vis\u00e3o do cristianismo, a vida vale a pena.<\/p>\n\n\n\n<h2 class=\"wp-block-heading\">A vida e a pot\u00eancia<\/h2>\n\n\n\n<figure class=\"wp-block-image\"><img loading=\"lazy\" decoding=\"async\" width=\"1000\" height=\"667\" src=\"https:\/\/blog.12min.com\/br\/wp-content\/uploads\/sites\/3\/2019\/07\/shutterstock_1083806558.jpg\" alt=\"a vida que vale a pena ser vivida resumo\" class=\"wp-image-8222\" srcset=\"https:\/\/blog.12min.com\/br\/wp-content\/uploads\/sites\/3\/2019\/07\/shutterstock_1083806558.jpg 1000w, https:\/\/blog.12min.com\/br\/wp-content\/uploads\/sites\/3\/2019\/07\/shutterstock_1083806558-300x200.jpg 300w, https:\/\/blog.12min.com\/br\/wp-content\/uploads\/sites\/3\/2019\/07\/shutterstock_1083806558-768x512.jpg 768w\" sizes=\"auto, (max-width: 1000px) 100vw, 1000px\" \/><\/figure>\n\n\n\n<p>Chega, ent\u00e3o, o fil\u00f3sofo Espinosa, que concebe o termo &#8221;pot\u00eancia de agir&#8221;. Tal pot\u00eancia nada mais \u00e9 que a vida, ou seja, \u00e9 pessoal, inalien\u00e1vel, intransfer\u00edvel e incompartilh\u00e1vel. Logo, a solid\u00e3o, por exemplo, existe sempre em si mesmo, nunca no outro.<\/p>\n\n\n\n<p>Contudo, obviamente, o resto do mundo n\u00e3o sai de nossa frente, ent\u00e3o, o meio interfere na nossa pot\u00eancia.<\/p>\n\n\n\n<p>Al\u00e9m disso, Espinosa acreditava que n\u00e3o havia beleza ou feiura, justi\u00e7a ou crueldade. Esses crit\u00e9rios s\u00e3o apenas tra\u00e7os que n\u00f3s mesmos atribu\u00edmos ao mundo.<\/p>\n\n\n\n<p>Considerava, ainda, o mundo como o todo e as rela\u00e7\u00f5es entre todas as partes. Posto isso, o todo imp\u00f5e sua pr\u00f3pria lei. Se uma parte age sobre a outra, significa que produz efeitos sobre essa outra parte, tornando-a diferente do que era antes da a\u00e7\u00e3o, e vice-versa. E viver \u00e9 relacionar-se, \u00e9 estar em rela\u00e7\u00e3o com o mundo.<\/p>\n\n\n\n<p>Somos efeito do mundo com o qual nos relacionamos. Por\u00e9m, \u00e9 suma import\u00e2ncia lembrar que tais efeitos n\u00e3o s\u00e3o l\u00f3gicos ou sequer compreens\u00edveis. Por esse motivo, muitas vezes, nos convertemos no que somos sem entendermos muito bem como ou o porqu\u00ea.<\/p>\n\n\n\n<p>\u00c9 claro que \u00e9 bem dif\u00edcil exercer a fun\u00e7\u00e3o de viver com maestria, porque a vida \u00e9 uma sucess\u00e3o de encontros in\u00e9ditos. N\u00f3s estamos em constante transforma\u00e7\u00e3o e o mundo tamb\u00e9m. Mas da\u00ed a import\u00e2ncia de lutarmos para nos defender e ansiar por momentos cada vez melhores.&nbsp;<\/p>\n\n\n\n<p>Como estamos em constante rela\u00e7\u00e3o, nosso corpo est\u00e1 ininterruptamente passando de um estado a outro. O ganho de pot\u00eancia denomina-se alegria. Do contr\u00e1rio, a perda de pot\u00eancia denomina-se tristeza.<\/p>\n\n\n\n<h2 class=\"wp-block-heading\">Utilitarismo<\/h2>\n\n\n\n<p>Desde pequenos, nos exigem resultados excelentes o tempo todo. Boas notas, pr\u00eamios, aprova\u00e7\u00f5es, <a href=\"https:\/\/blog.12min.com\/br\/como-estabelecer-metas\/\" target=\"_blank\" rel=\"noreferrer noopener\" aria-label=\" (opens in a new tab)\">metas<\/a> etc.<\/p>\n\n\n\n<p>A vida vem sendo julgada no pensamento filos\u00f3fico do Utilitarismo. Nessa concep\u00e7\u00e3o, os resultados de nossas intera\u00e7\u00f5es no mundo \u00e9 um crit\u00e9rio para definir que a vida vale a pena. Ainda segundo essa perspectiva, o valor das nossas a\u00e7\u00f5es n\u00e3o pode ser percebido na a\u00e7\u00e3o em si, nem na pretens\u00e3o ao execut\u00e1-la, mas nas consequ\u00eancias.<\/p>\n\n\n\n<p>Em outras palavras, a a\u00e7\u00e3o boa \u00e9 a que promove o maior bem-estar para o conjunto de pessoas. Todos que nos cercam devem viver dignamente tamb\u00e9m. Isso, porque por maiores que fossem nossos esfor\u00e7os no sentido de uma evolu\u00e7\u00e3o pessoal, a tristeza dos demais contamina nossa exist\u00eancia.<\/p>\n\n\n\n<p>J\u00e1 o <a href=\"https:\/\/www.infoescola.com\/biografias\/immanuel-kant\/\" target=\"_blank\" rel=\"noreferrer noopener\" aria-label=\" (opens in a new tab)\">fil\u00f3sofo Kant<\/a> n\u00e3o admite que os utilitaristas t\u00eam raz\u00e3o para o significado de \u201cvida boa\u201d. Para esse pensador, os efeitos de uma a\u00e7\u00e3o n\u00e3o s\u00e3o um bom crit\u00e9rio para definir o valor da sua delibera\u00e7\u00e3o, porque esses efeitos n\u00e3o est\u00e3o sob o controle de quem a delibera.<\/p>\n\n\n\n<p>Rousseau desenvolve o pensamento de Kant, afirmando que o ser humano, antes de tudo, \u00e9 um ser de raz\u00e3o e liberdade. Ele tem prefer\u00eancias e seu comportamento \u00e9 fortemente influenciado pelo ambiente, sim. Por\u00e9m, diferente de outros animais, o homem pode se governar. Enquanto os animais apenas reagem, os seres humanos deliberam, orientando-se por princ\u00edpios.<\/p>\n\n\n\n<p>Estamos condenados \u00e0 liberdade de definir a nossa pr\u00f3pria vida.<\/p>\n\n\n\n<figure class=\"wp-block-image\"><img loading=\"lazy\" decoding=\"async\" width=\"1000\" height=\"547\" src=\"https:\/\/blog.12min.com\/br\/wp-content\/uploads\/sites\/3\/2019\/07\/shutterstock_1059981530.jpg\" alt=\"livro a vida que vale a pena ser vivida \" class=\"wp-image-8221\" srcset=\"https:\/\/blog.12min.com\/br\/wp-content\/uploads\/sites\/3\/2019\/07\/shutterstock_1059981530.jpg 1000w, https:\/\/blog.12min.com\/br\/wp-content\/uploads\/sites\/3\/2019\/07\/shutterstock_1059981530-300x164.jpg 300w, https:\/\/blog.12min.com\/br\/wp-content\/uploads\/sites\/3\/2019\/07\/shutterstock_1059981530-768x420.jpg 768w\" sizes=\"auto, (max-width: 1000px) 100vw, 1000px\" \/><\/figure>\n\n\n\n<h1 class=\"wp-block-heading\">Resumo do livro A Vida que Vale a Pena Ser Vivida em PDF<\/h1>\n\n\n\n<p>Feliz \u00e9 aquele que \u00e9 digno de confian\u00e7a, que exerce seus talentos com intensidade em prol da sociedade, que ama e conhece seu prop\u00f3sito. N\u00e3o que seja tarefa f\u00e1cil, n\u00e3o \u00e9 mesmo?<\/p>\n\n\n\n<p>O que achou do resumo do livro A Vida que Vale a Pena Ser Vivida, de Cl\u00f3vis de Barros Filho e Arthur Meucci?<\/p>\n\n\n\n<p>Voc\u00ea tamb\u00e9m pode conferir um resumo mais completo atrav\u00e9s do microbook que temos no <a href=\"https:\/\/app.adjust.com\/7mvfth8?deeplink=twelvemin:\/\/book\/\/&amp;fallback=https:\/\/12min.com\/br\/?utm_source=blog12min&amp;utm_medium=blog&amp;utm_content=post&amp;utm_campaign=routine&amp;redirect_windows=https:\/\/12min.com\/br\/?utm_source=blog12min&amp;utm_medium=blog&amp;utm_content=post&amp;utm_campaign=routine&amp;redirect_macos=https:\/\/12min.com\/br\/?utm_source=blog12min&amp;utm_medium=blog&amp;utm_content=post&amp;utm_campaign=routine\">app do 12min<\/a>. Ainda no app, al\u00e9m dessa obra, possu\u00edmos centenas de outros t\u00edtulos de neg\u00f3cios e desenvolvimento pessoal. Est\u00e1 dispon\u00edvel em sua lojinha de aplicativos \ud83d\ude42<\/p>\n\n\n\n<p>Segue a sugest\u00e3o de uma outra leitura:<\/p>\n\n\n\n<h3 class=\"wp-block-heading\"><a href=\"https:\/\/app.adjust.com\/7mvfth8?deeplink=twelvemin:\/\/book\/filosofia-e-nos-com-isso\/&amp;fallback=https:\/\/12min.com\/br\/filosofia-e-nos-com-isso?utm_source=blog12min&amp;utm_medium=blog&amp;utm_content=post&amp;utm_campaign=routine&amp;redirect_windows=https:\/\/12min.com\/br\/filosofia-e-nos-com-isso?utm_source=blog12min&amp;utm_medium=blog&amp;utm_content=post&amp;utm_campaign=routine&amp;redirect_macos=https:\/\/12min.com\/br\/filosofia-e-nos-com-isso?utm_source=blog12min&amp;utm_medium=blog&amp;utm_content=post&amp;utm_campaign=routine\">Filosofia: E N\u00f3s Com Isso?<\/a> &#8211; Mario Sergio Cortella<\/h3>\n\n\n\n<figure class=\"wp-block-image\"><img loading=\"lazy\" decoding=\"async\" width=\"198\" height=\"300\" src=\"https:\/\/blog.12min.com\/br\/wp-content\/uploads\/sites\/3\/2019\/07\/41QnX36rr7L._SX327_BO1204203200_-198x300.jpg\" alt=\"Filosofia: E N\u00f3s Com Isso?\" class=\"wp-image-8217\" srcset=\"https:\/\/blog.12min.com\/br\/wp-content\/uploads\/sites\/3\/2019\/07\/41QnX36rr7L._SX327_BO1204203200_-198x300.jpg 198w, https:\/\/blog.12min.com\/br\/wp-content\/uploads\/sites\/3\/2019\/07\/41QnX36rr7L._SX327_BO1204203200_.jpg 329w\" sizes=\"auto, (max-width: 198px) 100vw, 198px\" \/><\/figure>\n\n\n\n<p>Nesse livro, M\u00e1rio S\u00e9rgio Cortella, um dos mais aclamados pensadores da atualidade, apresenta aos leitores questionamentos profundos e necess\u00e1rios, explicando a import\u00e2ncia da Filosofia para os mais distintos aspectos de nossas vidas. Amplie sua consci\u00eancia e fortale\u00e7a sua liberdade com essa obra!<\/p>\n\n\n\n<p>Boa leitura!<br><\/p>\n","protected":false},"excerpt":{"rendered":"<p>8 min de leitura \u231a&nbsp; Os anos se passam e diversas reflex\u00f5es e filosofias continuam sendo levantadas acerca da vida e da felicidade. Contudo, segundo Clovis Barros Filho e Arthur Meucci, em A Vida que Vale a Pena Ser Vivida, n\u00e3o deve haver respostas prontas, mas verdadeiras reflex\u00f5es. Tido que cada um tem a sua [&hellip;]<\/p>\n","protected":false},"author":48,"featured_media":8220,"comment_status":"closed","ping_status":"closed","sticky":false,"template":"","format":"standard","meta":{"_exactmetrics_skip_tracking":false,"_exactmetrics_sitenote_active":false,"_exactmetrics_sitenote_note":"","_exactmetrics_sitenote_category":0,"footnotes":""},"categories":[2],"tags":[],"class_list":["post-8216","post","type-post","status-publish","format-standard","has-post-thumbnail","hentry","category-conhecimento","wpbf-post"],"yoast_head":"<!-- This site is optimized with the Yoast SEO plugin v26.4 - https:\/\/yoast.com\/wordpress\/plugins\/seo\/ -->\n<title>Resumo do Livro A Vida que Vale a Pena Ser Vivida, de Clovis de Barros Filho e Arthur Meucci -<\/title>\n<meta name=\"description\" content=\"Vida e felicidade. O livro A Vida que Vale a Pena Ser Vivida oferecer uma verdadeira luz para clarear os nossos pensamentos, na hora de fazermos escolhas.\" \/>\n<meta name=\"robots\" content=\"index, follow, max-snippet:-1, max-image-preview:large, max-video-preview:-1\" \/>\n<link rel=\"canonical\" href=\"https:\/\/blog.12min.com\/br\/resumo-do-livro-a-vida-que-vale-a-pena-ser-vivida-pdf\/\" \/>\n<meta property=\"og:locale\" content=\"en_US\" \/>\n<meta property=\"og:type\" content=\"article\" \/>\n<meta property=\"og:title\" content=\"Resumo do Livro A Vida que Vale a Pena Ser Vivida, de Clovis de Barros Filho e Arthur Meucci -\" \/>\n<meta property=\"og:description\" content=\"Vida e felicidade. O livro A Vida que Vale a Pena Ser Vivida oferecer uma verdadeira luz para clarear os nossos pensamentos, na hora de fazermos escolhas.\" \/>\n<meta property=\"og:url\" content=\"https:\/\/blog.12min.com\/br\/resumo-do-livro-a-vida-que-vale-a-pena-ser-vivida-pdf\/\" \/>\n<meta property=\"og:site_name\" content=\"Blog do 12min\" \/>\n<meta property=\"article:published_time\" content=\"2019-07-12T21:39:26+00:00\" \/>\n<meta property=\"article:modified_time\" content=\"2019-07-30T18:30:45+00:00\" \/>\n<meta property=\"og:image\" content=\"https:\/\/blog.12min.com\/br\/wp-content\/uploads\/sites\/3\/2019\/07\/shutterstock_1038286189.jpg\" \/>\n\t<meta property=\"og:image:width\" content=\"1000\" \/>\n\t<meta property=\"og:image:height\" content=\"667\" \/>\n\t<meta property=\"og:image:type\" content=\"image\/jpeg\" \/>\n<meta name=\"author\" content=\"Emir Zecovic\" \/>\n<meta name=\"twitter:card\" content=\"summary_large_image\" \/>\n<meta name=\"twitter:label1\" content=\"Written by\" \/>\n\t<meta name=\"twitter:data1\" content=\"Emir Zecovic\" \/>\n\t<meta name=\"twitter:label2\" content=\"Est. reading time\" \/>\n\t<meta name=\"twitter:data2\" content=\"10 minutes\" \/>\n<!-- \/ Yoast SEO plugin. -->","yoast_head_json":{"title":"Resumo do Livro A Vida que Vale a Pena Ser Vivida, de Clovis de Barros Filho e Arthur Meucci -","description":"Vida e felicidade. O livro A Vida que Vale a Pena Ser Vivida oferecer uma verdadeira luz para clarear os nossos pensamentos, na hora de fazermos escolhas.","robots":{"index":"index","follow":"follow","max-snippet":"max-snippet:-1","max-image-preview":"max-image-preview:large","max-video-preview":"max-video-preview:-1"},"canonical":"https:\/\/blog.12min.com\/br\/resumo-do-livro-a-vida-que-vale-a-pena-ser-vivida-pdf\/","og_locale":"en_US","og_type":"article","og_title":"Resumo do Livro A Vida que Vale a Pena Ser Vivida, de Clovis de Barros Filho e Arthur Meucci -","og_description":"Vida e felicidade. O livro A Vida que Vale a Pena Ser Vivida oferecer uma verdadeira luz para clarear os nossos pensamentos, na hora de fazermos escolhas.","og_url":"https:\/\/blog.12min.com\/br\/resumo-do-livro-a-vida-que-vale-a-pena-ser-vivida-pdf\/","og_site_name":"Blog do 12min","article_published_time":"2019-07-12T21:39:26+00:00","article_modified_time":"2019-07-30T18:30:45+00:00","og_image":[{"width":1000,"height":667,"url":"https:\/\/blog.12min.com\/br\/wp-content\/uploads\/sites\/3\/2019\/07\/shutterstock_1038286189.jpg","type":"image\/jpeg"}],"author":"Emir Zecovic","twitter_card":"summary_large_image","twitter_misc":{"Written by":"Emir Zecovic","Est. reading time":"10 minutes"},"schema":{"@context":"https:\/\/schema.org","@graph":[{"@type":"WebPage","@id":"https:\/\/blog.12min.com\/br\/resumo-do-livro-a-vida-que-vale-a-pena-ser-vivida-pdf\/","url":"https:\/\/blog.12min.com\/br\/resumo-do-livro-a-vida-que-vale-a-pena-ser-vivida-pdf\/","name":"Resumo do Livro A Vida que Vale a Pena Ser Vivida, de Clovis de Barros Filho e Arthur Meucci -","isPartOf":{"@id":"https:\/\/blog.12min.com\/br\/#website"},"primaryImageOfPage":{"@id":"https:\/\/blog.12min.com\/br\/resumo-do-livro-a-vida-que-vale-a-pena-ser-vivida-pdf\/#primaryimage"},"image":{"@id":"https:\/\/blog.12min.com\/br\/resumo-do-livro-a-vida-que-vale-a-pena-ser-vivida-pdf\/#primaryimage"},"thumbnailUrl":"https:\/\/blog.12min.com\/br\/wp-content\/uploads\/sites\/3\/2019\/07\/shutterstock_1038286189.jpg","datePublished":"2019-07-12T21:39:26+00:00","dateModified":"2019-07-30T18:30:45+00:00","author":{"@id":"https:\/\/blog.12min.com\/br\/#\/schema\/person\/ccaf1a7ac6cac4265aa3afb02ae667f4"},"description":"Vida e felicidade. O livro A Vida que Vale a Pena Ser Vivida oferecer uma verdadeira luz para clarear os nossos pensamentos, na hora de fazermos escolhas.","breadcrumb":{"@id":"https:\/\/blog.12min.com\/br\/resumo-do-livro-a-vida-que-vale-a-pena-ser-vivida-pdf\/#breadcrumb"},"inLanguage":"en-US","potentialAction":[{"@type":"ReadAction","target":["https:\/\/blog.12min.com\/br\/resumo-do-livro-a-vida-que-vale-a-pena-ser-vivida-pdf\/"]}]},{"@type":"ImageObject","inLanguage":"en-US","@id":"https:\/\/blog.12min.com\/br\/resumo-do-livro-a-vida-que-vale-a-pena-ser-vivida-pdf\/#primaryimage","url":"https:\/\/blog.12min.com\/br\/wp-content\/uploads\/sites\/3\/2019\/07\/shutterstock_1038286189.jpg","contentUrl":"https:\/\/blog.12min.com\/br\/wp-content\/uploads\/sites\/3\/2019\/07\/shutterstock_1038286189.jpg","width":1000,"height":667,"caption":"A vida que vale a pena ser vivida"},{"@type":"BreadcrumbList","@id":"https:\/\/blog.12min.com\/br\/resumo-do-livro-a-vida-que-vale-a-pena-ser-vivida-pdf\/#breadcrumb","itemListElement":[{"@type":"ListItem","position":1,"name":"In\u00edcio","item":"https:\/\/blog.12min.com\/br\/"},{"@type":"ListItem","position":2,"name":"Resumo do Livro A Vida que Vale a Pena Ser Vivida, de Clovis de Barros Filho e Arthur Meucci"}]},{"@type":"WebSite","@id":"https:\/\/blog.12min.com\/br\/#website","url":"https:\/\/blog.12min.com\/br\/","name":"Blog do 12min","description":"Livros, Audiobooks e Resumos","potentialAction":[{"@type":"SearchAction","target":{"@type":"EntryPoint","urlTemplate":"https:\/\/blog.12min.com\/br\/?s={search_term_string}"},"query-input":{"@type":"PropertyValueSpecification","valueRequired":true,"valueName":"search_term_string"}}],"inLanguage":"en-US"},{"@type":"Person","@id":"https:\/\/blog.12min.com\/br\/#\/schema\/person\/ccaf1a7ac6cac4265aa3afb02ae667f4","name":"Emir Zecovic","description":"Emir is the Head of Marketing\u00a0at 12min. In his spare time, he loves to meditate and play soccer.","url":"https:\/\/blog.12min.com\/br\/author\/emir\/"}]}},"amp_enabled":true,"_links":{"self":[{"href":"https:\/\/blog.12min.com\/br\/wp-json\/wp\/v2\/posts\/8216","targetHints":{"allow":["GET"]}}],"collection":[{"href":"https:\/\/blog.12min.com\/br\/wp-json\/wp\/v2\/posts"}],"about":[{"href":"https:\/\/blog.12min.com\/br\/wp-json\/wp\/v2\/types\/post"}],"author":[{"embeddable":true,"href":"https:\/\/blog.12min.com\/br\/wp-json\/wp\/v2\/users\/48"}],"replies":[{"embeddable":true,"href":"https:\/\/blog.12min.com\/br\/wp-json\/wp\/v2\/comments?post=8216"}],"version-history":[{"count":4,"href":"https:\/\/blog.12min.com\/br\/wp-json\/wp\/v2\/posts\/8216\/revisions"}],"predecessor-version":[{"id":8464,"href":"https:\/\/blog.12min.com\/br\/wp-json\/wp\/v2\/posts\/8216\/revisions\/8464"}],"wp:featuredmedia":[{"embeddable":true,"href":"https:\/\/blog.12min.com\/br\/wp-json\/wp\/v2\/media\/8220"}],"wp:attachment":[{"href":"https:\/\/blog.12min.com\/br\/wp-json\/wp\/v2\/media?parent=8216"}],"wp:term":[{"taxonomy":"category","embeddable":true,"href":"https:\/\/blog.12min.com\/br\/wp-json\/wp\/v2\/categories?post=8216"},{"taxonomy":"post_tag","embeddable":true,"href":"https:\/\/blog.12min.com\/br\/wp-json\/wp\/v2\/tags?post=8216"}],"curies":[{"name":"wp","href":"https:\/\/api.w.org\/{rel}","templated":true}]}}