{"id":8866,"date":"2019-08-29T14:22:14","date_gmt":"2019-08-29T17:22:14","guid":{"rendered":"https:\/\/blog.12min.com\/br\/?p=8866"},"modified":"2019-08-30T13:15:29","modified_gmt":"2019-08-30T16:15:29","slug":"resumo-do-livro-o-codigo-da-inteligencia-de-augusto-cury-em-pdf","status":"publish","type":"post","link":"https:\/\/blog.12min.com\/br\/resumo-do-livro-o-codigo-da-inteligencia-de-augusto-cury-em-pdf\/","title":{"rendered":"Resumo do Livro O C\u00f3digo da Intelig\u00eancia, de Augusto Cury,"},"content":{"rendered":"<p class=\"wpwc-reading-time\">9 min de leitura \u231a&nbsp;<\/p><div class=\"pdfprnt-buttons pdfprnt-buttons-post pdfprnt-top-right\"><a href=\"https:\/\/blog.12min.com\/br\/wp-json\/wp\/v2\/posts\/8866?print=pdf\" class=\"pdfprnt-button pdfprnt-button-pdf\" target=\"_blank\"><\/a><a href=\"https:\/\/blog.12min.com\/br\/wp-json\/wp\/v2\/posts\/8866?print=print\" class=\"pdfprnt-button pdfprnt-button-print\" target=\"_blank\"><\/a><\/div>\n<p>Como assumir o controle da nossa vida, superar medos, inseguran\u00e7as e limita\u00e7\u00f5es? O m\u00e9dico psiquiatra, professor e escritor brasileiro, Augusto Cury, garante que existe um conjunto de habilidades que ajudam a <a rel=\"noreferrer noopener\" aria-label=\" (opens in a new tab)\" href=\"https:\/\/blog.12min.com\/br\/como-ter-criatividade\/\" target=\"_blank\">soltar a criatividade<\/a> e ter uma vida equilibrada. E tudo isso est\u00e1 no livro <a href=\"https:\/\/app.adjust.com\/7mvfth8?deeplink=twelvemin:\/\/book\/o-codigo-da-inteligencia\/&amp;fallback=https:\/\/12min.com\/br\/o-codigo-da-inteligencia?utm_source=blog12min&amp;utm_medium=blog&amp;utm_content=post&amp;utm_campaign=routine&amp;redirect_windows=https:\/\/12min.com\/br\/o-codigo-da-inteligencia?utm_source=blog12min&amp;utm_medium=blog&amp;utm_content=post&amp;utm_campaign=routine&amp;redirect_macos=https:\/\/12min.com\/br\/o-codigo-da-inteligencia?utm_source=blog12min&amp;utm_medium=blog&amp;utm_content=post&amp;utm_campaign=routine\" target=\"_blank\" rel=\"noreferrer noopener\" aria-label=\" (opens in a new tab)\">O C\u00f3digo da Intelig\u00eancia<\/a>, que j\u00e1 vendeu mais de um milh\u00e3o de exemplares.<\/p>\n\n\n\n<figure class=\"wp-block-image\"><img loading=\"lazy\" decoding=\"async\" width=\"208\" height=\"300\" src=\"https:\/\/blog.12min.com\/br\/wp-content\/uploads\/sites\/3\/2019\/08\/O-Co\u0301digo-da-Intelige\u0302ncia-208x300.jpg\" alt=\"o c\u00f3digo da intelig\u00eancia livro\" class=\"wp-image-8869\" srcset=\"https:\/\/blog.12min.com\/br\/wp-content\/uploads\/sites\/3\/2019\/08\/O-Co\u0301digo-da-Intelige\u0302ncia-208x300.jpg 208w, https:\/\/blog.12min.com\/br\/wp-content\/uploads\/sites\/3\/2019\/08\/O-Co\u0301digo-da-Intelige\u0302ncia.jpg 346w\" sizes=\"auto, (max-width: 208px) 100vw, 208px\" \/><\/figure>\n\n\n\n<p>Al\u00e9m dos C\u00f3digos da Intelig\u00eancia, o autor fala tamb\u00e9m sobre quatro armadilhas da mente que bloqueiam a intelig\u00eancia e a sa\u00fade ps\u00edquica. Ou seja: o conformismo, o coitadismo, o medo de reconhecer os erros e o medo de correr riscos. Tudo isso numa linguagem simples e de f\u00e1cil entendimento.<\/p>\n\n\n\n<p>Ent\u00e3o, voc\u00ea est\u00e1 preparado para seguir adiante? Voc\u00ea pode continuar lendo aqui o resumo do livro O C\u00f3digo da Intelig\u00eancia ou baixar o PDF ao lado.<\/p>\n\n\n\n<h2 class=\"wp-block-heading\">Sobre o autor<\/h2>\n\n\n\n<p>Augusto Cury \u00e9 autor de uma lista enorme de livros, entre eles, o best-seller Teoria da Intelig\u00eancia Multifocal. Suas obras foram publicadas em mais de 70 pa\u00edses, com 25 milh\u00f5es de unidades vendidas, somente no Brasil.<\/p>\n\n\n\n<p>Cury foi considerado o autor brasileiro mais lido da \u00faltima d\u00e9cada, pela revista ISTO\u00c9 e pelo jornal Folha de S. Paulo. Al\u00e9m disso, ele recebeu o pr\u00eamio de melhor fic\u00e7\u00e3o de 2009, pela Academia Chinesa de Literatura, com o livro O Vendedor de Sonhos, que foi adaptado para o cinema em 2016.<\/p>\n\n\n\n<h2 class=\"wp-block-heading\">O C\u00f3digo da Intelig\u00eancia<\/h2>\n\n\n\n<p>Augusto Cury diz que n\u00e3o se curvaria diante de nenhuma autoridade pol\u00edtica, nem de nenhuma celebridade. No entanto, ele se curvaria diante de todos os professores e alunos do mundo. S\u00e3o a eles que o autor dedica a sua obra O C\u00f3digo da Intelig\u00eancia.<\/p>\n\n\n\n<p>Segundo o autor, esses c\u00f3digos atuam em diversas \u00e1reas, por exemplo, educa\u00e7\u00e3o, psicologia, sociologia, filosofia, psiquiatria. Mas, apesar de ter estudado mais de 50 deles, o livro destaca os nove considerados mais relevantes, na sociedade estressante em que vivemos.<\/p>\n\n\n\n<p>Vamos conhecer, ent\u00e3o, cada um deles e seus desdobramentos.<\/p>\n\n\n\n<h2 class=\"wp-block-heading\">O C\u00f3digo da Intelig\u00eancia # 1: Eu Como Gestor do Intelecto<\/h2>\n\n\n\n<figure class=\"wp-block-image\"><img loading=\"lazy\" decoding=\"async\" width=\"1024\" height=\"768\" src=\"https:\/\/blog.12min.com\/br\/wp-content\/uploads\/sites\/3\/2019\/08\/shutterstock_751497352-1-1024x768.jpg\" alt=\"o c\u00f3digo da intelig\u00eancia pdf\" class=\"wp-image-8878\" srcset=\"https:\/\/blog.12min.com\/br\/wp-content\/uploads\/sites\/3\/2019\/08\/shutterstock_751497352-1-1024x768.jpg 1024w, https:\/\/blog.12min.com\/br\/wp-content\/uploads\/sites\/3\/2019\/08\/shutterstock_751497352-1-300x225.jpg 300w, https:\/\/blog.12min.com\/br\/wp-content\/uploads\/sites\/3\/2019\/08\/shutterstock_751497352-1-768x576.jpg 768w, https:\/\/blog.12min.com\/br\/wp-content\/uploads\/sites\/3\/2019\/08\/shutterstock_751497352-1.jpg 1500w\" sizes=\"auto, (max-width: 1024px) 100vw, 1024px\" \/><\/figure>\n\n\n\n<p>Para ser um gestor inteligente e eficiente do intelecto, o autor recomenda:<\/p>\n\n\n\n<ol class=\"wp-block-list\"><li>Ter consci\u00eancia da capacidade de escolha, autodetermina\u00e7\u00e3o e consci\u00eancia cr\u00edtica.<\/li><li>Treinar-se para administrar pensamentos, ideias, imagens mentais e fantasias.<\/li><li>Ter consci\u00eancia de que tanto a qualidade quanto a quantidade dos pensamentos podem comprometer a sa\u00fade ps\u00edquica.<\/li><li>Estar atento \u00e0 <a rel=\"noreferrer noopener\" aria-label=\" (opens in a new tab)\" href=\"http:\/\/mentes\" target=\"_blank\">S\u00edndrome do Pensamento Acelerado (SPA)<\/a>, pois, ela compromete uma s\u00e9rie de c\u00f3digos da intelig\u00eancia, como o c\u00f3digo da interioriza\u00e7\u00e3o, concentra\u00e7\u00e3o, observa\u00e7\u00e3o, dedu\u00e7\u00e3o, indu\u00e7\u00e3o, bloqueando fun\u00e7\u00f5es vitais do intelecto.<\/li><li>Questionar tudo o que o controla, todas as falsas cren\u00e7as, os dogmas doentios, as verdades absolutas.<\/li><li>Criticar para reciclar as ideias pessimistas e todas as imagens mentais perturbadoras.<\/li><li>Desacelerar os pensamentos, aliviando a SPA e estimulando o Eu a deixar de ser um espectador passivo do teatro ps\u00edquico.<\/li><li>Conversar com o seu \u201cEu\u201d fora do foco de tens\u00e3o, questionando assim as causas e consequ\u00eancias do seus medos, ang\u00fastias, fantasias, inseguran\u00e7as.<\/li><li>Conversar com o seu \u201cEu\u201d dentro do foco de tens\u00e3o, no exato momento da crise, do ataque de p\u00e2nico, da rea\u00e7\u00e3o f\u00f3bica, do sentimento de perda.<\/li><li>Filtrar est\u00edmulos estressantes, usando os procedimentos de 5 a 9.<\/li><\/ol>\n\n\n\n<h2 class=\"wp-block-heading\">O C\u00f3digo da Intelig\u00eancia # 2: Autocr\u00edtica<\/h2>\n\n\n\n<figure class=\"wp-block-image\"><img loading=\"lazy\" decoding=\"async\" width=\"1000\" height=\"714\" src=\"https:\/\/blog.12min.com\/br\/wp-content\/uploads\/sites\/3\/2019\/08\/shutterstock_715876480.jpg\" alt=\"o c\u00f3digo da intelig\u00eancia augusto cury\" class=\"wp-image-8877\" srcset=\"https:\/\/blog.12min.com\/br\/wp-content\/uploads\/sites\/3\/2019\/08\/shutterstock_715876480.jpg 1000w, https:\/\/blog.12min.com\/br\/wp-content\/uploads\/sites\/3\/2019\/08\/shutterstock_715876480-300x214.jpg 300w, https:\/\/blog.12min.com\/br\/wp-content\/uploads\/sites\/3\/2019\/08\/shutterstock_715876480-768x548.jpg 768w\" sizes=\"auto, (max-width: 1000px) 100vw, 1000px\" \/><\/figure>\n\n\n\n<p>Esse \u00e9 o c\u00f3digo que nos leva a pensar nas consequ\u00eancias dos nossos atos, por meio de uma autoavalia\u00e7\u00e3o. Assim, esse c\u00f3digo nos conduz da esfera do endeusamento para a da humanidade. Quem busca decifr\u00e1-lo, deve levar em conta:<\/p>\n\n\n\n<ol class=\"wp-block-list\"><li>Quem <a href=\"https:\/\/blog.12min.com\/br\/controle-financeiro-pessoal\/\" target=\"_blank\" rel=\"noreferrer noopener\" aria-label=\" (opens in a new tab)\">gasta compulsivamente <\/a>no presente poder\u00e1 se angustiar no futuro.<\/li><li>Quem acha que o sucesso \u00e9 eterno poder\u00e1 se deprimir ao descobri-lo mais ef\u00eamero do que se imagina.<\/li><li>Quem acha que sua sa\u00fade \u00e9 de ferro poder\u00e1 surpreender-se, quando seu corpo entrar em colapso.<\/li><li>Quem leva os estudos na brincadeira se surpreender\u00e1 ao descobrir que a sociedade exclui os que n\u00e3o levam a vida a s\u00e9rio.<\/li><li>Quem n\u00e3o cultiva o amor poder\u00e1 se assustar, quando o parceiro perder o encanto.<\/li><\/ol>\n\n\n\n<h2 class=\"wp-block-heading\">O C\u00f3digo da Intelig\u00eancia # 3: Resili\u00eancia<\/h2>\n\n\n\n<figure class=\"wp-block-image\"><img loading=\"lazy\" decoding=\"async\" width=\"1000\" height=\"667\" src=\"https:\/\/blog.12min.com\/br\/wp-content\/uploads\/sites\/3\/2019\/08\/shutterstock_1127444030.jpg\" alt=\"download audiobook o c\u00f3digo da intelig\u00eancia augusto cury\" class=\"wp-image-8881\" srcset=\"https:\/\/blog.12min.com\/br\/wp-content\/uploads\/sites\/3\/2019\/08\/shutterstock_1127444030.jpg 1000w, https:\/\/blog.12min.com\/br\/wp-content\/uploads\/sites\/3\/2019\/08\/shutterstock_1127444030-300x200.jpg 300w, https:\/\/blog.12min.com\/br\/wp-content\/uploads\/sites\/3\/2019\/08\/shutterstock_1127444030-768x512.jpg 768w\" sizes=\"auto, (max-width: 1000px) 100vw, 1000px\" \/><\/figure>\n\n\n\n<p><a rel=\"noreferrer noopener\" aria-label=\"Resili\u00eancia (opens in a new tab)\" href=\"https:\/\/blog.12min.com\/br\/resiliencia-no-trabalho\/\" target=\"_blank\">Resili\u00eancia<\/a> \u00e9 a capacidade de suportar tens\u00f5es, press\u00f5es, adversidades. \u00c9 a capacidade de se esticar, assumir formas e contornos para manter sua integridade e sua ess\u00eancia. Enfim, \u00e9 a capacidade de sobreviver \u00e0s intemp\u00e9ries da exist\u00eancia.<\/p>\n\n\n\n<p>Ganhos de quem decifra o C\u00f3digo da Resili\u00eancia:<\/p>\n\n\n\n<ol class=\"wp-block-list\"><li>Mais seguran\u00e7a e estabilidade emocional, ou seja, n\u00e3o se entrega diante da primeira derrota que aparece.<\/li><li>As dificuldades, crises, perdas e adversidades funcionam como oportunidades de crescimento em geral.<\/li><li>Tranquilidade, prazer de viver, <a rel=\"noreferrer noopener\" aria-label=\" (opens in a new tab)\" href=\"https:\/\/www.uol.com.br\/universa\/noticias\/redacao\/2012\/12\/22\/especialistas-pesquisam-como-estimular-criancas-a-desenvolver-compaixao-e-generosidade.htm\" target=\"_blank\">compaix\u00e3o<\/a>, toler\u00e2ncia em uma dose maior.<\/li><li>Vis\u00e3o humanista e realista da vida, contribuindo assim para educar os pensadores.<\/li><li>Sa\u00fade ps\u00edquica desenvolvida.<\/li><\/ol>\n\n\n\n<h2 class=\"wp-block-heading\">O C\u00f3digo da Intelig\u00eancia # 4: Altru\u00edsmo<\/h2>\n\n\n\n<figure class=\"wp-block-image\"><img loading=\"lazy\" decoding=\"async\" width=\"1000\" height=\"665\" src=\"https:\/\/blog.12min.com\/br\/wp-content\/uploads\/sites\/3\/2019\/08\/shutterstock_1126105019.jpg\" alt=\"o c\u00f3digo da intelig\u00eancia resenha\" class=\"wp-image-8880\" srcset=\"https:\/\/blog.12min.com\/br\/wp-content\/uploads\/sites\/3\/2019\/08\/shutterstock_1126105019.jpg 1000w, https:\/\/blog.12min.com\/br\/wp-content\/uploads\/sites\/3\/2019\/08\/shutterstock_1126105019-300x200.jpg 300w, https:\/\/blog.12min.com\/br\/wp-content\/uploads\/sites\/3\/2019\/08\/shutterstock_1126105019-768x511.jpg 768w\" sizes=\"auto, (max-width: 1000px) 100vw, 1000px\" \/><\/figure>\n\n\n\n<p>Esse \u00e9 o segredo da afetividade social, da capacidade de se doar, de cuidar e proteger quem nos cerca. \u00c9 o c\u00f3digo que expressa a grandeza da alma, a generosidade, a bondade, a compaix\u00e3o, a indulg\u00eancia e o desprendimento.<\/p>\n\n\n\n<p>Para decifrar esse c\u00f3digo, o autor sugere refletir sobre os itens abaixo:<\/p>\n\n\n\n<ol class=\"wp-block-list\"><li>Se voc\u00ea ama o poder, n\u00e3o \u00e9 digno dele.<\/li><li>Se voc\u00ea controla as pessoas que lidera, n\u00e3o \u00e9 digno de <a rel=\"noreferrer noopener\" aria-label=\" (opens in a new tab)\" href=\"https:\/\/blog.12min.com\/br\/livros-de-lideranca\/\" target=\"_blank\">ser um l\u00edder<\/a>.<\/li><li>Os poderes pol\u00edtico, cient\u00edfico e social, devem ser usados para promover os outros e n\u00e3o para subjug\u00e1-los ou silenci\u00e1-los.<\/li><li>Os olhos f\u00edsicos enxergam comportamentos vis\u00edveis; os olhos altru\u00edstas enxergam o que est\u00e1 por tr\u00e1s deles.<\/li><li>Doar-se e contribuir com a sociedade n\u00e3o deve ser um sacrif\u00edcio, nem uma forma de autopromo\u00e7\u00e3o, mas um prazer que n\u00e3o deve ser propagandeado.<\/li><li>Apostar no ser humano e acreditar na vida, mesmo que tudo e todos ao redor nos levem a pensar o contr\u00e1rio.<\/li><li>Ser r\u00e1pido em agradecer e lento em reclamar.<\/li><\/ol>\n\n\n\n<h2 class=\"wp-block-heading\">O C\u00f3digo da Intelig\u00eancia # 5: Debate de Ideias<\/h2>\n\n\n\n<figure class=\"wp-block-image\"><img loading=\"lazy\" decoding=\"async\" width=\"1000\" height=\"667\" src=\"https:\/\/blog.12min.com\/br\/wp-content\/uploads\/sites\/3\/2019\/08\/shutterstock_530749768.jpg\" alt=\"resumo do livro o c\u00f3digo da intelig\u00eancia\" class=\"wp-image-8874\" srcset=\"https:\/\/blog.12min.com\/br\/wp-content\/uploads\/sites\/3\/2019\/08\/shutterstock_530749768.jpg 1000w, https:\/\/blog.12min.com\/br\/wp-content\/uploads\/sites\/3\/2019\/08\/shutterstock_530749768-300x200.jpg 300w, https:\/\/blog.12min.com\/br\/wp-content\/uploads\/sites\/3\/2019\/08\/shutterstock_530749768-768x512.jpg 768w\" sizes=\"auto, (max-width: 1000px) 100vw, 1000px\" \/><\/figure>\n\n\n\n<p>Aqui est\u00e1 a base do processo de forma\u00e7\u00e3o de pensadores. \u00c9 o c\u00f3digo que habilita o trabalho em equipe, a intera\u00e7\u00e3o, a troca de experi\u00eancias e&nbsp;que rompe o cerco da inseguran\u00e7a.<\/p>\n\n\n\n<p>Para decifrar o C\u00f3digo do Debate de Ideias, entre outras coisas, \u00e9 necess\u00e1rio:<\/p>\n\n\n\n<ol class=\"wp-block-list\"><li>Expressar seus pensamentos.<\/li><li>Questionar o conhecimento transmitido.<\/li><li>Indagar o processo de produ\u00e7\u00e3o do conhecimento.<\/li><li>Ter intimidade com a arte da d\u00favida.<\/li><li>Expor e n\u00e3o impor suas ideias.<\/li><li>Jamais considerar seus <a rel=\"noreferrer noopener\" aria-label=\"paradigmas (opens in a new tab)\" href=\"https:\/\/www.sbcoaching.com.br\/blog\/paradigma\/\" target=\"_blank\">paradigmas<\/a>, conceitos, opini\u00f5es e ideias como verdades absolutas.<\/li><li>Trabalhar em equipe, estimulando todos os participantes a expressarem suas ideias.<\/li><\/ol>\n\n\n\n<h2 class=\"wp-block-heading\">O C\u00f3digo da Intelig\u00eancia # 6: Carisma<\/h2>\n\n\n\n<figure class=\"wp-block-image\"><img loading=\"lazy\" decoding=\"async\" width=\"1000\" height=\"667\" src=\"https:\/\/blog.12min.com\/br\/wp-content\/uploads\/sites\/3\/2019\/08\/shutterstock_601462385.jpg\" alt=\"augusto cury\" class=\"wp-image-8875\" srcset=\"https:\/\/blog.12min.com\/br\/wp-content\/uploads\/sites\/3\/2019\/08\/shutterstock_601462385.jpg 1000w, https:\/\/blog.12min.com\/br\/wp-content\/uploads\/sites\/3\/2019\/08\/shutterstock_601462385-300x200.jpg 300w, https:\/\/blog.12min.com\/br\/wp-content\/uploads\/sites\/3\/2019\/08\/shutterstock_601462385-768x512.jpg 768w\" sizes=\"auto, (max-width: 1000px) 100vw, 1000px\" \/><\/figure>\n\n\n\n<p>\u00c9 o c\u00f3digo da capacidade de encantar, envolver, surpreender, admirar os outros e a si mesmo. Ou seja, ele \u00e9 o segredo da <a rel=\"noreferrer noopener\" aria-label=\"paix\u00e3o pela vida (opens in a new tab)\" href=\"https:\/\/blog.12min.com\/br\/resumo-do-livro-a-vida-que-vale-a-pena-ser-vivida-pdf\/\" target=\"_blank\">paix\u00e3o pela vida<\/a>.<\/p>\n\n\n\n<p>Para decifrar o C\u00f3digo do Carisma, voc\u00ea deve:<\/p>\n\n\n\n<ol class=\"wp-block-list\"><li>Elogiar as pessoas com as quais voc\u00ea convive.<\/li><li>Agradecer as pessoas, inclusive, aquelas com fun\u00e7\u00f5es simples mas fundamentais, como por exemplo, gar\u00e7ons, porteiros, seguran\u00e7as etc.<\/li><li>Ficar feliz com o sucesso dos outros.<\/li><li>N\u00e3o agir por interesse e ter prazer em fazer isso.<\/li><li>Curtir a vida e fugir do t\u00e9dio<\/li><li>Abandonar o ci\u00fame oculto, a inveja sutil.<\/li><li>Valorizar o que se tem, e n\u00e3o o que n\u00e3o tem.<\/li><\/ol>\n\n\n\n<h2 class=\"wp-block-heading\">O C\u00f3digo da Intelig\u00eancia # 7: Intui\u00e7\u00e3o Criativa<\/h2>\n\n\n\n<figure class=\"wp-block-image\"><img loading=\"lazy\" decoding=\"async\" width=\"1000\" height=\"667\" src=\"https:\/\/blog.12min.com\/br\/wp-content\/uploads\/sites\/3\/2019\/08\/shutterstock_1283325034.jpg\" alt=\"o c\u00f3digo da intelig\u00eancia free\" class=\"wp-image-8882\" srcset=\"https:\/\/blog.12min.com\/br\/wp-content\/uploads\/sites\/3\/2019\/08\/shutterstock_1283325034.jpg 1000w, https:\/\/blog.12min.com\/br\/wp-content\/uploads\/sites\/3\/2019\/08\/shutterstock_1283325034-300x200.jpg 300w, https:\/\/blog.12min.com\/br\/wp-content\/uploads\/sites\/3\/2019\/08\/shutterstock_1283325034-768x512.jpg 768w\" sizes=\"auto, (max-width: 1000px) 100vw, 1000px\" \/><\/figure>\n\n\n\n<p>Esse \u00e9 o c\u00f3digo que alicer\u00e7a o processo de observa\u00e7\u00e3o, dedu\u00e7\u00e3o, indu\u00e7\u00e3o e o racioc\u00ednio esquem\u00e1tico. Ele solta a imagina\u00e7\u00e3o, expandindo a nossa capacidade de inventar, gera novos conhecimentos e refina o olhar multifocal, para que possamos enxergar os fen\u00f4menos f\u00edsicos, ps\u00edquicos e sociais, em diferentes perspectivas.<\/p>\n\n\n\n<p>Para decifrar o C\u00f3digo da Intui\u00e7\u00e3o criativa voc\u00ea deve:<\/p>\n\n\n\n<ol class=\"wp-block-list\"><li>Abrir o m\u00e1ximo de janelas da mem\u00f3ria, diante dos seus focos de tens\u00e3o.<\/li><li>Expandir o uso do pensamento multiangular, tanto ou mais do que o do pensamento dial\u00e9tico.<\/li><li>Fugir dos paradigmas r\u00edgidos, das solu\u00e7\u00f5es prontas e das respostas fechadas.<\/li><li>Praticar a resili\u00eancia.<\/li><li>Ter coragem para percorrer caminhos inexplorados.<\/li><li>N\u00e3o ter medo de pensar diferente.<\/li><\/ol>\n\n\n\n<h2 class=\"wp-block-heading\">O C\u00f3digo da Intelig\u00eancia # 8: Eu Como Gestor da Emo\u00e7\u00e3o<\/h2>\n\n\n\n<figure class=\"wp-block-image\"><img decoding=\"async\" src=\"https:\/\/blog.12min.com\/br\/wp-content\/uploads\/sites\/3\/2019\/08\/shutterstock_391167142.jpg\" alt=\"o c\u00f3digo da intelig\u00eancia\" class=\"wp-image-8873\" \/><\/figure>\n\n\n\n<p>Trata-se do c\u00f3digo que nos posiciona como administrador dos sentimentos em geral, como por exemplo, a inseguran\u00e7a, temores, medos, ang\u00fastias, tristeza, ci\u00fame, agonia, afli\u00e7\u00e3o etc.<\/p>\n\n\n\n<p>Para decifrar esse c\u00f3digo \u00e9 necess\u00e1rio:&nbsp;<\/p>\n\n\n\n<ol class=\"wp-block-list\"><li>Entender todas as emo\u00e7\u00f5es que nos controlam, anulam e nos confundem.<\/li><li>N\u00e3o exigir o que os outros n\u00e3o podem dar.<\/li><li>Doar sem esperar algo de volta.<\/li><li>Entender que, por tr\u00e1s de uma pessoa que fere, h\u00e1 uma pessoa ferida.<\/li><li>N\u00e3o gravitar na \u00f3rbita do que os outros pensam e falam de voc\u00ea, mas ter \u00f3rbita pr\u00f3pria.<\/li><li>Desenvolver a consci\u00eancia de que o territ\u00f3rio emocional \u00e9 um espa\u00e7o particular e inviol\u00e1vel, e n\u00e3o uma terra de ningu\u00e9m.<\/li><li>Ser autodeterminado, <a rel=\"noreferrer noopener\" aria-label=\" (opens in a new tab)\" href=\"https:\/\/blog.12min.com\/br\/resumo-do-livro-foco-daniel-goleman-pdf\/\" target=\"_blank\">ter foco<\/a>, consci\u00eancia da sua identidade e capacidade, mesmo que o mundo desabe sobre voc\u00ea.&nbsp;<\/li><li>Ser seletivo e n\u00e3o se prender a picuinhas, nem barganhar a tranquilidade por coisa alguma.<\/li><li>Administrar a S\u00edndrome do Pensamento Acelerado (SPA).<\/li><li>Aprender a fazer uma coisa de cada vez, al\u00e9m de valorizar e desfrutar da trajet\u00f3ria, tanto quanto do ponto de chegada.<\/li><\/ol>\n\n\n\n<h2 class=\"wp-block-heading\">O C\u00f3digo da Intelig\u00eancia # 9: Prazer de Viver<\/h2>\n\n\n\n<figure class=\"wp-block-image\"><img loading=\"lazy\" decoding=\"async\" width=\"1000\" height=\"631\" src=\"https:\/\/blog.12min.com\/br\/wp-content\/uploads\/sites\/3\/2019\/08\/shutterstock_619537328.jpg\" alt=\"download do livro c\u00f3digo da intelig\u00eancia augusto cury\" class=\"wp-image-8876\" srcset=\"https:\/\/blog.12min.com\/br\/wp-content\/uploads\/sites\/3\/2019\/08\/shutterstock_619537328.jpg 1000w, https:\/\/blog.12min.com\/br\/wp-content\/uploads\/sites\/3\/2019\/08\/shutterstock_619537328-300x189.jpg 300w, https:\/\/blog.12min.com\/br\/wp-content\/uploads\/sites\/3\/2019\/08\/shutterstock_619537328-768x485.jpg 768w\" sizes=\"auto, (max-width: 1000px) 100vw, 1000px\" \/><\/figure>\n\n\n\n<p>Esse \u00e9 o motor da motiva\u00e7\u00e3o. Sem o c\u00f3digo do prazer, perde-se o \u00e2nimo, a garra, a for\u00e7a e a coragem.<\/p>\n\n\n\n<p>Assim, os principais ganhos para quem decifra o C\u00f3digo do Prazer de Viver s\u00e3o:<\/p>\n\n\n\n<ol class=\"wp-block-list\"><li>Bom-humor, <a rel=\"noreferrer noopener\" aria-label=\"flexibilidade (opens in a new tab)\" href=\"https:\/\/noticias.universia.com.br\/emprego\/noticia\/2015\/02\/09\/1119695\/11-dicas-tornar-pessoa-flexivel.html\" target=\"_blank\">flexibilidade<\/a> e generosidade.<\/li><li>Paci\u00eancia e toler\u00e2ncia.<\/li><li>Torna-se uma pessoa agrad\u00e1vel, inspiradora, sonhadora e cativante, que atrai quem est\u00e1 por perto.<\/li><\/ol>\n\n\n\n<h2 class=\"wp-block-heading\">As quatro armadilhas da mente<\/h2>\n\n\n\n<p>Agora que voc\u00ea j\u00e1 conhece os nove C\u00f3digos da Intelig\u00eancia de Augusto Cury, vamos dar uma passada r\u00e1pida pelas armadilhas que bloqueiam a nossa capacidade de decifrar esses c\u00f3digos. Afinal, somos seres imperfeitos, numa sociedade imperfeita. E por isso somos pegos por essas \u201cemboscadas\u201d em nossas trajet\u00f3rias, que s\u00e3o:<\/p>\n\n\n\n<h3 class=\"wp-block-heading\">Conformismo&nbsp;<\/h3>\n\n\n\n<p>\u00c9 quando nos acomodamos, aceitamos passivamente as dificuldades ps\u00edquicas, sociais e f\u00edsicas. Ou seja, \u00e9 a n\u00e3o rea\u00e7\u00e3o que nos amorda\u00e7a e nos impede de lutar e seguir adiante. Uma pessoa conformista est\u00e1 presa no seu passado e a tempestade o amedronta. Elas s\u00e3o especialistas em arranjar desculpas para n\u00e3o agir.<\/p>\n\n\n\n<h3 class=\"wp-block-heading\">Coitadismo<\/h3>\n\n\n\n<p>Essa \u00e9 a arte de ter pena de si mesmo. Ou seja, o coitadista apela para o sentimento de incapacidade. N\u00e3o se envergonha de dizer coisas do tipo \u201csou um derrotado\u201d, \u201cnada do que fa\u00e7o d\u00e1 certo\u201d, \u201cningu\u00e9m gosta de mim\u201d etc. Adotam uma postura dram\u00e1tica e autodestrutiva.<\/p>\n\n\n\n<h3 class=\"wp-block-heading\">Medo de Reconhecer os Erros&nbsp;<\/h3>\n\n\n\n<p>Trata-se exatamente do medo de assumir as pr\u00f3prias imperfei\u00e7\u00f5es, defeitos, fragilidades, incoer\u00eancias etc. Ou seja, todos n\u00f3s aprendemos cedo que errar \u00e9 humano, mas aceitar isso na pr\u00e1tica \u00e9 outra coisa. Afinal, temos necessidade de ser perfeitos e temos a tend\u00eancia a complicar nossas vidas.<\/p>\n\n\n\n<h3 class=\"wp-block-heading\">Medo de correr riscos<\/h3>\n\n\n\n<p>Esse \u00e9 um sentimento que limita a nossa criatividade, nossa capacidade de inventar, nossa liberdade e ousadia. Diferentemente dos conformistas e dos coitadistas, a pessoa que tem medo de<a rel=\"noreferrer noopener\" aria-label=\" correr riscos  (opens in a new tab)\" href=\"https:\/\/www.ibccoaching.com.br\/portal\/comportamento\/arriscar-necessario-faz-bem\/\" target=\"_blank\"> correr riscos <\/a>sonha ir atr\u00e1s de suas metas, mas n\u00e3o ousa ultrapassar fronteiras. Ela reconhece seus pontos fracos e limita\u00e7\u00f5es.<\/p>\n\n\n\n<h2 class=\"wp-block-heading\">Frases do livro o C\u00f3digo da Intelig\u00eancia, Augusto Cury<\/h2>\n\n\n\n<p>\u201c&#8230; estou convicto de que realmente existem no psiquismo humano ferramentas ou c\u00f3digos intelectuais que transcendem a cultura, religi\u00e3o, povo, sexo. Descobri-las e utiliz\u00e1-las, metodol\u00f3gica ou intuitivamente, pode determinar onde uma pessoa vai chegar em suas atividades sociais, profissionais e afetivas. Eles s\u00e3o capazes de propiciar tranquilidade nas tormentas, transformar uma pessoa t\u00edmida em intr\u00e9pida, impulsiva em ponderada, individualista em altru\u00edsta, alienada em interativa.\u201d<\/p>\n\n\n\n<p>\u201cSer\u00e1 que n\u00e3o temos zonas de conflitos que nos t\u00eam levado a colocar pessoas importantes no rodap\u00e9 de nossa hist\u00f3ria, ainda que n\u00e3o admitamos?\u201d<\/p>\n\n\n\n<p>\u201cO Homo Sapiens aprendeu a atuar no teatro social com brilho, mas n\u00e3o no teatro ps\u00edquico para filtrar est\u00edmulos estressantes, gerir seus pensamentos, proteger sua emo\u00e7\u00e3o. Somos t\u00edmidos espectadores onde dever\u00edamos ser \u00e1geis atores.\u201d<\/p>\n\n\n\n<p>\u201cTodos fecham seu olhos quando morrem, mas nem todos enxergam quando est\u00e3o vivos.\u201d<\/p>\n\n\n\n<p>\u201cQuem n\u00e3o \u00e9 her\u00f3i em alguns momentos e vil\u00e3o em outros? Quem n\u00e3o \u00e9 maduro em determinadas fun\u00e7\u00f5es da intelig\u00eancia e infantil em outras? Que psic\u00f3logo, pedagogo, soci\u00f3logo ou fil\u00f3sofo n\u00e3o tem rea\u00e7\u00f5es incoerentes e tolas, quando atingido por determinados tipos de estresses?\u201d<\/p>\n\n\n\n<h2 class=\"wp-block-heading\">Aprendizado constante<\/h2>\n\n\n\n<p>Enfim, somos seres humanos fr\u00e1geis e imperfeitos, mas segundo o livro O C\u00f3digo da Intelig\u00eancia \u00e9 isso que nos encanta e faz encantar. Decifrar os nove c\u00f3digos acima e fugir das armadilhas da mente podem fazer de n\u00f3s pessoas mais felizes e capazes de transformar o ambiente ao nosso lado.<\/p>\n\n\n\n<p>Ent\u00e3o, voc\u00ea curtiu a resenha do livro O C\u00f3digo da Intelig\u00eancia, pdf? E se voc\u00ea tamb\u00e9m \u00e9 f\u00e3 de Augusto Cury, vai aqui uma boa not\u00edcia. O <a href=\"https:\/\/app.adjust.com\/7mvfth8?deeplink=twelvemin:\/\/discovery\/&amp;fallback=https:\/\/12min.com\/br\/?utm_source=blog12min&amp;utm_medium=blog&amp;utm_content=post&amp;utm_campaign=routine&amp;redirect_windows=https:\/\/12min.com\/br\/?utm_source=blog12min&amp;utm_medium=blog&amp;utm_content=post&amp;utm_campaign=routine&amp;redirect_macos=https:\/\/12min.com\/br\/?utm_source=blog12min&amp;utm_medium=blog&amp;utm_content=post&amp;utm_campaign=routine\" target=\"_blank\" rel=\"noreferrer noopener\" aria-label=\" (opens in a new tab)\">12min<\/a> tem outros microbooks (ou audiobooks, se voc\u00ea preferir) do autor. Anote a\u00ed!<\/p>\n\n\n\n<ul class=\"wp-block-list\"><li><a rel=\"noreferrer noopener\" aria-label=\" (opens in a new tab)\" href=\"https:\/\/app.adjust.com\/7mvfth8?deeplink=twelvemin:\/\/book\/inteligencia-multifocal\/&amp;fallback=https:\/\/12min.com\/br\/inteligencia-multifocal?utm_source=blog12min&amp;utm_medium=blog&amp;utm_content=post&amp;utm_campaign=routine&amp;redirect_windows=https:\/\/12min.com\/br\/inteligencia-multifocal?utm_source=blog12min&amp;utm_medium=blog&amp;utm_content=post&amp;utm_campaign=routine&amp;redirect_macos=https:\/\/12min.com\/br\/inteligencia-multifocal?utm_source=blog12min&amp;utm_medium=blog&amp;utm_content=post&amp;utm_campaign=routine\" target=\"_blank\">Intelig\u00eancia Multifocal<\/a><\/li><li><a rel=\"noreferrer noopener\" aria-label=\" (opens in a new tab)\" href=\"https:\/\/app.adjust.com\/7mvfth8?deeplink=twelvemin:\/\/book\/ansiedade\/&amp;fallback=https:\/\/12min.com\/br\/ansiedade?utm_source=blog12min&amp;utm_medium=blog&amp;utm_content=post&amp;utm_campaign=routine&amp;redirect_windows=https:\/\/12min.com\/br\/ansiedade?utm_source=blog12min&amp;utm_medium=blog&amp;utm_content=post&amp;utm_campaign=routine&amp;redirect_macos=https:\/\/12min.com\/br\/ansiedade?utm_source=blog12min&amp;utm_medium=blog&amp;utm_content=post&amp;utm_campaign=routine\" target=\"_blank\">Ansiedade<\/a><\/li><li><a rel=\"noreferrer noopener\" aria-label=\" (opens in a new tab)\" href=\"https:\/\/app.adjust.com\/7mvfth8?deeplink=twelvemin:\/\/book\/seja-lider-de-si-mesmo\/&amp;fallback=https:\/\/12min.com\/br\/seja-lider-de-si-mesmo?utm_source=blog12min&amp;utm_medium=blog&amp;utm_content=post&amp;utm_campaign=routine&amp;redirect_windows=https:\/\/12min.com\/br\/seja-lider-de-si-mesmo?utm_source=blog12min&amp;utm_medium=blog&amp;utm_content=post&amp;utm_campaign=routine&amp;redirect_macos=https:\/\/12min.com\/br\/seja-lider-de-si-mesmo?utm_source=blog12min&amp;utm_medium=blog&amp;utm_content=post&amp;utm_campaign=routine\" target=\"_blank\">Seja L\u00edder de Si Mesmo<\/a><\/li><li><a rel=\"noreferrer noopener\" aria-label=\" (opens in a new tab)\" href=\"https:\/\/app.adjust.com\/7mvfth8?deeplink=twelvemin:\/\/book\/mentes-brilhantes-mentes-treinadas\/&amp;fallback=https:\/\/12min.com\/br\/mentes-brilhantes-mentes-treinadas?utm_source=blog12min&amp;utm_medium=blog&amp;utm_content=post&amp;utm_campaign=routine&amp;redirect_windows=https:\/\/12min.com\/br\/mentes-brilhantes-mentes-treinadas?utm_source=blog12min&amp;utm_medium=blog&amp;utm_content=post&amp;utm_campaign=routine&amp;redirect_macos=https:\/\/12min.com\/br\/mentes-brilhantes-mentes-treinadas?utm_source=blog12min&amp;utm_medium=blog&amp;utm_content=post&amp;utm_campaign=routine\" target=\"_blank\">Mentes Brilhantes. Mentes Treinadas<\/a><\/li><li><a href=\"https:\/\/app.adjust.com\/7mvfth8?deeplink=twelvemin:\/\/book\/nunca-desista-de-seus-sonhos\/&amp;fallback=https:\/\/12min.com\/br\/nunca-desista-de-seus-sonhos?utm_source=blog12min&amp;utm_medium=blog&amp;utm_content=post&amp;utm_campaign=routine&amp;redirect_windows=https:\/\/12min.com\/br\/nunca-desista-de-seus-sonhos?utm_source=blog12min&amp;utm_medium=blog&amp;utm_content=post&amp;utm_campaign=routine&amp;redirect_macos=https:\/\/12min.com\/br\/nunca-desista-de-seus-sonhos?utm_source=blog12min&amp;utm_medium=blog&amp;utm_content=post&amp;utm_campaign=routine\" target=\"_blank\" rel=\"noreferrer noopener\" aria-label=\" (opens in a new tab)\">Nunca Desista de Seus Sonhos<\/a><\/li><\/ul>\n\n\n\n<p>Todos os microbooks podem ser lidos em at\u00e9 12 minutos. Assim, essa \u00e9 uma excelente op\u00e7\u00e3o para quem quer se manter em dia com as informa\u00e7\u00f5es, mas n\u00e3o tem muito tempo.<\/p>\n\n\n\n<h2 class=\"wp-block-heading\">Outra dica de leitura<\/h2>\n\n\n\n<p>Al\u00e9m das obras de Augusto Cury, sugerimos pra voc\u00ea outro livro que certamente ser\u00e1 relevante para o seu crescimento pessoal e profissional. Pegue a\u00ed.<\/p>\n\n\n\n<h3 class=\"wp-block-heading\"><a href=\"https:\/\/app.adjust.com\/7mvfth8?deeplink=twelvemin:\/\/book\/proposito-bc64da65-29bf-4865-a902-cfc1463e9eab\/&amp;fallback=https:\/\/12min.com\/br\/proposito-bc64da65-29bf-4865-a902-cfc1463e9eab?utm_source=blog12min&amp;utm_medium=blog&amp;utm_content=post&amp;utm_campaign=routine&amp;redirect_windows=https:\/\/12min.com\/br\/proposito-bc64da65-29bf-4865-a902-cfc1463e9eab?utm_source=blog12min&amp;utm_medium=blog&amp;utm_content=post&amp;utm_campaign=routine&amp;redirect_macos=https:\/\/12min.com\/br\/proposito-bc64da65-29bf-4865-a902-cfc1463e9eab?utm_source=blog12min&amp;utm_medium=blog&amp;utm_content=post&amp;utm_campaign=routine\">Prop\u00f3sito, a Coragem de Ser Quem Somos<\/a> &#8211; Sri Prem Baba<\/h3>\n\n\n\n<figure class=\"wp-block-image\"><img loading=\"lazy\" decoding=\"async\" width=\"198\" height=\"300\" src=\"https:\/\/blog.12min.com\/br\/wp-content\/uploads\/sites\/3\/2019\/08\/Propo\u0301sito-a-Coragem-de-Ser-Quem-Somos-Sri-Prem-Baba-198x300.jpg\" alt=\"rop\u00f3sito, a Coragem de Ser Quem Somos - Sri Prem Baba\" class=\"wp-image-8870\" srcset=\"https:\/\/blog.12min.com\/br\/wp-content\/uploads\/sites\/3\/2019\/08\/Propo\u0301sito-a-Coragem-de-Ser-Quem-Somos-Sri-Prem-Baba-198x300.jpg 198w, https:\/\/blog.12min.com\/br\/wp-content\/uploads\/sites\/3\/2019\/08\/Propo\u0301sito-a-Coragem-de-Ser-Quem-Somos-Sri-Prem-Baba.jpg 330w\" sizes=\"auto, (max-width: 198px) 100vw, 198px\" \/><\/figure>\n\n\n\n<p>Voc\u00ea j\u00e1 se questionou sobre o que veio fazer no mundo? Com esse livro, voc\u00ea vai aprender a pensar sobre esse assunto e sobre os fatos da sua vida que podem estar impedindo-o de seguir o seu caminho.&nbsp;<\/p>\n\n\n\n<p>Prop\u00f3sito foi escrito pelo mestre espiritual brasileiro, Sri Prem Baba. Segundo ele, toda crian\u00e7a nasce sabendo qual \u00e9 <a rel=\"noreferrer noopener\" aria-label=\" (opens in a new tab)\" href=\"https:\/\/blog.12min.com\/br\/proposito-de-vida\/\" target=\"_blank\">o seu prop\u00f3sito<\/a> e continua com ele at\u00e9 a juventude. No entanto, aos poucos, por\u00e9m, passamos a acreditar nas vozes externas que insistem em colocar d\u00favidas em nossos sonhos. Imperd\u00edvel.<\/p>\n\n\n\n<h4 class=\"wp-block-heading\">Boa leitura e \u00f3timos aprendizados!<\/h4>\n\n\n\n<p>As informa\u00e7\u00f5es acima foram relevantes para voc\u00ea? Deixe aqui os seus coment\u00e1rios e lembre-se de compartilhar esse post em sua rede social!<\/p>\n","protected":false},"excerpt":{"rendered":"<p>9 min de leitura \u231a&nbsp; Como assumir o controle da nossa vida, superar medos, inseguran\u00e7as e limita\u00e7\u00f5es? O m\u00e9dico psiquiatra, professor e escritor brasileiro, Augusto Cury, garante que existe um conjunto de habilidades que ajudam a soltar a criatividade e ter uma vida equilibrada. E tudo isso est\u00e1 no livro O C\u00f3digo da Intelig\u00eancia, que [&hellip;]<\/p>\n","protected":false},"author":48,"featured_media":8886,"comment_status":"closed","ping_status":"closed","sticky":false,"template":"","format":"standard","meta":{"_exactmetrics_skip_tracking":false,"_exactmetrics_sitenote_active":false,"_exactmetrics_sitenote_note":"","_exactmetrics_sitenote_category":0,"footnotes":""},"categories":[2],"tags":[],"class_list":["post-8866","post","type-post","status-publish","format-standard","has-post-thumbnail","hentry","category-conhecimento","wpbf-post"],"yoast_head":"<!-- This site is optimized with the Yoast SEO plugin v26.4 - https:\/\/yoast.com\/wordpress\/plugins\/seo\/ -->\n<title>Resumo do Livro O C\u00f3digo da Intelig\u00eancia, de Augusto Cury, -<\/title>\n<meta name=\"description\" content=\"Como assumir o controle da nossa vida, superar medos, inseguran\u00e7as e limita\u00e7\u00f5es? A resposta est\u00e1 no livro O C\u00f3digo da Intelig\u00eancia, de Augusto Cury.\" \/>\n<meta name=\"robots\" content=\"index, follow, max-snippet:-1, max-image-preview:large, max-video-preview:-1\" \/>\n<link rel=\"canonical\" href=\"https:\/\/blog.12min.com\/br\/resumo-do-livro-o-codigo-da-inteligencia-de-augusto-cury-em-pdf\/\" \/>\n<meta property=\"og:locale\" content=\"en_US\" \/>\n<meta property=\"og:type\" content=\"article\" \/>\n<meta property=\"og:title\" content=\"Resumo do Livro O C\u00f3digo da Intelig\u00eancia, de Augusto Cury, -\" \/>\n<meta property=\"og:description\" content=\"Como assumir o controle da nossa vida, superar medos, inseguran\u00e7as e limita\u00e7\u00f5es? A resposta est\u00e1 no livro O C\u00f3digo da Intelig\u00eancia, de Augusto Cury.\" \/>\n<meta property=\"og:url\" content=\"https:\/\/blog.12min.com\/br\/resumo-do-livro-o-codigo-da-inteligencia-de-augusto-cury-em-pdf\/\" \/>\n<meta property=\"og:site_name\" content=\"Blog do 12min\" \/>\n<meta property=\"article:published_time\" content=\"2019-08-29T17:22:14+00:00\" \/>\n<meta property=\"article:modified_time\" content=\"2019-08-30T16:15:29+00:00\" \/>\n<meta property=\"og:image\" content=\"https:\/\/blog.12min.com\/br\/wp-content\/uploads\/sites\/3\/2019\/08\/cropped-shutterstock_1389285209.jpg\" \/>\n\t<meta property=\"og:image:width\" content=\"1000\" \/>\n\t<meta property=\"og:image:height\" content=\"562\" \/>\n\t<meta property=\"og:image:type\" content=\"image\/jpeg\" \/>\n<meta name=\"author\" content=\"Emir Zecovic\" \/>\n<meta name=\"twitter:card\" content=\"summary_large_image\" \/>\n<meta name=\"twitter:label1\" content=\"Written by\" \/>\n\t<meta name=\"twitter:data1\" content=\"Emir Zecovic\" \/>\n\t<meta name=\"twitter:label2\" content=\"Est. reading time\" \/>\n\t<meta name=\"twitter:data2\" content=\"12 minutes\" \/>\n<!-- \/ Yoast SEO plugin. -->","yoast_head_json":{"title":"Resumo do Livro O C\u00f3digo da Intelig\u00eancia, de Augusto Cury, -","description":"Como assumir o controle da nossa vida, superar medos, inseguran\u00e7as e limita\u00e7\u00f5es? A resposta est\u00e1 no livro O C\u00f3digo da Intelig\u00eancia, de Augusto Cury.","robots":{"index":"index","follow":"follow","max-snippet":"max-snippet:-1","max-image-preview":"max-image-preview:large","max-video-preview":"max-video-preview:-1"},"canonical":"https:\/\/blog.12min.com\/br\/resumo-do-livro-o-codigo-da-inteligencia-de-augusto-cury-em-pdf\/","og_locale":"en_US","og_type":"article","og_title":"Resumo do Livro O C\u00f3digo da Intelig\u00eancia, de Augusto Cury, -","og_description":"Como assumir o controle da nossa vida, superar medos, inseguran\u00e7as e limita\u00e7\u00f5es? A resposta est\u00e1 no livro O C\u00f3digo da Intelig\u00eancia, de Augusto Cury.","og_url":"https:\/\/blog.12min.com\/br\/resumo-do-livro-o-codigo-da-inteligencia-de-augusto-cury-em-pdf\/","og_site_name":"Blog do 12min","article_published_time":"2019-08-29T17:22:14+00:00","article_modified_time":"2019-08-30T16:15:29+00:00","og_image":[{"width":1000,"height":562,"url":"https:\/\/blog.12min.com\/br\/wp-content\/uploads\/sites\/3\/2019\/08\/cropped-shutterstock_1389285209.jpg","type":"image\/jpeg"}],"author":"Emir Zecovic","twitter_card":"summary_large_image","twitter_misc":{"Written by":"Emir Zecovic","Est. reading time":"12 minutes"},"schema":{"@context":"https:\/\/schema.org","@graph":[{"@type":"WebPage","@id":"https:\/\/blog.12min.com\/br\/resumo-do-livro-o-codigo-da-inteligencia-de-augusto-cury-em-pdf\/","url":"https:\/\/blog.12min.com\/br\/resumo-do-livro-o-codigo-da-inteligencia-de-augusto-cury-em-pdf\/","name":"Resumo do Livro O C\u00f3digo da Intelig\u00eancia, de Augusto Cury, -","isPartOf":{"@id":"https:\/\/blog.12min.com\/br\/#website"},"primaryImageOfPage":{"@id":"https:\/\/blog.12min.com\/br\/resumo-do-livro-o-codigo-da-inteligencia-de-augusto-cury-em-pdf\/#primaryimage"},"image":{"@id":"https:\/\/blog.12min.com\/br\/resumo-do-livro-o-codigo-da-inteligencia-de-augusto-cury-em-pdf\/#primaryimage"},"thumbnailUrl":"https:\/\/blog.12min.com\/br\/wp-content\/uploads\/sites\/3\/2019\/08\/cropped-shutterstock_1389285209.jpg","datePublished":"2019-08-29T17:22:14+00:00","dateModified":"2019-08-30T16:15:29+00:00","author":{"@id":"https:\/\/blog.12min.com\/br\/#\/schema\/person\/ccaf1a7ac6cac4265aa3afb02ae667f4"},"description":"Como assumir o controle da nossa vida, superar medos, inseguran\u00e7as e limita\u00e7\u00f5es? A resposta est\u00e1 no livro O C\u00f3digo da Intelig\u00eancia, de Augusto Cury.","breadcrumb":{"@id":"https:\/\/blog.12min.com\/br\/resumo-do-livro-o-codigo-da-inteligencia-de-augusto-cury-em-pdf\/#breadcrumb"},"inLanguage":"en-US","potentialAction":[{"@type":"ReadAction","target":["https:\/\/blog.12min.com\/br\/resumo-do-livro-o-codigo-da-inteligencia-de-augusto-cury-em-pdf\/"]}]},{"@type":"ImageObject","inLanguage":"en-US","@id":"https:\/\/blog.12min.com\/br\/resumo-do-livro-o-codigo-da-inteligencia-de-augusto-cury-em-pdf\/#primaryimage","url":"https:\/\/blog.12min.com\/br\/wp-content\/uploads\/sites\/3\/2019\/08\/cropped-shutterstock_1389285209.jpg","contentUrl":"https:\/\/blog.12min.com\/br\/wp-content\/uploads\/sites\/3\/2019\/08\/cropped-shutterstock_1389285209.jpg","width":1000,"height":562},{"@type":"BreadcrumbList","@id":"https:\/\/blog.12min.com\/br\/resumo-do-livro-o-codigo-da-inteligencia-de-augusto-cury-em-pdf\/#breadcrumb","itemListElement":[{"@type":"ListItem","position":1,"name":"In\u00edcio","item":"https:\/\/blog.12min.com\/br\/"},{"@type":"ListItem","position":2,"name":"Resumo do Livro O C\u00f3digo da Intelig\u00eancia, de Augusto Cury, em PDF"}]},{"@type":"WebSite","@id":"https:\/\/blog.12min.com\/br\/#website","url":"https:\/\/blog.12min.com\/br\/","name":"Blog do 12min","description":"Livros, Audiobooks e Resumos","potentialAction":[{"@type":"SearchAction","target":{"@type":"EntryPoint","urlTemplate":"https:\/\/blog.12min.com\/br\/?s={search_term_string}"},"query-input":{"@type":"PropertyValueSpecification","valueRequired":true,"valueName":"search_term_string"}}],"inLanguage":"en-US"},{"@type":"Person","@id":"https:\/\/blog.12min.com\/br\/#\/schema\/person\/ccaf1a7ac6cac4265aa3afb02ae667f4","name":"Emir Zecovic","description":"Emir is the Head of Marketing\u00a0at 12min. In his spare time, he loves to meditate and play soccer.","url":"https:\/\/blog.12min.com\/br\/author\/emir\/"}]}},"amp_enabled":true,"_links":{"self":[{"href":"https:\/\/blog.12min.com\/br\/wp-json\/wp\/v2\/posts\/8866","targetHints":{"allow":["GET"]}}],"collection":[{"href":"https:\/\/blog.12min.com\/br\/wp-json\/wp\/v2\/posts"}],"about":[{"href":"https:\/\/blog.12min.com\/br\/wp-json\/wp\/v2\/types\/post"}],"author":[{"embeddable":true,"href":"https:\/\/blog.12min.com\/br\/wp-json\/wp\/v2\/users\/48"}],"replies":[{"embeddable":true,"href":"https:\/\/blog.12min.com\/br\/wp-json\/wp\/v2\/comments?post=8866"}],"version-history":[{"count":8,"href":"https:\/\/blog.12min.com\/br\/wp-json\/wp\/v2\/posts\/8866\/revisions"}],"predecessor-version":[{"id":8914,"href":"https:\/\/blog.12min.com\/br\/wp-json\/wp\/v2\/posts\/8866\/revisions\/8914"}],"wp:featuredmedia":[{"embeddable":true,"href":"https:\/\/blog.12min.com\/br\/wp-json\/wp\/v2\/media\/8886"}],"wp:attachment":[{"href":"https:\/\/blog.12min.com\/br\/wp-json\/wp\/v2\/media?parent=8866"}],"wp:term":[{"taxonomy":"category","embeddable":true,"href":"https:\/\/blog.12min.com\/br\/wp-json\/wp\/v2\/categories?post=8866"},{"taxonomy":"post_tag","embeddable":true,"href":"https:\/\/blog.12min.com\/br\/wp-json\/wp\/v2\/tags?post=8866"}],"curies":[{"name":"wp","href":"https:\/\/api.w.org\/{rel}","templated":true}]}}