{"id":8982,"date":"2019-09-04T10:00:57","date_gmt":"2019-09-04T13:00:57","guid":{"rendered":"https:\/\/blog.12min.com\/br\/?p=8982"},"modified":"2019-09-02T22:06:52","modified_gmt":"2019-09-03T01:06:52","slug":"resumo-do-livro-o-manifesto-comunista-pdf","status":"publish","type":"post","link":"https:\/\/blog.12min.com\/br\/resumo-do-livro-o-manifesto-comunista-pdf\/","title":{"rendered":"Resumo do Livro O Manifesto Comunista, de Karl Marx,"},"content":{"rendered":"<p class=\"wpwc-reading-time\">7 min de leitura \u231a&nbsp;<\/p><div class=\"pdfprnt-buttons pdfprnt-buttons-post pdfprnt-top-right\"><a href=\"https:\/\/blog.12min.com\/br\/wp-json\/wp\/v2\/posts\/8982?print=pdf\" class=\"pdfprnt-button pdfprnt-button-pdf\" target=\"_blank\"><\/a><a href=\"https:\/\/blog.12min.com\/br\/wp-json\/wp\/v2\/posts\/8982?print=print\" class=\"pdfprnt-button pdfprnt-button-print\" target=\"_blank\"><\/a><\/div>\n<p>\u201cUm espectro est\u00e1 assombrando a Europa. \u00c9 o fantasma do comunismo\u201d. Assim escreveu o fil\u00f3sofo alem\u00e3o <a rel=\"noreferrer noopener\" aria-label=\" (opens in a new tab)\" href=\"https:\/\/www.ebiografia.com\/karl_marx\/\" target=\"_blank\">Karl Marx<\/a>, profeticamente, em <a rel=\"noreferrer noopener\" aria-label=\" (opens in a new tab)\" href=\"https:\/\/12min.com\/br\/o-manifesto-comunista\" target=\"_blank\">O Manifesto Comunista<\/a>, em 1848. Ou seja, cerca de 170 anos atr\u00e1s e 70 anos antes da Revolu\u00e7\u00e3o Russa finalmente levar os comunistas ao poder, naquele pa\u00eds.\u00a0<\/p>\n\n\n\n<figure class=\"wp-block-image\"><img decoding=\"async\" src=\"https:\/\/blog.12min.com\/br\/wp-content\/uploads\/sites\/3\/2019\/09\/O-Manifesto-Comunista-211x300.jpg\" alt=\"o manifesto comunista pdf\" class=\"wp-image-8986\" \/><\/figure>\n\n\n\n<p>Marx concluiu seu trabalho apelando ao proletariado no mundo inteiro para se levantar e derrubar o capitalismo e, finalmente, estabelecer uma utopia socialista mundial.\u00a0 \u201cTrabalhadores do mundo se unam! Voc\u00eas n\u00e3o t\u00eam nada a perder, a n\u00e3o ser as suas correntes!&#8221;, disse.\u00a0<\/p>\n\n\n\n<p>Voc\u00ea pode continuar lendo aqui o resumo do livro O Manifesto Comunista ou baixar o PDF ao lado. Vamos l\u00e1!<\/p>\n\n\n\n<h2 class=\"wp-block-heading\">O Manifesto Comunista<\/h2>\n\n\n\n<p>O Manifesto Comunista foi escrito por Karl Marx e Friedrich Engels, ambos famosos fil\u00f3sofos pol\u00edticos alem\u00e3es. Os autores queriam unificar os trabalhadores, defendendo uma revolu\u00e7\u00e3o contra o capitalismo e a explora\u00e7\u00e3o do trabalho.&nbsp;<\/p>\n\n\n\n<p>Considerado subversivo, na \u00e9poca do lan\u00e7amento, o livro defendia o comunismo e criticava o ac\u00famulo de capital e a explora\u00e7\u00e3o do trabalho. Mas foi uma obra muito lida e ainda continua em alta, por apresentar contextos hist\u00f3ricos relacionados \u00e0 origem da burguesia, do capital e da desigualdade na sociedade.<\/p>\n\n\n\n<h2 class=\"wp-block-heading\">A rela\u00e7\u00e3o entre o poder econ\u00f4mico e o poder pol\u00edtico<\/h2>\n\n\n\n<p>Nas sociedades primitivas, as pessoas eram mais ou menos iguais. Afinal, o alimento somente era fornecido para as comunidades presentes. No entanto, <a href=\"https:\/\/www.historiadomundo.com.br\/pre-historia\/agricultura-=-evolucao.htm\" target=\"_blank\" rel=\"noreferrer noopener\" aria-label=\" (opens in a new tab)\">o surgimento da agricultura<\/a> trouxe mudan\u00e7as. Ou seja, come\u00e7a a haver abund\u00e2ncia de alimento suficiente para ser vendido para outras pessoas.<\/p>\n\n\n\n<p>A partir desse momento, come\u00e7a-se a desenvolver uma hierarquia entre quem possu\u00eda o alimento e quem o comprava. Ent\u00e3o, \u00e9 criado o primeiro sistema de classes, onde a classe que detinha o poder econ\u00f4mico, tamb\u00e9m dominava o cen\u00e1rio pol\u00edtico.<\/p>\n\n\n\n<p>O livro O Manifesto Comunista lembra que, historicamente, todas as sociedades se organizaram em hierarquias complicadas com classes conflitantes. Os limites que separam essas classes est\u00e3o ligados ao grau de controle sobre os modos de produ\u00e7\u00e3o. Em ess\u00eancia, a classe que controla as riquezas da sociedade, tamb\u00e9m controla essa sociedade, usando sua posi\u00e7\u00e3o para subjugar as outras classes.<\/p>\n\n\n\n<p>Assim, a hist\u00f3ria da sociedade \u00e9 a hist\u00f3ria da luta de classes.<\/p>\n\n\n\n<h2 class=\"wp-block-heading\">O surgimento do capitalismo<\/h2>\n\n\n\n<figure class=\"wp-block-image\"><img loading=\"lazy\" decoding=\"async\" width=\"1000\" height=\"561\" src=\"https:\/\/blog.12min.com\/br\/wp-content\/uploads\/sites\/3\/2019\/09\/shutterstock_98145860.jpg\" alt=\"o manifesto comunista resumo\" class=\"wp-image-8988\" srcset=\"https:\/\/blog.12min.com\/br\/wp-content\/uploads\/sites\/3\/2019\/09\/shutterstock_98145860.jpg 1000w, https:\/\/blog.12min.com\/br\/wp-content\/uploads\/sites\/3\/2019\/09\/shutterstock_98145860-300x168.jpg 300w, https:\/\/blog.12min.com\/br\/wp-content\/uploads\/sites\/3\/2019\/09\/shutterstock_98145860-768x431.jpg 768w\" sizes=\"auto, (max-width: 1000px) 100vw, 1000px\" \/><\/figure>\n\n\n\n<p>No sistema feudal, os meios de produ\u00e7\u00e3o (principalmente a terra) pertenciam \u00e0 Coroa e aos nobres \u2013 aristocracia e igreja. Eles ent\u00e3o controlavam as outras classes, mantendo os camponeses como servos.<\/p>\n\n\n\n<p>No entanto, ressalta O Manifesto Comunista, esses servos experimentam mudan\u00e7as a partir da <a href=\"https:\/\/mundoeducacao.bol.uol.com.br\/historiageral\/industrializacao-trabalho.htm\" target=\"_blank\" rel=\"noreferrer noopener\" aria-label=\" (opens in a new tab)\">industrializa\u00e7\u00e3o do s\u00e9culo 18<\/a>. Naquela \u00e9poca, foram introduzidas maneiras alternativas de produ\u00e7\u00e3o para os servos feudais, dando aos agricultores outra op\u00e7\u00e3o de sobreviv\u00eancia: o trabalho nas f\u00e1bricas.<\/p>\n\n\n\n<p>Registra-se, ent\u00e3o, um movimento dos agricultores para a ind\u00fastria, extinguindo assim o antigo sistema social. Mas uma coisa n\u00e3o acabou: a opress\u00e3o. Pelo contr\u00e1rio, afirmam os autores. surge a\u00ed uma nova e poderosa classe, que \u00e9 a burguesia.<\/p>\n\n\n\n<p>Essa transi\u00e7\u00e3o para o sistema capitalista foi impulsionada pelo aumento da demanda de produtos e pelo crescimento da popula\u00e7\u00e3o urbana. Afinal, os camponeses foram expulsos de suas terras e precisaram pensar em uma alternativa vi\u00e1vel de sobreviv\u00eancia.<\/p>\n\n\n\n<h3 class=\"wp-block-heading\">O in\u00edcio da ind\u00fastria moderna<\/h3>\n\n\n\n<p>Os burgueses e as m\u00e1quinas a vapor surgiram rapidamente, substituindo os mestres de corpora\u00e7\u00f5es de of\u00edcio. No entanto, a hierarquia social b\u00e1sica continuou a mesma. Ou seja, os trabalhadores vendiam sua for\u00e7a de trabalho por um sal\u00e1rio inferior \u00e0 quantidade de capital que produziam.<\/p>\n\n\n\n<p>O Manifesto Comunista ressalta que a burguesia se manteve procurando por <a href=\"https:\/\/blog.12min.com\/br\/resumo-do-livro-a-ascensao-do-dinheiro-pdf\/\" target=\"_blank\" rel=\"noreferrer noopener\" aria-label=\" (opens in a new tab)\">mais dinheiro<\/a> e mais mercados a serem explorados. Isso fez do capitalismo um fen\u00f4meno global e uma doutrina econ\u00f4mica definitiva em nossos dias.<\/p>\n\n\n\n<h2 class=\"wp-block-heading\">A classe dos proletariados<\/h2>\n\n\n\n<p>A for\u00e7a de trabalho vale apenas para aumentar as riquezas da burguesia. Assim, de acordo com O Manifesto Comunista, trabalhadores n\u00e3o passam de mercadorias.<\/p>\n\n\n\n<p>Al\u00e9m disso, com cada aumento na divis\u00e3o de trabalho, os trabalhadores s\u00e3o cada vez mais insignificantes \u2013 com tarefas mais simples, menores e mais especializadas. Ao inv\u00e9s de pensar em indiv\u00edduos produzindo um produto inteiro, eles agora sofrem a monotonia de realizar a mesma tarefa na f\u00e1brica, o dia inteiro, por um sal\u00e1rio min\u00fasculo.&nbsp;<\/p>\n\n\n\n<p>Como resultado do aumento da escala de produ\u00e7\u00e3o industrial, existem mais trabalhadores do que nunca. Mas, embora os trabalhadores sejam for\u00e7ados a entrar em uma competi\u00e7\u00e3o direta, um contra o outro em termos de for\u00e7a de trabalho e sal\u00e1rio, eles perceberam que s\u00f3 poderiam desafiar o sistema da classe burguesa, unindo-se, lembram os autores.<\/p>\n\n\n\n<p>Ent\u00e3o, os trabalhadores organizaram-se em sindicatos e contra a burguesia, para defender a classe e para criar uma sociedade mais justa.&nbsp;<\/p>\n\n\n\n<h2 class=\"wp-block-heading\">A burguesia no mundo moderno<\/h2>\n\n\n\n<p>Segundo os autores do livro O Manifesto Comunista, a sociedade burguesa moderna est\u00e1 em um processo de mudan\u00e7a e extin\u00e7\u00e3o, numa batalha contra si. As for\u00e7as produtivas modernas est\u00e3o se revoltando contra as condi\u00e7\u00f5es de produ\u00e7\u00e3o.&nbsp;<\/p>\n\n\n\n<p>Al\u00e9m disso, a superprodu\u00e7\u00e3o vem gerando crises e amea\u00e7ando a exist\u00eancia da sociedade burguesa. Assim, em uma tentativa de reverter o quadro, a burguesia gera novas crises. O que isso tudo significa? As armas utilizadas pela burguesia para acabar com a sociedade feudal est\u00e3o se voltando contra a pr\u00f3pria classe.<\/p>\n\n\n\n<h2 class=\"wp-block-heading\">O surgimento dos sindicatos<\/h2>\n\n\n\n<figure class=\"wp-block-image\"><img loading=\"lazy\" decoding=\"async\" width=\"1024\" height=\"601\" src=\"https:\/\/blog.12min.com\/br\/wp-content\/uploads\/sites\/3\/2019\/09\/shutterstock_284341979-2-1-1024x601.jpg\" alt=\"karl marx e o manifesto comunista\" class=\"wp-image-8996\" srcset=\"https:\/\/blog.12min.com\/br\/wp-content\/uploads\/sites\/3\/2019\/09\/shutterstock_284341979-2-1-1024x601.jpg 1024w, https:\/\/blog.12min.com\/br\/wp-content\/uploads\/sites\/3\/2019\/09\/shutterstock_284341979-2-1-300x176.jpg 300w, https:\/\/blog.12min.com\/br\/wp-content\/uploads\/sites\/3\/2019\/09\/shutterstock_284341979-2-1-768x451.jpg 768w, https:\/\/blog.12min.com\/br\/wp-content\/uploads\/sites\/3\/2019\/09\/shutterstock_284341979-2-1.jpg 1410w\" sizes=\"auto, (max-width: 1024px) 100vw, 1024px\" \/><\/figure>\n\n\n\n<p>A luta contra a burguesia \u00e9 lenta e come\u00e7a pequena. Mas o n\u00famero de apoiadores desta causa aumenta e eles percebem que precisam mais do que atacar a burguesia. Ou seja, \u00e9 preciso combater tamb\u00e9m o meio de produ\u00e7\u00e3o e conquistar nova posi\u00e7\u00e3o.<\/p>\n\n\n\n<p>Assim, nasceram os sindicatos, para apoiarem os trabalhadores contra a burguesia e a favor dos direitos do proletariado.<\/p>\n\n\n\n<p>Para os autores de O Manifesto Comunista, a \u00fanica classe que tem chance de vencer a burguesia \u00e9 o proletariado. Todas as demais s\u00e3o muito conservadoras e s\u00f3 lutam para preservar sua exist\u00eancia.<\/p>\n\n\n\n<p>Mas o proletariado n\u00e3o tem propriedade para reter ou se expandir.&nbsp;<\/p>\n\n\n\n<h2 class=\"wp-block-heading\">Os comunistas querem o fim da propriedade privada<\/h2>\n\n\n\n<p>O Manifesto Comunista lembra que, embora os sindicatos estejam surgindo em todos os pa\u00edses e ind\u00fastrias, as redes de relacionamento ainda s\u00e3o muito pequenas em compara\u00e7\u00e3o com o poder global da burguesia, com o poder econ\u00f4mico e suas conex\u00f5es internacionais.<\/p>\n\n\n\n<p>Assim, os comunistas internacionais decidiram representar os interesses do proletariado como uma classe global. Esses comunistas surgiram dos partidos dos trabalhadores e organiza\u00e7\u00f5es no mundo todo.<\/p>\n\n\n\n<p>Os comunistas prop\u00f5em a extin\u00e7\u00e3o da propriedade privada e da fam\u00edlia. Muitas pessoas n\u00e3o conseguem entender essa quest\u00e3o, porque acreditam que ganhar dinheiro e adquirir uma propriedade privada no capitalismo \u00e9 a \u00fanica coisa que motiva as pessoas a trabalharem.&nbsp;<\/p>\n\n\n\n<p>No entanto, O Manifesto Comunista refor\u00e7a que apenas a burguesia se beneficia do trabalho assalariado do proletariado. Ou seja, os proletariados criam o instrumento para sua pr\u00f3pria explora\u00e7\u00e3o no capitalismo, garantem os autores.<\/p>\n\n\n\n<p>Ent\u00e3o, os planos dos comunistas s\u00e3o imediatos e decisivos: derrubar a burguesia, roubar o poder pol\u00edtico e redistribuir a riqueza para todos na sociedade.<\/p>\n\n\n\n<h2 class=\"wp-block-heading\">As condi\u00e7\u00f5es de uma sociedade justa, de acordo com O Manifesto Comunista<\/h2>\n\n\n\n<ol class=\"wp-block-list\"><li>Desapropria\u00e7\u00e3o de toda propriedade e todos os alugu\u00e9is para prop\u00f3sitos p\u00fablicos.<\/li><li>Cria\u00e7\u00e3o de um imposto pesado e progressivo, para garantir que a riqueza n\u00e3o se acumule e nem se concentre no topo.<\/li><li>Anula\u00e7\u00e3o de todos os direitos de heran\u00e7a, para evitar concentra\u00e7\u00e3o de riquezas entre pessoas que j\u00e1 s\u00e3o pr\u00f3speras.<\/li><li>Confisco das propriedades dos imigrantes em seus pa\u00edses de origem, como tamb\u00e9m daqueles que tentam controlar o proletariado.<\/li><li>Monop\u00f3lio do cr\u00e9dito, por meio de um banco nacional, com capital do Estado, uma vez que as institui\u00e7\u00f5es de cr\u00e9dito vivem em fun\u00e7\u00e3o do capital e n\u00e3o produzem coisa alguma.<\/li><li>Centraliza\u00e7\u00e3o do transporte nas m\u00e3os do Estado.<\/li><li>Utiliza\u00e7\u00e3o dos instrumentos de produ\u00e7\u00e3o, que agora s\u00e3o do Estado, para cultivar as terras abandonadas e para melhorar o solo.<\/li><li>Estabelecimento de ex\u00e9rcitos industriais, especialmente para a agricultura.<\/li><li>Distribui\u00e7\u00e3o igualit\u00e1ria da popula\u00e7\u00e3o, para eliminar gradualmente as diferen\u00e7as entre a cidade e o campo.<\/li><li>Implanta\u00e7\u00e3o de uma educa\u00e7\u00e3o gratuita em escolas p\u00fablicas e aboli\u00e7\u00e3o das f\u00e1bricas que utilizam trabalho infantil.<\/li><\/ol>\n\n\n\n<h2 class=\"wp-block-heading\">Oposi\u00e7\u00e3o ao comunismo<\/h2>\n\n\n\n<p>O plano dos comunistas era radical e a rea\u00e7\u00e3o contr\u00e1ria tamb\u00e9m veio em dose forte. Veja tr\u00eas principais cr\u00edticas e a defesa dos comunistas, segundo O Manifesto Comunista:<\/p>\n\n\n\n<h4 class=\"wp-block-heading\">O comunismo trabalha contra a fam\u00edlia<\/h4>\n\n\n\n<p>Defesa: Os autores afirmam que as fam\u00edlias j\u00e1 foram arruinadas pelo capitalismo. Por exemplo, com m\u00e3es que trabalham 60 horas por semana e crian\u00e7as escravizadas em f\u00e1bricas e reduzidas a simples mercadorias. O comunismo prop\u00f5e que a educa\u00e7\u00e3o seja livre da influ\u00eancia das classes dominantes, defendem o autores.<\/p>\n\n\n\n<h4 class=\"wp-block-heading\">O comunismo tira a nacionalidade dos trabalhadores&nbsp;<\/h4>\n\n\n\n<p>Defesa: Mas a verdade \u00e9 que os trabalhadores j\u00e1 n\u00e3o possuem nacionalidade. O Manifesto Comunista afirma que eles n\u00e3o s\u00e3o representados pelos grandes valores e hist\u00f3rias atribu\u00eddas aos nacionalistas de suas na\u00e7\u00f5es. Ao inv\u00e9s disso, s\u00e3o representados por sua for\u00e7a de trabalho e posi\u00e7\u00e3o como sujeitos oprimidos.<\/p>\n\n\n\n<h4 class=\"wp-block-heading\">O comunismo pretende destruir a religi\u00e3o&nbsp;<\/h4>\n\n\n\n<p>Defesa: Essa cr\u00edtica \u00e9 ver\u00eddica! O comunismo trabalha para substituir os padr\u00f5es morais existentes, j\u00e1 que eles foram criados pelas rela\u00e7\u00f5es de poder opressivas da nossa sociedade capitalista. Tradicionalmente, o principal prop\u00f3sito da religi\u00e3o \u00e9 apoiar as classes dominantes.<\/p>\n\n\n\n<p>Enfim, para os autores, todas as cr\u00edticas s\u00e3o &#8220;hip\u00f3critas e inv\u00e1lidas&#8221;. Elas provam que muitas pessoas ainda n\u00e3o entenderam as causas e demandas do movimento dos trabalhadores.<\/p>\n\n\n\n<h2 class=\"wp-block-heading\">Frases famosas de Karl Marx<\/h2>\n\n\n\n<p>Marx foi uma personalidade pol\u00eamica: elogiado e criticado. Mas ele tem sido descrito como uma das figuras mais influentes na hist\u00f3ria da humanidade, inspirando intelectuais, sindicatos e partidos pol\u00edticos em todo mundo. N\u00f3s selecionamos 10 cita\u00e7\u00f5es dele para ajudar voc\u00ea a tirar suas pr\u00f3prias conclus\u00f5es:<\/p>\n\n\n<span class='bctt-click-to-tweet'><span class='bctt-ctt-text'><a href='https:\/\/twitter.com\/intent\/tweet?url=https%3A%2F%2Fblog.12min.com%2Fbr%2F%3Fp%3D8982&#038;text=O%20poder%20pol%C3%ADtico%20%C3%A9%20o%20poder%20organizado%20de%20uma%20classe%20para%20a%20opress%C3%A3o%20de%20outra.&#038;via=12minApp&#038;related=12minApp' target='_blank'rel=\"noopener noreferrer\">O poder pol\u00edtico \u00e9 o poder organizado de uma classe para a opress\u00e3o de outra. <\/a><\/span><a href='https:\/\/twitter.com\/intent\/tweet?url=https%3A%2F%2Fblog.12min.com%2Fbr%2F%3Fp%3D8982&#038;text=O%20poder%20pol%C3%ADtico%20%C3%A9%20o%20poder%20organizado%20de%20uma%20classe%20para%20a%20opress%C3%A3o%20de%20outra.&#038;via=12minApp&#038;related=12minApp' target='_blank' class='bctt-ctt-btn'rel=\"noopener noreferrer\">Share on X<\/a><\/span>\n\n<span class='bctt-click-to-tweet'><span class='bctt-ctt-text'><a href='https:\/\/twitter.com\/intent\/tweet?url=https%3A%2F%2Fblog.12min.com%2Fbr%2F%3Fp%3D8982&#038;text=O%20que%20caracteriza%20o%20comunismo%20n%C3%A3o%20%C3%A9%20a%20aboli%C3%A7%C3%A3o%20da%20propriedade%20em%20geral%2C%20mas%20a%20aboli%C3%A7%C3%A3o%20da%20propriedade%20burguesa.&#038;via=12minApp&#038;related=12minApp' target='_blank'rel=\"noopener noreferrer\">O que caracteriza o comunismo n\u00e3o \u00e9 a aboli\u00e7\u00e3o da propriedade em geral, mas a aboli\u00e7\u00e3o da propriedade burguesa. <\/a><\/span><a href='https:\/\/twitter.com\/intent\/tweet?url=https%3A%2F%2Fblog.12min.com%2Fbr%2F%3Fp%3D8982&#038;text=O%20que%20caracteriza%20o%20comunismo%20n%C3%A3o%20%C3%A9%20a%20aboli%C3%A7%C3%A3o%20da%20propriedade%20em%20geral%2C%20mas%20a%20aboli%C3%A7%C3%A3o%20da%20propriedade%20burguesa.&#038;via=12minApp&#038;related=12minApp' target='_blank' class='bctt-ctt-btn'rel=\"noopener noreferrer\">Share on X<\/a><\/span>\n\n<span class='bctt-click-to-tweet'><span class='bctt-ctt-text'><a href='https:\/\/twitter.com\/intent\/tweet?url=https%3A%2F%2Fblog.12min.com%2Fbr%2F%3Fp%3D8982&#038;text=A%20desvaloriza%C3%A7%C3%A3o%20do%20mundo%20humano%20aumenta%20em%20propor%C3%A7%C3%A3o%20direta%20com%20a%20valoriza%C3%A7%C3%A3o%20do%20mundo%20das%20coisas.&#038;via=12minApp&#038;related=12minApp' target='_blank'rel=\"noopener noreferrer\">A desvaloriza\u00e7\u00e3o do mundo humano aumenta em propor\u00e7\u00e3o direta com a valoriza\u00e7\u00e3o do mundo das coisas. <\/a><\/span><a href='https:\/\/twitter.com\/intent\/tweet?url=https%3A%2F%2Fblog.12min.com%2Fbr%2F%3Fp%3D8982&#038;text=A%20desvaloriza%C3%A7%C3%A3o%20do%20mundo%20humano%20aumenta%20em%20propor%C3%A7%C3%A3o%20direta%20com%20a%20valoriza%C3%A7%C3%A3o%20do%20mundo%20das%20coisas.&#038;via=12minApp&#038;related=12minApp' target='_blank' class='bctt-ctt-btn'rel=\"noopener noreferrer\">Share on X<\/a><\/span>\n\n<span class='bctt-click-to-tweet'><span class='bctt-ctt-text'><a href='https:\/\/twitter.com\/intent\/tweet?url=https%3A%2F%2Fblog.12min.com%2Fbr%2F%3Fp%3D8982&#038;text=As%20ideias%20da%20classe%20dominante%20s%C3%A3o%2C%20em%20todas%20as%20%C3%A9pocas%2C%20as%20ideias%20dominantes%2C%20isto%20%C3%A9%2C%20a%20classe%20que%20%C3%A9%20a%20for%C3%A7a%20material%20dominante%20da%20sociedade%20%C3%A9%2C%20ao%20mesmo%20tempo%2C%20sua%20for%C3%A7a%20intelectual%20dominante.&#038;via=12minApp&#038;related=12minApp' target='_blank'rel=\"noopener noreferrer\">As ideias da classe dominante s\u00e3o, em todas as \u00e9pocas, as ideias dominantes, isto \u00e9, a classe que \u00e9 a for\u00e7a material dominante da sociedade \u00e9, ao mesmo tempo, sua for\u00e7a intelectual dominante. <\/a><\/span><a href='https:\/\/twitter.com\/intent\/tweet?url=https%3A%2F%2Fblog.12min.com%2Fbr%2F%3Fp%3D8982&#038;text=As%20ideias%20da%20classe%20dominante%20s%C3%A3o%2C%20em%20todas%20as%20%C3%A9pocas%2C%20as%20ideias%20dominantes%2C%20isto%20%C3%A9%2C%20a%20classe%20que%20%C3%A9%20a%20for%C3%A7a%20material%20dominante%20da%20sociedade%20%C3%A9%2C%20ao%20mesmo%20tempo%2C%20sua%20for%C3%A7a%20intelectual%20dominante.&#038;via=12minApp&#038;related=12minApp' target='_blank' class='bctt-ctt-btn'rel=\"noopener noreferrer\">Share on X<\/a><\/span>\n\n<span class='bctt-click-to-tweet'><span class='bctt-ctt-text'><a href='https:\/\/twitter.com\/intent\/tweet?url=https%3A%2F%2Fblog.12min.com%2Fbr%2F%3Fp%3D8982&#038;text=Aos%20oprimidos%20%C3%A9%20permitido%20uma%20vez%20a%20cada%20poucos%20anos%20decidir%20quais%20representantes%20espec%C3%ADficos%20da%20classe%20opressora%20devem%20represent%C3%A1-los%20e%20reprimi-los.&#038;via=12minApp&#038;related=12minApp' target='_blank'rel=\"noopener noreferrer\">Aos oprimidos \u00e9 permitido uma vez a cada poucos anos decidir quais representantes espec\u00edficos da classe opressora devem represent\u00e1-los e reprimi-los. <\/a><\/span><a href='https:\/\/twitter.com\/intent\/tweet?url=https%3A%2F%2Fblog.12min.com%2Fbr%2F%3Fp%3D8982&#038;text=Aos%20oprimidos%20%C3%A9%20permitido%20uma%20vez%20a%20cada%20poucos%20anos%20decidir%20quais%20representantes%20espec%C3%ADficos%20da%20classe%20opressora%20devem%20represent%C3%A1-los%20e%20reprimi-los.&#038;via=12minApp&#038;related=12minApp' target='_blank' class='bctt-ctt-btn'rel=\"noopener noreferrer\">Share on X<\/a><\/span>\n\n<span class='bctt-click-to-tweet'><span class='bctt-ctt-text'><a href='https:\/\/twitter.com\/intent\/tweet?url=https%3A%2F%2Fblog.12min.com%2Fbr%2F%3Fp%3D8982&#038;text=A%20raz%C3%A3o%20sempre%20existiu%2C%20mas%20nem%20sempre%20de%20uma%20forma%20razo%C3%A1vel.&#038;via=12minApp&#038;related=12minApp' target='_blank'rel=\"noopener noreferrer\">A raz\u00e3o sempre existiu, mas nem sempre de uma forma razo\u00e1vel. <\/a><\/span><a href='https:\/\/twitter.com\/intent\/tweet?url=https%3A%2F%2Fblog.12min.com%2Fbr%2F%3Fp%3D8982&#038;text=A%20raz%C3%A3o%20sempre%20existiu%2C%20mas%20nem%20sempre%20de%20uma%20forma%20razo%C3%A1vel.&#038;via=12minApp&#038;related=12minApp' target='_blank' class='bctt-ctt-btn'rel=\"noopener noreferrer\">Share on X<\/a><\/span>\n\n<span class='bctt-click-to-tweet'><span class='bctt-ctt-text'><a href='https:\/\/twitter.com\/intent\/tweet?url=https%3A%2F%2Fblog.12min.com%2Fbr%2F%3Fp%3D8982&#038;text=Quanto%20menos%20comes%2C%20bebes%2C%20compras%20livros%20e%20vais%20ao%20teatro%2C%20pensas%2C%20amas%2C%20teorizas%2C%20cantas%2C%20sofres%2C%20praticas%20esporte%20etc.%2C%20mais%20economizas%20e%20mais%20cresce%20o%20teu%20capital.%20%C3%89s%20menos%2C%20mas%20tens%20mais.%20Assim%20todas%20as%20paix%C3%B5es%20e%20atividades%20s%C3%A3o%E2%80%A6&#038;via=12minApp&#038;related=12minApp' target='_blank'rel=\"noopener noreferrer\">Quanto menos comes, bebes, compras livros e vais ao teatro, pensas, amas, teorizas, cantas, sofres, praticas esporte etc., mais economizas e mais cresce o teu capital. \u00c9s menos, mas tens mais. Assim todas as paix\u00f5es e atividades s\u00e3o\u2026 <\/a><\/span><a href='https:\/\/twitter.com\/intent\/tweet?url=https%3A%2F%2Fblog.12min.com%2Fbr%2F%3Fp%3D8982&#038;text=Quanto%20menos%20comes%2C%20bebes%2C%20compras%20livros%20e%20vais%20ao%20teatro%2C%20pensas%2C%20amas%2C%20teorizas%2C%20cantas%2C%20sofres%2C%20praticas%20esporte%20etc.%2C%20mais%20economizas%20e%20mais%20cresce%20o%20teu%20capital.%20%C3%89s%20menos%2C%20mas%20tens%20mais.%20Assim%20todas%20as%20paix%C3%B5es%20e%20atividades%20s%C3%A3o%E2%80%A6&#038;via=12minApp&#038;related=12minApp' target='_blank' class='bctt-ctt-btn'rel=\"noopener noreferrer\">Share on X<\/a><\/span>\n\n<span class='bctt-click-to-tweet'><span class='bctt-ctt-text'><a href='https:\/\/twitter.com\/intent\/tweet?url=https%3A%2F%2Fblog.12min.com%2Fbr%2F%3Fp%3D8982&#038;text=As%20revolu%C3%A7%C3%B5es%20s%C3%A3o%20a%20locomotiva%20da%20hist%C3%B3ria.&#038;via=12minApp&#038;related=12minApp' target='_blank'rel=\"noopener noreferrer\">As revolu\u00e7\u00f5es s\u00e3o a locomotiva da hist\u00f3ria. <\/a><\/span><a href='https:\/\/twitter.com\/intent\/tweet?url=https%3A%2F%2Fblog.12min.com%2Fbr%2F%3Fp%3D8982&#038;text=As%20revolu%C3%A7%C3%B5es%20s%C3%A3o%20a%20locomotiva%20da%20hist%C3%B3ria.&#038;via=12minApp&#038;related=12minApp' target='_blank' class='bctt-ctt-btn'rel=\"noopener noreferrer\">Share on X<\/a><\/span>\n\n<span class='bctt-click-to-tweet'><span class='bctt-ctt-text'><a href='https:\/\/twitter.com\/intent\/tweet?url=https%3A%2F%2Fblog.12min.com%2Fbr%2F%3Fp%3D8982&#038;text=O%20capitalismo%20gera%20o%20seu%20pr%C3%B3prio%20coveiro.&#038;via=12minApp&#038;related=12minApp' target='_blank'rel=\"noopener noreferrer\">O capitalismo gera o seu pr\u00f3prio coveiro. <\/a><\/span><a href='https:\/\/twitter.com\/intent\/tweet?url=https%3A%2F%2Fblog.12min.com%2Fbr%2F%3Fp%3D8982&#038;text=O%20capitalismo%20gera%20o%20seu%20pr%C3%B3prio%20coveiro.&#038;via=12minApp&#038;related=12minApp' target='_blank' class='bctt-ctt-btn'rel=\"noopener noreferrer\">Share on X<\/a><\/span>\n\n<span class='bctt-click-to-tweet'><span class='bctt-ctt-text'><a href='https:\/\/twitter.com\/intent\/tweet?url=https%3A%2F%2Fblog.12min.com%2Fbr%2F%3Fp%3D8982&#038;text=O%20dinheiro%20%C3%A9%20a%20ess%C3%AAncia%20alienada%20do%20trabalho%20e%20da%20exist%C3%AAncia%20do%20homem%3B%20a%20ess%C3%AAncia%20domina-o%20e%20ele%20adora-a.&#038;via=12minApp&#038;related=12minApp' target='_blank'rel=\"noopener noreferrer\">O dinheiro \u00e9 a ess\u00eancia alienada do trabalho e da exist\u00eancia do homem; a ess\u00eancia domina-o e ele adora-a. <\/a><\/span><a href='https:\/\/twitter.com\/intent\/tweet?url=https%3A%2F%2Fblog.12min.com%2Fbr%2F%3Fp%3D8982&#038;text=O%20dinheiro%20%C3%A9%20a%20ess%C3%AAncia%20alienada%20do%20trabalho%20e%20da%20exist%C3%AAncia%20do%20homem%3B%20a%20ess%C3%AAncia%20domina-o%20e%20ele%20adora-a.&#038;via=12minApp&#038;related=12minApp' target='_blank' class='bctt-ctt-btn'rel=\"noopener noreferrer\">Share on X<\/a><\/span>\n\n\n<h2 class=\"wp-block-heading\">Continue aprendendo<\/h2>\n\n\n\n<p>Ent\u00e3o, voc\u00ea j\u00e1 conhecia O Manifesto Comunista? Qual o seu ponto de vista? Compartilhe conosco a sua opini\u00e3o!<\/p>\n\n\n\n<p>E se voc\u00ea quer continuar investindo em informa\u00e7\u00f5es e conhecimentos, que tal \u201cviajar\u201d pelo <a href=\"https:\/\/12min.com\/br\/\" target=\"_blank\" rel=\"noreferrer noopener\" aria-label=\" (opens in a new tab)\">12min<\/a>. L\u00e1 voc\u00ea encontra muitas outras obras fant\u00e1sticas, de autores renomados, nas mais variadas categorias. Tudo nos formatos microbook e audiobook.&nbsp;<\/p>\n\n\n\n<p>Voc\u00ea ainda pode acessar o 12min pelo celular, utilizando os aplicativos para Android ou iOS.<\/p>\n\n\n\n<p>Agora, como sempre fazemos, vamos encerrar o nosso post com uma sugest\u00e3o de leitura, que certamente voc\u00ea vai adorar. Anote a\u00ed!<\/p>\n\n\n\n<h3 class=\"wp-block-heading\"><a href=\"https:\/\/12min.com\/br\/o-principe\" target=\"_blank\" rel=\"noreferrer noopener\" aria-label=\" (opens in a new tab)\">O Pr\u00edncipe<\/a> &#8211; Nicolau Maquiavel<\/h3>\n\n\n\n<figure class=\"wp-block-image\"><img decoding=\"async\" src=\"https:\/\/blog.12min.com\/br\/wp-content\/uploads\/sites\/3\/2019\/09\/O-Principe-189x300.jpeg\" alt=\"Livro O Pr\u00edncipe\" class=\"wp-image-8987\" \/><\/figure>\n\n\n\n<p>Desde 1513, quando o livro foi escrito, muita coisa mudou. Os principados deram lugar a estados nacionais. O feudalismo virou capitalismo. O absolutismo deu lugar a rep\u00fablicas. O poder do papa diminuiu e a democracia aumentou. Mas uma coisa n\u00e3o mudou: o esp\u00edrito humano. Muitas das ideias deste microbook podem facilmente ser levadas para a atualidade e vistas na pol\u00edtica e no mundo dos neg\u00f3cios atuais.<\/p>\n\n\n\n<h4 class=\"wp-block-heading\">Boa leitura e \u00f3timos aprendizados!<\/h4>\n\n\n\n<p>Se as informa\u00e7\u00f5es acima foram relevantes para voc\u00ea, compartilhe esse post em sua rede social!<\/p>\n","protected":false},"excerpt":{"rendered":"<p>7 min de leitura \u231a&nbsp; \u201cUm espectro est\u00e1 assombrando a Europa. \u00c9 o fantasma do comunismo\u201d. Assim escreveu o fil\u00f3sofo alem\u00e3o Karl Marx, profeticamente, em O Manifesto Comunista, em 1848. Ou seja, cerca de 170 anos atr\u00e1s e 70 anos antes da Revolu\u00e7\u00e3o Russa finalmente levar os comunistas ao poder, naquele pa\u00eds.\u00a0 Marx concluiu seu [&hellip;]<\/p>\n","protected":false},"author":48,"featured_media":8998,"comment_status":"closed","ping_status":"closed","sticky":false,"template":"","format":"standard","meta":{"_exactmetrics_skip_tracking":false,"_exactmetrics_sitenote_active":false,"_exactmetrics_sitenote_note":"","_exactmetrics_sitenote_category":0,"footnotes":""},"categories":[2],"tags":[],"class_list":["post-8982","post","type-post","status-publish","format-standard","has-post-thumbnail","hentry","category-conhecimento","wpbf-post"],"yoast_head":"<!-- This site is optimized with the Yoast SEO plugin v26.4 - https:\/\/yoast.com\/wordpress\/plugins\/seo\/ -->\n<title>Resumo do Livro O Manifesto Comunista, de Karl Marx, -<\/title>\n<meta name=\"description\" content=\"Escrito h\u00e1 mais de 170 anos, O Manifesto Comunista busca unificar os trabalhadores, contra o capitalismo e a explora\u00e7\u00e3o do trabalho. Um cl\u00e1ssico!\" \/>\n<meta name=\"robots\" content=\"index, follow, max-snippet:-1, max-image-preview:large, max-video-preview:-1\" \/>\n<link rel=\"canonical\" href=\"https:\/\/blog.12min.com\/br\/resumo-do-livro-o-manifesto-comunista-pdf\/\" \/>\n<meta property=\"og:locale\" content=\"en_US\" \/>\n<meta property=\"og:type\" content=\"article\" \/>\n<meta property=\"og:title\" content=\"Resumo do Livro O Manifesto Comunista, de Karl Marx, -\" \/>\n<meta property=\"og:description\" content=\"Escrito h\u00e1 mais de 170 anos, O Manifesto Comunista busca unificar os trabalhadores, contra o capitalismo e a explora\u00e7\u00e3o do trabalho. Um cl\u00e1ssico!\" \/>\n<meta property=\"og:url\" content=\"https:\/\/blog.12min.com\/br\/resumo-do-livro-o-manifesto-comunista-pdf\/\" \/>\n<meta property=\"og:site_name\" content=\"Blog do 12min\" \/>\n<meta property=\"article:published_time\" content=\"2019-09-04T13:00:57+00:00\" \/>\n<meta property=\"og:image\" content=\"https:\/\/blog.12min.com\/br\/wp-content\/uploads\/sites\/3\/2019\/09\/cropped-shutterstock_1024929871.jpg\" \/>\n\t<meta property=\"og:image:width\" content=\"1000\" \/>\n\t<meta property=\"og:image:height\" content=\"562\" \/>\n\t<meta property=\"og:image:type\" content=\"image\/jpeg\" \/>\n<meta name=\"author\" content=\"Emir Zecovic\" \/>\n<meta name=\"twitter:card\" content=\"summary_large_image\" \/>\n<meta name=\"twitter:label1\" content=\"Written by\" \/>\n\t<meta name=\"twitter:data1\" content=\"Emir Zecovic\" \/>\n\t<meta name=\"twitter:label2\" content=\"Est. reading time\" \/>\n\t<meta name=\"twitter:data2\" content=\"10 minutes\" \/>\n<!-- \/ Yoast SEO plugin. -->","yoast_head_json":{"title":"Resumo do Livro O Manifesto Comunista, de Karl Marx, -","description":"Escrito h\u00e1 mais de 170 anos, O Manifesto Comunista busca unificar os trabalhadores, contra o capitalismo e a explora\u00e7\u00e3o do trabalho. Um cl\u00e1ssico!","robots":{"index":"index","follow":"follow","max-snippet":"max-snippet:-1","max-image-preview":"max-image-preview:large","max-video-preview":"max-video-preview:-1"},"canonical":"https:\/\/blog.12min.com\/br\/resumo-do-livro-o-manifesto-comunista-pdf\/","og_locale":"en_US","og_type":"article","og_title":"Resumo do Livro O Manifesto Comunista, de Karl Marx, -","og_description":"Escrito h\u00e1 mais de 170 anos, O Manifesto Comunista busca unificar os trabalhadores, contra o capitalismo e a explora\u00e7\u00e3o do trabalho. Um cl\u00e1ssico!","og_url":"https:\/\/blog.12min.com\/br\/resumo-do-livro-o-manifesto-comunista-pdf\/","og_site_name":"Blog do 12min","article_published_time":"2019-09-04T13:00:57+00:00","og_image":[{"width":1000,"height":562,"url":"https:\/\/blog.12min.com\/br\/wp-content\/uploads\/sites\/3\/2019\/09\/cropped-shutterstock_1024929871.jpg","type":"image\/jpeg"}],"author":"Emir Zecovic","twitter_card":"summary_large_image","twitter_misc":{"Written by":"Emir Zecovic","Est. reading time":"10 minutes"},"schema":{"@context":"https:\/\/schema.org","@graph":[{"@type":"WebPage","@id":"https:\/\/blog.12min.com\/br\/resumo-do-livro-o-manifesto-comunista-pdf\/","url":"https:\/\/blog.12min.com\/br\/resumo-do-livro-o-manifesto-comunista-pdf\/","name":"Resumo do Livro O Manifesto Comunista, de Karl Marx, -","isPartOf":{"@id":"https:\/\/blog.12min.com\/br\/#website"},"primaryImageOfPage":{"@id":"https:\/\/blog.12min.com\/br\/resumo-do-livro-o-manifesto-comunista-pdf\/#primaryimage"},"image":{"@id":"https:\/\/blog.12min.com\/br\/resumo-do-livro-o-manifesto-comunista-pdf\/#primaryimage"},"thumbnailUrl":"https:\/\/blog.12min.com\/br\/wp-content\/uploads\/sites\/3\/2019\/09\/cropped-shutterstock_1024929871.jpg","datePublished":"2019-09-04T13:00:57+00:00","author":{"@id":"https:\/\/blog.12min.com\/br\/#\/schema\/person\/ccaf1a7ac6cac4265aa3afb02ae667f4"},"description":"Escrito h\u00e1 mais de 170 anos, O Manifesto Comunista busca unificar os trabalhadores, contra o capitalismo e a explora\u00e7\u00e3o do trabalho. Um cl\u00e1ssico!","breadcrumb":{"@id":"https:\/\/blog.12min.com\/br\/resumo-do-livro-o-manifesto-comunista-pdf\/#breadcrumb"},"inLanguage":"en-US","potentialAction":[{"@type":"ReadAction","target":["https:\/\/blog.12min.com\/br\/resumo-do-livro-o-manifesto-comunista-pdf\/"]}]},{"@type":"ImageObject","inLanguage":"en-US","@id":"https:\/\/blog.12min.com\/br\/resumo-do-livro-o-manifesto-comunista-pdf\/#primaryimage","url":"https:\/\/blog.12min.com\/br\/wp-content\/uploads\/sites\/3\/2019\/09\/cropped-shutterstock_1024929871.jpg","contentUrl":"https:\/\/blog.12min.com\/br\/wp-content\/uploads\/sites\/3\/2019\/09\/cropped-shutterstock_1024929871.jpg","width":1000,"height":562},{"@type":"BreadcrumbList","@id":"https:\/\/blog.12min.com\/br\/resumo-do-livro-o-manifesto-comunista-pdf\/#breadcrumb","itemListElement":[{"@type":"ListItem","position":1,"name":"In\u00edcio","item":"https:\/\/blog.12min.com\/br\/"},{"@type":"ListItem","position":2,"name":"Resumo do Livro O Manifesto Comunista, de Karl Marx, em PDF"}]},{"@type":"WebSite","@id":"https:\/\/blog.12min.com\/br\/#website","url":"https:\/\/blog.12min.com\/br\/","name":"Blog do 12min","description":"Livros, Audiobooks e Resumos","potentialAction":[{"@type":"SearchAction","target":{"@type":"EntryPoint","urlTemplate":"https:\/\/blog.12min.com\/br\/?s={search_term_string}"},"query-input":{"@type":"PropertyValueSpecification","valueRequired":true,"valueName":"search_term_string"}}],"inLanguage":"en-US"},{"@type":"Person","@id":"https:\/\/blog.12min.com\/br\/#\/schema\/person\/ccaf1a7ac6cac4265aa3afb02ae667f4","name":"Emir Zecovic","description":"Emir is the Head of Marketing\u00a0at 12min. In his spare time, he loves to meditate and play soccer.","url":"https:\/\/blog.12min.com\/br\/author\/emir\/"}]}},"amp_enabled":true,"_links":{"self":[{"href":"https:\/\/blog.12min.com\/br\/wp-json\/wp\/v2\/posts\/8982","targetHints":{"allow":["GET"]}}],"collection":[{"href":"https:\/\/blog.12min.com\/br\/wp-json\/wp\/v2\/posts"}],"about":[{"href":"https:\/\/blog.12min.com\/br\/wp-json\/wp\/v2\/types\/post"}],"author":[{"embeddable":true,"href":"https:\/\/blog.12min.com\/br\/wp-json\/wp\/v2\/users\/48"}],"replies":[{"embeddable":true,"href":"https:\/\/blog.12min.com\/br\/wp-json\/wp\/v2\/comments?post=8982"}],"version-history":[{"count":5,"href":"https:\/\/blog.12min.com\/br\/wp-json\/wp\/v2\/posts\/8982\/revisions"}],"predecessor-version":[{"id":8999,"href":"https:\/\/blog.12min.com\/br\/wp-json\/wp\/v2\/posts\/8982\/revisions\/8999"}],"wp:featuredmedia":[{"embeddable":true,"href":"https:\/\/blog.12min.com\/br\/wp-json\/wp\/v2\/media\/8998"}],"wp:attachment":[{"href":"https:\/\/blog.12min.com\/br\/wp-json\/wp\/v2\/media?parent=8982"}],"wp:term":[{"taxonomy":"category","embeddable":true,"href":"https:\/\/blog.12min.com\/br\/wp-json\/wp\/v2\/categories?post=8982"},{"taxonomy":"post_tag","embeddable":true,"href":"https:\/\/blog.12min.com\/br\/wp-json\/wp\/v2\/tags?post=8982"}],"curies":[{"name":"wp","href":"https:\/\/api.w.org\/{rel}","templated":true}]}}