{"id":9379,"date":"2022-05-12T10:59:00","date_gmt":"2022-05-12T13:59:00","guid":{"rendered":"https:\/\/blog.12min.com\/br\/?p=9379"},"modified":"2024-07-19T11:10:19","modified_gmt":"2024-07-19T14:10:19","slug":"a-coragem-de-nao-agradar-resumo","status":"publish","type":"post","link":"https:\/\/blog.12min.com\/br\/a-coragem-de-nao-agradar-resumo\/","title":{"rendered":"A Coragem de N\u00e3o Agradar"},"content":{"rendered":"<p class=\"wpwc-reading-time\">5 min de leitura \u231a&nbsp;<\/p><div class=\"pdfprnt-buttons pdfprnt-buttons-post pdfprnt-top-right\"><a href=\"https:\/\/blog.12min.com\/br\/wp-json\/wp\/v2\/posts\/9379?print=pdf\" class=\"pdfprnt-button pdfprnt-button-pdf\" target=\"_blank\"><\/a><a href=\"https:\/\/blog.12min.com\/br\/wp-json\/wp\/v2\/posts\/9379?print=print\" class=\"pdfprnt-button pdfprnt-button-print\" target=\"_blank\"><\/a><\/div>\n<p><strong>O livro <\/strong><a href=\"https:\/\/12min.com\/br\/a-coragem-de-nao-agradar\"><strong>A Coragem de N\u00e3o Agradar<\/strong><\/a><strong> aborda, de uma forma interessant\u00edssima, como nos libertar de todos os bloqueios oriundos de baixa autoestima, complexos e raiva.<\/strong><\/p>\n\n\n\n<p>Estamos em um mundo onde \u00e9 comum nos atermos demais a d\u00favidas e expectativas alheias. Elas nos paralisam e nos impedem de viver plenamente, sendo quem realmente somos.<\/p>\n\n\n\n<p>Para encontrar essa coragem para mudar, os autores Ichiro Kishimi e Fumitake Koga compartilharam conosco uma hist\u00f3ria capaz de iluminar o nosso poder interior. <\/p>\n\n\n\n<figure class=\"wp-block-image is-resized\"><img loading=\"lazy\" decoding=\"async\" width=\"666\" height=\"999\" src=\"https:\/\/blog.12min.com\/br\/wp-content\/uploads\/sites\/3\/2019\/10\/a-coragem-de-na\u0303o-agradar.jpg\" alt=\"a coragem de nao agradar pdf\" class=\"wp-image-9382\" style=\"width:180px;height:749px\" srcset=\"https:\/\/blog.12min.com\/br\/wp-content\/uploads\/sites\/3\/2019\/10\/a-coragem-de-na\u0303o-agradar.jpg 666w, https:\/\/blog.12min.com\/br\/wp-content\/uploads\/sites\/3\/2019\/10\/a-coragem-de-na\u0303o-agradar-200x300.jpg 200w\" sizes=\"auto, (max-width: 666px) 100vw, 666px\" \/><\/figure>\n\n\n\n<h2 class=\"wp-block-heading\">Resumo do Livro<\/h2>\n\n\n\n<p>A necessidade de aprova\u00e7\u00e3o alheia pode ser uma maldi\u00e7\u00e3o para diversas pessoas. No livro \u201cA Coragem de N\u00e3o Agradar\u201d vemos diversos conselhos e dicas que ajudam os leitores a desconstruir essa necessidade, permitindo que sejamos quem realmente somos, mesmo que a baixa autoestima e os complexos de inferioridade tentem atacar.<\/p>\n\n\n\n<p>\u00c9 o uso da <a href=\"https:\/\/blog.12min.com\/br\/resumo-do-livro-filosofia-para-corajosos-pdf\/\" target=\"_blank\" rel=\"noreferrer noopener\">filosofia <\/a>em prol da melhor qualidade de vida.<\/p>\n\n\n\n<p>Se voc\u00ea tem interesse em desconstruir a ideia de que precisa agradar aos que lhe cercam, ou mesmo se quer passar a ter uma melhor qualidade de vida, continue esta leitura at\u00e9 o final, pois \u00e9 mais do que recomendada para voc\u00ea.<\/p>\n\n\n\n<h2 class=\"wp-block-heading\">Mude de Perspectiva<\/h2>\n\n\n\n<p>Imagine que voc\u00ea tem um vizinho recluso. Ele vive completamente isolado de tudo e de todos e n\u00e3o sai de casa para nada. O que voc\u00ea pensaria?<\/p>\n\n\n\n<p>Provavelmente tomaria conclus\u00f5es precipitadas, n\u00e3o \u00e9 mesmo? Talvez, que ele lida com muitos traumas.<\/p>\n\n\n\n<p>Tais suposi\u00e7\u00f5es nascem da cren\u00e7a de que experi\u00eancias passadas influenciam nosso comportamento futuro. \u00c9 como se tudo estivesse enraizado nos traumas.<\/p>\n\n\n\n<p>Imagine, agora, uma crian\u00e7a que sofreu bullying e leva esse comportamento para a vida adulta. Ou, ent\u00e3o, uma crian\u00e7a muito mimada, que talvez seja um adulto terr\u00edvel, incapaz de enfrentar as realidades do mundo.<\/p>\n\n\n\n<p>Entretanto, segundo Ichiro Kishimi e Fumitake Koga, esse tipo de pensamento determin\u00edstico explica, somente, as viv\u00eancias dos animais irracionais. Ou seja, os seres humanos s\u00e3o livres para decidir seu pr\u00f3prio futuro e fazer o que quiserem.<\/p>\n\n\n\n<p>Alfred Adler, psic\u00f3logo austr\u00edaco, encara a psique humana de tal forma, que n\u00e3o somos for\u00e7ados a nos definir pelos traumas do passado. Ele acredita pode haver uma explica\u00e7\u00e3o diferente para os comportamentos.<\/p>\n\n\n\n<p>Os nossos problemas psicol\u00f3gicos n\u00e3o s\u00e3o corrig\u00edveis, mas, suas raz\u00f5es podem mudar e sempre teremos a liberdade de fazer as coisas de maneira diferente.<\/p>\n\n\n\n<h2 class=\"wp-block-heading\">A dificuldade de mudar o ponto de vista<\/h2>\n\n\n\n<figure class=\"wp-block-image is-resized\"><img loading=\"lazy\" decoding=\"async\" width=\"1000\" height=\"668\" src=\"https:\/\/blog.12min.com\/br\/wp-content\/uploads\/sites\/3\/2019\/10\/shutterstock_717943141.jpg\" alt=\"a coragem de nao agradar resumo\" class=\"wp-image-9383\" style=\"width:750px;height:501px\" srcset=\"https:\/\/blog.12min.com\/br\/wp-content\/uploads\/sites\/3\/2019\/10\/shutterstock_717943141.jpg 1000w, https:\/\/blog.12min.com\/br\/wp-content\/uploads\/sites\/3\/2019\/10\/shutterstock_717943141-300x200.jpg 300w, https:\/\/blog.12min.com\/br\/wp-content\/uploads\/sites\/3\/2019\/10\/shutterstock_717943141-768x513.jpg 768w\" sizes=\"auto, (max-width: 1000px) 100vw, 1000px\" \/><\/figure>\n\n\n\n<p>Estamos cercados por diversas pessoas diferentes. A maneira mais simples de classific\u00e1-las, geralmente, \u00e9 como &#8220;pessimistas&#8221; e &#8220;otimistas&#8221;.<\/p>\n\n\n\n<p>\u00c0 medida que nos familiarizamos com elas, tendemos a pensar que as personalidades dos indiv\u00edduos s\u00e3o fixas e invari\u00e1veis.<\/p>\n\n\n\n<p>N\u00e3o importa se estamos nos sentindo felizes, alegres ou mal-humorados. Na maioria das vezes, nos convencemos de que h\u00e1 um n\u00famero limitado de categorias de humor nas quais todos se encaixam.<\/p>\n\n\n\n<p>Em A Coragem de N\u00e3o Agradar, os autores contam que a psicologia de Alfred Adler adota uma abordagem muito distinta. O austr\u00edaco utiliza o termo \u201cestilo de vida\u201d para descrever aquilo que a psicologia tradicional chama de \u201cpersonalidade\u201d. Seguindo essa linha, o humor n\u00e3o \u00e9 algo fixo, mas um reflexo da forma pela qual vemos o mundo \u00e0 nossa volta.<\/p>\n\n\n\n<p>Ainda segundo as teorias da psicologia adleriana, come\u00e7amos a escolher nossas vis\u00f5es de mundo e estilos de vida por volta dos dez anos de idade.<\/p>\n\n\n\n<p>Reflita, por exemplo, sobre as pessoas que voc\u00ea conhece que dedicam muito tempo falando sobre a pr\u00f3pria infelicidade e em como desejavam que as coisas fossem diferentes. Quando se trata de alterar nossos pontos de vista, somos ainda muito intransigentes.<\/p>\n\n\n\n<p>De acordo com tal psicologia, se essas pessoas &#8220;infelizes&#8221; realmente quisessem que as coisas mudassem, elas j\u00e1 teriam feito alguma coisa. Isso acontece em fun\u00e7\u00e3o da nossa zona de conforto. Muitas vezes, falta somente a coragem para mudar!<\/p>\n\n\n\n<p>Em outras palavras, para promover mudan\u00e7as reais, \u00e9 preciso estar disposto a enfrentar o desconhecido e aceitar os pr\u00f3prios erros. Afinal, \u00e9 bem mais f\u00e1cil resolver problemas com os quais se est\u00e1 familiarizado do que se expor \u00e0s feridas causadas por circunst\u00e2ncias inesperadas.<br><\/p>\n\n\n\n<p>Al\u00e9m dos conceitos j\u00e1 abordados, \u00e9 interessante considerar como outras teorias e perspectivas se interligam com os ensinamentos de Alfred Adler. <\/p>\n\n\n\n<p>Por exemplo, a astrologia, com seus signos como Capric\u00f3rnio e Le\u00e3o, muitas vezes tenta explicar o comportamento humano de maneiras similares e diferentes. <\/p>\n\n\n\n<p>Enquanto Sigmund Freud e Carl Jung trouxeram \u00e0 tona a import\u00e2ncia dos traumas passados e do inconsciente, Adler nos lembra que temos a liberdade de moldar nosso futuro independentemente dessas influ\u00eancias. <\/p>\n\n\n\n<p>Essa vis\u00e3o \u00e9 complementada pela filosofia de viver no &#8220;aqui e agora,&#8221; ressaltada por Eckhart Tolle em &#8220;O Poder do Agora.&#8221; <\/p>\n\n\n\n<p>Al\u00e9m disso, entender nosso papel na comunidade global e o desenvolvimento individual s\u00e3o cruciais para encontrar equil\u00edbrio e bem-estar. <\/p>\n\n\n\n<p>A coragem de n\u00e3o agradar nos encoraja a superar o complexo de inferioridade e buscar uma vida mais plena e aut\u00eantica, nos lembrando que, mesmo em uma cidade milenar ou na periferia, todos temos o poder de mudan\u00e7a dentro de n\u00f3s.<\/p>\n\n\n\n<h2 class=\"wp-block-heading\">Egos inflados<\/h2>\n\n\n\n<figure class=\"wp-block-image is-resized\"><img loading=\"lazy\" decoding=\"async\" width=\"1000\" height=\"665\" src=\"https:\/\/blog.12min.com\/br\/wp-content\/uploads\/sites\/3\/2019\/10\/shutterstock_1343886749.jpg\" alt=\"livro a coragem de nao agradar pdf\" class=\"wp-image-9384\" style=\"width:750px;height:499px\" srcset=\"https:\/\/blog.12min.com\/br\/wp-content\/uploads\/sites\/3\/2019\/10\/shutterstock_1343886749.jpg 1000w, https:\/\/blog.12min.com\/br\/wp-content\/uploads\/sites\/3\/2019\/10\/shutterstock_1343886749-300x200.jpg 300w, https:\/\/blog.12min.com\/br\/wp-content\/uploads\/sites\/3\/2019\/10\/shutterstock_1343886749-768x511.jpg 768w\" sizes=\"auto, (max-width: 1000px) 100vw, 1000px\" \/><\/figure>\n\n\n\n<p>Cada vez mais, sentimentos como isolamento e solid\u00e3o tornam-se comuns. Muitas pessoas sentem que est\u00e3o sendo exclu\u00eddas, quando, na verdade, todos somos parte da comunidade.<\/p>\n\n\n\n<p>Inclusive, para Adolf Adler, a comunidade n\u00e3o \u00e9 formada somente pelas pessoas que conhecemos ou que nos cercam. Pelo contr\u00e1rio! Ela abrange tudo e a todos, desde os minerais, plantas e animais aos demais humanos no universo.<\/p>\n\n\n\n<p>Logo, assim que percebemos qual \u00e9 o nosso papel nessa gigantesca comunidade, come\u00e7amos a nos comportar e a pensar de maneira diferente. Deixamos de perceber que as coisas n\u00e3o giram em torno de n\u00f3s e damos menos import\u00e2ncia a problemas pequenos.<\/p>\n\n\n\n<p>Pensar assim nos torna mais positivos!<\/p>\n\n\n\n<p>Atitudes contr\u00e1rias ao que o livro A Coragem de N\u00e3o Agradar prop\u00f5e nos levar\u00e1 a uma vida de frustra\u00e7\u00f5es. Afinal, ningu\u00e9m \u00e9 t\u00e3o importante assim e um <a href=\"https:\/\/blog.12min.com\/br\/o-que-e-ego\/\">ego altamente inflado<\/a> \u00e9 quase imposs\u00edvel de satisfazer.<\/p>\n\n\n\n<p>Portanto, pensar em todas as coisas maravilhosas que est\u00e3o ao nosso alcance ir\u00e1 melhorar significativamente as nossas vidas e a de todos aqueles que est\u00e3o pr\u00f3ximos a n\u00f3s.<\/p>\n\n\n\n<p>A sugest\u00e3o final dos autores refor\u00e7a a necessidade de praticar a sua arte ou of\u00edcio livremente, aproveitando ao m\u00e1ximo cada momento vivido.<\/p>\n\n\n\n<p>O que achou dessa resenha do livro A Coragem de N\u00e3o Agradar?<\/p>\n\n\n\n<p>De fato, a vida se torna muito mais agrad\u00e1vel quando nos permitimos desfrutar de cada momento, n\u00e3o \u00e9 mesmo?<\/p>\n\n\n\n<p>Lembre-se de que no app 12min voc\u00ea encontra resumos desse e de muitos outros livros de neg\u00f3cios e desenvolvimento pessoal.<\/p>\n\n\n\n<p>Se voc\u00ea quiser conhecer mais obras sobre o assunto, seguem algumas outras sugest\u00f5es:<\/p>\n\n\n\n<figure class=\"wp-block-image is-resized\"><img loading=\"lazy\" decoding=\"async\" width=\"333\" height=\"500\" src=\"https:\/\/blog.12min.com\/br\/wp-content\/uploads\/sites\/3\/2019\/10\/a-arte-de-viver.jpg\" alt=\"a coragem de nao agradar pdf gratis\" class=\"wp-image-9385\" style=\"width:140px;height:375px\" srcset=\"https:\/\/blog.12min.com\/br\/wp-content\/uploads\/sites\/3\/2019\/10\/a-arte-de-viver.jpg 333w, https:\/\/blog.12min.com\/br\/wp-content\/uploads\/sites\/3\/2019\/10\/a-arte-de-viver-200x300.jpg 200w\" sizes=\"auto, (max-width: 333px) 100vw, 333px\" \/><\/figure>\n\n\n\n<ul class=\"wp-block-list\">\n<li><a href=\"https:\/\/12min.com\/br\/a-arte-de-viver\">A Arte de Viver<\/a> &#8211; Epicteto<\/li>\n<\/ul>\n\n\n\n<p>Como o pr\u00f3prio t\u00edtulo diz, esse livro \u00e9 um manual cl\u00e1ssico da virtude, felicidade e sabedoria. Aprenda a encarar os desafios do dia a dia com sucesso e enfrentar as perdas inevit\u00e1veis da vida com gra\u00e7a.<\/p>\n\n\n\n<figure class=\"wp-block-image is-resized\"><img loading=\"lazy\" decoding=\"async\" width=\"333\" height=\"500\" src=\"https:\/\/blog.12min.com\/br\/wp-content\/uploads\/sites\/3\/2019\/10\/a-dieta-da-mente.jpg\" alt=\"a dieta da mente\" class=\"wp-image-9386\" style=\"width:140px;height:375px\" srcset=\"https:\/\/blog.12min.com\/br\/wp-content\/uploads\/sites\/3\/2019\/10\/a-dieta-da-mente.jpg 333w, https:\/\/blog.12min.com\/br\/wp-content\/uploads\/sites\/3\/2019\/10\/a-dieta-da-mente-200x300.jpg 200w\" sizes=\"auto, (max-width: 333px) 100vw, 333px\" \/><\/figure>\n\n\n\n<ul class=\"wp-block-list\">\n<li><a href=\"https:\/\/12min.com\/br\/a-dieta-da-mente-ccc3ac6d-be4c-461c-a615-12fa3ed77913\">A Dieta da Mente<\/a> &#8211; David Perlmutter<\/li>\n<\/ul>\n\n\n\n<p>Nessa obra, o autor, que tamb\u00e9m \u00e9 m\u00e9dico de grande notoriedade nos EUA, apresenta descobertas que v\u00eam sendo sistematicamente ocultadas pela tradicional literatura m\u00e9dica. Descubra como a sua vida se baseia no que voc\u00ea come.<\/p>\n\n\n\n<figure class=\"wp-block-image is-resized\"><img loading=\"lazy\" decoding=\"async\" width=\"430\" height=\"645\" src=\"https:\/\/blog.12min.com\/br\/wp-content\/uploads\/sites\/3\/2019\/10\/o-poder-do-agora-12-minutos.png\" alt=\"o poder do agora livro\" class=\"wp-image-9387\" style=\"width:140px;height:484px\" srcset=\"https:\/\/blog.12min.com\/br\/wp-content\/uploads\/sites\/3\/2019\/10\/o-poder-do-agora-12-minutos.png 430w, https:\/\/blog.12min.com\/br\/wp-content\/uploads\/sites\/3\/2019\/10\/o-poder-do-agora-12-minutos-200x300.png 200w\" sizes=\"auto, (max-width: 430px) 100vw, 430px\" \/><\/figure>\n\n\n\n<ul class=\"wp-block-list\">\n<li><a href=\"https:\/\/blog.12min.com\/br\/resumo-do-livro-o-poder-do-agora-pdf\/\">O Poder do Agora<\/a> &#8211; Eckhart Tolle<\/li>\n<\/ul>\n\n\n\n<p>Passamos a maior parte de nossas vidas pensando no passado e imaginando como nosso futuro pode ser diferente. Em O Poder do Agora, o autor nos guia no aprendizado para viver o presente.<\/p>\n\n\n\n<p>Boa leitura!<\/p>\n","protected":false},"excerpt":{"rendered":"<p>5 min de leitura \u231a&nbsp; O livro A Coragem de N\u00e3o Agradar aborda, de uma forma interessant\u00edssima, como nos libertar de todos os bloqueios oriundos de baixa autoestima, complexos e raiva. Estamos em um mundo onde \u00e9 comum nos atermos demais a d\u00favidas e expectativas alheias. Elas nos paralisam e nos impedem de viver plenamente, [&hellip;]<\/p>\n","protected":false},"author":48,"featured_media":9381,"comment_status":"closed","ping_status":"closed","sticky":false,"template":"","format":"standard","meta":{"_exactmetrics_skip_tracking":false,"_exactmetrics_sitenote_active":false,"_exactmetrics_sitenote_note":"","_exactmetrics_sitenote_category":0,"footnotes":""},"categories":[2],"tags":[45,44],"class_list":["post-9379","post","type-post","status-publish","format-standard","has-post-thumbnail","hentry","category-conhecimento","tag-microbooks","tag-resumos-de-livros","wpbf-post"],"yoast_head":"<!-- This site is optimized with the Yoast SEO plugin v26.4 - https:\/\/yoast.com\/wordpress\/plugins\/seo\/ -->\n<title>A Coragem de N\u00e3o Agradar Resumo - Ichiro Kishimi<\/title>\n<meta name=\"description\" content=\"Resumo: A Coragem de N\u00e3o Agradar, de Ichiro Kishimi e Fumitake Koga, ensina a nos libertar de todos os nossos bloqueios.\" \/>\n<meta name=\"robots\" content=\"index, follow, max-snippet:-1, max-image-preview:large, max-video-preview:-1\" \/>\n<link rel=\"canonical\" href=\"https:\/\/blog.12min.com\/br\/a-coragem-de-nao-agradar-resumo\/\" \/>\n<meta property=\"og:locale\" content=\"en_US\" \/>\n<meta property=\"og:type\" content=\"article\" \/>\n<meta property=\"og:title\" content=\"A Coragem de N\u00e3o Agradar Resumo - Ichiro Kishimi\" \/>\n<meta property=\"og:description\" content=\"Resumo: A Coragem de N\u00e3o Agradar, de Ichiro Kishimi e Fumitake Koga, ensina a nos libertar de todos os nossos bloqueios.\" \/>\n<meta property=\"og:url\" content=\"https:\/\/blog.12min.com\/br\/a-coragem-de-nao-agradar-resumo\/\" \/>\n<meta property=\"og:site_name\" content=\"Blog do 12min\" \/>\n<meta property=\"article:published_time\" content=\"2022-05-12T13:59:00+00:00\" \/>\n<meta property=\"article:modified_time\" content=\"2024-07-19T14:10:19+00:00\" \/>\n<meta property=\"og:image\" content=\"https:\/\/blog.12min.com\/br\/wp-content\/uploads\/sites\/3\/2019\/10\/cropped-shutterstock_450844810.jpg\" \/>\n\t<meta property=\"og:image:width\" content=\"1000\" \/>\n\t<meta property=\"og:image:height\" content=\"562\" \/>\n\t<meta property=\"og:image:type\" content=\"image\/jpeg\" \/>\n<meta name=\"author\" content=\"Emir Zecovic\" \/>\n<meta name=\"twitter:card\" content=\"summary_large_image\" \/>\n<meta name=\"twitter:label1\" content=\"Written by\" \/>\n\t<meta name=\"twitter:data1\" content=\"Emir Zecovic\" \/>\n\t<meta name=\"twitter:label2\" content=\"Est. reading time\" \/>\n\t<meta name=\"twitter:data2\" content=\"8 minutes\" \/>\n<!-- \/ Yoast SEO plugin. -->","yoast_head_json":{"title":"A Coragem de N\u00e3o Agradar Resumo - Ichiro Kishimi","description":"Resumo: A Coragem de N\u00e3o Agradar, de Ichiro Kishimi e Fumitake Koga, ensina a nos libertar de todos os nossos bloqueios.","robots":{"index":"index","follow":"follow","max-snippet":"max-snippet:-1","max-image-preview":"max-image-preview:large","max-video-preview":"max-video-preview:-1"},"canonical":"https:\/\/blog.12min.com\/br\/a-coragem-de-nao-agradar-resumo\/","og_locale":"en_US","og_type":"article","og_title":"A Coragem de N\u00e3o Agradar Resumo - Ichiro Kishimi","og_description":"Resumo: A Coragem de N\u00e3o Agradar, de Ichiro Kishimi e Fumitake Koga, ensina a nos libertar de todos os nossos bloqueios.","og_url":"https:\/\/blog.12min.com\/br\/a-coragem-de-nao-agradar-resumo\/","og_site_name":"Blog do 12min","article_published_time":"2022-05-12T13:59:00+00:00","article_modified_time":"2024-07-19T14:10:19+00:00","og_image":[{"width":1000,"height":562,"url":"https:\/\/blog.12min.com\/br\/wp-content\/uploads\/sites\/3\/2019\/10\/cropped-shutterstock_450844810.jpg","type":"image\/jpeg"}],"author":"Emir Zecovic","twitter_card":"summary_large_image","twitter_misc":{"Written by":"Emir Zecovic","Est. reading time":"8 minutes"},"schema":{"@context":"https:\/\/schema.org","@graph":[{"@type":"WebPage","@id":"https:\/\/blog.12min.com\/br\/a-coragem-de-nao-agradar-resumo\/","url":"https:\/\/blog.12min.com\/br\/a-coragem-de-nao-agradar-resumo\/","name":"A Coragem de N\u00e3o Agradar Resumo - Ichiro Kishimi","isPartOf":{"@id":"https:\/\/blog.12min.com\/br\/#website"},"primaryImageOfPage":{"@id":"https:\/\/blog.12min.com\/br\/a-coragem-de-nao-agradar-resumo\/#primaryimage"},"image":{"@id":"https:\/\/blog.12min.com\/br\/a-coragem-de-nao-agradar-resumo\/#primaryimage"},"thumbnailUrl":"https:\/\/blog.12min.com\/br\/wp-content\/uploads\/sites\/3\/2019\/10\/cropped-shutterstock_450844810.jpg","datePublished":"2022-05-12T13:59:00+00:00","dateModified":"2024-07-19T14:10:19+00:00","author":{"@id":"https:\/\/blog.12min.com\/br\/#\/schema\/person\/ccaf1a7ac6cac4265aa3afb02ae667f4"},"description":"Resumo: A Coragem de N\u00e3o Agradar, de Ichiro Kishimi e Fumitake Koga, ensina a nos libertar de todos os nossos bloqueios.","breadcrumb":{"@id":"https:\/\/blog.12min.com\/br\/a-coragem-de-nao-agradar-resumo\/#breadcrumb"},"inLanguage":"en-US","potentialAction":[{"@type":"ReadAction","target":["https:\/\/blog.12min.com\/br\/a-coragem-de-nao-agradar-resumo\/"]}]},{"@type":"ImageObject","inLanguage":"en-US","@id":"https:\/\/blog.12min.com\/br\/a-coragem-de-nao-agradar-resumo\/#primaryimage","url":"https:\/\/blog.12min.com\/br\/wp-content\/uploads\/sites\/3\/2019\/10\/cropped-shutterstock_450844810.jpg","contentUrl":"https:\/\/blog.12min.com\/br\/wp-content\/uploads\/sites\/3\/2019\/10\/cropped-shutterstock_450844810.jpg","width":1000,"height":562},{"@type":"BreadcrumbList","@id":"https:\/\/blog.12min.com\/br\/a-coragem-de-nao-agradar-resumo\/#breadcrumb","itemListElement":[{"@type":"ListItem","position":1,"name":"In\u00edcio","item":"https:\/\/blog.12min.com\/br\/"},{"@type":"ListItem","position":2,"name":"A Coragem de N\u00e3o Agradar"}]},{"@type":"WebSite","@id":"https:\/\/blog.12min.com\/br\/#website","url":"https:\/\/blog.12min.com\/br\/","name":"Blog do 12min","description":"Livros, Audiobooks e Resumos","potentialAction":[{"@type":"SearchAction","target":{"@type":"EntryPoint","urlTemplate":"https:\/\/blog.12min.com\/br\/?s={search_term_string}"},"query-input":{"@type":"PropertyValueSpecification","valueRequired":true,"valueName":"search_term_string"}}],"inLanguage":"en-US"},{"@type":"Person","@id":"https:\/\/blog.12min.com\/br\/#\/schema\/person\/ccaf1a7ac6cac4265aa3afb02ae667f4","name":"Emir Zecovic","description":"Emir is the Head of Marketing\u00a0at 12min. In his spare time, he loves to meditate and play soccer.","url":"https:\/\/blog.12min.com\/br\/author\/emir\/"}]}},"amp_enabled":true,"_links":{"self":[{"href":"https:\/\/blog.12min.com\/br\/wp-json\/wp\/v2\/posts\/9379","targetHints":{"allow":["GET"]}}],"collection":[{"href":"https:\/\/blog.12min.com\/br\/wp-json\/wp\/v2\/posts"}],"about":[{"href":"https:\/\/blog.12min.com\/br\/wp-json\/wp\/v2\/types\/post"}],"author":[{"embeddable":true,"href":"https:\/\/blog.12min.com\/br\/wp-json\/wp\/v2\/users\/48"}],"replies":[{"embeddable":true,"href":"https:\/\/blog.12min.com\/br\/wp-json\/wp\/v2\/comments?post=9379"}],"version-history":[{"count":4,"href":"https:\/\/blog.12min.com\/br\/wp-json\/wp\/v2\/posts\/9379\/revisions"}],"predecessor-version":[{"id":11070,"href":"https:\/\/blog.12min.com\/br\/wp-json\/wp\/v2\/posts\/9379\/revisions\/11070"}],"wp:featuredmedia":[{"embeddable":true,"href":"https:\/\/blog.12min.com\/br\/wp-json\/wp\/v2\/media\/9381"}],"wp:attachment":[{"href":"https:\/\/blog.12min.com\/br\/wp-json\/wp\/v2\/media?parent=9379"}],"wp:term":[{"taxonomy":"category","embeddable":true,"href":"https:\/\/blog.12min.com\/br\/wp-json\/wp\/v2\/categories?post=9379"},{"taxonomy":"post_tag","embeddable":true,"href":"https:\/\/blog.12min.com\/br\/wp-json\/wp\/v2\/tags?post=9379"}],"curies":[{"name":"wp","href":"https:\/\/api.w.org\/{rel}","templated":true}]}}