{"id":1039,"date":"2019-12-09T04:26:14","date_gmt":"2019-12-09T04:26:14","guid":{"rendered":"https:\/\/blog.12min.com\/es\/?p=1039"},"modified":"2024-06-03T18:28:07","modified_gmt":"2024-06-03T18:28:07","slug":"la-historia-detras-del-desastre-resumen","status":"publish","type":"post","link":"https:\/\/blog.12min.com\/es\/la-historia-detras-del-desastre-resumen\/","title":{"rendered":"La historia detr\u00e1s del desastre Resumen"},"content":{"rendered":"<div class=\"pdfprnt-buttons pdfprnt-buttons-post pdfprnt-top-right\"><a href=\"https:\/\/blog.12min.com\/es\/wp-json\/wp\/v2\/posts\/1039?print=pdf\" class=\"pdfprnt-button pdfprnt-button-pdf\" target=\"_blank\"><\/a><a href=\"https:\/\/blog.12min.com\/es\/wp-json\/wp\/v2\/posts\/1039?print=print\" class=\"pdfprnt-button pdfprnt-button-print\" target=\"_blank\"><\/a><\/div>\n<div class=\"wp-block-image\"><figure class=\"aligncenter\"><img decoding=\"async\" src=\"https:\/\/images-na.ssl-images-amazon.com\/images\/I\/41OMyml28uL.jpg\" alt=\"La historia detr\u00e1s del desastre: Cr\u00f3nica de una herencia envenenada de [Rock L., Roberto]\" \/><\/figure><\/div>\n\n\n\n<p>\u201cEl pa\u00eds se desmoron\u00f3 d\u00eda a d\u00eda, durante seis a\u00f1os. Hoy pagamos las consecuencias\u201d, se\u00f1ala <a href=\"https:\/\/www.amazon.com.mx\/historia-detr%C3%A1s-del-desastre-envenenada-ebook\/dp\/B07RRJTC5S\">La historia detr\u00e1s del desastre <\/a>de Roberto Rock L. <\/p>\n\n\n\n<p>En este libro analiza con lujo de detalles, referencias y hasta di\u00e1logos lo que pas\u00f3 durante el gobierno de Enrique Pe\u00f1a Nieto como presidente de M\u00e9xico entre 2012 y 2018. Empez\u00f3 como un s\u00edmbolo salvador de su pa\u00eds y termin\u00f3 como uno de los mandatarios peor valorados de la historia. \u00bfEst\u00e1s dispuesto a conocer todo lo que pas\u00f3?<\/p>\n\n\n\n<h2 class=\"wp-block-heading\"><strong>El origen<\/strong><\/h2>\n\n\n\n<p>Para entender la actualidad de M\u00e9xico es necesario sentar un origen. El estilo pol\u00edtico de Enrique Pe\u00f1a Nieto no lo llev\u00f3 jam\u00e1s al debate en la tribuna ni en las plazas. Lo suyo fue el acuerdo en discretos coloquios.<\/p>\n\n\n\n<p>Urgido por urdir la derrota de Isidro Pastor Medrano en las elecciones presidenciales, su antiguo contrincante en el PRI. Por eso apoy\u00f3 a Felipe Calder\u00f3n, sucesor de Vicente Fox por el PAN.<\/p>\n\n\n\n<p>Con todo ese antecedente de un camino pavimentado por un intenso cruce de intereses, Pe\u00f1a Nieto lleg\u00f3 a la presidencia en 2012.<\/p>\n\n\n\n<p>Desde fines de 2011, los integrantes de las generaciones de gobernadores priistas que asumieron el poder entre 2009 y 2011 fueron invitados a realizar aportaciones en efectivo, proveniente de fondos p\u00fablicos, para la campa\u00f1a del abanderado del PRI a la presidencia, Enrique Pe\u00f1a Nieto.<\/p>\n\n\n\n<div class=\"mx-1 px-2 button_cont\" align=\"center\">\n<a onclick=\"document.getElementById('id01').style.display='block'\"  style=\"text-transform: none;background-color: #3f51b5\" class=\"download_cta\"><i class=\"fa fa-book\"><\/i> Le\u00eda Todo El Resumen <\/a>\n<\/div>\n\n<span class=\"blur_click\" style=\"color:black\"> Ya iniciado el gobierno de Pe\u00f1a Nieto, el conjunto de estas historias de mutua colaboraci\u00f3n con gobernadores a lo largo de al menos el lustro previo gener\u00f3 una atm\u00f3sfera de complicidades que march\u00f3 en forma armoniosa durante los primeros meses de la administraci\u00f3n federal.\n\nSin embargo entr\u00f3 en un r\u00e1pido deterioro cuando estall\u00f3 el caso de corrupci\u00f3n en Veracruz. El esquema de encubrimientos mutuos sostenido durante una d\u00e9cada comenz\u00f3 a crujir. El derrumbe se anunciaba inminente e inevitable.\n\nEn la mayor parte de su gesti\u00f3n, un c\u00edrculo de acero llamado La Triada captur\u00f3 al presidente. Con Luis Videgaray como l\u00edder y Miguel \u00c1ngel Osorio Chang y Aurelio Nu\u00f1o como laderos, Pe\u00f1a Nieto entreg\u00f3 su suerte a este grupo.\n\nDurante al menos cinco a\u00f1os no hubo junta de trabajo que encabezara el mandam\u00e1s en la que no se hiciera acompa\u00f1ar por estos tres. No importaba si era p\u00fablica o privada, con miembros del gabinete, gobernadores, l\u00edderes partidistas, embajadores o mandatarios extranjeros. Ellos estaban ah\u00ed.<\/span>\n\n\n\n<p><br><\/p>\n","protected":false},"excerpt":{"rendered":"<p>\u201cEl pa\u00eds se desmoron\u00f3 d\u00eda a d\u00eda, durante seis a\u00f1os. Hoy pagamos las consecuencias\u201d, se\u00f1ala La historia detr\u00e1s del desastre de Roberto Rock L. En este libro analiza con lujo de detalles, referencias y hasta di\u00e1logos lo que pas\u00f3 durante el gobierno de Enrique Pe\u00f1a Nieto como presidente de M\u00e9xico entre 2012 y 2018. Empez\u00f3 [&hellip;]<\/p>\n","protected":false},"author":48,"featured_media":0,"comment_status":"closed","ping_status":"open","sticky":false,"template":"","format":"standard","meta":{"_exactmetrics_skip_tracking":false,"_exactmetrics_sitenote_active":false,"_exactmetrics_sitenote_note":"","_exactmetrics_sitenote_category":0,"footnotes":""},"categories":[23],"tags":[200,53,201],"class_list":["post-1039","post","type-post","status-publish","format-standard","hentry","category-historia-y-biografias","tag-la-historia-detras-del-desastre","tag-resumen-del-libro","tag-roberto-rock-l","wpbf-post"],"yoast_head":"<!-- This site is optimized with the Yoast SEO plugin v26.4 - https:\/\/yoast.com\/wordpress\/plugins\/seo\/ -->\n<title>La historia detr\u00e1s del desastre Resumen - | Roberto Rock L.<\/title>\n<meta name=\"description\" content=\"La historia detr\u00e1s del desastre de Roberto Rock L : \u201cEl pa\u00eds se desmoron\u00f3 d\u00eda a d\u00eda, durante seis a\u00f1os. Hoy pagamos las consecuencias\u201d.\" \/>\n<meta name=\"robots\" content=\"index, follow, max-snippet:-1, max-image-preview:large, max-video-preview:-1\" \/>\n<link rel=\"canonical\" href=\"https:\/\/blog.12min.com\/es\/la-historia-detras-del-desastre-resumen\/\" \/>\n<meta property=\"og:locale\" content=\"es_ES\" \/>\n<meta property=\"og:type\" content=\"article\" \/>\n<meta property=\"og:title\" content=\"La historia detr\u00e1s del desastre Resumen - | Roberto Rock L.\" \/>\n<meta property=\"og:description\" content=\"La historia detr\u00e1s del desastre de Roberto Rock L : \u201cEl pa\u00eds se desmoron\u00f3 d\u00eda a d\u00eda, durante seis a\u00f1os. Hoy pagamos las consecuencias\u201d.\" \/>\n<meta property=\"og:url\" content=\"https:\/\/blog.12min.com\/es\/la-historia-detras-del-desastre-resumen\/\" \/>\n<meta property=\"og:site_name\" content=\"Blog del 12min\" \/>\n<meta property=\"article:published_time\" content=\"2019-12-09T04:26:14+00:00\" \/>\n<meta property=\"article:modified_time\" content=\"2024-06-03T18:28:07+00:00\" \/>\n<meta property=\"og:image\" content=\"https:\/\/blog.12min.com\/es\/wp-content\/uploads\/sites\/2\/2019\/12\/41OMyml28uL.jpg\" \/>\n\t<meta property=\"og:image:width\" content=\"326\" \/>\n\t<meta property=\"og:image:height\" content=\"500\" \/>\n\t<meta property=\"og:image:type\" content=\"image\/jpeg\" \/>\n<meta name=\"author\" content=\"Emir Zecovic\" \/>\n<meta name=\"twitter:card\" content=\"summary_large_image\" \/>\n<meta name=\"twitter:label1\" content=\"Escrito por\" \/>\n\t<meta name=\"twitter:data1\" content=\"Emir Zecovic\" \/>\n\t<meta name=\"twitter:label2\" content=\"Tiempo de lectura\" \/>\n\t<meta name=\"twitter:data2\" content=\"2 minutos\" \/>\n<!-- \/ Yoast SEO plugin. -->","yoast_head_json":{"title":"La historia detr\u00e1s del desastre Resumen - | Roberto Rock L.","description":"La historia detr\u00e1s del desastre de Roberto Rock L : \u201cEl pa\u00eds se desmoron\u00f3 d\u00eda a d\u00eda, durante seis a\u00f1os. Hoy pagamos las consecuencias\u201d.","robots":{"index":"index","follow":"follow","max-snippet":"max-snippet:-1","max-image-preview":"max-image-preview:large","max-video-preview":"max-video-preview:-1"},"canonical":"https:\/\/blog.12min.com\/es\/la-historia-detras-del-desastre-resumen\/","og_locale":"es_ES","og_type":"article","og_title":"La historia detr\u00e1s del desastre Resumen - | Roberto Rock L.","og_description":"La historia detr\u00e1s del desastre de Roberto Rock L : \u201cEl pa\u00eds se desmoron\u00f3 d\u00eda a d\u00eda, durante seis a\u00f1os. Hoy pagamos las consecuencias\u201d.","og_url":"https:\/\/blog.12min.com\/es\/la-historia-detras-del-desastre-resumen\/","og_site_name":"Blog del 12min","article_published_time":"2019-12-09T04:26:14+00:00","article_modified_time":"2024-06-03T18:28:07+00:00","og_image":[{"width":326,"height":500,"url":"https:\/\/blog.12min.com\/es\/wp-content\/uploads\/sites\/2\/2019\/12\/41OMyml28uL.jpg","type":"image\/jpeg"}],"author":"Emir Zecovic","twitter_card":"summary_large_image","twitter_misc":{"Escrito por":"Emir Zecovic","Tiempo de lectura":"2 minutos"},"schema":{"@context":"https:\/\/schema.org","@graph":[{"@type":"WebPage","@id":"https:\/\/blog.12min.com\/es\/la-historia-detras-del-desastre-resumen\/","url":"https:\/\/blog.12min.com\/es\/la-historia-detras-del-desastre-resumen\/","name":"La historia detr\u00e1s del desastre Resumen - | Roberto Rock L.","isPartOf":{"@id":"https:\/\/blog.12min.com\/es\/#website"},"primaryImageOfPage":{"@id":"https:\/\/blog.12min.com\/es\/la-historia-detras-del-desastre-resumen\/#primaryimage"},"image":{"@id":"https:\/\/blog.12min.com\/es\/la-historia-detras-del-desastre-resumen\/#primaryimage"},"thumbnailUrl":"https:\/\/images-na.ssl-images-amazon.com\/images\/I\/41OMyml28uL.jpg","datePublished":"2019-12-09T04:26:14+00:00","dateModified":"2024-06-03T18:28:07+00:00","author":{"@id":"https:\/\/blog.12min.com\/es\/#\/schema\/person\/ccaf1a7ac6cac4265aa3afb02ae667f4"},"description":"La historia detr\u00e1s del desastre de Roberto Rock L : \u201cEl pa\u00eds se desmoron\u00f3 d\u00eda a d\u00eda, durante seis a\u00f1os. Hoy pagamos las consecuencias\u201d.","breadcrumb":{"@id":"https:\/\/blog.12min.com\/es\/la-historia-detras-del-desastre-resumen\/#breadcrumb"},"inLanguage":"es","potentialAction":[{"@type":"ReadAction","target":["https:\/\/blog.12min.com\/es\/la-historia-detras-del-desastre-resumen\/"]}]},{"@type":"ImageObject","inLanguage":"es","@id":"https:\/\/blog.12min.com\/es\/la-historia-detras-del-desastre-resumen\/#primaryimage","url":"https:\/\/images-na.ssl-images-amazon.com\/images\/I\/41OMyml28uL.jpg","contentUrl":"https:\/\/images-na.ssl-images-amazon.com\/images\/I\/41OMyml28uL.jpg"},{"@type":"BreadcrumbList","@id":"https:\/\/blog.12min.com\/es\/la-historia-detras-del-desastre-resumen\/#breadcrumb","itemListElement":[{"@type":"ListItem","position":1,"name":"Portada","item":"https:\/\/blog.12min.com\/es\/"},{"@type":"ListItem","position":2,"name":"La historia detr\u00e1s del desastre Resumen"}]},{"@type":"WebSite","@id":"https:\/\/blog.12min.com\/es\/#website","url":"https:\/\/blog.12min.com\/es\/","name":"Blog del 12min","description":"Libros, Audiolibros y Res\u00famenes","potentialAction":[{"@type":"SearchAction","target":{"@type":"EntryPoint","urlTemplate":"https:\/\/blog.12min.com\/es\/?s={search_term_string}"},"query-input":{"@type":"PropertyValueSpecification","valueRequired":true,"valueName":"search_term_string"}}],"inLanguage":"es"},{"@type":"Person","@id":"https:\/\/blog.12min.com\/es\/#\/schema\/person\/ccaf1a7ac6cac4265aa3afb02ae667f4","name":"Emir Zecovic","image":{"@type":"ImageObject","inLanguage":"es","@id":"https:\/\/blog.12min.com\/es\/#\/schema\/person\/image\/","url":"https:\/\/secure.gravatar.com\/avatar\/f742fcd432161e81783451b57b5a8129?s=96&d=mm&r=g","contentUrl":"https:\/\/secure.gravatar.com\/avatar\/f742fcd432161e81783451b57b5a8129?s=96&d=mm&r=g","caption":"Emir Zecovic"},"description":"Emir is the Head of Marketing\u00a0at 12min. In his spare time, he loves to meditate and play soccer.","url":"https:\/\/blog.12min.com\/es\/author\/emir\/"}]}},"_links":{"self":[{"href":"https:\/\/blog.12min.com\/es\/wp-json\/wp\/v2\/posts\/1039","targetHints":{"allow":["GET"]}}],"collection":[{"href":"https:\/\/blog.12min.com\/es\/wp-json\/wp\/v2\/posts"}],"about":[{"href":"https:\/\/blog.12min.com\/es\/wp-json\/wp\/v2\/types\/post"}],"author":[{"embeddable":true,"href":"https:\/\/blog.12min.com\/es\/wp-json\/wp\/v2\/users\/48"}],"replies":[{"embeddable":true,"href":"https:\/\/blog.12min.com\/es\/wp-json\/wp\/v2\/comments?post=1039"}],"version-history":[{"count":2,"href":"https:\/\/blog.12min.com\/es\/wp-json\/wp\/v2\/posts\/1039\/revisions"}],"predecessor-version":[{"id":1041,"href":"https:\/\/blog.12min.com\/es\/wp-json\/wp\/v2\/posts\/1039\/revisions\/1041"}],"wp:attachment":[{"href":"https:\/\/blog.12min.com\/es\/wp-json\/wp\/v2\/media?parent=1039"}],"wp:term":[{"taxonomy":"category","embeddable":true,"href":"https:\/\/blog.12min.com\/es\/wp-json\/wp\/v2\/categories?post=1039"},{"taxonomy":"post_tag","embeddable":true,"href":"https:\/\/blog.12min.com\/es\/wp-json\/wp\/v2\/tags?post=1039"}],"curies":[{"name":"wp","href":"https:\/\/api.w.org\/{rel}","templated":true}]}}