{"id":216,"date":"2022-05-11T18:34:00","date_gmt":"2022-05-11T18:34:00","guid":{"rendered":"https:\/\/blog.12min.com\/es\/?p=216"},"modified":"2024-06-04T14:18:37","modified_gmt":"2024-06-04T14:18:37","slug":"el-poder-del-ahora-resumen","status":"publish","type":"post","link":"https:\/\/blog.12min.com\/es\/el-poder-del-ahora-resumen\/","title":{"rendered":"El Poder del Ahora"},"content":{"rendered":"<div class=\"pdfprnt-buttons pdfprnt-buttons-post pdfprnt-top-right\"><a href=\"https:\/\/blog.12min.com\/es\/wp-json\/wp\/v2\/posts\/216?print=pdf\" class=\"pdfprnt-button pdfprnt-button-pdf\" target=\"_blank\"><\/a><a href=\"https:\/\/blog.12min.com\/es\/wp-json\/wp\/v2\/posts\/216?print=print\" class=\"pdfprnt-button pdfprnt-button-print\" target=\"_blank\"><\/a><\/div>\n<figure class=\"wp-block-image aligncenter size-full is-resized\"><img loading=\"lazy\" decoding=\"async\" width=\"402\" height=\"542\" src=\"https:\/\/blog.12min.com\/es\/wp-content\/uploads\/sites\/2\/2024\/06\/El-Poder-del-Ahora.png\" alt=\"\" class=\"wp-image-1320\" style=\"width:371px;height:532px\" srcset=\"https:\/\/blog.12min.com\/es\/wp-content\/uploads\/sites\/2\/2024\/06\/El-Poder-del-Ahora.png 402w, https:\/\/blog.12min.com\/es\/wp-content\/uploads\/sites\/2\/2024\/06\/El-Poder-del-Ahora-223x300.png 223w\" sizes=\"auto, (max-width: 402px) 100vw, 402px\" \/><\/figure>\n\n\n\n<h2 class=\"wp-block-heading\"><em>Una gu\u00eda para la iluminaci\u00f3n espiritual<\/em><\/h2>\n\n\n\n<p>Micro resumen: \u201cEl Poder del Ahora\u201d intenta que agregues dinamismo a los procesos de tu vida. Eckhart Tolle revela m\u00e9todos pr\u00e1cticos para que alcances la<a href=\"https:\/\/12min.com\/es\/en-defensa-de-la-felicidad-283503a6-3523-422e-859c-e8b3a5c90b67-rese%C3%B1a%20cr%C3%ADtica\"> paz y felicidad<\/a>.<\/p>\n\n\n\n<p>Todas las restricciones que tienes incorporadas pueden desaparecer si practicas las t\u00e9cnicas que plantea este libro.<\/p>\n\n\n\n<h2 class=\"wp-block-heading\">\u00bfQui\u00e9n deber\u00eda leer \u201cEl Poder del Ahora\u201d? \u00bfY por qu\u00e9?<\/h2>\n\n\n\n<p>Nosotros, como humanos, evolucionamos a un nivel f\u00edsico y expandimos nuestro conocimiento sobre las cosas, pero nuestro autoconocimiento ha permanecido igual durante mucho tiempo.<\/p>\n\n\n\n<p>Cuando hablamos del concepto de \u201ciluminaci\u00f3n\u201d, por lo general, no lo asociamos con educaci\u00f3n, teor\u00edas o hechos. Ya se inventaron varias denominaciones para la consciencia total de uno mismo. Ninguna refleja totalmente el poder que conlleva aquella \u201cverdad eterna\u201d.<\/p>\n\n\n\n<p>Despu\u00e9s de que te familiarices con el proceso de contemplaci\u00f3n, la paz entrar\u00e1 en tu coraz\u00f3n. Las sensaciones y emociones no te incomodar\u00e1n como suced\u00eda en el pasado.<\/p>\n\n\n\n<p>\u201c<a href=\"https:\/\/www.amazon.es\/poder-del-ahora-iluminaci%C3%B3n-espiritual\/dp\/8484452069\/ref=sr_1_2?s=books&amp;ie=UTF8&amp;qid=1552604729&amp;sr=1-2&amp;keywords=the+power+of+now\">El Poder del Ahora<\/a>\u201d es recomendable para cualquier persona. Todos merecemos experimentar este cambio y felicidad, sin excepci\u00f3n.<\/p>\n\n\n\n<h2 class=\"wp-block-heading\" id=\"mce_12\">Acerca de Eckhart Tolle<\/h2>\n\n\n\n<figure class=\"wp-block-image alignleft is-resized\"><img decoding=\"async\" src=\"https:\/\/upload.wikimedia.org\/wikipedia\/commons\/thumb\/a\/af\/Eckhart_Tolle_front.jpg\/190px-Eckhart_Tolle_front.jpg\" alt=\"Eckhart Tolle\n\" style=\"width:200px;height:200px\"\/><figcaption class=\"wp-element-caption\"><br><\/figcaption><\/figure>\n\n\n\n<p>Eckhart Tolle (Ulrich Leonard T\u00f6lle) es un maestro espiritual. Naci\u00f3 unos a\u00f1os despu\u00e9s de la Segunda Guerra Mundial, precisamente el 16 de Febrero de 1948, en Lunen (un peque\u00f1o pueblo al norte de Dortmund), Alemania.<\/p>\n\n\n\n<p>En ese momento, el pa\u00eds germano se encontraba debilitado en numerosas facetas. Eckhart se mud\u00f3 varias veces buscando estabilidad.<\/p>\n\n\n\n<p>Cuando ten\u00eda alrededor de 30, ingres\u00f3 espont\u00e1neamente en un estado m\u00edstico, luego de varias experiencias cercanas a la muerte.<\/p>\n\n\n\n<p>\u201cEl Poder del Ahora\u201d es el libro de autoayuda m\u00e1s original del mercado. En \u00e9l, Tolle comparte sus experiencias y plantea que el presente es todo lo que existe. De hecho, afirma que el concepto de \u201caqu\u00ed y ahora\u201d no se refiere al tiempo, sino a la presencia.<\/p>\n\n\n\n<h2 class=\"wp-block-heading\">\u201cResumen del libro\u201d<\/h2>\n\n\n\n<p>El cl\u00e1sico que consagr\u00f3 a Eckhart Tolle como uno de los gur\u00fas m\u00e1s importantes del mundo. El poder del ahora es un libro \u00fanico. Tiene la capacidad de crear una experiencia en los lectores y de cambiar su vida. Hoy ya es considerado una obra maestra. Su autor, Eckhart Tolle, se convirti\u00f3 en un maestro universal, un gran esp\u00edritu con un gran mensaje: se puede alcanzar un estado de iluminaci\u00f3n aqu\u00ed y ahora.<\/p>\n\n\n\n<p>La expresi\u00f3n \u201cabrir los ojos\u201d significa abrir tu coraz\u00f3n a la posibilidad de que hayas estado equivocado toda tu vida. \u201cEl Poder del Ahora\u201d habla sobre las sensaciones que incomodan tu mente y esp\u00edritu.<\/p>\n\n\n\n<p>Gracias a esta obra maestra, el mundo est\u00e1 presenciando una tendencia donde las personas buscan obtener la mejor versi\u00f3n de s\u00ed mismas, desafiando cada aspecto de su personalidad.<\/p>\n\n\n\n<p>Hasta tener casi 30 a\u00f1os, Eckhart Tolle fue una persona muy ansiosa, dominada por miedos y pensamientos suicidas. En mayor o menor medida, podemos identificarnos con su historia y con el hecho de no ser capaces de disfrutar del presente, imaginando un futuro incierto.<\/p>\n\n\n\n<p>En esta obra, el autor enfrenta preocupaciones como el mencionado estr\u00e9s por el futuro, la falta de energ\u00eda y el conflicto interno de no cumplir con las expectativas propias y las de los dem\u00e1s, entre otras.<\/p>\n\n\n\n<p>Tolle lleg\u00f3 a una revelaci\u00f3n: \u201cYa no puedo vivir conmigo mismo\u201d. Reflexionando sobre esto, dedujo que, si era verdad, exist\u00edan dos versiones del \u201cyo\u201d, aunque solo una era real.<\/p>\n\n\n\n<p>Entonces, seg\u00fan el escritor alem\u00e1n, todos presentamos dos personalidades: el \u201c<a href=\"https:\/\/blog.12min.com\/es\/los-cuatro-acuerdos-resumen-pdf\/\" target=\"_blank\" rel=\"noreferrer noopener\">yo<\/a>\u201d que presentamos al mundo y el \u201cyo\u201d interno, el real. Esta dualidad genera un conflicto que puede llevar a caer en el miedo o la depresi\u00f3n.<\/p>\n\n\n\n<p>Pero aqu\u00ed est\u00e1 lo importante: para resolver estos problemas, debemos dejar de identificarnos con nuestra m\u00e1scara, nuestro \u201cyo\u201d externo. Y, en lugar de eso, mostrar siempre nuestro \u201cyo\u201d interno.<\/p>\n\n\n\n<p>La principal idea del libro es que<strong> \u201ctu no eres tu mente\u201d<\/strong>. De hecho, Tolle plantea que, la mayor parte del tiempo, tu mente es un obst\u00e1culo en el camino hacia la iluminaci\u00f3n. Al asumir esto, comenzar\u00e1s a enfocarte m\u00e1s en lo que sientes y c\u00f3mo percibes las cosas, y no en las ideas que surgen en tu cabeza.<\/p>\n\n\n\n<p>Nuestro principal problema es que no podemos dejar de pensar. \u201cLa iluminaci\u00f3n no es solo el fin del sufrimiento y el constante conflicto interno y externo, sino tambi\u00e9n el final de la terrible esclavitud del pensamiento incesante\u201d. Es fundamental reconocer cuando nuestra mente nos est\u00e1 usando y no al rev\u00e9s.<\/p>\n\n\n\n<p>Para conseguirlo, observa tus procesos mentales por fuera, con una mirada objetiva, y comprueba si te est\u00e1n ayudando o destruyendo. Ten algo en claro: no eres tus pensamientos ni tus emociones. En el momento en que diferencies tu identidad de tu mente, ganar\u00e1s claridad.<\/p>\n\n\n\n<p>Debes entender que tu mente es apenas una herramienta que necesitas para ciertas acciones. Por eso es importante que descubras c\u00f3mo \u201capagarla\u201d para conseguir evolucionar al siguiente nivel.<\/p>\n\n\n\n<p>Pero, \u00bfc\u00f3mo lograrlo? Manteniendo el foco en el presente. No siempre es necesario disfrutarlo, pero s\u00ed es fundamental tener una visi\u00f3n consciente de lo que est\u00e1 sucediendo.<\/p>\n\n\n\n<p>Usa tus sentidos. Siente cada sabor de la comida, su textura. Huele los aromas que te rodean. Observa los colores de la naturaleza.<\/p>\n\n\n\n<p>Es probable que te desconcentres, pero la pr\u00e1ctica har\u00e1 que domines este m\u00e9todo. Ahora, has logrado separarte de tu mente. Observa tus pensamientos desde fuera. Incluso tus emociones. Interpr\u00e9talas como si fueras un extra\u00f1o y deja que ellas te atraviesen.<\/p>\n\n\n\n<p>El proceso de vivir el \u201cahora\u201d pasa por aceptar que el momento presente es todo lo que importa. Evita juzgar cada situaci\u00f3n bas\u00e1ndote en el pasado, as\u00ed como disminuir la importancia del \u201cahora\u201d porque tengas la esperanza de conseguir algo mejor en el futuro.<\/p>\n\n\n\n<blockquote class=\"wp-block-quote is-layout-flow wp-block-quote-is-layout-flow\">\n<p>Vivir el presente es el mejor camino hacia el \u00e9xito y la felicidad.<\/p>\n<\/blockquote>\n\n\n\n<p>Seg\u00fan el autor, con este m\u00e9todo incluso lograr\u00e1s deshacerte del dolor f\u00edsico.<\/p>\n\n\n\n<p>Deber\u00e1s observar el dolor sin pensar, solo acept\u00e1ndolo y dejando que te atraviese. Como en los casos anteriores, necesitas ser un observador externo de ti mismo y, as\u00ed, el dolor ya no te controlar\u00e1.<\/p>\n\n\n\n<p>Veamos otro ejemplo: cuando sientes ansiedad, es importante que recuerdes que tu mente va a generar escenarios mucho peores que cualquier cosa que realmente pueda pasar. Incluso si sucede algo malo, no puedes evitarlo, pero s\u00ed aceptarlo y seguir adelante.<\/p>\n\n\n\n<p>Otro gran problema de nuestra sociedad es que siempre esperamos algo mejor en el futuro. Ya sea por esperar un trabajo mejor, una casa m\u00e1s grande, un auto m\u00e1s nuevo; siempre posponemos nuestra felicidad.<\/p>\n\n\n\n<p>Pero cuando conseguimos esas cosas, la felicidad no suele superar nuestras expectativas, por lo que ya comenzamos a hacer m\u00e1s planes para el futuro.<\/p>\n\n\n\n<p>Esto no quiere decir que no puedas tener metas y aspiraciones. Por supuesto que puedes. La idea es que no te identifiques \u00fanicamente con esos objetivos.<\/p>\n\n\n\n<p>Cada persona tiene un viaje externo y uno interno.<\/p>\n\n\n\n<p>El viaje externo puede tener miles de pasos, y llevarte del<a href=\"https:\/\/12min.com\/es\/exito-rese%C3%B1a%20cr%C3%ADtica\"> \u00e9xito al fracaso<\/a> y viceversa.<\/p>\n\n\n\n<p>El interno, en cambio, tiene solo un paso: el que est\u00e1s tomando ahora, el de la iluminaci\u00f3n.<\/p>\n\n\n\n<blockquote class=\"wp-block-quote is-layout-flow wp-block-quote-is-layout-flow\">\n<p>El sentir te acercar\u00e1 mucho m\u00e1s a la verdad sobre qui\u00e9n eres que tus pensamientos.<\/p>\n<\/blockquote>\n\n\n\n<p>Esta es una de las principales ideas del libro. Nos ense\u00f1aron a etiquetar las cosas para poder entenderlas m\u00e1s f\u00e1cilmente.<\/p>\n\n\n\n<p>El problema es que, de esta forma, solo vemos una versi\u00f3n superficial de lo que nos rodea. Esto puede aplicarse tanto a lo externo como a la manera que tenemos de percibirnos: \u201cno pienses solo con tu cabeza, piensa con todo tu cuerpo\u201d.<\/p>\n\n\n\n<p>En esta sociedad, donde el amor se convirti\u00f3 en un concepto tan superficial, \u201cEl Poder del Ahora\u201d lo describe de forma extraordinaria:<\/p>\n\n\n\n<blockquote class=\"wp-block-quote is-layout-flow wp-block-quote-is-layout-flow\">\n<p>El amor es un estado del ser. Tu amor no est\u00e1 afuera; est\u00e1 muy dentro de ti. No lo puedes perder, y no te puede dejar. No depende de otro cuerpo, de otra forma externa.<\/p>\n<\/blockquote>\n\n\n\n<p>Si conseguimos entender estas palabras, creo que evitar\u00edamos mucho sufrimiento innecesario y lograr\u00edamos conectarnos mucho m\u00e1s con los dem\u00e1s.<\/p>\n\n\n\n<h2 class=\"wp-block-heading\">Pero entonces, \u00bfc\u00f3mo podemos vivir en el presente?<\/h2>\n\n\n\n<p>Eckhart Tolle nos presenta algunas t\u00e9cnicas. La respiraci\u00f3n nos puede ser de gran ayuda. Conc\u00e9ntrate en ella para evitar enfocarte en tus pensamientos. Practica ejercicios de meditaci\u00f3n para percibir tu \u201cyo\u201d interior.<\/p>\n\n\n\n<p>Realiza <a href=\"https:\/\/12min.com\/es\/hola-creatividad-rese%C3%B1a%20cr%C3%ADtica\">actividades creativas<\/a>. La creatividad necesita tanto de tu \u201cyo\u201d interno como del externo, generando armon\u00eda entre ellos.<\/p>\n\n\n\n<p>A trav\u00e9s de estos m\u00e9todos, ser\u00e1s capaz de calmar tu mente y aislarte del flujo constante de pensamientos que llegan a tu cabeza.<\/p>\n\n\n\n<p>\u00bfY qu\u00e9 hay en cuanto a nuestro prop\u00f3sito de vida? Sabemos que es importante tener uno. Lo que dice Eckhart es que debes plante\u00e1rtelo e intentar alcanzarlo, siempre y cuando no pierdas tu paz interior ni comprometas tu felicidad en el proceso.<\/p>\n\n\n\n<p>Lo primero que debes hacer es desapegarte del pasado. Incluso cuando parezca dif\u00edcil perdonar y olvidar el dolor que otros te causaron. Pero debes tener algo en cuenta: si no superas estas situaciones, tampoco dejar\u00e1s atr\u00e1s las emociones negativas que conllevan.<\/p>\n\n\n\n<p>Perdona a los que te hicieron da\u00f1o y perd\u00f3nate a ti mismo por los errores que has cometido.<\/p>\n\n\n\n<p>Pero, atenci\u00f3n, aun as\u00ed debes aprender del pasado. Y debes tener bien en claro que la forma en c\u00f3mo lidias con tus problemas, depende exclusivamente de ti.<\/p>\n\n\n\n<p>Siempre tienes dos caminos: aceptar los problemas o resolverlos. Sin importar cu\u00e1l opci\u00f3n elijas, debes estar preparado para afrontar las consecuencias.<\/p>\n\n\n\n<p>Para finalizar, otro punto a destacar es que la paz no est\u00e1 relacionada a la felicidad o la tristeza. Puedes estar en paz incluso cuando tu situaci\u00f3n de vida no es la mejor. \u00bfC\u00f3mo? Entendiendo que tu situaci\u00f3n es mala solo porque t\u00fa la percibes as\u00ed.<\/p>\n\n\n\n<p>Acepta las cosas como son sin resentimiento, miedo o expectativas. Descon\u00e9ctate de las situaciones de tu vida para poder analizarlas de forma objetiva.<\/p>\n\n\n\n<h2 class=\"wp-block-heading\">\u00bfEsto significa que no existen situaciones o experiencias negativas?<\/h2>\n\n\n\n<p>No exactamente. Se trata de interpretarlas como oportunidades de aprendizaje. Te permiten mejorar tus habilidades, tu inteligencia emocional, o descubrir cu\u00e1l es la mejor actitud que puedes tomar. \u00a1Y esa es la mejor forma en que puedes usar \u201cEl Poder del Ahora\u201d para <a href=\"https:\/\/12min.com\/es\/mejora-tu-vida-cambiando-tus-habitos-rese%C3%B1a%20cr%C3%ADtica\">transformar tu vida<\/a>!<\/p>\n\n\n\n<h2 class=\"wp-block-heading\">Lecciones Clave de \u201cEl Poder del Ahora\u201d<\/h2>\n\n\n\n<p>1. &nbsp;&nbsp;&nbsp; Pensador o pensamiento: \u00bfcu\u00e1l es el correcto?<br>2. &nbsp;&nbsp;&nbsp;&nbsp;Tu \u00faltima batalla<br>3.&nbsp;&nbsp;&nbsp;&nbsp;&nbsp;No alimentes tu \u201cyo\u201d<\/p>\n\n\n\n<h3 class=\"wp-block-heading\">Pensador o pensamiento: \u00bfcu\u00e1l es el correcto?<\/h3>\n\n\n\n<p>Una pregunta capciosa que puede ayudarte a entender el libro. \u00bfSoy el pensador o los pensamientos aparecen dentro de m\u00ed?<\/p>\n\n\n\n<p>Respira hondo antes de responder. Ver\u00e1s que los pensamientos ocurren de forma espont\u00e1nea y no tienes control sobre ellos.<\/p>\n\n\n\n<p>Dile basta a eso de \u201cyo controlo mi vida\u201d y entiende la situaci\u00f3n. Cuanto m\u00e1s pronto lo hagas, mejor.<\/p>\n\n\n\n<h3 class=\"wp-block-heading\">Tu \u00faltima batalla<\/h3>\n\n\n\n<p>Si est\u00e1s buscando f\u00f3rmulas infalibles y descubrimientos cient\u00edficos, est\u00e1s leyendo el libro equivocado.<\/p>\n\n\n\n<p>Un cambio interior requiere de vigilancia y sentido de alerta. Y, sobre todo, de pr\u00e1ctica, de prueba y error. Necesitas determinaci\u00f3n para lograrlo. Si no, estar\u00e1s a la deriva, navegando sin rumbo.<\/p>\n\n\n\n<p>Lucha contra tu propia personalidad establecida para alcanzar la transformaci\u00f3n.<\/p>\n\n\n\n<h3 class=\"wp-block-heading\">No alimentes tu \u201cyo\u201d<\/h3>\n\n\n\n<p>Com\u00fanmente, cuando una persona te insulta, puede generarte tristeza o enojo.<\/p>\n\n\n\n<p>Cambia de perspectiva. Ese insulto no fue dirigido a tu verdadero \u201cyo\u201d. El \u201cyo\u201d que creaste, esa m\u00e1scara que usas en el d\u00eda a d\u00eda, no te representa.<\/p>\n\n\n\n<p><strong>\u00bfTe gust\u00f3 este resumen? <\/strong>Queremos invitarte a descargar nuestra aplicaci\u00f3n gratuita <a href=\"https:\/\/app.adjust.com\/v2i1rsq?deeplink=twelvemin:\/\/discovery&amp;fallback=https:\/\/12min.com\/es\/?utm_source=blog-mx&amp;utm_medium=organic&amp;redirect_windows=https:\/\/12min.com\/es\/?utm_source=blog-mx&amp;utm_medium=organic&amp;redirect_macos=https:\/\/12min.com\/es\/?utm_source=blog-mx&amp;utm_medium=organic\">12 min App<\/a>, donde podr\u00e1s encontrar m\u00e1s res\u00famenes y audiolibros incre\u00edbles.<\/p>\n\n\n\n<h2 class=\"wp-block-heading\">Frases de \u201cEl Poder del Ahora\u201d<\/h2>\n\n\n<span class='bctt-click-to-tweet'><span class='bctt-ctt-text'><a href='https:\/\/twitter.com\/intent\/tweet?url=https%3A%2F%2Fblog.12min.com%2Fes%2Fel-poder-del-ahora-resumen%2F&#038;text=El%20amor%20no%20es%20selectivo%2C%20as%C3%AD%20como%20la%20luz%20del%20sol%20no%20es%20selectiva.%20No%20hace%20especial%20a%20una%20persona%2C%20no%20es%20exclusiva.%20La%20exclusividad%20no%20es%20el%20amor%20de%20Dios%2C%20sino%20el%20%E2%80%9Camor%E2%80%9D%20del%20ego.&#038;related' target='_blank'rel=\"noopener noreferrer\">El amor no es selectivo, as\u00ed como la luz del sol no es selectiva. No hace especial a una persona, no es exclusiva. La exclusividad no es el amor de Dios, sino el \u201camor\u201d del ego. <\/a><\/span><a href='https:\/\/twitter.com\/intent\/tweet?url=https%3A%2F%2Fblog.12min.com%2Fes%2Fel-poder-del-ahora-resumen%2F&#038;text=El%20amor%20no%20es%20selectivo%2C%20as%C3%AD%20como%20la%20luz%20del%20sol%20no%20es%20selectiva.%20No%20hace%20especial%20a%20una%20persona%2C%20no%20es%20exclusiva.%20La%20exclusividad%20no%20es%20el%20amor%20de%20Dios%2C%20sino%20el%20%E2%80%9Camor%E2%80%9D%20del%20ego.&#038;related' target='_blank' class='bctt-ctt-btn'rel=\"noopener noreferrer\">Compartir en X<\/a><\/span>\n\n<span class='bctt-click-to-tweet'><span class='bctt-ctt-text'><a href='https:\/\/twitter.com\/intent\/tweet?url=https%3A%2F%2Fblog.12min.com%2Fes%2Fel-poder-del-ahora-resumen%2F&#038;text=Tan%20pronto%20como%20valoras%20el%20presente%2C%20la%20tristeza%20y%20los%20conflictos%20desaparecen%2C%20y%20la%20vida%20comienza%20a%20fluir%20con%20alegr%C3%ADa%20y%20armon%C3%ADa.%20&#038;related' target='_blank'rel=\"noopener noreferrer\">Tan pronto como valoras el presente, la tristeza y los conflictos desaparecen, y la vida comienza a fluir con alegr\u00eda y armon\u00eda.  <\/a><\/span><a href='https:\/\/twitter.com\/intent\/tweet?url=https%3A%2F%2Fblog.12min.com%2Fes%2Fel-poder-del-ahora-resumen%2F&#038;text=Tan%20pronto%20como%20valoras%20el%20presente%2C%20la%20tristeza%20y%20los%20conflictos%20desaparecen%2C%20y%20la%20vida%20comienza%20a%20fluir%20con%20alegr%C3%ADa%20y%20armon%C3%ADa.%20&#038;related' target='_blank' class='bctt-ctt-btn'rel=\"noopener noreferrer\">Compartir en X<\/a><\/span>\n\n<span class='bctt-click-to-tweet'><span class='bctt-ctt-text'><a href='https:\/\/twitter.com\/intent\/tweet?url=https%3A%2F%2Fblog.12min.com%2Fes%2Fel-poder-del-ahora-resumen%2F&#038;text=El%20estr%C3%A9s%20es%20causado%20por%20estar%20%E2%80%9Caqu%C3%AD%E2%80%9D%20cuando%20queremos%20estar%20%E2%80%9Call%C3%A1%E2%80%9D%2C%20o%20estando%20en%20el%20presente%20mientras%20ansiamos%20estar%20en%20el%20futuro.%20Es%20una%20grieta%20que%20te%20rompe%20por%20dentro.%20Vivir%20con%20esa%20lucha%20interna%20es%20auto%20destructivo.%20&#038;related' target='_blank'rel=\"noopener noreferrer\">El estr\u00e9s es causado por estar \u201caqu\u00ed\u201d cuando queremos estar \u201call\u00e1\u201d, o estando en el presente mientras ansiamos estar en el futuro. Es una grieta que te rompe por dentro. Vivir con esa lucha interna es auto destructivo.  <\/a><\/span><a href='https:\/\/twitter.com\/intent\/tweet?url=https%3A%2F%2Fblog.12min.com%2Fes%2Fel-poder-del-ahora-resumen%2F&#038;text=El%20estr%C3%A9s%20es%20causado%20por%20estar%20%E2%80%9Caqu%C3%AD%E2%80%9D%20cuando%20queremos%20estar%20%E2%80%9Call%C3%A1%E2%80%9D%2C%20o%20estando%20en%20el%20presente%20mientras%20ansiamos%20estar%20en%20el%20futuro.%20Es%20una%20grieta%20que%20te%20rompe%20por%20dentro.%20Vivir%20con%20esa%20lucha%20interna%20es%20auto%20destructivo.%20&#038;related' target='_blank' class='bctt-ctt-btn'rel=\"noopener noreferrer\">Compartir en X<\/a><\/span>\n\n<span class='bctt-click-to-tweet'><span class='bctt-ctt-text'><a href='https:\/\/twitter.com\/intent\/tweet?url=https%3A%2F%2Fblog.12min.com%2Fes%2Fel-poder-del-ahora-resumen%2F&#038;text=Nunca%20nada%20pas%C3%B3%20en%20el%20pasado%3B%20pas%C3%B3%20en%20el%20Ahora.%20Nada%20va%20a%20pasar%20en%20el%20futuro%3B%20pasar%C3%A1%20en%20el%20Ahora.%20&#038;related' target='_blank'rel=\"noopener noreferrer\">Nunca nada pas\u00f3 en el pasado; pas\u00f3 en el Ahora. Nada va a pasar en el futuro; pasar\u00e1 en el Ahora.  <\/a><\/span><a href='https:\/\/twitter.com\/intent\/tweet?url=https%3A%2F%2Fblog.12min.com%2Fes%2Fel-poder-del-ahora-resumen%2F&#038;text=Nunca%20nada%20pas%C3%B3%20en%20el%20pasado%3B%20pas%C3%B3%20en%20el%20Ahora.%20Nada%20va%20a%20pasar%20en%20el%20futuro%3B%20pasar%C3%A1%20en%20el%20Ahora.%20&#038;related' target='_blank' class='bctt-ctt-btn'rel=\"noopener noreferrer\">Compartir en X<\/a><\/span>\n\n<span class='bctt-click-to-tweet'><span class='bctt-ctt-text'><a href='https:\/\/twitter.com\/intent\/tweet?url=https%3A%2F%2Fblog.12min.com%2Fes%2Fel-poder-del-ahora-resumen%2F&#038;text=Si%20bien%20tuve%20el%20privilegio%20de%20dar%20a%20luz%20a%20este%20libro%2C%20siento%20que%20adquiri%C3%B3%20una%20vida%20e%20impulsos%20propios.%20&#038;related' target='_blank'rel=\"noopener noreferrer\">Si bien tuve el privilegio de dar a luz a este libro, siento que adquiri\u00f3 una vida e impulsos propios.  <\/a><\/span><a href='https:\/\/twitter.com\/intent\/tweet?url=https%3A%2F%2Fblog.12min.com%2Fes%2Fel-poder-del-ahora-resumen%2F&#038;text=Si%20bien%20tuve%20el%20privilegio%20de%20dar%20a%20luz%20a%20este%20libro%2C%20siento%20que%20adquiri%C3%B3%20una%20vida%20e%20impulsos%20propios.%20&#038;related' target='_blank' class='bctt-ctt-btn'rel=\"noopener noreferrer\">Compartir en X<\/a><\/span>\n\n\n<h2 class=\"wp-block-heading\">Nuestro an\u00e1lisis cr\u00edtico<\/h2>\n\n\n\n<p>\u201cEl Poder del Ahora\u201d te permite entender que la \u00fanica realidad es el presente, y as\u00ed descubrir tu verdadero \u201cyo\u201d, que no se ve afectado por el tiempo, las experiencias, emociones o expectativas de los dem\u00e1s.<\/p>\n\n\n\n<p>Tambi\u00e9n consigue demostrar c\u00f3mo tu <a href=\"https:\/\/12min.com\/es\/ego-is-the-enemy-rese%C3%B1a%20cr%C3%ADtica\">ego<\/a> y tu mente son la causa de todos tus problemas. Observando solo el presente, conseguimos sacar lo mejor de cada momento.<\/p>\n\n\n\n<p>Existen numerosos conceptos dentro del libro que necesitas entender, no solo en tu mente sino tambi\u00e9n en tu interior, para poder lograr una verdadera transformaci\u00f3n. Al principio, puede que leas el libro apenas de una forma superficial y no hagas ning\u00fan cambio.<\/p>\n\n\n\n<p>Pero si reflexionas, lo vuelves a leer, prestas atenci\u00f3n a los conceptos y aplicas algunas ideas, lograr\u00e1s ver que este libro habla de una transformaci\u00f3n que puede darte un entendimiento completamente diferente de la vida.<br><\/p>\n","protected":false},"excerpt":{"rendered":"<p>Una gu\u00eda para la iluminaci\u00f3n espiritual Micro resumen: \u201cEl Poder del Ahora\u201d intenta que agregues dinamismo a los procesos de tu vida. Eckhart Tolle revela m\u00e9todos pr\u00e1cticos para que alcances la paz y felicidad. Todas las restricciones que tienes incorporadas pueden desaparecer si practicas las t\u00e9cnicas que plantea este libro. \u00bfQui\u00e9n deber\u00eda leer \u201cEl Poder [&hellip;]<\/p>\n","protected":false},"author":48,"featured_media":232,"comment_status":"closed","ping_status":"closed","sticky":false,"template":"","format":"standard","meta":{"_exactmetrics_skip_tracking":false,"_exactmetrics_sitenote_active":false,"_exactmetrics_sitenote_note":"","_exactmetrics_sitenote_category":0,"footnotes":""},"categories":[2,22],"tags":[59,58,53],"class_list":["post-216","post","type-post","status-publish","format-standard","has-post-thumbnail","hentry","category-productividad","category-salud-y-felicidad","tag-eckhart-tolle","tag-el-poder-del-ahora","tag-resumen-del-libro","wpbf-post"],"yoast_head":"<!-- This site is optimized with the Yoast SEO plugin v26.4 - https:\/\/yoast.com\/wordpress\/plugins\/seo\/ -->\n<title>El Poder del Ahora Resumen - Eckhart Tolle<\/title>\n<meta name=\"description\" content=\"Breve Resumen: El Poder del Ahora por Eckhart Tolle tiene como idea principal la que \u201ctu no eres tu mente\u201d.\" \/>\n<meta name=\"robots\" content=\"index, follow, max-snippet:-1, max-image-preview:large, max-video-preview:-1\" \/>\n<link rel=\"canonical\" href=\"https:\/\/blog.12min.com\/es\/el-poder-del-ahora-resumen\/\" \/>\n<meta property=\"og:locale\" content=\"es_ES\" \/>\n<meta property=\"og:type\" content=\"article\" \/>\n<meta property=\"og:title\" content=\"El Poder del Ahora Resumen - Eckhart Tolle\" \/>\n<meta property=\"og:description\" content=\"Breve Resumen: El Poder del Ahora por Eckhart Tolle tiene como idea principal la que \u201ctu no eres tu mente\u201d.\" \/>\n<meta property=\"og:url\" content=\"https:\/\/blog.12min.com\/es\/el-poder-del-ahora-resumen\/\" \/>\n<meta property=\"og:site_name\" content=\"Blog del 12min\" \/>\n<meta property=\"article:published_time\" content=\"2022-05-11T18:34:00+00:00\" \/>\n<meta property=\"article:modified_time\" content=\"2024-06-04T14:18:37+00:00\" \/>\n<meta property=\"og:image\" content=\"https:\/\/blog.12min.com\/es\/wp-content\/uploads\/sites\/2\/2019\/03\/El-Poder-del-Ahora.jpg\" \/>\n\t<meta property=\"og:image:width\" content=\"348\" \/>\n\t<meta property=\"og:image:height\" content=\"499\" \/>\n\t<meta property=\"og:image:type\" content=\"image\/jpeg\" \/>\n<meta name=\"author\" content=\"Emir Zecovic\" \/>\n<meta name=\"twitter:card\" content=\"summary_large_image\" \/>\n<meta name=\"twitter:label1\" content=\"Escrito por\" \/>\n\t<meta name=\"twitter:data1\" content=\"Emir Zecovic\" \/>\n\t<meta name=\"twitter:label2\" content=\"Tiempo de lectura\" \/>\n\t<meta name=\"twitter:data2\" content=\"10 minutos\" \/>\n<!-- \/ Yoast SEO plugin. -->","yoast_head_json":{"title":"El Poder del Ahora Resumen - Eckhart Tolle","description":"Breve Resumen: El Poder del Ahora por Eckhart Tolle tiene como idea principal la que \u201ctu no eres tu mente\u201d.","robots":{"index":"index","follow":"follow","max-snippet":"max-snippet:-1","max-image-preview":"max-image-preview:large","max-video-preview":"max-video-preview:-1"},"canonical":"https:\/\/blog.12min.com\/es\/el-poder-del-ahora-resumen\/","og_locale":"es_ES","og_type":"article","og_title":"El Poder del Ahora Resumen - Eckhart Tolle","og_description":"Breve Resumen: El Poder del Ahora por Eckhart Tolle tiene como idea principal la que \u201ctu no eres tu mente\u201d.","og_url":"https:\/\/blog.12min.com\/es\/el-poder-del-ahora-resumen\/","og_site_name":"Blog del 12min","article_published_time":"2022-05-11T18:34:00+00:00","article_modified_time":"2024-06-04T14:18:37+00:00","og_image":[{"width":348,"height":499,"url":"https:\/\/blog.12min.com\/es\/wp-content\/uploads\/sites\/2\/2019\/03\/El-Poder-del-Ahora.jpg","type":"image\/jpeg"}],"author":"Emir Zecovic","twitter_card":"summary_large_image","twitter_misc":{"Escrito por":"Emir Zecovic","Tiempo de lectura":"10 minutos"},"schema":{"@context":"https:\/\/schema.org","@graph":[{"@type":"WebPage","@id":"https:\/\/blog.12min.com\/es\/el-poder-del-ahora-resumen\/","url":"https:\/\/blog.12min.com\/es\/el-poder-del-ahora-resumen\/","name":"El Poder del Ahora Resumen - Eckhart Tolle","isPartOf":{"@id":"https:\/\/blog.12min.com\/es\/#website"},"primaryImageOfPage":{"@id":"https:\/\/blog.12min.com\/es\/el-poder-del-ahora-resumen\/#primaryimage"},"image":{"@id":"https:\/\/blog.12min.com\/es\/el-poder-del-ahora-resumen\/#primaryimage"},"thumbnailUrl":"https:\/\/blog.12min.com\/es\/wp-content\/uploads\/sites\/2\/2019\/03\/El-Poder-del-Ahora.jpg","datePublished":"2022-05-11T18:34:00+00:00","dateModified":"2024-06-04T14:18:37+00:00","author":{"@id":"https:\/\/blog.12min.com\/es\/#\/schema\/person\/ccaf1a7ac6cac4265aa3afb02ae667f4"},"description":"Breve Resumen: El Poder del Ahora por Eckhart Tolle tiene como idea principal la que \u201ctu no eres tu mente\u201d.","breadcrumb":{"@id":"https:\/\/blog.12min.com\/es\/el-poder-del-ahora-resumen\/#breadcrumb"},"inLanguage":"es","potentialAction":[{"@type":"ReadAction","target":["https:\/\/blog.12min.com\/es\/el-poder-del-ahora-resumen\/"]}]},{"@type":"ImageObject","inLanguage":"es","@id":"https:\/\/blog.12min.com\/es\/el-poder-del-ahora-resumen\/#primaryimage","url":"https:\/\/blog.12min.com\/es\/wp-content\/uploads\/sites\/2\/2019\/03\/El-Poder-del-Ahora.jpg","contentUrl":"https:\/\/blog.12min.com\/es\/wp-content\/uploads\/sites\/2\/2019\/03\/El-Poder-del-Ahora.jpg","width":348,"height":499},{"@type":"BreadcrumbList","@id":"https:\/\/blog.12min.com\/es\/el-poder-del-ahora-resumen\/#breadcrumb","itemListElement":[{"@type":"ListItem","position":1,"name":"Portada","item":"https:\/\/blog.12min.com\/es\/"},{"@type":"ListItem","position":2,"name":"El Poder del Ahora"}]},{"@type":"WebSite","@id":"https:\/\/blog.12min.com\/es\/#website","url":"https:\/\/blog.12min.com\/es\/","name":"Blog del 12min","description":"Libros, Audiolibros y Res\u00famenes","potentialAction":[{"@type":"SearchAction","target":{"@type":"EntryPoint","urlTemplate":"https:\/\/blog.12min.com\/es\/?s={search_term_string}"},"query-input":{"@type":"PropertyValueSpecification","valueRequired":true,"valueName":"search_term_string"}}],"inLanguage":"es"},{"@type":"Person","@id":"https:\/\/blog.12min.com\/es\/#\/schema\/person\/ccaf1a7ac6cac4265aa3afb02ae667f4","name":"Emir Zecovic","image":{"@type":"ImageObject","inLanguage":"es","@id":"https:\/\/blog.12min.com\/es\/#\/schema\/person\/image\/","url":"https:\/\/secure.gravatar.com\/avatar\/f742fcd432161e81783451b57b5a8129?s=96&d=mm&r=g","contentUrl":"https:\/\/secure.gravatar.com\/avatar\/f742fcd432161e81783451b57b5a8129?s=96&d=mm&r=g","caption":"Emir Zecovic"},"description":"Emir is the Head of Marketing\u00a0at 12min. In his spare time, he loves to meditate and play soccer.","url":"https:\/\/blog.12min.com\/es\/author\/emir\/"}]}},"_links":{"self":[{"href":"https:\/\/blog.12min.com\/es\/wp-json\/wp\/v2\/posts\/216","targetHints":{"allow":["GET"]}}],"collection":[{"href":"https:\/\/blog.12min.com\/es\/wp-json\/wp\/v2\/posts"}],"about":[{"href":"https:\/\/blog.12min.com\/es\/wp-json\/wp\/v2\/types\/post"}],"author":[{"embeddable":true,"href":"https:\/\/blog.12min.com\/es\/wp-json\/wp\/v2\/users\/48"}],"replies":[{"embeddable":true,"href":"https:\/\/blog.12min.com\/es\/wp-json\/wp\/v2\/comments?post=216"}],"version-history":[{"count":15,"href":"https:\/\/blog.12min.com\/es\/wp-json\/wp\/v2\/posts\/216\/revisions"}],"predecessor-version":[{"id":1336,"href":"https:\/\/blog.12min.com\/es\/wp-json\/wp\/v2\/posts\/216\/revisions\/1336"}],"wp:featuredmedia":[{"embeddable":true,"href":"https:\/\/blog.12min.com\/es\/wp-json\/wp\/v2\/media\/232"}],"wp:attachment":[{"href":"https:\/\/blog.12min.com\/es\/wp-json\/wp\/v2\/media?parent=216"}],"wp:term":[{"taxonomy":"category","embeddable":true,"href":"https:\/\/blog.12min.com\/es\/wp-json\/wp\/v2\/categories?post=216"},{"taxonomy":"post_tag","embeddable":true,"href":"https:\/\/blog.12min.com\/es\/wp-json\/wp\/v2\/tags?post=216"}],"curies":[{"name":"wp","href":"https:\/\/api.w.org\/{rel}","templated":true}]}}